{"id":39219,"date":"2018-12-27T23:48:54","date_gmt":"2018-12-27T23:48:54","guid":{"rendered":"http:\/\/www.celttv.com.ar\/?p=39219"},"modified":"2018-12-27T23:48:54","modified_gmt":"2018-12-27T23:48:54","slug":"ezequiel-marzialetti-se-refirio-a-varios-temas-vinculados-a-la-fumigacion-castracion-y-la-calidad-del-agua-video-entrevista","status":"publish","type":"post","link":"https:\/\/www.celttv.com.ar\/index.php\/2018\/12\/27\/ezequiel-marzialetti-se-refirio-a-varios-temas-vinculados-a-la-fumigacion-castracion-y-la-calidad-del-agua-video-entrevista\/","title":{"rendered":"EZEQUIEL MARZIALETTI SE REFIRI\u00d3 A VARIOS TEMAS VINCULADOS A LA FUMIGACI\u00d3N, CASTRACI\u00d3N Y LA CALIDAD DEL AGUA (VIDEO ENTREVISTA)"},"content":{"rendered":"<p>CELTTV&#8212; El municipio de Tornquist comenz\u00f3 con la fumigaci\u00f3n de mosquitos, tarea que se llevar\u00e1 a cabo en las distintas localidades del distrito, as\u00ed lo asegur\u00f3 Ezequiel Marzialetti, Director de Bromatolog\u00eda Comunal.<\/p>\n<div class=\"jeg_video_container jeg_video_content\"><iframe loading=\"lazy\" title=\"2018 12 26 NOTA A EZEQUIEL MARZIALETTI   FUMIGACION 1\" width=\"500\" height=\"281\" src=\"https:\/\/www.youtube.com\/embed\/Fw07tgCu52M?feature=oembed\" frameborder=\"0\" allow=\"accelerometer; autoplay; clipboard-write; encrypted-media; gyroscope; picture-in-picture; web-share\" referrerpolicy=\"strict-origin-when-cross-origin\" allowfullscreen><\/iframe><\/div>\n<div class=\"jeg_video_container jeg_video_content\"><iframe loading=\"lazy\" title=\"2018 12 26 NOTA A EZEQUIEL MARZIALETTI   FUMIGACION 2\" width=\"500\" height=\"281\" src=\"https:\/\/www.youtube.com\/embed\/V4BTen4QJ_w?feature=oembed\" frameborder=\"0\" allow=\"accelerometer; autoplay; clipboard-write; encrypted-media; gyroscope; picture-in-picture; web-share\" referrerpolicy=\"strict-origin-when-cross-origin\" allowfullscreen><\/iframe><\/div>\n<p>Marzialetti tambi\u00e9n se refiri\u00f3 sobre la rabia en murci\u00e9lagos.<\/p>\n<div class=\"jeg_video_container jeg_video_content\"><iframe loading=\"lazy\" title=\"2018 12 26 NOTA A EZEQUIEL MARZIALETTI   RABIA EN MURCIELAGOS\" width=\"500\" height=\"281\" src=\"https:\/\/www.youtube.com\/embed\/i9pk0DXcwxY?feature=oembed\" frameborder=\"0\" allow=\"accelerometer; autoplay; clipboard-write; encrypted-media; gyroscope; picture-in-picture; web-share\" referrerpolicy=\"strict-origin-when-cross-origin\" allowfullscreen><\/iframe><\/div>\n<p>El funcionario municipal hizo hincapi\u00e9 sobre la castraci\u00f3n de perros y gatos.<\/p>\n<div class=\"jeg_video_container jeg_video_content\"><iframe loading=\"lazy\" title=\"2018 12 26 NOTA A EZEQUIEL MARZIALETTI   CASTRACIONES DE PERROS Y GATOS\" width=\"500\" height=\"281\" src=\"https:\/\/www.youtube.com\/embed\/I6U5MlbdcOk?feature=oembed\" frameborder=\"0\" allow=\"accelerometer; autoplay; clipboard-write; encrypted-media; gyroscope; picture-in-picture; web-share\" referrerpolicy=\"strict-origin-when-cross-origin\" allowfullscreen><\/iframe><\/div>\n<p>Sin dudas que uno de los temas que preocupa a la poblaci\u00f3n, es el estado del agua para consumo humano, donde Marzialetti explic\u00f3 cu\u00e1l es la situaci\u00f3n en Tornquist y Chasic\u00f3.<\/p>\n<div class=\"jeg_video_container jeg_video_content\"><iframe loading=\"lazy\" title=\"2018 12 26 NOTA A EZEQUIEL MARZIALETTI   CALIDAD DEL AGUA\" width=\"500\" height=\"281\" src=\"https:\/\/www.youtube.com\/embed\/ZUG5Dz129SA?feature=oembed\" frameborder=\"0\" allow=\"accelerometer; autoplay; clipboard-write; encrypted-media; gyroscope; picture-in-picture; web-share\" referrerpolicy=\"strict-origin-when-cross-origin\" allowfullscreen><\/iframe><\/div>\n<p>&nbsp;<\/p>\n","protected":false},"excerpt":{"rendered":"<p>CELTTV&#8212; El municipio de Tornquist comenz\u00f3 con la fumigaci\u00f3n de mosquitos, tarea que se llevar\u00e1 a cabo en las distintas localidades del distrito, as\u00ed lo asegur\u00f3 Ezequiel Marzialetti, Director de Bromatolog\u00eda Comunal. Marzialetti tambi\u00e9n se refiri\u00f3 sobre la rabia en murci\u00e9lagos. El funcionario municipal hizo hincapi\u00e9 sobre la castraci\u00f3n de perros y gatos. Sin dudas [&hellip;]<\/p>\n","protected":false},"author":1,"featured_media":39220,"comment_status":"closed","ping_status":"open","sticky":false,"template":"","format":"standard","meta":{"footnotes":""},"categories":[55,51,52],"tags":[],"class_list":["post-39219","post","type-post","status-publish","format-standard","has-post-thumbnail","hentry","category-celt-tv-noticias","category-comunidad","category-destacadas"],"yoast_head":"<!-- This site is optimized with the Yoast SEO plugin v19.7.1 - https:\/\/yoast.com\/wordpress\/plugins\/seo\/ -->\n<title>EZEQUIEL MARZIALETTI SE REFIRI\u00d3 A VARIOS TEMAS VINCULADOS A LA FUMIGACI\u00d3N, CASTRACI\u00d3N Y LA CALIDAD DEL AGUA (VIDEO ENTREVISTA) - CELTTV<\/title>\n<meta name=\"description\" content=\"Sitio web de noticias de la localidad de Tornquist, provincia de Buenos Aires, Rep\u00fablica Argentina. Contenido propio originado por periodistas de CELTTV, el canal de TV local de la Cooperativa El\u00e9ctrica de Tornquist. Turismo, Pol\u00edtica, Sociedad, Deporte, Cultura y todo el contenido de inter\u00e9s general que la gente del pueblo y la regi\u00f3n debe conocer.\" \/>\n<meta name=\"robots\" content=\"index, follow, max-snippet:-1, max-image-preview:large, max-video-preview:-1\" \/>\n<link rel=\"canonical\" href=\"https:\/\/www.celttv.com.ar\/index.php\/2018\/12\/27\/ezequiel-marzialetti-se-refirio-a-varios-temas-vinculados-a-la-fumigacion-castracion-y-la-calidad-del-agua-video-entrevista\/\" \/>\n<meta property=\"og:locale\" content=\"es_ES\" \/>\n<meta property=\"og:type\" content=\"article\" \/>\n<meta property=\"og:title\" content=\"EZEQUIEL MARZIALETTI SE REFIRI\u00d3 A VARIOS TEMAS VINCULADOS A LA FUMIGACI\u00d3N, CASTRACI\u00d3N Y LA CALIDAD DEL AGUA (VIDEO ENTREVISTA) - CELTTV\" \/>\n<meta property=\"og:description\" content=\"Sitio web de noticias de la localidad de Tornquist, provincia de Buenos Aires, Rep\u00fablica Argentina. Contenido propio originado por periodistas de CELTTV, el canal de TV local de la Cooperativa El\u00e9ctrica de Tornquist. Turismo, Pol\u00edtica, Sociedad, Deporte, Cultura y todo el contenido de inter\u00e9s general que la gente del pueblo y la regi\u00f3n debe conocer.\" \/>\n<meta property=\"og:url\" content=\"https:\/\/www.celttv.com.ar\/index.php\/2018\/12\/27\/ezequiel-marzialetti-se-refirio-a-varios-temas-vinculados-a-la-fumigacion-castracion-y-la-calidad-del-agua-video-entrevista\/\" \/>\n<meta property=\"og:site_name\" content=\"CELTTV\" \/>\n<meta property=\"article:publisher\" content=\"https:\/\/www.facebook.com\/celtTV\/\" \/>\n<meta property=\"article:published_time\" content=\"2018-12-27T23:48:54+00:00\" \/>\n<meta property=\"og:image\" content=\"https:\/\/www.celttv.com.ar\/wp-content\/uploads\/2018\/12\/index.jpg\" \/>\n\t<meta property=\"og:image:width\" content=\"225\" \/>\n\t<meta property=\"og:image:height\" content=\"225\" \/>\n\t<meta property=\"og:image:type\" content=\"image\/jpeg\" \/>\n<meta name=\"author\" content=\"ulises\" \/>\n<meta name=\"twitter:card\" content=\"summary_large_image\" \/>\n<meta name=\"twitter:label1\" content=\"Escrito por\" \/>\n\t<meta name=\"twitter:data1\" content=\"ulises\" \/>\n\t<meta name=\"twitter:label2\" content=\"Tiempo de lectura\" \/>\n\t<meta name=\"twitter:data2\" content=\"1 minuto\" \/>\n<script type=\"application\/ld+json\" class=\"yoast-schema-graph\">{\"@context\":\"https:\/\/schema.org\",\"@graph\":[{\"@type\":\"NewsArticle\",\"@id\":\"https:\/\/www.celttv.com.ar\/index.php\/2018\/12\/27\/ezequiel-marzialetti-se-refirio-a-varios-temas-vinculados-a-la-fumigacion-castracion-y-la-calidad-del-agua-video-entrevista\/#article\",\"isPartOf\":{\"@id\":\"https:\/\/www.celttv.com.ar\/index.php\/2018\/12\/27\/ezequiel-marzialetti-se-refirio-a-varios-temas-vinculados-a-la-fumigacion-castracion-y-la-calidad-del-agua-video-entrevista\/\"},\"author\":{\"name\":\"ulises\",\"@id\":\"https:\/\/www.celttv.com.ar\/#\/schema\/person\/6d99c072dba59953809c81446e9d0ace\"},\"headline\":\"EZEQUIEL MARZIALETTI SE REFIRI\u00d3 A VARIOS TEMAS VINCULADOS A LA FUMIGACI\u00d3N, CASTRACI\u00d3N Y LA CALIDAD DEL AGUA (VIDEO ENTREVISTA)\",\"datePublished\":\"2018-12-27T23:48:54+00:00\",\"dateModified\":\"2018-12-27T23:48:54+00:00\",\"mainEntityOfPage\":{\"@id\":\"https:\/\/www.celttv.com.ar\/index.php\/2018\/12\/27\/ezequiel-marzialetti-se-refirio-a-varios-temas-vinculados-a-la-fumigacion-castracion-y-la-calidad-del-agua-video-entrevista\/\"},\"wordCount\":160,\"publisher\":{\"@id\":\"https:\/\/www.celttv.com.ar\/#organization\"},\"articleSection\":[\"Celt TV Noticias\",\"Comunidad\",\"Destacadas\"],\"inLanguage\":\"es\"},{\"@type\":\"WebPage\",\"@id\":\"https:\/\/www.celttv.com.ar\/index.php\/2018\/12\/27\/ezequiel-marzialetti-se-refirio-a-varios-temas-vinculados-a-la-fumigacion-castracion-y-la-calidad-del-agua-video-entrevista\/\",\"url\":\"https:\/\/www.celttv.com.ar\/index.php\/2018\/12\/27\/ezequiel-marzialetti-se-refirio-a-varios-temas-vinculados-a-la-fumigacion-castracion-y-la-calidad-del-agua-video-entrevista\/\",\"name\":\"EZEQUIEL MARZIALETTI SE REFIRI\u00d3 A VARIOS TEMAS VINCULADOS A LA FUMIGACI\u00d3N, CASTRACI\u00d3N Y LA CALIDAD DEL AGUA (VIDEO ENTREVISTA) - CELTTV\",\"isPartOf\":{\"@id\":\"https:\/\/www.celttv.com.ar\/#website\"},\"datePublished\":\"2018-12-27T23:48:54+00:00\",\"dateModified\":\"2018-12-27T23:48:54+00:00\",\"description\":\"Sitio web de noticias de la localidad de Tornquist, provincia de Buenos Aires, Rep\u00fablica Argentina. Contenido propio originado por periodistas de CELTTV, el canal de TV local de la Cooperativa El\u00e9ctrica de Tornquist. Turismo, Pol\u00edtica, Sociedad, Deporte, Cultura y todo el contenido de inter\u00e9s general que la gente del pueblo y la regi\u00f3n debe conocer.\",\"breadcrumb\":{\"@id\":\"https:\/\/www.celttv.com.ar\/index.php\/2018\/12\/27\/ezequiel-marzialetti-se-refirio-a-varios-temas-vinculados-a-la-fumigacion-castracion-y-la-calidad-del-agua-video-entrevista\/#breadcrumb\"},\"inLanguage\":\"es\",\"potentialAction\":[{\"@type\":\"ReadAction\",\"target\":[\"https:\/\/www.celttv.com.ar\/index.php\/2018\/12\/27\/ezequiel-marzialetti-se-refirio-a-varios-temas-vinculados-a-la-fumigacion-castracion-y-la-calidad-del-agua-video-entrevista\/\"]}]},{\"@type\":\"BreadcrumbList\",\"@id\":\"https:\/\/www.celttv.com.ar\/index.php\/2018\/12\/27\/ezequiel-marzialetti-se-refirio-a-varios-temas-vinculados-a-la-fumigacion-castracion-y-la-calidad-del-agua-video-entrevista\/#breadcrumb\",\"itemListElement\":[{\"@type\":\"ListItem\",\"position\":1,\"name\":\"Inicio\",\"item\":\"https:\/\/www.celttv.com.ar\/\"},{\"@type\":\"ListItem\",\"position\":2,\"name\":\"EZEQUIEL MARZIALETTI SE REFIRI\u00d3 A VARIOS TEMAS VINCULADOS A LA FUMIGACI\u00d3N, CASTRACI\u00d3N Y LA CALIDAD DEL AGUA (VIDEO ENTREVISTA)\"}]},{\"@type\":\"WebSite\",\"@id\":\"https:\/\/www.celttv.com.ar\/#website\",\"url\":\"https:\/\/www.celttv.com.ar\/\",\"name\":\"CELTTV\",\"description\":\"Cooperativa El\u00e9ctrica de Tornquist\",\"publisher\":{\"@id\":\"https:\/\/www.celttv.com.ar\/#organization\"},\"potentialAction\":[{\"@type\":\"SearchAction\",\"target\":{\"@type\":\"EntryPoint\",\"urlTemplate\":\"https:\/\/www.celttv.com.ar\/?s={search_term_string}\"},\"query-input\":\"required name=search_term_string\"}],\"inLanguage\":\"es\"},{\"@type\":\"Organization\",\"@id\":\"https:\/\/www.celttv.com.ar\/#organization\",\"name\":\"CELTTV\",\"url\":\"https:\/\/www.celttv.com.ar\/\",\"sameAs\":[\"https:\/\/www.youtube.com\/channel\/UCz_oIt8Hig64Ub-EmcNPIhg\",\"https:\/\/www.facebook.com\/celtTV\/\"],\"logo\":{\"@type\":\"ImageObject\",\"inLanguage\":\"es\",\"@id\":\"https:\/\/www.celttv.com.ar\/#\/schema\/logo\/image\/\",\"url\":\"http:\/\/www.celttv.com.ar\/wp-content\/uploads\/2022\/08\/logo-1.png\",\"contentUrl\":\"http:\/\/www.celttv.com.ar\/wp-content\/uploads\/2022\/08\/logo-1.png\",\"width\":461,\"height\":159,\"caption\":\"CELTTV\"},\"image\":{\"@id\":\"https:\/\/www.celttv.com.ar\/#\/schema\/logo\/image\/\"}},{\"@type\":\"Person\",\"@id\":\"https:\/\/www.celttv.com.ar\/#\/schema\/person\/6d99c072dba59953809c81446e9d0ace\",\"name\":\"ulises\",\"image\":{\"@type\":\"ImageObject\",\"inLanguage\":\"es\",\"@id\":\"https:\/\/www.celttv.com.ar\/#\/schema\/person\/image\/\",\"url\":\"https:\/\/secure.gravatar.com\/avatar\/7f2c48bdc33b30088f941fb6082e555f2874c98e20cb159d7b92b50eadfce793?s=96&d=mm&r=g\",\"contentUrl\":\"https:\/\/secure.gravatar.com\/avatar\/7f2c48bdc33b30088f941fb6082e555f2874c98e20cb159d7b92b50eadfce793?s=96&d=mm&r=g\",\"caption\":\"ulises\"},\"sameAs\":[\"http:\/\/www.celttv.com.ar\"]}]}<\/script>\n<!-- \/ Yoast SEO plugin. -->","yoast_head_json":{"title":"EZEQUIEL MARZIALETTI SE REFIRI\u00d3 A VARIOS TEMAS VINCULADOS A LA FUMIGACI\u00d3N, CASTRACI\u00d3N Y LA CALIDAD DEL AGUA (VIDEO ENTREVISTA) - CELTTV","description":"Sitio web de noticias de la localidad de Tornquist, provincia de Buenos Aires, Rep\u00fablica Argentina. Contenido propio originado por periodistas de CELTTV, el canal de TV local de la Cooperativa El\u00e9ctrica de Tornquist. Turismo, Pol\u00edtica, Sociedad, Deporte, Cultura y todo el contenido de inter\u00e9s general que la gente del pueblo y la regi\u00f3n debe conocer.","robots":{"index":"index","follow":"follow","max-snippet":"max-snippet:-1","max-image-preview":"max-image-preview:large","max-video-preview":"max-video-preview:-1"},"canonical":"https:\/\/www.celttv.com.ar\/index.php\/2018\/12\/27\/ezequiel-marzialetti-se-refirio-a-varios-temas-vinculados-a-la-fumigacion-castracion-y-la-calidad-del-agua-video-entrevista\/","og_locale":"es_ES","og_type":"article","og_title":"EZEQUIEL MARZIALETTI SE REFIRI\u00d3 A VARIOS TEMAS VINCULADOS A LA FUMIGACI\u00d3N, CASTRACI\u00d3N Y LA CALIDAD DEL AGUA (VIDEO ENTREVISTA) - CELTTV","og_description":"Sitio web de noticias de la localidad de Tornquist, provincia de Buenos Aires, Rep\u00fablica Argentina. Contenido propio originado por periodistas de CELTTV, el canal de TV local de la Cooperativa El\u00e9ctrica de Tornquist. Turismo, Pol\u00edtica, Sociedad, Deporte, Cultura y todo el contenido de inter\u00e9s general que la gente del pueblo y la regi\u00f3n debe conocer.","og_url":"https:\/\/www.celttv.com.ar\/index.php\/2018\/12\/27\/ezequiel-marzialetti-se-refirio-a-varios-temas-vinculados-a-la-fumigacion-castracion-y-la-calidad-del-agua-video-entrevista\/","og_site_name":"CELTTV","article_publisher":"https:\/\/www.facebook.com\/celtTV\/","article_published_time":"2018-12-27T23:48:54+00:00","og_image":[{"width":225,"height":225,"url":"https:\/\/www.celttv.com.ar\/wp-content\/uploads\/2018\/12\/index.jpg","type":"image\/jpeg"}],"author":"ulises","twitter_card":"summary_large_image","twitter_misc":{"Escrito por":"ulises","Tiempo de lectura":"1 minuto"},"schema":{"@context":"https:\/\/schema.org","@graph":[{"@type":"NewsArticle","@id":"https:\/\/www.celttv.com.ar\/index.php\/2018\/12\/27\/ezequiel-marzialetti-se-refirio-a-varios-temas-vinculados-a-la-fumigacion-castracion-y-la-calidad-del-agua-video-entrevista\/#article","isPartOf":{"@id":"https:\/\/www.celttv.com.ar\/index.php\/2018\/12\/27\/ezequiel-marzialetti-se-refirio-a-varios-temas-vinculados-a-la-fumigacion-castracion-y-la-calidad-del-agua-video-entrevista\/"},"author":{"name":"ulises","@id":"https:\/\/www.celttv.com.ar\/#\/schema\/person\/6d99c072dba59953809c81446e9d0ace"},"headline":"EZEQUIEL MARZIALETTI SE REFIRI\u00d3 A VARIOS TEMAS VINCULADOS A LA FUMIGACI\u00d3N, CASTRACI\u00d3N Y LA CALIDAD DEL AGUA (VIDEO ENTREVISTA)","datePublished":"2018-12-27T23:48:54+00:00","dateModified":"2018-12-27T23:48:54+00:00","mainEntityOfPage":{"@id":"https:\/\/www.celttv.com.ar\/index.php\/2018\/12\/27\/ezequiel-marzialetti-se-refirio-a-varios-temas-vinculados-a-la-fumigacion-castracion-y-la-calidad-del-agua-video-entrevista\/"},"wordCount":160,"publisher":{"@id":"https:\/\/www.celttv.com.ar\/#organization"},"articleSection":["Celt TV Noticias","Comunidad","Destacadas"],"inLanguage":"es"},{"@type":"WebPage","@id":"https:\/\/www.celttv.com.ar\/index.php\/2018\/12\/27\/ezequiel-marzialetti-se-refirio-a-varios-temas-vinculados-a-la-fumigacion-castracion-y-la-calidad-del-agua-video-entrevista\/","url":"https:\/\/www.celttv.com.ar\/index.php\/2018\/12\/27\/ezequiel-marzialetti-se-refirio-a-varios-temas-vinculados-a-la-fumigacion-castracion-y-la-calidad-del-agua-video-entrevista\/","name":"EZEQUIEL MARZIALETTI SE REFIRI\u00d3 A VARIOS TEMAS VINCULADOS A LA FUMIGACI\u00d3N, CASTRACI\u00d3N Y LA CALIDAD DEL AGUA (VIDEO ENTREVISTA) - CELTTV","isPartOf":{"@id":"https:\/\/www.celttv.com.ar\/#website"},"datePublished":"2018-12-27T23:48:54+00:00","dateModified":"2018-12-27T23:48:54+00:00","description":"Sitio web de noticias de la localidad de Tornquist, provincia de Buenos Aires, Rep\u00fablica Argentina. Contenido propio originado por periodistas de CELTTV, el canal de TV local de la Cooperativa El\u00e9ctrica de Tornquist. Turismo, Pol\u00edtica, Sociedad, Deporte, Cultura y todo el contenido de inter\u00e9s general que la gente del pueblo y la regi\u00f3n debe conocer.","breadcrumb":{"@id":"https:\/\/www.celttv.com.ar\/index.php\/2018\/12\/27\/ezequiel-marzialetti-se-refirio-a-varios-temas-vinculados-a-la-fumigacion-castracion-y-la-calidad-del-agua-video-entrevista\/#breadcrumb"},"inLanguage":"es","potentialAction":[{"@type":"ReadAction","target":["https:\/\/www.celttv.com.ar\/index.php\/2018\/12\/27\/ezequiel-marzialetti-se-refirio-a-varios-temas-vinculados-a-la-fumigacion-castracion-y-la-calidad-del-agua-video-entrevista\/"]}]},{"@type":"BreadcrumbList","@id":"https:\/\/www.celttv.com.ar\/index.php\/2018\/12\/27\/ezequiel-marzialetti-se-refirio-a-varios-temas-vinculados-a-la-fumigacion-castracion-y-la-calidad-del-agua-video-entrevista\/#breadcrumb","itemListElement":[{"@type":"ListItem","position":1,"name":"Inicio","item":"https:\/\/www.celttv.com.ar\/"},{"@type":"ListItem","position":2,"name":"EZEQUIEL MARZIALETTI SE REFIRI\u00d3 A VARIOS TEMAS VINCULADOS A LA FUMIGACI\u00d3N, CASTRACI\u00d3N Y LA CALIDAD DEL AGUA (VIDEO ENTREVISTA)"}]},{"@type":"WebSite","@id":"https:\/\/www.celttv.com.ar\/#website","url":"https:\/\/www.celttv.com.ar\/","name":"CELTTV","description":"Cooperativa El\u00e9ctrica de Tornquist","publisher":{"@id":"https:\/\/www.celttv.com.ar\/#organization"},"potentialAction":[{"@type":"SearchAction","target":{"@type":"EntryPoint","urlTemplate":"https:\/\/www.celttv.com.ar\/?s={search_term_string}"},"query-input":"required name=search_term_string"}],"inLanguage":"es"},{"@type":"Organization","@id":"https:\/\/www.celttv.com.ar\/#organization","name":"CELTTV","url":"https:\/\/www.celttv.com.ar\/","sameAs":["https:\/\/www.youtube.com\/channel\/UCz_oIt8Hig64Ub-EmcNPIhg","https:\/\/www.facebook.com\/celtTV\/"],"logo":{"@type":"ImageObject","inLanguage":"es","@id":"https:\/\/www.celttv.com.ar\/#\/schema\/logo\/image\/","url":"http:\/\/www.celttv.com.ar\/wp-content\/uploads\/2022\/08\/logo-1.png","contentUrl":"http:\/\/www.celttv.com.ar\/wp-content\/uploads\/2022\/08\/logo-1.png","width":461,"height":159,"caption":"CELTTV"},"image":{"@id":"https:\/\/www.celttv.com.ar\/#\/schema\/logo\/image\/"}},{"@type":"Person","@id":"https:\/\/www.celttv.com.ar\/#\/schema\/person\/6d99c072dba59953809c81446e9d0ace","name":"ulises","image":{"@type":"ImageObject","inLanguage":"es","@id":"https:\/\/www.celttv.com.ar\/#\/schema\/person\/image\/","url":"https:\/\/secure.gravatar.com\/avatar\/7f2c48bdc33b30088f941fb6082e555f2874c98e20cb159d7b92b50eadfce793?s=96&d=mm&r=g","contentUrl":"https:\/\/secure.gravatar.com\/avatar\/7f2c48bdc33b30088f941fb6082e555f2874c98e20cb159d7b92b50eadfce793?s=96&d=mm&r=g","caption":"ulises"},"sameAs":["http:\/\/www.celttv.com.ar"]}]}},"_links":{"self":[{"href":"https:\/\/www.celttv.com.ar\/index.php\/wp-json\/wp\/v2\/posts\/39219","targetHints":{"allow":["GET"]}}],"collection":[{"href":"https:\/\/www.celttv.com.ar\/index.php\/wp-json\/wp\/v2\/posts"}],"about":[{"href":"https:\/\/www.celttv.com.ar\/index.php\/wp-json\/wp\/v2\/types\/post"}],"author":[{"embeddable":true,"href":"https:\/\/www.celttv.com.ar\/index.php\/wp-json\/wp\/v2\/users\/1"}],"replies":[{"embeddable":true,"href":"https:\/\/www.celttv.com.ar\/index.php\/wp-json\/wp\/v2\/comments?post=39219"}],"version-history":[{"count":0,"href":"https:\/\/www.celttv.com.ar\/index.php\/wp-json\/wp\/v2\/posts\/39219\/revisions"}],"wp:featuredmedia":[{"embeddable":true,"href":"https:\/\/www.celttv.com.ar\/index.php\/wp-json\/wp\/v2\/media\/39220"}],"wp:attachment":[{"href":"https:\/\/www.celttv.com.ar\/index.php\/wp-json\/wp\/v2\/media?parent=39219"}],"wp:term":[{"taxonomy":"category","embeddable":true,"href":"https:\/\/www.celttv.com.ar\/index.php\/wp-json\/wp\/v2\/categories?post=39219"},{"taxonomy":"post_tag","embeddable":true,"href":"https:\/\/www.celttv.com.ar\/index.php\/wp-json\/wp\/v2\/tags?post=39219"}],"curies":[{"name":"wp","href":"https:\/\/api.w.org\/{rel}","templated":true}]}}