{"id":39232,"date":"2018-12-28T21:14:03","date_gmt":"2018-12-28T21:14:03","guid":{"rendered":"http:\/\/www.celttv.com.ar\/?p=39232"},"modified":"2018-12-28T21:14:03","modified_gmt":"2018-12-28T21:14:03","slug":"luis-vila-retorno-al-futbol-ecuatoriano-a-traves-de-delfin-sporting-club","status":"publish","type":"post","link":"https:\/\/www.celttv.com.ar\/index.php\/2018\/12\/28\/luis-vila-retorno-al-futbol-ecuatoriano-a-traves-de-delfin-sporting-club\/","title":{"rendered":"Luis Vila retorn\u00f3 al f\u00fatbol ecuatoriano a trav\u00e9s de Delf\u00edn Sporting Club"},"content":{"rendered":"<p>En horas de la madrugada de este viernes 28 de diciembre, Delf\u00edn Sporting Club present\u00f3 a sus nuevos refuerzos para el 2019, los argentinos: Sergio L\u00f3pez y Luis Vila.<br \/>\nEl primero juega como volante y tiene 29 a\u00f1os. Adem\u00e1s de su pa\u00eds de origen, ha militado en clubes de Chile y Colombia como el Deportes Temuco o el Once Caldas, respectivamente.<\/p>\n<div class=\"text_exposed_show\">\nEn tanto Vila, de 26 a\u00f1os, es un delantero que ha jugado en equipos como River Plate, Gimnasia y Esgrima, Olimpo, entre otros. Su m\u00e1s reciente elenco deportivo fue el NK Istra 1961 de Croacia.<br \/>\nEl ariete ya tiene experiencia en el f\u00fatbol ecuatoriano, en el 2014 jug\u00f3 para Olmedo.<br \/>\nActualmente, el club &#8216;cet\u00e1ceo&#8217; se encuentra en sus entrenamientos por la pretemporada.<br \/>\nFUENTE:\u00a0<a href=\"https:\/\/l.facebook.com\/l.php?u=http%3A%2F%2Fwww.ecuavisa.com%2F%3Ffbclid%3DIwAR1ZkyNmFNdM4jc7CsyQF_csNPl4W0LutoYNq8AtJL6xPDKH32CkaY1Azh0&amp;h=AT0U_3mtJhkGr9hz2fKroyy-OsYX-ASt0cz-Mq7366r2cnajV_1BYdxgbAZTxbDwHvrzTwx8CsumD7RfbnMf65GXmAHRmsdtb5mnCE2iWHBynwT5T-RRGGBabeCoYh8yIUU-BCVxwC2BlUm2BUTvxRQ8boLrXyMdKU0\" target=\"_blank\" rel=\"noopener nofollow\" data-ft=\"{&quot;tn&quot;:&quot;-U&quot;}\" data-lynx-mode=\"asynclazy\">www.ecuavisa.com<\/a><br \/>\n<a href=\"http:\/\/www.celttv.com.ar\/?attachment_id=39234\" rel=\"attachment wp-att-39234\"><img loading=\"lazy\" decoding=\"async\" class=\"alignleft size-medium wp-image-39234\" src=\"http:\/\/www.celttv.com.ar\/wp-content\/uploads\/2018\/12\/49115064_1265650693582899_5246576085646180352_n-621x780.jpg\" alt=\"\" width=\"621\" height=\"780\" \/><\/a>\n<\/div>\n","protected":false},"excerpt":{"rendered":"<p>En horas de la madrugada de este viernes 28 de diciembre, Delf\u00edn Sporting Club present\u00f3 a sus nuevos refuerzos para el 2019, los argentinos: Sergio L\u00f3pez y Luis Vila. El primero juega como volante y tiene 29 a\u00f1os. Adem\u00e1s de su pa\u00eds de origen, ha militado en clubes de Chile y Colombia como el Deportes [&hellip;]<\/p>\n","protected":false},"author":1,"featured_media":39233,"comment_status":"closed","ping_status":"open","sticky":false,"template":"","format":"standard","meta":{"footnotes":""},"categories":[55,60,52,63],"tags":[],"class_list":["post-39232","post","type-post","status-publish","format-standard","has-post-thumbnail","hentry","category-celt-tv-noticias","category-deporte","category-destacadas","category-magazine-sport"],"yoast_head":"<!-- This site is optimized with the Yoast SEO plugin v19.7.1 - https:\/\/yoast.com\/wordpress\/plugins\/seo\/ -->\n<title>Luis Vila retorn\u00f3 al f\u00fatbol ecuatoriano a trav\u00e9s de Delf\u00edn Sporting Club - CELTTV<\/title>\n<meta name=\"description\" content=\"Sitio web de noticias de la localidad de Tornquist, provincia de Buenos Aires, Rep\u00fablica Argentina. Contenido propio originado por periodistas de CELTTV, el canal de TV local de la Cooperativa El\u00e9ctrica de Tornquist. Turismo, Pol\u00edtica, Sociedad, Deporte, Cultura y todo el contenido de inter\u00e9s general que la gente del pueblo y la regi\u00f3n debe conocer.\" \/>\n<meta name=\"robots\" content=\"index, follow, max-snippet:-1, max-image-preview:large, max-video-preview:-1\" \/>\n<link rel=\"canonical\" href=\"https:\/\/www.celttv.com.ar\/index.php\/2018\/12\/28\/luis-vila-retorno-al-futbol-ecuatoriano-a-traves-de-delfin-sporting-club\/\" \/>\n<meta property=\"og:locale\" content=\"es_ES\" \/>\n<meta property=\"og:type\" content=\"article\" \/>\n<meta property=\"og:title\" content=\"Luis Vila retorn\u00f3 al f\u00fatbol ecuatoriano a trav\u00e9s de Delf\u00edn Sporting Club - CELTTV\" \/>\n<meta property=\"og:description\" content=\"Sitio web de noticias de la localidad de Tornquist, provincia de Buenos Aires, Rep\u00fablica Argentina. Contenido propio originado por periodistas de CELTTV, el canal de TV local de la Cooperativa El\u00e9ctrica de Tornquist. Turismo, Pol\u00edtica, Sociedad, Deporte, Cultura y todo el contenido de inter\u00e9s general que la gente del pueblo y la regi\u00f3n debe conocer.\" \/>\n<meta property=\"og:url\" content=\"https:\/\/www.celttv.com.ar\/index.php\/2018\/12\/28\/luis-vila-retorno-al-futbol-ecuatoriano-a-traves-de-delfin-sporting-club\/\" \/>\n<meta property=\"og:site_name\" content=\"CELTTV\" \/>\n<meta property=\"article:publisher\" content=\"https:\/\/www.facebook.com\/celtTV\/\" \/>\n<meta property=\"article:published_time\" content=\"2018-12-28T21:14:03+00:00\" \/>\n<meta property=\"og:image\" content=\"https:\/\/www.celttv.com.ar\/wp-content\/uploads\/2018\/12\/48363117_10156542361401634_1136938720117653504_n.jpg\" \/>\n\t<meta property=\"og:image:width\" content=\"960\" \/>\n\t<meta property=\"og:image:height\" content=\"767\" \/>\n\t<meta property=\"og:image:type\" content=\"image\/jpeg\" \/>\n<meta name=\"author\" content=\"ulises\" \/>\n<meta name=\"twitter:card\" content=\"summary_large_image\" \/>\n<meta name=\"twitter:label1\" content=\"Escrito por\" \/>\n\t<meta name=\"twitter:data1\" content=\"ulises\" \/>\n\t<meta name=\"twitter:label2\" content=\"Tiempo de lectura\" \/>\n\t<meta name=\"twitter:data2\" content=\"1 minuto\" \/>\n<script type=\"application\/ld+json\" class=\"yoast-schema-graph\">{\"@context\":\"https:\/\/schema.org\",\"@graph\":[{\"@type\":\"NewsArticle\",\"@id\":\"https:\/\/www.celttv.com.ar\/index.php\/2018\/12\/28\/luis-vila-retorno-al-futbol-ecuatoriano-a-traves-de-delfin-sporting-club\/#article\",\"isPartOf\":{\"@id\":\"https:\/\/www.celttv.com.ar\/index.php\/2018\/12\/28\/luis-vila-retorno-al-futbol-ecuatoriano-a-traves-de-delfin-sporting-club\/\"},\"author\":{\"name\":\"ulises\",\"@id\":\"https:\/\/www.celttv.com.ar\/#\/schema\/person\/6d99c072dba59953809c81446e9d0ace\"},\"headline\":\"Luis Vila retorn\u00f3 al f\u00fatbol ecuatoriano a trav\u00e9s de Delf\u00edn Sporting Club\",\"datePublished\":\"2018-12-28T21:14:03+00:00\",\"dateModified\":\"2018-12-28T21:14:03+00:00\",\"mainEntityOfPage\":{\"@id\":\"https:\/\/www.celttv.com.ar\/index.php\/2018\/12\/28\/luis-vila-retorno-al-futbol-ecuatoriano-a-traves-de-delfin-sporting-club\/\"},\"wordCount\":145,\"publisher\":{\"@id\":\"https:\/\/www.celttv.com.ar\/#organization\"},\"articleSection\":[\"Celt TV Noticias\",\"Deporte\",\"Destacadas\",\"Magazine Sport\"],\"inLanguage\":\"es\"},{\"@type\":\"WebPage\",\"@id\":\"https:\/\/www.celttv.com.ar\/index.php\/2018\/12\/28\/luis-vila-retorno-al-futbol-ecuatoriano-a-traves-de-delfin-sporting-club\/\",\"url\":\"https:\/\/www.celttv.com.ar\/index.php\/2018\/12\/28\/luis-vila-retorno-al-futbol-ecuatoriano-a-traves-de-delfin-sporting-club\/\",\"name\":\"Luis Vila retorn\u00f3 al f\u00fatbol ecuatoriano a trav\u00e9s de Delf\u00edn Sporting Club - CELTTV\",\"isPartOf\":{\"@id\":\"https:\/\/www.celttv.com.ar\/#website\"},\"datePublished\":\"2018-12-28T21:14:03+00:00\",\"dateModified\":\"2018-12-28T21:14:03+00:00\",\"description\":\"Sitio web de noticias de la localidad de Tornquist, provincia de Buenos Aires, Rep\u00fablica Argentina. Contenido propio originado por periodistas de CELTTV, el canal de TV local de la Cooperativa El\u00e9ctrica de Tornquist. Turismo, Pol\u00edtica, Sociedad, Deporte, Cultura y todo el contenido de inter\u00e9s general que la gente del pueblo y la regi\u00f3n debe conocer.\",\"breadcrumb\":{\"@id\":\"https:\/\/www.celttv.com.ar\/index.php\/2018\/12\/28\/luis-vila-retorno-al-futbol-ecuatoriano-a-traves-de-delfin-sporting-club\/#breadcrumb\"},\"inLanguage\":\"es\",\"potentialAction\":[{\"@type\":\"ReadAction\",\"target\":[\"https:\/\/www.celttv.com.ar\/index.php\/2018\/12\/28\/luis-vila-retorno-al-futbol-ecuatoriano-a-traves-de-delfin-sporting-club\/\"]}]},{\"@type\":\"BreadcrumbList\",\"@id\":\"https:\/\/www.celttv.com.ar\/index.php\/2018\/12\/28\/luis-vila-retorno-al-futbol-ecuatoriano-a-traves-de-delfin-sporting-club\/#breadcrumb\",\"itemListElement\":[{\"@type\":\"ListItem\",\"position\":1,\"name\":\"Inicio\",\"item\":\"https:\/\/www.celttv.com.ar\/\"},{\"@type\":\"ListItem\",\"position\":2,\"name\":\"Luis Vila retorn\u00f3 al f\u00fatbol ecuatoriano a trav\u00e9s de Delf\u00edn Sporting Club\"}]},{\"@type\":\"WebSite\",\"@id\":\"https:\/\/www.celttv.com.ar\/#website\",\"url\":\"https:\/\/www.celttv.com.ar\/\",\"name\":\"CELTTV\",\"description\":\"Cooperativa El\u00e9ctrica de Tornquist\",\"publisher\":{\"@id\":\"https:\/\/www.celttv.com.ar\/#organization\"},\"potentialAction\":[{\"@type\":\"SearchAction\",\"target\":{\"@type\":\"EntryPoint\",\"urlTemplate\":\"https:\/\/www.celttv.com.ar\/?s={search_term_string}\"},\"query-input\":\"required name=search_term_string\"}],\"inLanguage\":\"es\"},{\"@type\":\"Organization\",\"@id\":\"https:\/\/www.celttv.com.ar\/#organization\",\"name\":\"CELTTV\",\"url\":\"https:\/\/www.celttv.com.ar\/\",\"sameAs\":[\"https:\/\/www.youtube.com\/channel\/UCz_oIt8Hig64Ub-EmcNPIhg\",\"https:\/\/www.facebook.com\/celtTV\/\"],\"logo\":{\"@type\":\"ImageObject\",\"inLanguage\":\"es\",\"@id\":\"https:\/\/www.celttv.com.ar\/#\/schema\/logo\/image\/\",\"url\":\"http:\/\/www.celttv.com.ar\/wp-content\/uploads\/2022\/08\/logo-1.png\",\"contentUrl\":\"http:\/\/www.celttv.com.ar\/wp-content\/uploads\/2022\/08\/logo-1.png\",\"width\":461,\"height\":159,\"caption\":\"CELTTV\"},\"image\":{\"@id\":\"https:\/\/www.celttv.com.ar\/#\/schema\/logo\/image\/\"}},{\"@type\":\"Person\",\"@id\":\"https:\/\/www.celttv.com.ar\/#\/schema\/person\/6d99c072dba59953809c81446e9d0ace\",\"name\":\"ulises\",\"image\":{\"@type\":\"ImageObject\",\"inLanguage\":\"es\",\"@id\":\"https:\/\/www.celttv.com.ar\/#\/schema\/person\/image\/\",\"url\":\"https:\/\/secure.gravatar.com\/avatar\/7f2c48bdc33b30088f941fb6082e555f2874c98e20cb159d7b92b50eadfce793?s=96&d=mm&r=g\",\"contentUrl\":\"https:\/\/secure.gravatar.com\/avatar\/7f2c48bdc33b30088f941fb6082e555f2874c98e20cb159d7b92b50eadfce793?s=96&d=mm&r=g\",\"caption\":\"ulises\"},\"sameAs\":[\"http:\/\/www.celttv.com.ar\"]}]}<\/script>\n<!-- \/ Yoast SEO plugin. -->","yoast_head_json":{"title":"Luis Vila retorn\u00f3 al f\u00fatbol ecuatoriano a trav\u00e9s de Delf\u00edn Sporting Club - CELTTV","description":"Sitio web de noticias de la localidad de Tornquist, provincia de Buenos Aires, Rep\u00fablica Argentina. Contenido propio originado por periodistas de CELTTV, el canal de TV local de la Cooperativa El\u00e9ctrica de Tornquist. Turismo, Pol\u00edtica, Sociedad, Deporte, Cultura y todo el contenido de inter\u00e9s general que la gente del pueblo y la regi\u00f3n debe conocer.","robots":{"index":"index","follow":"follow","max-snippet":"max-snippet:-1","max-image-preview":"max-image-preview:large","max-video-preview":"max-video-preview:-1"},"canonical":"https:\/\/www.celttv.com.ar\/index.php\/2018\/12\/28\/luis-vila-retorno-al-futbol-ecuatoriano-a-traves-de-delfin-sporting-club\/","og_locale":"es_ES","og_type":"article","og_title":"Luis Vila retorn\u00f3 al f\u00fatbol ecuatoriano a trav\u00e9s de Delf\u00edn Sporting Club - CELTTV","og_description":"Sitio web de noticias de la localidad de Tornquist, provincia de Buenos Aires, Rep\u00fablica Argentina. Contenido propio originado por periodistas de CELTTV, el canal de TV local de la Cooperativa El\u00e9ctrica de Tornquist. Turismo, Pol\u00edtica, Sociedad, Deporte, Cultura y todo el contenido de inter\u00e9s general que la gente del pueblo y la regi\u00f3n debe conocer.","og_url":"https:\/\/www.celttv.com.ar\/index.php\/2018\/12\/28\/luis-vila-retorno-al-futbol-ecuatoriano-a-traves-de-delfin-sporting-club\/","og_site_name":"CELTTV","article_publisher":"https:\/\/www.facebook.com\/celtTV\/","article_published_time":"2018-12-28T21:14:03+00:00","og_image":[{"width":960,"height":767,"url":"https:\/\/www.celttv.com.ar\/wp-content\/uploads\/2018\/12\/48363117_10156542361401634_1136938720117653504_n.jpg","type":"image\/jpeg"}],"author":"ulises","twitter_card":"summary_large_image","twitter_misc":{"Escrito por":"ulises","Tiempo de lectura":"1 minuto"},"schema":{"@context":"https:\/\/schema.org","@graph":[{"@type":"NewsArticle","@id":"https:\/\/www.celttv.com.ar\/index.php\/2018\/12\/28\/luis-vila-retorno-al-futbol-ecuatoriano-a-traves-de-delfin-sporting-club\/#article","isPartOf":{"@id":"https:\/\/www.celttv.com.ar\/index.php\/2018\/12\/28\/luis-vila-retorno-al-futbol-ecuatoriano-a-traves-de-delfin-sporting-club\/"},"author":{"name":"ulises","@id":"https:\/\/www.celttv.com.ar\/#\/schema\/person\/6d99c072dba59953809c81446e9d0ace"},"headline":"Luis Vila retorn\u00f3 al f\u00fatbol ecuatoriano a trav\u00e9s de Delf\u00edn Sporting Club","datePublished":"2018-12-28T21:14:03+00:00","dateModified":"2018-12-28T21:14:03+00:00","mainEntityOfPage":{"@id":"https:\/\/www.celttv.com.ar\/index.php\/2018\/12\/28\/luis-vila-retorno-al-futbol-ecuatoriano-a-traves-de-delfin-sporting-club\/"},"wordCount":145,"publisher":{"@id":"https:\/\/www.celttv.com.ar\/#organization"},"articleSection":["Celt TV Noticias","Deporte","Destacadas","Magazine Sport"],"inLanguage":"es"},{"@type":"WebPage","@id":"https:\/\/www.celttv.com.ar\/index.php\/2018\/12\/28\/luis-vila-retorno-al-futbol-ecuatoriano-a-traves-de-delfin-sporting-club\/","url":"https:\/\/www.celttv.com.ar\/index.php\/2018\/12\/28\/luis-vila-retorno-al-futbol-ecuatoriano-a-traves-de-delfin-sporting-club\/","name":"Luis Vila retorn\u00f3 al f\u00fatbol ecuatoriano a trav\u00e9s de Delf\u00edn Sporting Club - CELTTV","isPartOf":{"@id":"https:\/\/www.celttv.com.ar\/#website"},"datePublished":"2018-12-28T21:14:03+00:00","dateModified":"2018-12-28T21:14:03+00:00","description":"Sitio web de noticias de la localidad de Tornquist, provincia de Buenos Aires, Rep\u00fablica Argentina. Contenido propio originado por periodistas de CELTTV, el canal de TV local de la Cooperativa El\u00e9ctrica de Tornquist. Turismo, Pol\u00edtica, Sociedad, Deporte, Cultura y todo el contenido de inter\u00e9s general que la gente del pueblo y la regi\u00f3n debe conocer.","breadcrumb":{"@id":"https:\/\/www.celttv.com.ar\/index.php\/2018\/12\/28\/luis-vila-retorno-al-futbol-ecuatoriano-a-traves-de-delfin-sporting-club\/#breadcrumb"},"inLanguage":"es","potentialAction":[{"@type":"ReadAction","target":["https:\/\/www.celttv.com.ar\/index.php\/2018\/12\/28\/luis-vila-retorno-al-futbol-ecuatoriano-a-traves-de-delfin-sporting-club\/"]}]},{"@type":"BreadcrumbList","@id":"https:\/\/www.celttv.com.ar\/index.php\/2018\/12\/28\/luis-vila-retorno-al-futbol-ecuatoriano-a-traves-de-delfin-sporting-club\/#breadcrumb","itemListElement":[{"@type":"ListItem","position":1,"name":"Inicio","item":"https:\/\/www.celttv.com.ar\/"},{"@type":"ListItem","position":2,"name":"Luis Vila retorn\u00f3 al f\u00fatbol ecuatoriano a trav\u00e9s de Delf\u00edn Sporting Club"}]},{"@type":"WebSite","@id":"https:\/\/www.celttv.com.ar\/#website","url":"https:\/\/www.celttv.com.ar\/","name":"CELTTV","description":"Cooperativa El\u00e9ctrica de Tornquist","publisher":{"@id":"https:\/\/www.celttv.com.ar\/#organization"},"potentialAction":[{"@type":"SearchAction","target":{"@type":"EntryPoint","urlTemplate":"https:\/\/www.celttv.com.ar\/?s={search_term_string}"},"query-input":"required name=search_term_string"}],"inLanguage":"es"},{"@type":"Organization","@id":"https:\/\/www.celttv.com.ar\/#organization","name":"CELTTV","url":"https:\/\/www.celttv.com.ar\/","sameAs":["https:\/\/www.youtube.com\/channel\/UCz_oIt8Hig64Ub-EmcNPIhg","https:\/\/www.facebook.com\/celtTV\/"],"logo":{"@type":"ImageObject","inLanguage":"es","@id":"https:\/\/www.celttv.com.ar\/#\/schema\/logo\/image\/","url":"http:\/\/www.celttv.com.ar\/wp-content\/uploads\/2022\/08\/logo-1.png","contentUrl":"http:\/\/www.celttv.com.ar\/wp-content\/uploads\/2022\/08\/logo-1.png","width":461,"height":159,"caption":"CELTTV"},"image":{"@id":"https:\/\/www.celttv.com.ar\/#\/schema\/logo\/image\/"}},{"@type":"Person","@id":"https:\/\/www.celttv.com.ar\/#\/schema\/person\/6d99c072dba59953809c81446e9d0ace","name":"ulises","image":{"@type":"ImageObject","inLanguage":"es","@id":"https:\/\/www.celttv.com.ar\/#\/schema\/person\/image\/","url":"https:\/\/secure.gravatar.com\/avatar\/7f2c48bdc33b30088f941fb6082e555f2874c98e20cb159d7b92b50eadfce793?s=96&d=mm&r=g","contentUrl":"https:\/\/secure.gravatar.com\/avatar\/7f2c48bdc33b30088f941fb6082e555f2874c98e20cb159d7b92b50eadfce793?s=96&d=mm&r=g","caption":"ulises"},"sameAs":["http:\/\/www.celttv.com.ar"]}]}},"_links":{"self":[{"href":"https:\/\/www.celttv.com.ar\/index.php\/wp-json\/wp\/v2\/posts\/39232","targetHints":{"allow":["GET"]}}],"collection":[{"href":"https:\/\/www.celttv.com.ar\/index.php\/wp-json\/wp\/v2\/posts"}],"about":[{"href":"https:\/\/www.celttv.com.ar\/index.php\/wp-json\/wp\/v2\/types\/post"}],"author":[{"embeddable":true,"href":"https:\/\/www.celttv.com.ar\/index.php\/wp-json\/wp\/v2\/users\/1"}],"replies":[{"embeddable":true,"href":"https:\/\/www.celttv.com.ar\/index.php\/wp-json\/wp\/v2\/comments?post=39232"}],"version-history":[{"count":0,"href":"https:\/\/www.celttv.com.ar\/index.php\/wp-json\/wp\/v2\/posts\/39232\/revisions"}],"wp:featuredmedia":[{"embeddable":true,"href":"https:\/\/www.celttv.com.ar\/index.php\/wp-json\/wp\/v2\/media\/39233"}],"wp:attachment":[{"href":"https:\/\/www.celttv.com.ar\/index.php\/wp-json\/wp\/v2\/media?parent=39232"}],"wp:term":[{"taxonomy":"category","embeddable":true,"href":"https:\/\/www.celttv.com.ar\/index.php\/wp-json\/wp\/v2\/categories?post=39232"},{"taxonomy":"post_tag","embeddable":true,"href":"https:\/\/www.celttv.com.ar\/index.php\/wp-json\/wp\/v2\/tags?post=39232"}],"curies":[{"name":"wp","href":"https:\/\/api.w.org\/{rel}","templated":true}]}}