{"id":39236,"date":"2018-12-29T15:52:49","date_gmt":"2018-12-29T15:52:49","guid":{"rendered":"http:\/\/www.celttv.com.ar\/?p=39236"},"modified":"2018-12-29T15:52:49","modified_gmt":"2018-12-29T15:52:49","slug":"belen-tombesi-y-ramiro-heinrich-elegidos-los-mejores-del-basquet-bahiense-durante-el-2018-fotos","status":"publish","type":"post","link":"https:\/\/www.celttv.com.ar\/index.php\/2018\/12\/29\/belen-tombesi-y-ramiro-heinrich-elegidos-los-mejores-del-basquet-bahiense-durante-el-2018-fotos\/","title":{"rendered":"BEL\u00c9N TOMBESI Y RAMIRO HEINRICH ELEGIDOS LOS MEJORES DEL BASQUET BAHIENSE DURANTE EL 2018 (FOTOS)"},"content":{"rendered":"<p>La duod\u00e9cima edici\u00f3n de la fiesta de premiaci\u00f3n del b\u00e1squetbol local tuvo, como es habitual, un marco acorde al acontecimiento, y en la que se eligieron como mejores jugadores a <strong>Ramiro Heinrich (Villa Mitre)<\/strong> en Primera y Juan Cruz Marini (Pac\u00edfico) en Segunda.<br \/>\nLa misma, organizada por el 5to. Cuarto TV y la Asociacion Bahiense, se desarroll\u00f3 en el sal\u00f3n Revoque Eventos y tambi\u00e9n se premi\u00f3 a todos los equipos campeones.<br \/>\nEntre los reconocimientos especiales, se destac\u00f3 a Mart\u00edn Ipucha, a lo que fue\u00a0su trayectoria como jugador; Velocidad se llev\u00f3 al premio a la mejor dirigencia, Independiente a la caballerosidad deportiva y Bahiense del Norte se qued\u00f3 con la Copa Rub\u00e9n Ferrandi, que se otorga a los que mejores resultados obtienen en divisiones formativas.<br \/>\nTambi\u00e9n, al margen de los ternados y los mejores en cada puesto en Primera y Segunda, se llevaron premio revelaci\u00f3n Ger\u00f3nimo Rauch (Argentino), en Segunda, Joaqu\u00edn Godio (Napost\u00e1) en Primera y Paulina Lazar (El Nacional), Femenino.<br \/>\nA la vez, se distingui\u00f3 a Fausto Ruesga, doble medalla de oro en los Juegos Ol\u00edmpicos de la Juventud y a Agustina Roth, ganadora del oro, tambi\u00e9n en los Juegos, en la disciplina\u00a0BMX Freestyle.<br \/>\nUn momento emotivo se vivi\u00f3 al momento de recordar a los fallecidos, entre los que se destacaron al ex presidente de la Asociaci\u00f3n Bahiense, Teobaldo Petracchi y, a las figuras m\u00e1s cercanas en el tiempo y que movilizaron a varios, como Atilio Jos\u00e9 Fruet y Adolfo Lista.<\/p>\n<h3>Quinteto de Primera<\/h3>\n<p>El mejor quinteto de\u00a0Primera\u00a0qued\u00f3 conformado por, base: Jos\u00e9 Guti\u00e9rrez (Villa Mitre); escolta: Mat\u00edas Chaves (Pueyrred\u00f3n); alero: Agust\u00edn Dottori (Liniers), ala-centro: Nicol\u00e1s Quiroga (Napost\u00e1) y centro: <strong>Ramiro Heinrich (Villa Mitre).<\/strong><br \/>\n<img decoding=\"async\" src=\"https:\/\/px.cdn.lanueva.com\/122018\/1546021414261.jpg\" width=\"100%\" height=\"auto\" \/><br \/>\nLos cinco de Segunda<br \/>\nBase: Branco Salvatori (Pac\u00edfico); escolta: Juan Cruz Marini (Pac\u00edfico); alero: Ignacio \u00c9rcoli (Independiente); ala-centro: Daniel Agalupe (Los Andes) y centro: St\u00e9fano Barba (Los Andes).<br \/>\n<img decoding=\"async\" src=\"https:\/\/px.cdn.lanueva.com\/122018\/1546021378475.jpg\" width=\"100%\" height=\"auto\" \/><\/p>\n<h3>Por categor\u00eda<\/h3>\n<p>El resultado de la elecci\u00f3n del mejor jugador de cada categor\u00eda, rescatado de las ternas, fue\u00a0el\u00a0siguiente:<br \/>\n<strong>U13:<\/strong>\u00a0Santiago Gattari (Liniers).<br \/>\n<strong>U15:<\/strong>\u00a0Valent\u00edn Forestier (Leandro N. Alem).<br \/>\n<strong>U17:<\/strong>\u00a0Pedro Rossi (Bahiense).<br \/>\n<strong>U19:<\/strong>\u00a0Fausto Ruesga (Olimpo).<br \/>\n<strong>\u00a0U23:<\/strong>\u00a0Joaqu\u00edn Godio (Napost\u00e1).<br \/>\n<strong>+35:<\/strong>\u00a0Hern\u00e1n Soria (Liniers).<br \/>\n<strong>+45:<\/strong>\u00a0Gustavo Walter (San Lorenzo).<\/p>\n<h3>Femenino<\/h3>\n<p><strong>U17:<\/strong>\u00a0\u00a0Ail\u00edn Larrosa (Estudiantes).<br \/>\n<strong>U19:<\/strong>\u00a0Paulina Lazar (El Nacional).<br \/>\n<strong>\u00a0Mayores:<\/strong>\u00a0<strong>Bel\u00e9n Tombesi (El Nacional).<\/strong><br \/>\n&nbsp;<br \/>\n<strong>FUENTE: LA NUEVA<\/strong><\/p>\n","protected":false},"excerpt":{"rendered":"<p>La duod\u00e9cima edici\u00f3n de la fiesta de premiaci\u00f3n del b\u00e1squetbol local tuvo, como es habitual, un marco acorde al acontecimiento, y en la que se eligieron como mejores jugadores a Ramiro Heinrich (Villa Mitre) en Primera y Juan Cruz Marini (Pac\u00edfico) en Segunda. La misma, organizada por el 5to. Cuarto TV y la Asociacion Bahiense, [&hellip;]<\/p>\n","protected":false},"author":1,"featured_media":39237,"comment_status":"closed","ping_status":"open","sticky":false,"template":"","format":"standard","meta":{"footnotes":""},"categories":[55,60,52,63],"tags":[],"class_list":["post-39236","post","type-post","status-publish","format-standard","has-post-thumbnail","hentry","category-celt-tv-noticias","category-deporte","category-destacadas","category-magazine-sport"],"yoast_head":"<!-- This site is optimized with the Yoast SEO plugin v19.7.1 - https:\/\/yoast.com\/wordpress\/plugins\/seo\/ -->\n<title>BEL\u00c9N TOMBESI Y RAMIRO HEINRICH ELEGIDOS LOS MEJORES DEL BASQUET BAHIENSE DURANTE EL 2018 (FOTOS) - CELTTV<\/title>\n<meta name=\"description\" content=\"Sitio web de noticias de la localidad de Tornquist, provincia de Buenos Aires, Rep\u00fablica Argentina. Contenido propio originado por periodistas de CELTTV, el canal de TV local de la Cooperativa El\u00e9ctrica de Tornquist. Turismo, Pol\u00edtica, Sociedad, Deporte, Cultura y todo el contenido de inter\u00e9s general que la gente del pueblo y la regi\u00f3n debe conocer.\" \/>\n<meta name=\"robots\" content=\"index, follow, max-snippet:-1, max-image-preview:large, max-video-preview:-1\" \/>\n<link rel=\"canonical\" href=\"https:\/\/www.celttv.com.ar\/index.php\/2018\/12\/29\/belen-tombesi-y-ramiro-heinrich-elegidos-los-mejores-del-basquet-bahiense-durante-el-2018-fotos\/\" \/>\n<meta property=\"og:locale\" content=\"es_ES\" \/>\n<meta property=\"og:type\" content=\"article\" \/>\n<meta property=\"og:title\" content=\"BEL\u00c9N TOMBESI Y RAMIRO HEINRICH ELEGIDOS LOS MEJORES DEL BASQUET BAHIENSE DURANTE EL 2018 (FOTOS) - CELTTV\" \/>\n<meta property=\"og:description\" content=\"Sitio web de noticias de la localidad de Tornquist, provincia de Buenos Aires, Rep\u00fablica Argentina. Contenido propio originado por periodistas de CELTTV, el canal de TV local de la Cooperativa El\u00e9ctrica de Tornquist. Turismo, Pol\u00edtica, Sociedad, Deporte, Cultura y todo el contenido de inter\u00e9s general que la gente del pueblo y la regi\u00f3n debe conocer.\" \/>\n<meta property=\"og:url\" content=\"https:\/\/www.celttv.com.ar\/index.php\/2018\/12\/29\/belen-tombesi-y-ramiro-heinrich-elegidos-los-mejores-del-basquet-bahiense-durante-el-2018-fotos\/\" \/>\n<meta property=\"og:site_name\" content=\"CELTTV\" \/>\n<meta property=\"article:publisher\" content=\"https:\/\/www.facebook.com\/celtTV\/\" \/>\n<meta property=\"article:published_time\" content=\"2018-12-29T15:52:49+00:00\" \/>\n<meta property=\"og:image\" content=\"https:\/\/www.celttv.com.ar\/wp-content\/uploads\/2018\/12\/48939730_1046702388842326_4292323623370227712_n.jpg\" \/>\n\t<meta property=\"og:image:width\" content=\"654\" \/>\n\t<meta property=\"og:image:height\" content=\"686\" \/>\n\t<meta property=\"og:image:type\" content=\"image\/jpeg\" \/>\n<meta name=\"author\" content=\"ulises\" \/>\n<meta name=\"twitter:card\" content=\"summary_large_image\" \/>\n<meta name=\"twitter:label1\" content=\"Escrito por\" \/>\n\t<meta name=\"twitter:data1\" content=\"ulises\" \/>\n\t<meta name=\"twitter:label2\" content=\"Tiempo de lectura\" \/>\n\t<meta name=\"twitter:data2\" content=\"2 minutos\" \/>\n<script type=\"application\/ld+json\" class=\"yoast-schema-graph\">{\"@context\":\"https:\/\/schema.org\",\"@graph\":[{\"@type\":\"NewsArticle\",\"@id\":\"https:\/\/www.celttv.com.ar\/index.php\/2018\/12\/29\/belen-tombesi-y-ramiro-heinrich-elegidos-los-mejores-del-basquet-bahiense-durante-el-2018-fotos\/#article\",\"isPartOf\":{\"@id\":\"https:\/\/www.celttv.com.ar\/index.php\/2018\/12\/29\/belen-tombesi-y-ramiro-heinrich-elegidos-los-mejores-del-basquet-bahiense-durante-el-2018-fotos\/\"},\"author\":{\"name\":\"ulises\",\"@id\":\"https:\/\/www.celttv.com.ar\/#\/schema\/person\/6d99c072dba59953809c81446e9d0ace\"},\"headline\":\"BEL\u00c9N TOMBESI Y RAMIRO HEINRICH ELEGIDOS LOS MEJORES DEL BASQUET BAHIENSE DURANTE EL 2018 (FOTOS)\",\"datePublished\":\"2018-12-29T15:52:49+00:00\",\"dateModified\":\"2018-12-29T15:52:49+00:00\",\"mainEntityOfPage\":{\"@id\":\"https:\/\/www.celttv.com.ar\/index.php\/2018\/12\/29\/belen-tombesi-y-ramiro-heinrich-elegidos-los-mejores-del-basquet-bahiense-durante-el-2018-fotos\/\"},\"wordCount\":421,\"publisher\":{\"@id\":\"https:\/\/www.celttv.com.ar\/#organization\"},\"articleSection\":[\"Celt TV Noticias\",\"Deporte\",\"Destacadas\",\"Magazine Sport\"],\"inLanguage\":\"es\"},{\"@type\":\"WebPage\",\"@id\":\"https:\/\/www.celttv.com.ar\/index.php\/2018\/12\/29\/belen-tombesi-y-ramiro-heinrich-elegidos-los-mejores-del-basquet-bahiense-durante-el-2018-fotos\/\",\"url\":\"https:\/\/www.celttv.com.ar\/index.php\/2018\/12\/29\/belen-tombesi-y-ramiro-heinrich-elegidos-los-mejores-del-basquet-bahiense-durante-el-2018-fotos\/\",\"name\":\"BEL\u00c9N TOMBESI Y RAMIRO HEINRICH ELEGIDOS LOS MEJORES DEL BASQUET BAHIENSE DURANTE EL 2018 (FOTOS) - CELTTV\",\"isPartOf\":{\"@id\":\"https:\/\/www.celttv.com.ar\/#website\"},\"datePublished\":\"2018-12-29T15:52:49+00:00\",\"dateModified\":\"2018-12-29T15:52:49+00:00\",\"description\":\"Sitio web de noticias de la localidad de Tornquist, provincia de Buenos Aires, Rep\u00fablica Argentina. Contenido propio originado por periodistas de CELTTV, el canal de TV local de la Cooperativa El\u00e9ctrica de Tornquist. Turismo, Pol\u00edtica, Sociedad, Deporte, Cultura y todo el contenido de inter\u00e9s general que la gente del pueblo y la regi\u00f3n debe conocer.\",\"breadcrumb\":{\"@id\":\"https:\/\/www.celttv.com.ar\/index.php\/2018\/12\/29\/belen-tombesi-y-ramiro-heinrich-elegidos-los-mejores-del-basquet-bahiense-durante-el-2018-fotos\/#breadcrumb\"},\"inLanguage\":\"es\",\"potentialAction\":[{\"@type\":\"ReadAction\",\"target\":[\"https:\/\/www.celttv.com.ar\/index.php\/2018\/12\/29\/belen-tombesi-y-ramiro-heinrich-elegidos-los-mejores-del-basquet-bahiense-durante-el-2018-fotos\/\"]}]},{\"@type\":\"BreadcrumbList\",\"@id\":\"https:\/\/www.celttv.com.ar\/index.php\/2018\/12\/29\/belen-tombesi-y-ramiro-heinrich-elegidos-los-mejores-del-basquet-bahiense-durante-el-2018-fotos\/#breadcrumb\",\"itemListElement\":[{\"@type\":\"ListItem\",\"position\":1,\"name\":\"Inicio\",\"item\":\"https:\/\/www.celttv.com.ar\/\"},{\"@type\":\"ListItem\",\"position\":2,\"name\":\"BEL\u00c9N TOMBESI Y RAMIRO HEINRICH ELEGIDOS LOS MEJORES DEL BASQUET BAHIENSE DURANTE EL 2018 (FOTOS)\"}]},{\"@type\":\"WebSite\",\"@id\":\"https:\/\/www.celttv.com.ar\/#website\",\"url\":\"https:\/\/www.celttv.com.ar\/\",\"name\":\"CELTTV\",\"description\":\"Cooperativa El\u00e9ctrica de Tornquist\",\"publisher\":{\"@id\":\"https:\/\/www.celttv.com.ar\/#organization\"},\"potentialAction\":[{\"@type\":\"SearchAction\",\"target\":{\"@type\":\"EntryPoint\",\"urlTemplate\":\"https:\/\/www.celttv.com.ar\/?s={search_term_string}\"},\"query-input\":\"required name=search_term_string\"}],\"inLanguage\":\"es\"},{\"@type\":\"Organization\",\"@id\":\"https:\/\/www.celttv.com.ar\/#organization\",\"name\":\"CELTTV\",\"url\":\"https:\/\/www.celttv.com.ar\/\",\"sameAs\":[\"https:\/\/www.youtube.com\/channel\/UCz_oIt8Hig64Ub-EmcNPIhg\",\"https:\/\/www.facebook.com\/celtTV\/\"],\"logo\":{\"@type\":\"ImageObject\",\"inLanguage\":\"es\",\"@id\":\"https:\/\/www.celttv.com.ar\/#\/schema\/logo\/image\/\",\"url\":\"http:\/\/www.celttv.com.ar\/wp-content\/uploads\/2022\/08\/logo-1.png\",\"contentUrl\":\"http:\/\/www.celttv.com.ar\/wp-content\/uploads\/2022\/08\/logo-1.png\",\"width\":461,\"height\":159,\"caption\":\"CELTTV\"},\"image\":{\"@id\":\"https:\/\/www.celttv.com.ar\/#\/schema\/logo\/image\/\"}},{\"@type\":\"Person\",\"@id\":\"https:\/\/www.celttv.com.ar\/#\/schema\/person\/6d99c072dba59953809c81446e9d0ace\",\"name\":\"ulises\",\"image\":{\"@type\":\"ImageObject\",\"inLanguage\":\"es\",\"@id\":\"https:\/\/www.celttv.com.ar\/#\/schema\/person\/image\/\",\"url\":\"https:\/\/secure.gravatar.com\/avatar\/7f2c48bdc33b30088f941fb6082e555f2874c98e20cb159d7b92b50eadfce793?s=96&d=mm&r=g\",\"contentUrl\":\"https:\/\/secure.gravatar.com\/avatar\/7f2c48bdc33b30088f941fb6082e555f2874c98e20cb159d7b92b50eadfce793?s=96&d=mm&r=g\",\"caption\":\"ulises\"},\"sameAs\":[\"http:\/\/www.celttv.com.ar\"]}]}<\/script>\n<!-- \/ Yoast SEO plugin. -->","yoast_head_json":{"title":"BEL\u00c9N TOMBESI Y RAMIRO HEINRICH ELEGIDOS LOS MEJORES DEL BASQUET BAHIENSE DURANTE EL 2018 (FOTOS) - CELTTV","description":"Sitio web de noticias de la localidad de Tornquist, provincia de Buenos Aires, Rep\u00fablica Argentina. Contenido propio originado por periodistas de CELTTV, el canal de TV local de la Cooperativa El\u00e9ctrica de Tornquist. Turismo, Pol\u00edtica, Sociedad, Deporte, Cultura y todo el contenido de inter\u00e9s general que la gente del pueblo y la regi\u00f3n debe conocer.","robots":{"index":"index","follow":"follow","max-snippet":"max-snippet:-1","max-image-preview":"max-image-preview:large","max-video-preview":"max-video-preview:-1"},"canonical":"https:\/\/www.celttv.com.ar\/index.php\/2018\/12\/29\/belen-tombesi-y-ramiro-heinrich-elegidos-los-mejores-del-basquet-bahiense-durante-el-2018-fotos\/","og_locale":"es_ES","og_type":"article","og_title":"BEL\u00c9N TOMBESI Y RAMIRO HEINRICH ELEGIDOS LOS MEJORES DEL BASQUET BAHIENSE DURANTE EL 2018 (FOTOS) - CELTTV","og_description":"Sitio web de noticias de la localidad de Tornquist, provincia de Buenos Aires, Rep\u00fablica Argentina. Contenido propio originado por periodistas de CELTTV, el canal de TV local de la Cooperativa El\u00e9ctrica de Tornquist. Turismo, Pol\u00edtica, Sociedad, Deporte, Cultura y todo el contenido de inter\u00e9s general que la gente del pueblo y la regi\u00f3n debe conocer.","og_url":"https:\/\/www.celttv.com.ar\/index.php\/2018\/12\/29\/belen-tombesi-y-ramiro-heinrich-elegidos-los-mejores-del-basquet-bahiense-durante-el-2018-fotos\/","og_site_name":"CELTTV","article_publisher":"https:\/\/www.facebook.com\/celtTV\/","article_published_time":"2018-12-29T15:52:49+00:00","og_image":[{"width":654,"height":686,"url":"https:\/\/www.celttv.com.ar\/wp-content\/uploads\/2018\/12\/48939730_1046702388842326_4292323623370227712_n.jpg","type":"image\/jpeg"}],"author":"ulises","twitter_card":"summary_large_image","twitter_misc":{"Escrito por":"ulises","Tiempo de lectura":"2 minutos"},"schema":{"@context":"https:\/\/schema.org","@graph":[{"@type":"NewsArticle","@id":"https:\/\/www.celttv.com.ar\/index.php\/2018\/12\/29\/belen-tombesi-y-ramiro-heinrich-elegidos-los-mejores-del-basquet-bahiense-durante-el-2018-fotos\/#article","isPartOf":{"@id":"https:\/\/www.celttv.com.ar\/index.php\/2018\/12\/29\/belen-tombesi-y-ramiro-heinrich-elegidos-los-mejores-del-basquet-bahiense-durante-el-2018-fotos\/"},"author":{"name":"ulises","@id":"https:\/\/www.celttv.com.ar\/#\/schema\/person\/6d99c072dba59953809c81446e9d0ace"},"headline":"BEL\u00c9N TOMBESI Y RAMIRO HEINRICH ELEGIDOS LOS MEJORES DEL BASQUET BAHIENSE DURANTE EL 2018 (FOTOS)","datePublished":"2018-12-29T15:52:49+00:00","dateModified":"2018-12-29T15:52:49+00:00","mainEntityOfPage":{"@id":"https:\/\/www.celttv.com.ar\/index.php\/2018\/12\/29\/belen-tombesi-y-ramiro-heinrich-elegidos-los-mejores-del-basquet-bahiense-durante-el-2018-fotos\/"},"wordCount":421,"publisher":{"@id":"https:\/\/www.celttv.com.ar\/#organization"},"articleSection":["Celt TV Noticias","Deporte","Destacadas","Magazine Sport"],"inLanguage":"es"},{"@type":"WebPage","@id":"https:\/\/www.celttv.com.ar\/index.php\/2018\/12\/29\/belen-tombesi-y-ramiro-heinrich-elegidos-los-mejores-del-basquet-bahiense-durante-el-2018-fotos\/","url":"https:\/\/www.celttv.com.ar\/index.php\/2018\/12\/29\/belen-tombesi-y-ramiro-heinrich-elegidos-los-mejores-del-basquet-bahiense-durante-el-2018-fotos\/","name":"BEL\u00c9N TOMBESI Y RAMIRO HEINRICH ELEGIDOS LOS MEJORES DEL BASQUET BAHIENSE DURANTE EL 2018 (FOTOS) - CELTTV","isPartOf":{"@id":"https:\/\/www.celttv.com.ar\/#website"},"datePublished":"2018-12-29T15:52:49+00:00","dateModified":"2018-12-29T15:52:49+00:00","description":"Sitio web de noticias de la localidad de Tornquist, provincia de Buenos Aires, Rep\u00fablica Argentina. Contenido propio originado por periodistas de CELTTV, el canal de TV local de la Cooperativa El\u00e9ctrica de Tornquist. Turismo, Pol\u00edtica, Sociedad, Deporte, Cultura y todo el contenido de inter\u00e9s general que la gente del pueblo y la regi\u00f3n debe conocer.","breadcrumb":{"@id":"https:\/\/www.celttv.com.ar\/index.php\/2018\/12\/29\/belen-tombesi-y-ramiro-heinrich-elegidos-los-mejores-del-basquet-bahiense-durante-el-2018-fotos\/#breadcrumb"},"inLanguage":"es","potentialAction":[{"@type":"ReadAction","target":["https:\/\/www.celttv.com.ar\/index.php\/2018\/12\/29\/belen-tombesi-y-ramiro-heinrich-elegidos-los-mejores-del-basquet-bahiense-durante-el-2018-fotos\/"]}]},{"@type":"BreadcrumbList","@id":"https:\/\/www.celttv.com.ar\/index.php\/2018\/12\/29\/belen-tombesi-y-ramiro-heinrich-elegidos-los-mejores-del-basquet-bahiense-durante-el-2018-fotos\/#breadcrumb","itemListElement":[{"@type":"ListItem","position":1,"name":"Inicio","item":"https:\/\/www.celttv.com.ar\/"},{"@type":"ListItem","position":2,"name":"BEL\u00c9N TOMBESI Y RAMIRO HEINRICH ELEGIDOS LOS MEJORES DEL BASQUET BAHIENSE DURANTE EL 2018 (FOTOS)"}]},{"@type":"WebSite","@id":"https:\/\/www.celttv.com.ar\/#website","url":"https:\/\/www.celttv.com.ar\/","name":"CELTTV","description":"Cooperativa El\u00e9ctrica de Tornquist","publisher":{"@id":"https:\/\/www.celttv.com.ar\/#organization"},"potentialAction":[{"@type":"SearchAction","target":{"@type":"EntryPoint","urlTemplate":"https:\/\/www.celttv.com.ar\/?s={search_term_string}"},"query-input":"required name=search_term_string"}],"inLanguage":"es"},{"@type":"Organization","@id":"https:\/\/www.celttv.com.ar\/#organization","name":"CELTTV","url":"https:\/\/www.celttv.com.ar\/","sameAs":["https:\/\/www.youtube.com\/channel\/UCz_oIt8Hig64Ub-EmcNPIhg","https:\/\/www.facebook.com\/celtTV\/"],"logo":{"@type":"ImageObject","inLanguage":"es","@id":"https:\/\/www.celttv.com.ar\/#\/schema\/logo\/image\/","url":"http:\/\/www.celttv.com.ar\/wp-content\/uploads\/2022\/08\/logo-1.png","contentUrl":"http:\/\/www.celttv.com.ar\/wp-content\/uploads\/2022\/08\/logo-1.png","width":461,"height":159,"caption":"CELTTV"},"image":{"@id":"https:\/\/www.celttv.com.ar\/#\/schema\/logo\/image\/"}},{"@type":"Person","@id":"https:\/\/www.celttv.com.ar\/#\/schema\/person\/6d99c072dba59953809c81446e9d0ace","name":"ulises","image":{"@type":"ImageObject","inLanguage":"es","@id":"https:\/\/www.celttv.com.ar\/#\/schema\/person\/image\/","url":"https:\/\/secure.gravatar.com\/avatar\/7f2c48bdc33b30088f941fb6082e555f2874c98e20cb159d7b92b50eadfce793?s=96&d=mm&r=g","contentUrl":"https:\/\/secure.gravatar.com\/avatar\/7f2c48bdc33b30088f941fb6082e555f2874c98e20cb159d7b92b50eadfce793?s=96&d=mm&r=g","caption":"ulises"},"sameAs":["http:\/\/www.celttv.com.ar"]}]}},"_links":{"self":[{"href":"https:\/\/www.celttv.com.ar\/index.php\/wp-json\/wp\/v2\/posts\/39236","targetHints":{"allow":["GET"]}}],"collection":[{"href":"https:\/\/www.celttv.com.ar\/index.php\/wp-json\/wp\/v2\/posts"}],"about":[{"href":"https:\/\/www.celttv.com.ar\/index.php\/wp-json\/wp\/v2\/types\/post"}],"author":[{"embeddable":true,"href":"https:\/\/www.celttv.com.ar\/index.php\/wp-json\/wp\/v2\/users\/1"}],"replies":[{"embeddable":true,"href":"https:\/\/www.celttv.com.ar\/index.php\/wp-json\/wp\/v2\/comments?post=39236"}],"version-history":[{"count":0,"href":"https:\/\/www.celttv.com.ar\/index.php\/wp-json\/wp\/v2\/posts\/39236\/revisions"}],"wp:featuredmedia":[{"embeddable":true,"href":"https:\/\/www.celttv.com.ar\/index.php\/wp-json\/wp\/v2\/media\/39237"}],"wp:attachment":[{"href":"https:\/\/www.celttv.com.ar\/index.php\/wp-json\/wp\/v2\/media?parent=39236"}],"wp:term":[{"taxonomy":"category","embeddable":true,"href":"https:\/\/www.celttv.com.ar\/index.php\/wp-json\/wp\/v2\/categories?post=39236"},{"taxonomy":"post_tag","embeddable":true,"href":"https:\/\/www.celttv.com.ar\/index.php\/wp-json\/wp\/v2\/tags?post=39236"}],"curies":[{"name":"wp","href":"https:\/\/api.w.org\/{rel}","templated":true}]}}