{"id":39239,"date":"2018-12-29T16:27:39","date_gmt":"2018-12-29T16:27:39","guid":{"rendered":"http:\/\/www.celttv.com.ar\/?p=39239"},"modified":"2018-12-29T16:27:39","modified_gmt":"2018-12-29T16:27:39","slug":"estival-de-midget-2o-puesto-de-leandro-campos-en-la-octava-fecha-del-campeonato-fotos-y-video-de-la-nueva","status":"publish","type":"post","link":"https:\/\/www.celttv.com.ar\/index.php\/2018\/12\/29\/estival-de-midget-2o-puesto-de-leandro-campos-en-la-octava-fecha-del-campeonato-fotos-y-video-de-la-nueva\/","title":{"rendered":"ESTIVAL DE MIDGET: 2\u00ba PUESTO DE LEANDRO CAMPOS EN LA OCTAVA FECHA DEL CAMPEONATO (INFORME, FOTOS Y VIDEO DE LA NUEVA)"},"content":{"rendered":"<p>\u00bfAlguien lo ten\u00eda? Axel Garab\u00e1n inscribi\u00f3 su nombre en la larga n\u00f3mina hist\u00f3rica de vencedores del Midget, tras adjudicarse la final de la octava fecha del Estival 2018\/19, disputada anoche en el H\u00e9ctor Evaristo Plano de Aldea Romana.<br \/>\nJusto en el d\u00eda de su cumplea\u00f1os N\u00b026, el joven piloto cabildense, autor del cuarto mejor tiempo en semifinales (fue escolta de Claudio Roth), se alz\u00f3 con su primera victoria en la categor\u00eda, logrando adem\u00e1s la clasificaci\u00f3n al playoff.<br \/>\nEl podio de la final, la cual debi\u00f3 largarse en dos oportunidades (en el primer intento, Luciano Franchi iimpact\u00f3 contra los neum\u00e1ticos),\u00a0lo completaron Leandro Campos\u00a0y Fernando Caputo, heredero del puesto por el recargo que sufri\u00f3 Roy Altamirano (derrib\u00f3\u00a0un cono).<br \/>\n<img decoding=\"async\" src=\"https:\/\/px.cdn.lanueva.com\/122018\/1546058376499.jpeg\" width=\"100%\" height=\"auto\" \/><br \/>\nRoy Altamirano,\u00a0Mat\u00edas Lastra Meler, Mat\u00edas Oyola, Brian Altamirano, Luciano Franchi (repar\u00f3 tras el golpe), Carlos Forner\u00f3n, Nicol\u00e1s Macazaga, Mat\u00edas Enr\u00edquez y Claudio Roth, los \u00faltimos dos con vueltas menos, completaron el clasificador final.<br \/>\nDe esta forma, con el triunfo de Garab\u00e1n, el ciclo estival registr\u00f3 su octavo ganador en la misma cantidad de fechas disputadas; r\u00e9cord absoluto,\u00a0en lo que a campeonatos de verano de Midget respecta.<br \/>\nCon estos resultados, Luciano Vallejos, ausente de la final en esta oportunidad, contin\u00faa al mando del campeonato con 119.50 puntos. Lo siguen Claudio Roth (116.50), Leandro Campos (99.25) y Fernando Caputo (87), en los principales puestos.<br \/>\n<iframe loading=\"lazy\" src=\"https:\/\/www.youtube.com\/embed\/Gadf5A52ib8\" width=\"100%\" height=\"315\" frameborder=\"0\" allowfullscreen=\"allowfullscreen\" data-mce-fragment=\"1\"><\/iframe><\/p>\n<h2>Resultados<\/h2>\n<h3>Series<\/h3>\n<p>**Primera: 1) Gabriel Schiebelbein 1m 20s 958, 2) Diego Anastasio 1m 22s 197 y 3) Javier Rouaix 1m 24s 310.<br \/>\n**Segunda: 1) Nahuel Schmit 1m 21s 300, 2) Julio C\u00e9sar Monteros 1m 21s 747 y 3) Luciano Ursino 1m 23s 818.<br \/>\n**Tercera: 1) Carlos Forner\u00f3n 1m 18s 782, 2) Luciano Benedetti 1m 19s 713 y 3) N\u00e9stor Mancini 1m 21s 881.<br \/>\n**Cuarta: 1) Axel Garab\u00e1n 1m 18s 821, 2) Fernando Caputo 1m 19s 720 y 3) Leiza Grill 1m 21s 030.<br \/>\n**Quinta: 1) Mat\u00edas Oyola 1m 21s 252, 2) Gustavo Zennaro 1m 22s 361 y 3) Claudio Ullman 1m 23s 464.<br \/>\n**Sexta: 1) Mat\u00edas Enr\u00edquez Merino 1m 19s 267, 2) Ignacio Fern\u00e1ndez 1m 21s 881 y 3) Gustavo Orozco 1m 22s 924.<br \/>\n**S\u00e9ptima: 1) Diego Birumbrales 1m 20s 656, 2) Gustavo Medina 1m 21s 885 y 3) Carlos Puccinelli 1m 23s 415.<br \/>\n**Octava: 1) Juan Lucas De Achar\u00e1n 1m 23s 490, 2) Kevin Altamirano 1m 24s 447 y 3) Marcelo Cecconi 1m 24s 863.<br \/>\n**Novena: 1) Claudio Roth 1m 20s 164, 2) Luciano Franchi 1m 21s 009 y 3) Roy Altamirano 1m 21s 516.<br \/>\n**D\u00e9cima: 1) Javier Rey 1m 21s 701, 2) Brian Altamirano 1m 23s 247 y 3) Andr\u00e9s Trillini 1m 25s 250.<br \/>\n**Und\u00e9cima: 1) Nicol\u00e1s Macazaga 1m 20s 577, <strong>2) Leandro Campos<\/strong> 1m 21s 190 y 3) Federico Brezina 1m 23s 206.<br \/>\n**Duod\u00e9cima: 1) Mat\u00edas Lastra Meler 1m 20s 994, 2) Luis Vallejos 1m 21s 071 y \u00a03) Gonzalo Brezina 1m 23s 762.<\/p>\n<h3>Repechajes (at\u00edpicos)<\/h3>\n<p>**Primero: 1) Kevin Altamirano, 2) Jonathan Resola y 3) Hern\u00e1n Larregui.<br \/>\n**Segundo: 1) Nicol\u00e1s Palma, 2) Diego Balducci y 3) Hern\u00e1n Molini.<br \/>\n**Tercero: 1) Luciano Vallejos, 2) Gast\u00f3n Petracci y 3) Juan Manuel G\u00f3mez.<br \/>\n**Cuarto: <strong>1) Javier Fritz<\/strong>, 2) Mart\u00edn Camilli y 3) Joaqu\u00edn Toledo.<br \/>\n**Quinto: 1) Sebasti\u00e1n Burgos, 2) Juli\u00e1n Melger y 3) Andr\u00e9s Trillini.<\/p>\n<h3>Semifinales<\/h3>\n<p>**Primera: 1) Carlos Forner\u00f3n 1m 37s 401, 2) Fernando Caputo 1m 38s 399 y 3) Roy Altamirano 1m 39s 811.<br \/>\n**Segunda: 1) Claudio Roth 1m 36s 689, 2) Axel Garab\u00e1n 1m 38s 030 y <strong>3) Leandro Campos<\/strong> 1m 38s 491.<br \/>\n**Tercera: 1) Mat\u00edas Enr\u00edquez 1m 37s 750, 2) Mat\u00edas Oyola 1m 38s 810 y 3) Luciano Franchi 1m 39s 799.<br \/>\n**Cuarta: 1) Brian Altamirano\u00a01m 40s 431,\u00a02) Diego Anastasio\u00a01m 41s 222 y 3) Leiza Grill\u00a01m 42s 237.<\/p>\n<h3>Prefinal<\/h3>\n<p>**1) Nicol\u00e1s Macazaga, 2) Brian Altamirano y 3) Diego Anastasio.<\/p>\n<h3>Final<\/h3>\n<p>**1) Axel Garab\u00e1n, <strong>2) Leandro Campos<\/strong>, 3) Fernando\u00a0Caputo, 4) Roy Altamirano,\u00a05) Mat\u00edas Lastra Meler, 6) Mat\u00edas Oyola, 7) Brian Altamirano, 8) Luciano Franchi, 9) Carlos Forner\u00f3n, 10) Nicol\u00e1s Macazaga, 11) Mat\u00edas Enr\u00edquez y 12) Claudio Roth.<br \/>\n<strong>FUENTE : LA NUEVA<\/strong><\/p>\n","protected":false},"excerpt":{"rendered":"<p>\u00bfAlguien lo ten\u00eda? Axel Garab\u00e1n inscribi\u00f3 su nombre en la larga n\u00f3mina hist\u00f3rica de vencedores del Midget, tras adjudicarse la final de la octava fecha del Estival 2018\/19, disputada anoche en el H\u00e9ctor Evaristo Plano de Aldea Romana. Justo en el d\u00eda de su cumplea\u00f1os N\u00b026, el joven piloto cabildense, autor del cuarto mejor tiempo [&hellip;]<\/p>\n","protected":false},"author":1,"featured_media":39240,"comment_status":"closed","ping_status":"open","sticky":false,"template":"","format":"standard","meta":{"footnotes":""},"categories":[55,60,52,63],"tags":[],"class_list":["post-39239","post","type-post","status-publish","format-standard","has-post-thumbnail","hentry","category-celt-tv-noticias","category-deporte","category-destacadas","category-magazine-sport"],"yoast_head":"<!-- This site is optimized with the Yoast SEO plugin v19.7.1 - https:\/\/yoast.com\/wordpress\/plugins\/seo\/ -->\n<title>ESTIVAL DE MIDGET: 2\u00ba PUESTO DE LEANDRO CAMPOS EN LA OCTAVA FECHA DEL CAMPEONATO (INFORME, FOTOS Y VIDEO DE LA NUEVA) - CELTTV<\/title>\n<meta name=\"description\" content=\"Sitio web de noticias de la localidad de Tornquist, provincia de Buenos Aires, Rep\u00fablica Argentina. Contenido propio originado por periodistas de CELTTV, el canal de TV local de la Cooperativa El\u00e9ctrica de Tornquist. Turismo, Pol\u00edtica, Sociedad, Deporte, Cultura y todo el contenido de inter\u00e9s general que la gente del pueblo y la regi\u00f3n debe conocer.\" \/>\n<meta name=\"robots\" content=\"index, follow, max-snippet:-1, max-image-preview:large, max-video-preview:-1\" \/>\n<link rel=\"canonical\" href=\"https:\/\/www.celttv.com.ar\/index.php\/2018\/12\/29\/estival-de-midget-2o-puesto-de-leandro-campos-en-la-octava-fecha-del-campeonato-fotos-y-video-de-la-nueva\/\" \/>\n<meta property=\"og:locale\" content=\"es_ES\" \/>\n<meta property=\"og:type\" content=\"article\" \/>\n<meta property=\"og:title\" content=\"ESTIVAL DE MIDGET: 2\u00ba PUESTO DE LEANDRO CAMPOS EN LA OCTAVA FECHA DEL CAMPEONATO (INFORME, FOTOS Y VIDEO DE LA NUEVA) - CELTTV\" \/>\n<meta property=\"og:description\" content=\"Sitio web de noticias de la localidad de Tornquist, provincia de Buenos Aires, Rep\u00fablica Argentina. Contenido propio originado por periodistas de CELTTV, el canal de TV local de la Cooperativa El\u00e9ctrica de Tornquist. Turismo, Pol\u00edtica, Sociedad, Deporte, Cultura y todo el contenido de inter\u00e9s general que la gente del pueblo y la regi\u00f3n debe conocer.\" \/>\n<meta property=\"og:url\" content=\"https:\/\/www.celttv.com.ar\/index.php\/2018\/12\/29\/estival-de-midget-2o-puesto-de-leandro-campos-en-la-octava-fecha-del-campeonato-fotos-y-video-de-la-nueva\/\" \/>\n<meta property=\"og:site_name\" content=\"CELTTV\" \/>\n<meta property=\"article:publisher\" content=\"https:\/\/www.facebook.com\/celtTV\/\" \/>\n<meta property=\"article:published_time\" content=\"2018-12-29T16:27:39+00:00\" \/>\n<meta property=\"og:image\" content=\"https:\/\/www.celttv.com.ar\/wp-content\/uploads\/2018\/12\/47688402_2275342819410288_123243017111863296_n.jpg\" \/>\n\t<meta property=\"og:image:width\" content=\"424\" \/>\n\t<meta property=\"og:image:height\" content=\"438\" \/>\n\t<meta property=\"og:image:type\" content=\"image\/jpeg\" \/>\n<meta name=\"author\" content=\"ulises\" \/>\n<meta name=\"twitter:card\" content=\"summary_large_image\" \/>\n<meta name=\"twitter:label1\" content=\"Escrito por\" \/>\n\t<meta name=\"twitter:data1\" content=\"ulises\" \/>\n\t<meta name=\"twitter:label2\" content=\"Tiempo de lectura\" \/>\n\t<meta name=\"twitter:data2\" content=\"3 minutos\" \/>\n<script type=\"application\/ld+json\" class=\"yoast-schema-graph\">{\"@context\":\"https:\/\/schema.org\",\"@graph\":[{\"@type\":\"NewsArticle\",\"@id\":\"https:\/\/www.celttv.com.ar\/index.php\/2018\/12\/29\/estival-de-midget-2o-puesto-de-leandro-campos-en-la-octava-fecha-del-campeonato-fotos-y-video-de-la-nueva\/#article\",\"isPartOf\":{\"@id\":\"https:\/\/www.celttv.com.ar\/index.php\/2018\/12\/29\/estival-de-midget-2o-puesto-de-leandro-campos-en-la-octava-fecha-del-campeonato-fotos-y-video-de-la-nueva\/\"},\"author\":{\"name\":\"ulises\",\"@id\":\"https:\/\/www.celttv.com.ar\/#\/schema\/person\/6d99c072dba59953809c81446e9d0ace\"},\"headline\":\"ESTIVAL DE MIDGET: 2\u00ba PUESTO DE LEANDRO CAMPOS EN LA OCTAVA FECHA DEL CAMPEONATO (INFORME, FOTOS Y VIDEO DE LA NUEVA)\",\"datePublished\":\"2018-12-29T16:27:39+00:00\",\"dateModified\":\"2018-12-29T16:27:39+00:00\",\"mainEntityOfPage\":{\"@id\":\"https:\/\/www.celttv.com.ar\/index.php\/2018\/12\/29\/estival-de-midget-2o-puesto-de-leandro-campos-en-la-octava-fecha-del-campeonato-fotos-y-video-de-la-nueva\/\"},\"wordCount\":611,\"publisher\":{\"@id\":\"https:\/\/www.celttv.com.ar\/#organization\"},\"articleSection\":[\"Celt TV Noticias\",\"Deporte\",\"Destacadas\",\"Magazine Sport\"],\"inLanguage\":\"es\"},{\"@type\":\"WebPage\",\"@id\":\"https:\/\/www.celttv.com.ar\/index.php\/2018\/12\/29\/estival-de-midget-2o-puesto-de-leandro-campos-en-la-octava-fecha-del-campeonato-fotos-y-video-de-la-nueva\/\",\"url\":\"https:\/\/www.celttv.com.ar\/index.php\/2018\/12\/29\/estival-de-midget-2o-puesto-de-leandro-campos-en-la-octava-fecha-del-campeonato-fotos-y-video-de-la-nueva\/\",\"name\":\"ESTIVAL DE MIDGET: 2\u00ba PUESTO DE LEANDRO CAMPOS EN LA OCTAVA FECHA DEL CAMPEONATO (INFORME, FOTOS Y VIDEO DE LA NUEVA) - CELTTV\",\"isPartOf\":{\"@id\":\"https:\/\/www.celttv.com.ar\/#website\"},\"datePublished\":\"2018-12-29T16:27:39+00:00\",\"dateModified\":\"2018-12-29T16:27:39+00:00\",\"description\":\"Sitio web de noticias de la localidad de Tornquist, provincia de Buenos Aires, Rep\u00fablica Argentina. Contenido propio originado por periodistas de CELTTV, el canal de TV local de la Cooperativa El\u00e9ctrica de Tornquist. Turismo, Pol\u00edtica, Sociedad, Deporte, Cultura y todo el contenido de inter\u00e9s general que la gente del pueblo y la regi\u00f3n debe conocer.\",\"breadcrumb\":{\"@id\":\"https:\/\/www.celttv.com.ar\/index.php\/2018\/12\/29\/estival-de-midget-2o-puesto-de-leandro-campos-en-la-octava-fecha-del-campeonato-fotos-y-video-de-la-nueva\/#breadcrumb\"},\"inLanguage\":\"es\",\"potentialAction\":[{\"@type\":\"ReadAction\",\"target\":[\"https:\/\/www.celttv.com.ar\/index.php\/2018\/12\/29\/estival-de-midget-2o-puesto-de-leandro-campos-en-la-octava-fecha-del-campeonato-fotos-y-video-de-la-nueva\/\"]}]},{\"@type\":\"BreadcrumbList\",\"@id\":\"https:\/\/www.celttv.com.ar\/index.php\/2018\/12\/29\/estival-de-midget-2o-puesto-de-leandro-campos-en-la-octava-fecha-del-campeonato-fotos-y-video-de-la-nueva\/#breadcrumb\",\"itemListElement\":[{\"@type\":\"ListItem\",\"position\":1,\"name\":\"Inicio\",\"item\":\"https:\/\/www.celttv.com.ar\/\"},{\"@type\":\"ListItem\",\"position\":2,\"name\":\"ESTIVAL DE MIDGET: 2\u00ba PUESTO DE LEANDRO CAMPOS EN LA OCTAVA FECHA DEL CAMPEONATO (INFORME, FOTOS Y VIDEO DE LA NUEVA)\"}]},{\"@type\":\"WebSite\",\"@id\":\"https:\/\/www.celttv.com.ar\/#website\",\"url\":\"https:\/\/www.celttv.com.ar\/\",\"name\":\"CELTTV\",\"description\":\"Cooperativa El\u00e9ctrica de Tornquist\",\"publisher\":{\"@id\":\"https:\/\/www.celttv.com.ar\/#organization\"},\"potentialAction\":[{\"@type\":\"SearchAction\",\"target\":{\"@type\":\"EntryPoint\",\"urlTemplate\":\"https:\/\/www.celttv.com.ar\/?s={search_term_string}\"},\"query-input\":\"required name=search_term_string\"}],\"inLanguage\":\"es\"},{\"@type\":\"Organization\",\"@id\":\"https:\/\/www.celttv.com.ar\/#organization\",\"name\":\"CELTTV\",\"url\":\"https:\/\/www.celttv.com.ar\/\",\"sameAs\":[\"https:\/\/www.youtube.com\/channel\/UCz_oIt8Hig64Ub-EmcNPIhg\",\"https:\/\/www.facebook.com\/celtTV\/\"],\"logo\":{\"@type\":\"ImageObject\",\"inLanguage\":\"es\",\"@id\":\"https:\/\/www.celttv.com.ar\/#\/schema\/logo\/image\/\",\"url\":\"http:\/\/www.celttv.com.ar\/wp-content\/uploads\/2022\/08\/logo-1.png\",\"contentUrl\":\"http:\/\/www.celttv.com.ar\/wp-content\/uploads\/2022\/08\/logo-1.png\",\"width\":461,\"height\":159,\"caption\":\"CELTTV\"},\"image\":{\"@id\":\"https:\/\/www.celttv.com.ar\/#\/schema\/logo\/image\/\"}},{\"@type\":\"Person\",\"@id\":\"https:\/\/www.celttv.com.ar\/#\/schema\/person\/6d99c072dba59953809c81446e9d0ace\",\"name\":\"ulises\",\"image\":{\"@type\":\"ImageObject\",\"inLanguage\":\"es\",\"@id\":\"https:\/\/www.celttv.com.ar\/#\/schema\/person\/image\/\",\"url\":\"https:\/\/secure.gravatar.com\/avatar\/7f2c48bdc33b30088f941fb6082e555f2874c98e20cb159d7b92b50eadfce793?s=96&d=mm&r=g\",\"contentUrl\":\"https:\/\/secure.gravatar.com\/avatar\/7f2c48bdc33b30088f941fb6082e555f2874c98e20cb159d7b92b50eadfce793?s=96&d=mm&r=g\",\"caption\":\"ulises\"},\"sameAs\":[\"http:\/\/www.celttv.com.ar\"]}]}<\/script>\n<!-- \/ Yoast SEO plugin. -->","yoast_head_json":{"title":"ESTIVAL DE MIDGET: 2\u00ba PUESTO DE LEANDRO CAMPOS EN LA OCTAVA FECHA DEL CAMPEONATO (INFORME, FOTOS Y VIDEO DE LA NUEVA) - CELTTV","description":"Sitio web de noticias de la localidad de Tornquist, provincia de Buenos Aires, Rep\u00fablica Argentina. Contenido propio originado por periodistas de CELTTV, el canal de TV local de la Cooperativa El\u00e9ctrica de Tornquist. Turismo, Pol\u00edtica, Sociedad, Deporte, Cultura y todo el contenido de inter\u00e9s general que la gente del pueblo y la regi\u00f3n debe conocer.","robots":{"index":"index","follow":"follow","max-snippet":"max-snippet:-1","max-image-preview":"max-image-preview:large","max-video-preview":"max-video-preview:-1"},"canonical":"https:\/\/www.celttv.com.ar\/index.php\/2018\/12\/29\/estival-de-midget-2o-puesto-de-leandro-campos-en-la-octava-fecha-del-campeonato-fotos-y-video-de-la-nueva\/","og_locale":"es_ES","og_type":"article","og_title":"ESTIVAL DE MIDGET: 2\u00ba PUESTO DE LEANDRO CAMPOS EN LA OCTAVA FECHA DEL CAMPEONATO (INFORME, FOTOS Y VIDEO DE LA NUEVA) - CELTTV","og_description":"Sitio web de noticias de la localidad de Tornquist, provincia de Buenos Aires, Rep\u00fablica Argentina. Contenido propio originado por periodistas de CELTTV, el canal de TV local de la Cooperativa El\u00e9ctrica de Tornquist. Turismo, Pol\u00edtica, Sociedad, Deporte, Cultura y todo el contenido de inter\u00e9s general que la gente del pueblo y la regi\u00f3n debe conocer.","og_url":"https:\/\/www.celttv.com.ar\/index.php\/2018\/12\/29\/estival-de-midget-2o-puesto-de-leandro-campos-en-la-octava-fecha-del-campeonato-fotos-y-video-de-la-nueva\/","og_site_name":"CELTTV","article_publisher":"https:\/\/www.facebook.com\/celtTV\/","article_published_time":"2018-12-29T16:27:39+00:00","og_image":[{"width":424,"height":438,"url":"https:\/\/www.celttv.com.ar\/wp-content\/uploads\/2018\/12\/47688402_2275342819410288_123243017111863296_n.jpg","type":"image\/jpeg"}],"author":"ulises","twitter_card":"summary_large_image","twitter_misc":{"Escrito por":"ulises","Tiempo de lectura":"3 minutos"},"schema":{"@context":"https:\/\/schema.org","@graph":[{"@type":"NewsArticle","@id":"https:\/\/www.celttv.com.ar\/index.php\/2018\/12\/29\/estival-de-midget-2o-puesto-de-leandro-campos-en-la-octava-fecha-del-campeonato-fotos-y-video-de-la-nueva\/#article","isPartOf":{"@id":"https:\/\/www.celttv.com.ar\/index.php\/2018\/12\/29\/estival-de-midget-2o-puesto-de-leandro-campos-en-la-octava-fecha-del-campeonato-fotos-y-video-de-la-nueva\/"},"author":{"name":"ulises","@id":"https:\/\/www.celttv.com.ar\/#\/schema\/person\/6d99c072dba59953809c81446e9d0ace"},"headline":"ESTIVAL DE MIDGET: 2\u00ba PUESTO DE LEANDRO CAMPOS EN LA OCTAVA FECHA DEL CAMPEONATO (INFORME, FOTOS Y VIDEO DE LA NUEVA)","datePublished":"2018-12-29T16:27:39+00:00","dateModified":"2018-12-29T16:27:39+00:00","mainEntityOfPage":{"@id":"https:\/\/www.celttv.com.ar\/index.php\/2018\/12\/29\/estival-de-midget-2o-puesto-de-leandro-campos-en-la-octava-fecha-del-campeonato-fotos-y-video-de-la-nueva\/"},"wordCount":611,"publisher":{"@id":"https:\/\/www.celttv.com.ar\/#organization"},"articleSection":["Celt TV Noticias","Deporte","Destacadas","Magazine Sport"],"inLanguage":"es"},{"@type":"WebPage","@id":"https:\/\/www.celttv.com.ar\/index.php\/2018\/12\/29\/estival-de-midget-2o-puesto-de-leandro-campos-en-la-octava-fecha-del-campeonato-fotos-y-video-de-la-nueva\/","url":"https:\/\/www.celttv.com.ar\/index.php\/2018\/12\/29\/estival-de-midget-2o-puesto-de-leandro-campos-en-la-octava-fecha-del-campeonato-fotos-y-video-de-la-nueva\/","name":"ESTIVAL DE MIDGET: 2\u00ba PUESTO DE LEANDRO CAMPOS EN LA OCTAVA FECHA DEL CAMPEONATO (INFORME, FOTOS Y VIDEO DE LA NUEVA) - CELTTV","isPartOf":{"@id":"https:\/\/www.celttv.com.ar\/#website"},"datePublished":"2018-12-29T16:27:39+00:00","dateModified":"2018-12-29T16:27:39+00:00","description":"Sitio web de noticias de la localidad de Tornquist, provincia de Buenos Aires, Rep\u00fablica Argentina. Contenido propio originado por periodistas de CELTTV, el canal de TV local de la Cooperativa El\u00e9ctrica de Tornquist. Turismo, Pol\u00edtica, Sociedad, Deporte, Cultura y todo el contenido de inter\u00e9s general que la gente del pueblo y la regi\u00f3n debe conocer.","breadcrumb":{"@id":"https:\/\/www.celttv.com.ar\/index.php\/2018\/12\/29\/estival-de-midget-2o-puesto-de-leandro-campos-en-la-octava-fecha-del-campeonato-fotos-y-video-de-la-nueva\/#breadcrumb"},"inLanguage":"es","potentialAction":[{"@type":"ReadAction","target":["https:\/\/www.celttv.com.ar\/index.php\/2018\/12\/29\/estival-de-midget-2o-puesto-de-leandro-campos-en-la-octava-fecha-del-campeonato-fotos-y-video-de-la-nueva\/"]}]},{"@type":"BreadcrumbList","@id":"https:\/\/www.celttv.com.ar\/index.php\/2018\/12\/29\/estival-de-midget-2o-puesto-de-leandro-campos-en-la-octava-fecha-del-campeonato-fotos-y-video-de-la-nueva\/#breadcrumb","itemListElement":[{"@type":"ListItem","position":1,"name":"Inicio","item":"https:\/\/www.celttv.com.ar\/"},{"@type":"ListItem","position":2,"name":"ESTIVAL DE MIDGET: 2\u00ba PUESTO DE LEANDRO CAMPOS EN LA OCTAVA FECHA DEL CAMPEONATO (INFORME, FOTOS Y VIDEO DE LA NUEVA)"}]},{"@type":"WebSite","@id":"https:\/\/www.celttv.com.ar\/#website","url":"https:\/\/www.celttv.com.ar\/","name":"CELTTV","description":"Cooperativa El\u00e9ctrica de Tornquist","publisher":{"@id":"https:\/\/www.celttv.com.ar\/#organization"},"potentialAction":[{"@type":"SearchAction","target":{"@type":"EntryPoint","urlTemplate":"https:\/\/www.celttv.com.ar\/?s={search_term_string}"},"query-input":"required name=search_term_string"}],"inLanguage":"es"},{"@type":"Organization","@id":"https:\/\/www.celttv.com.ar\/#organization","name":"CELTTV","url":"https:\/\/www.celttv.com.ar\/","sameAs":["https:\/\/www.youtube.com\/channel\/UCz_oIt8Hig64Ub-EmcNPIhg","https:\/\/www.facebook.com\/celtTV\/"],"logo":{"@type":"ImageObject","inLanguage":"es","@id":"https:\/\/www.celttv.com.ar\/#\/schema\/logo\/image\/","url":"http:\/\/www.celttv.com.ar\/wp-content\/uploads\/2022\/08\/logo-1.png","contentUrl":"http:\/\/www.celttv.com.ar\/wp-content\/uploads\/2022\/08\/logo-1.png","width":461,"height":159,"caption":"CELTTV"},"image":{"@id":"https:\/\/www.celttv.com.ar\/#\/schema\/logo\/image\/"}},{"@type":"Person","@id":"https:\/\/www.celttv.com.ar\/#\/schema\/person\/6d99c072dba59953809c81446e9d0ace","name":"ulises","image":{"@type":"ImageObject","inLanguage":"es","@id":"https:\/\/www.celttv.com.ar\/#\/schema\/person\/image\/","url":"https:\/\/secure.gravatar.com\/avatar\/7f2c48bdc33b30088f941fb6082e555f2874c98e20cb159d7b92b50eadfce793?s=96&d=mm&r=g","contentUrl":"https:\/\/secure.gravatar.com\/avatar\/7f2c48bdc33b30088f941fb6082e555f2874c98e20cb159d7b92b50eadfce793?s=96&d=mm&r=g","caption":"ulises"},"sameAs":["http:\/\/www.celttv.com.ar"]}]}},"_links":{"self":[{"href":"https:\/\/www.celttv.com.ar\/index.php\/wp-json\/wp\/v2\/posts\/39239","targetHints":{"allow":["GET"]}}],"collection":[{"href":"https:\/\/www.celttv.com.ar\/index.php\/wp-json\/wp\/v2\/posts"}],"about":[{"href":"https:\/\/www.celttv.com.ar\/index.php\/wp-json\/wp\/v2\/types\/post"}],"author":[{"embeddable":true,"href":"https:\/\/www.celttv.com.ar\/index.php\/wp-json\/wp\/v2\/users\/1"}],"replies":[{"embeddable":true,"href":"https:\/\/www.celttv.com.ar\/index.php\/wp-json\/wp\/v2\/comments?post=39239"}],"version-history":[{"count":0,"href":"https:\/\/www.celttv.com.ar\/index.php\/wp-json\/wp\/v2\/posts\/39239\/revisions"}],"wp:featuredmedia":[{"embeddable":true,"href":"https:\/\/www.celttv.com.ar\/index.php\/wp-json\/wp\/v2\/media\/39240"}],"wp:attachment":[{"href":"https:\/\/www.celttv.com.ar\/index.php\/wp-json\/wp\/v2\/media?parent=39239"}],"wp:term":[{"taxonomy":"category","embeddable":true,"href":"https:\/\/www.celttv.com.ar\/index.php\/wp-json\/wp\/v2\/categories?post=39239"},{"taxonomy":"post_tag","embeddable":true,"href":"https:\/\/www.celttv.com.ar\/index.php\/wp-json\/wp\/v2\/tags?post=39239"}],"curies":[{"name":"wp","href":"https:\/\/api.w.org\/{rel}","templated":true}]}}