{"id":39297,"date":"2019-01-03T22:30:29","date_gmt":"2019-01-03T22:30:29","guid":{"rendered":"http:\/\/www.celttv.com.ar\/?p=39297"},"modified":"2019-01-03T22:30:29","modified_gmt":"2019-01-03T22:30:29","slug":"39297","status":"publish","type":"post","link":"https:\/\/www.celttv.com.ar\/index.php\/2019\/01\/03\/39297\/","title":{"rendered":"SE CONSTITUY\u00d3 LA COMISI\u00d3N ESPECIAL BICAMERAL SOBRE REFORMA ELECTORAL"},"content":{"rendered":"<p>Diputados y senadores provinciales se reunieron en el Centro Cultural Victoria Ocampo en Mar del Plata con el objetivo de estudiar la factibilidad de una reforma electoral en la provincia de Buenos Aires.<\/p>\n<p>&nbsp;<\/p>\n<p>En el inicio del encuentro, los asistentes definieron la constituci\u00f3n del cuerpo y sus autoridades. El titular de la C\u00e1mara baja, Manuel Mosca -Cambiemos- asumi\u00f3 como presidente, el senador Jos\u00e9 Luis Pallares -Frente Renovador- como vicepresidente, y el diputado Facundo Tignanelli -Unidad Ciudadana- como secretario.<\/p>\n<p>El resto de los integrantes de la comisi\u00f3n se complet\u00f3 con las diputadas Mar\u00eda Alejandra Mart\u00ednez, Laura Aprile y Gabriela Besana y sus pares Daniel Ivoskus, Ricardo Lissalde y Carlos Urquiaga. Por el Senado, los representantes se definieron con Teresa Garc\u00eda, Walter Lanaro, Dalton Jauregui, Aldana Ahumada, Jos\u00e9 Luis Pallares, Gabriela De Mar\u00eda y Mar\u00eda Lorena Petrovich.<\/p>\n<p>Adem\u00e1s, presenciaron la Comisi\u00f3n los diputados Juan Debandi, Juan Manuel Cheppi y Guillermo Castello.<\/p>\n<p>Tras finalizar la reuni\u00f3n, Mosca asegur\u00f3: \u201cEstamos muy contentos con la agenda de trabajo y el debate plural que vamos a ir dando con el correr de los d\u00edas. Hemos constituido la Bicameral Especial y hemos acordado discutir proyectos de ley que tienen que ver con el desdoblamiento de las elecciones municipales y en la provincia y con los instrumentos electorales relacionados a la tecnolog\u00eda y distintas formas de votaci\u00f3n alternativas\u201d.<\/p>\n<p>&nbsp;<\/p>\n<p>Por su parte, Jos\u00e9 Luis Pallares remarc\u00f3 que seguir\u00e1n recorriendo la provincia de Buenos Aires, y adelant\u00f3 la posibilidad de que el pr\u00f3ximo encuentro sea en la localidad de Azul. \u201cLa gente est\u00e1 \u00e1vida de saber qu\u00e9 quieren hacer los pol\u00edticos sobre la Provincia y los Municipios. Desde nuestro espacio planteamos la posibilidad de una Boleta \u00danica, un r\u00e9gimen electoral que permita mayor participaci\u00f3n y amplitud en la discusi\u00f3n. Por sobre todas las cosas, planteamos el desdoblamiento de las elecciones municipales. Creemos que la importancia de sus autonom\u00edas en esta democracia es un tema central\u201d.<\/p>\n<p>Dentro del temario se trabaj\u00f3 en la confecci\u00f3n de una hoja de ruta para definir c\u00f3mo ser\u00e1 el funcionamiento de la Comisi\u00f3n Especial. En ese sentido, los legisladores dejaron sentadas sus propuestas en torno a los proyectos que impulsan modificaciones en la ley 5109, que rige el derecho electoral en la provincia.<\/p>\n<p>En principio, se defini\u00f3 que el primer tema a tratar ser\u00e1 la factibilidad jur\u00eddica y operativa de desdoblamiento de elecciones municipales en una pr\u00f3xima reuni\u00f3n que se desarrollar\u00e1 el 17 de enero y que contar\u00e1 con la participaci\u00f3n de intendentes de diferentes fuerzas pol\u00edticas y acad\u00e9micos especialistas en el \u00e1rea con el objetivo de enriquecer el debate. M\u00e1s adelante, se prev\u00e9 abordar modificaciones en el sistema electoral de votaci\u00f3n. Por \u00faltimo, se defini\u00f3 como tema a trabajar la posibilidad del adelantamiento y desdoblamiento de las elecciones provinciales.<\/p>\n<p>Las pr\u00f3ximas reuniones de comisi\u00f3n tendr\u00e1n como fecha de realizaci\u00f3n el 17 de enero, 7 y 26 de febrero. Esta \u00faltima, es la fecha l\u00edmite de emisi\u00f3n del dictamen no vinculante en el que se dejar\u00e1 establecido la resoluci\u00f3n de trabajo de la Bicameral.<\/p>\n","protected":false},"excerpt":{"rendered":"<p>Diputados y senadores provinciales se reunieron en el Centro Cultural Victoria Ocampo en Mar del Plata con el objetivo de estudiar la factibilidad de una reforma electoral en la provincia de Buenos Aires. &nbsp; En el inicio del encuentro, los asistentes definieron la constituci\u00f3n del cuerpo y sus autoridades. El titular de la C\u00e1mara baja, [&hellip;]<\/p>\n","protected":false},"author":1,"featured_media":39300,"comment_status":"closed","ping_status":"open","sticky":false,"template":"","format":"standard","meta":{"footnotes":""},"categories":[51,52,53],"tags":[],"class_list":["post-39297","post","type-post","status-publish","format-standard","has-post-thumbnail","hentry","category-comunidad","category-destacadas","category-politica"],"yoast_head":"<!-- This site is optimized with the Yoast SEO plugin v19.7.1 - https:\/\/yoast.com\/wordpress\/plugins\/seo\/ -->\n<title>SE CONSTITUY\u00d3 LA COMISI\u00d3N ESPECIAL BICAMERAL SOBRE REFORMA ELECTORAL - CELTTV<\/title>\n<meta name=\"description\" content=\"Sitio web de noticias de la localidad de Tornquist, provincia de Buenos Aires, Rep\u00fablica Argentina. Contenido propio originado por periodistas de CELTTV, el canal de TV local de la Cooperativa El\u00e9ctrica de Tornquist. Turismo, Pol\u00edtica, Sociedad, Deporte, Cultura y todo el contenido de inter\u00e9s general que la gente del pueblo y la regi\u00f3n debe conocer.\" \/>\n<meta name=\"robots\" content=\"index, follow, max-snippet:-1, max-image-preview:large, max-video-preview:-1\" \/>\n<link rel=\"canonical\" href=\"https:\/\/www.celttv.com.ar\/index.php\/2019\/01\/03\/39297\/\" \/>\n<meta property=\"og:locale\" content=\"es_ES\" \/>\n<meta property=\"og:type\" content=\"article\" \/>\n<meta property=\"og:title\" content=\"SE CONSTITUY\u00d3 LA COMISI\u00d3N ESPECIAL BICAMERAL SOBRE REFORMA ELECTORAL - CELTTV\" \/>\n<meta property=\"og:description\" content=\"Sitio web de noticias de la localidad de Tornquist, provincia de Buenos Aires, Rep\u00fablica Argentina. Contenido propio originado por periodistas de CELTTV, el canal de TV local de la Cooperativa El\u00e9ctrica de Tornquist. Turismo, Pol\u00edtica, Sociedad, Deporte, Cultura y todo el contenido de inter\u00e9s general que la gente del pueblo y la regi\u00f3n debe conocer.\" \/>\n<meta property=\"og:url\" content=\"https:\/\/www.celttv.com.ar\/index.php\/2019\/01\/03\/39297\/\" \/>\n<meta property=\"og:site_name\" content=\"CELTTV\" \/>\n<meta property=\"article:publisher\" content=\"https:\/\/www.facebook.com\/celtTV\/\" \/>\n<meta property=\"article:published_time\" content=\"2019-01-03T22:30:29+00:00\" \/>\n<meta property=\"og:image\" content=\"https:\/\/www.celttv.com.ar\/wp-content\/uploads\/2019\/01\/bicameral-Small.jpg\" \/>\n\t<meta property=\"og:image:width\" content=\"853\" \/>\n\t<meta property=\"og:image:height\" content=\"480\" \/>\n\t<meta property=\"og:image:type\" content=\"image\/jpeg\" \/>\n<meta name=\"author\" content=\"ulises\" \/>\n<meta name=\"twitter:card\" content=\"summary_large_image\" \/>\n<meta name=\"twitter:label1\" content=\"Escrito por\" \/>\n\t<meta name=\"twitter:data1\" content=\"ulises\" \/>\n\t<meta name=\"twitter:label2\" content=\"Tiempo de lectura\" \/>\n\t<meta name=\"twitter:data2\" content=\"3 minutos\" \/>\n<script type=\"application\/ld+json\" class=\"yoast-schema-graph\">{\"@context\":\"https:\/\/schema.org\",\"@graph\":[{\"@type\":\"NewsArticle\",\"@id\":\"https:\/\/www.celttv.com.ar\/index.php\/2019\/01\/03\/39297\/#article\",\"isPartOf\":{\"@id\":\"https:\/\/www.celttv.com.ar\/index.php\/2019\/01\/03\/39297\/\"},\"author\":{\"name\":\"ulises\",\"@id\":\"https:\/\/www.celttv.com.ar\/#\/schema\/person\/6d99c072dba59953809c81446e9d0ace\"},\"headline\":\"SE CONSTITUY\u00d3 LA COMISI\u00d3N ESPECIAL BICAMERAL SOBRE REFORMA ELECTORAL\",\"datePublished\":\"2019-01-03T22:30:29+00:00\",\"dateModified\":\"2019-01-03T22:30:29+00:00\",\"mainEntityOfPage\":{\"@id\":\"https:\/\/www.celttv.com.ar\/index.php\/2019\/01\/03\/39297\/\"},\"wordCount\":544,\"publisher\":{\"@id\":\"https:\/\/www.celttv.com.ar\/#organization\"},\"articleSection\":[\"Comunidad\",\"Destacadas\",\"Pol\u00edtica\"],\"inLanguage\":\"es\"},{\"@type\":\"WebPage\",\"@id\":\"https:\/\/www.celttv.com.ar\/index.php\/2019\/01\/03\/39297\/\",\"url\":\"https:\/\/www.celttv.com.ar\/index.php\/2019\/01\/03\/39297\/\",\"name\":\"SE CONSTITUY\u00d3 LA COMISI\u00d3N ESPECIAL BICAMERAL SOBRE REFORMA ELECTORAL - CELTTV\",\"isPartOf\":{\"@id\":\"https:\/\/www.celttv.com.ar\/#website\"},\"datePublished\":\"2019-01-03T22:30:29+00:00\",\"dateModified\":\"2019-01-03T22:30:29+00:00\",\"description\":\"Sitio web de noticias de la localidad de Tornquist, provincia de Buenos Aires, Rep\u00fablica Argentina. Contenido propio originado por periodistas de CELTTV, el canal de TV local de la Cooperativa El\u00e9ctrica de Tornquist. Turismo, Pol\u00edtica, Sociedad, Deporte, Cultura y todo el contenido de inter\u00e9s general que la gente del pueblo y la regi\u00f3n debe conocer.\",\"breadcrumb\":{\"@id\":\"https:\/\/www.celttv.com.ar\/index.php\/2019\/01\/03\/39297\/#breadcrumb\"},\"inLanguage\":\"es\",\"potentialAction\":[{\"@type\":\"ReadAction\",\"target\":[\"https:\/\/www.celttv.com.ar\/index.php\/2019\/01\/03\/39297\/\"]}]},{\"@type\":\"BreadcrumbList\",\"@id\":\"https:\/\/www.celttv.com.ar\/index.php\/2019\/01\/03\/39297\/#breadcrumb\",\"itemListElement\":[{\"@type\":\"ListItem\",\"position\":1,\"name\":\"Inicio\",\"item\":\"https:\/\/www.celttv.com.ar\/\"},{\"@type\":\"ListItem\",\"position\":2,\"name\":\"SE CONSTITUY\u00d3 LA COMISI\u00d3N ESPECIAL BICAMERAL SOBRE REFORMA ELECTORAL\"}]},{\"@type\":\"WebSite\",\"@id\":\"https:\/\/www.celttv.com.ar\/#website\",\"url\":\"https:\/\/www.celttv.com.ar\/\",\"name\":\"CELTTV\",\"description\":\"Cooperativa El\u00e9ctrica de Tornquist\",\"publisher\":{\"@id\":\"https:\/\/www.celttv.com.ar\/#organization\"},\"potentialAction\":[{\"@type\":\"SearchAction\",\"target\":{\"@type\":\"EntryPoint\",\"urlTemplate\":\"https:\/\/www.celttv.com.ar\/?s={search_term_string}\"},\"query-input\":\"required name=search_term_string\"}],\"inLanguage\":\"es\"},{\"@type\":\"Organization\",\"@id\":\"https:\/\/www.celttv.com.ar\/#organization\",\"name\":\"CELTTV\",\"url\":\"https:\/\/www.celttv.com.ar\/\",\"sameAs\":[\"https:\/\/www.youtube.com\/channel\/UCz_oIt8Hig64Ub-EmcNPIhg\",\"https:\/\/www.facebook.com\/celtTV\/\"],\"logo\":{\"@type\":\"ImageObject\",\"inLanguage\":\"es\",\"@id\":\"https:\/\/www.celttv.com.ar\/#\/schema\/logo\/image\/\",\"url\":\"http:\/\/www.celttv.com.ar\/wp-content\/uploads\/2022\/08\/logo-1.png\",\"contentUrl\":\"http:\/\/www.celttv.com.ar\/wp-content\/uploads\/2022\/08\/logo-1.png\",\"width\":461,\"height\":159,\"caption\":\"CELTTV\"},\"image\":{\"@id\":\"https:\/\/www.celttv.com.ar\/#\/schema\/logo\/image\/\"}},{\"@type\":\"Person\",\"@id\":\"https:\/\/www.celttv.com.ar\/#\/schema\/person\/6d99c072dba59953809c81446e9d0ace\",\"name\":\"ulises\",\"image\":{\"@type\":\"ImageObject\",\"inLanguage\":\"es\",\"@id\":\"https:\/\/www.celttv.com.ar\/#\/schema\/person\/image\/\",\"url\":\"https:\/\/secure.gravatar.com\/avatar\/7f2c48bdc33b30088f941fb6082e555f2874c98e20cb159d7b92b50eadfce793?s=96&d=mm&r=g\",\"contentUrl\":\"https:\/\/secure.gravatar.com\/avatar\/7f2c48bdc33b30088f941fb6082e555f2874c98e20cb159d7b92b50eadfce793?s=96&d=mm&r=g\",\"caption\":\"ulises\"},\"sameAs\":[\"http:\/\/www.celttv.com.ar\"]}]}<\/script>\n<!-- \/ Yoast SEO plugin. -->","yoast_head_json":{"title":"SE CONSTITUY\u00d3 LA COMISI\u00d3N ESPECIAL BICAMERAL SOBRE REFORMA ELECTORAL - CELTTV","description":"Sitio web de noticias de la localidad de Tornquist, provincia de Buenos Aires, Rep\u00fablica Argentina. Contenido propio originado por periodistas de CELTTV, el canal de TV local de la Cooperativa El\u00e9ctrica de Tornquist. Turismo, Pol\u00edtica, Sociedad, Deporte, Cultura y todo el contenido de inter\u00e9s general que la gente del pueblo y la regi\u00f3n debe conocer.","robots":{"index":"index","follow":"follow","max-snippet":"max-snippet:-1","max-image-preview":"max-image-preview:large","max-video-preview":"max-video-preview:-1"},"canonical":"https:\/\/www.celttv.com.ar\/index.php\/2019\/01\/03\/39297\/","og_locale":"es_ES","og_type":"article","og_title":"SE CONSTITUY\u00d3 LA COMISI\u00d3N ESPECIAL BICAMERAL SOBRE REFORMA ELECTORAL - CELTTV","og_description":"Sitio web de noticias de la localidad de Tornquist, provincia de Buenos Aires, Rep\u00fablica Argentina. Contenido propio originado por periodistas de CELTTV, el canal de TV local de la Cooperativa El\u00e9ctrica de Tornquist. Turismo, Pol\u00edtica, Sociedad, Deporte, Cultura y todo el contenido de inter\u00e9s general que la gente del pueblo y la regi\u00f3n debe conocer.","og_url":"https:\/\/www.celttv.com.ar\/index.php\/2019\/01\/03\/39297\/","og_site_name":"CELTTV","article_publisher":"https:\/\/www.facebook.com\/celtTV\/","article_published_time":"2019-01-03T22:30:29+00:00","og_image":[{"width":853,"height":480,"url":"https:\/\/www.celttv.com.ar\/wp-content\/uploads\/2019\/01\/bicameral-Small.jpg","type":"image\/jpeg"}],"author":"ulises","twitter_card":"summary_large_image","twitter_misc":{"Escrito por":"ulises","Tiempo de lectura":"3 minutos"},"schema":{"@context":"https:\/\/schema.org","@graph":[{"@type":"NewsArticle","@id":"https:\/\/www.celttv.com.ar\/index.php\/2019\/01\/03\/39297\/#article","isPartOf":{"@id":"https:\/\/www.celttv.com.ar\/index.php\/2019\/01\/03\/39297\/"},"author":{"name":"ulises","@id":"https:\/\/www.celttv.com.ar\/#\/schema\/person\/6d99c072dba59953809c81446e9d0ace"},"headline":"SE CONSTITUY\u00d3 LA COMISI\u00d3N ESPECIAL BICAMERAL SOBRE REFORMA ELECTORAL","datePublished":"2019-01-03T22:30:29+00:00","dateModified":"2019-01-03T22:30:29+00:00","mainEntityOfPage":{"@id":"https:\/\/www.celttv.com.ar\/index.php\/2019\/01\/03\/39297\/"},"wordCount":544,"publisher":{"@id":"https:\/\/www.celttv.com.ar\/#organization"},"articleSection":["Comunidad","Destacadas","Pol\u00edtica"],"inLanguage":"es"},{"@type":"WebPage","@id":"https:\/\/www.celttv.com.ar\/index.php\/2019\/01\/03\/39297\/","url":"https:\/\/www.celttv.com.ar\/index.php\/2019\/01\/03\/39297\/","name":"SE CONSTITUY\u00d3 LA COMISI\u00d3N ESPECIAL BICAMERAL SOBRE REFORMA ELECTORAL - CELTTV","isPartOf":{"@id":"https:\/\/www.celttv.com.ar\/#website"},"datePublished":"2019-01-03T22:30:29+00:00","dateModified":"2019-01-03T22:30:29+00:00","description":"Sitio web de noticias de la localidad de Tornquist, provincia de Buenos Aires, Rep\u00fablica Argentina. Contenido propio originado por periodistas de CELTTV, el canal de TV local de la Cooperativa El\u00e9ctrica de Tornquist. Turismo, Pol\u00edtica, Sociedad, Deporte, Cultura y todo el contenido de inter\u00e9s general que la gente del pueblo y la regi\u00f3n debe conocer.","breadcrumb":{"@id":"https:\/\/www.celttv.com.ar\/index.php\/2019\/01\/03\/39297\/#breadcrumb"},"inLanguage":"es","potentialAction":[{"@type":"ReadAction","target":["https:\/\/www.celttv.com.ar\/index.php\/2019\/01\/03\/39297\/"]}]},{"@type":"BreadcrumbList","@id":"https:\/\/www.celttv.com.ar\/index.php\/2019\/01\/03\/39297\/#breadcrumb","itemListElement":[{"@type":"ListItem","position":1,"name":"Inicio","item":"https:\/\/www.celttv.com.ar\/"},{"@type":"ListItem","position":2,"name":"SE CONSTITUY\u00d3 LA COMISI\u00d3N ESPECIAL BICAMERAL SOBRE REFORMA ELECTORAL"}]},{"@type":"WebSite","@id":"https:\/\/www.celttv.com.ar\/#website","url":"https:\/\/www.celttv.com.ar\/","name":"CELTTV","description":"Cooperativa El\u00e9ctrica de Tornquist","publisher":{"@id":"https:\/\/www.celttv.com.ar\/#organization"},"potentialAction":[{"@type":"SearchAction","target":{"@type":"EntryPoint","urlTemplate":"https:\/\/www.celttv.com.ar\/?s={search_term_string}"},"query-input":"required name=search_term_string"}],"inLanguage":"es"},{"@type":"Organization","@id":"https:\/\/www.celttv.com.ar\/#organization","name":"CELTTV","url":"https:\/\/www.celttv.com.ar\/","sameAs":["https:\/\/www.youtube.com\/channel\/UCz_oIt8Hig64Ub-EmcNPIhg","https:\/\/www.facebook.com\/celtTV\/"],"logo":{"@type":"ImageObject","inLanguage":"es","@id":"https:\/\/www.celttv.com.ar\/#\/schema\/logo\/image\/","url":"http:\/\/www.celttv.com.ar\/wp-content\/uploads\/2022\/08\/logo-1.png","contentUrl":"http:\/\/www.celttv.com.ar\/wp-content\/uploads\/2022\/08\/logo-1.png","width":461,"height":159,"caption":"CELTTV"},"image":{"@id":"https:\/\/www.celttv.com.ar\/#\/schema\/logo\/image\/"}},{"@type":"Person","@id":"https:\/\/www.celttv.com.ar\/#\/schema\/person\/6d99c072dba59953809c81446e9d0ace","name":"ulises","image":{"@type":"ImageObject","inLanguage":"es","@id":"https:\/\/www.celttv.com.ar\/#\/schema\/person\/image\/","url":"https:\/\/secure.gravatar.com\/avatar\/7f2c48bdc33b30088f941fb6082e555f2874c98e20cb159d7b92b50eadfce793?s=96&d=mm&r=g","contentUrl":"https:\/\/secure.gravatar.com\/avatar\/7f2c48bdc33b30088f941fb6082e555f2874c98e20cb159d7b92b50eadfce793?s=96&d=mm&r=g","caption":"ulises"},"sameAs":["http:\/\/www.celttv.com.ar"]}]}},"_links":{"self":[{"href":"https:\/\/www.celttv.com.ar\/index.php\/wp-json\/wp\/v2\/posts\/39297","targetHints":{"allow":["GET"]}}],"collection":[{"href":"https:\/\/www.celttv.com.ar\/index.php\/wp-json\/wp\/v2\/posts"}],"about":[{"href":"https:\/\/www.celttv.com.ar\/index.php\/wp-json\/wp\/v2\/types\/post"}],"author":[{"embeddable":true,"href":"https:\/\/www.celttv.com.ar\/index.php\/wp-json\/wp\/v2\/users\/1"}],"replies":[{"embeddable":true,"href":"https:\/\/www.celttv.com.ar\/index.php\/wp-json\/wp\/v2\/comments?post=39297"}],"version-history":[{"count":0,"href":"https:\/\/www.celttv.com.ar\/index.php\/wp-json\/wp\/v2\/posts\/39297\/revisions"}],"wp:featuredmedia":[{"embeddable":true,"href":"https:\/\/www.celttv.com.ar\/index.php\/wp-json\/wp\/v2\/media\/39300"}],"wp:attachment":[{"href":"https:\/\/www.celttv.com.ar\/index.php\/wp-json\/wp\/v2\/media?parent=39297"}],"wp:term":[{"taxonomy":"category","embeddable":true,"href":"https:\/\/www.celttv.com.ar\/index.php\/wp-json\/wp\/v2\/categories?post=39297"},{"taxonomy":"post_tag","embeddable":true,"href":"https:\/\/www.celttv.com.ar\/index.php\/wp-json\/wp\/v2\/tags?post=39297"}],"curies":[{"name":"wp","href":"https:\/\/api.w.org\/{rel}","templated":true}]}}