{"id":39341,"date":"2019-01-07T18:26:24","date_gmt":"2019-01-07T18:26:24","guid":{"rendered":"http:\/\/www.celttv.com.ar\/?p=39341"},"modified":"2019-01-07T18:26:24","modified_gmt":"2019-01-07T18:26:24","slug":"pinon-fijo-y-los-reyes-magos-pasaron-por-sierra-de-la-ventana-fotos","status":"publish","type":"post","link":"https:\/\/www.celttv.com.ar\/index.php\/2019\/01\/07\/pinon-fijo-y-los-reyes-magos-pasaron-por-sierra-de-la-ventana-fotos\/","title":{"rendered":"Pi\u00f1\u00f3n Fijo y los Reyes Magos pasaron por Sierra de la Ventana (Fotos)"},"content":{"rendered":"<p>El pasado s\u00e1bado 5 de enero, comenz\u00f3 en Sierra de la Ventana, la tradicional fiesta provincial de reyes magos.<br \/>\nSi bien la apertura de la 55\u00b0 edici\u00f3n de la fiesta no cont\u00f3 con el marco ideal, debido a las condiciones clim\u00e1ticas, el espect\u00e1culo central, Pi\u00f1\u00f3n Fijo deleit\u00f3 a miles de personas que esperaron bajo la lluvia para escuchar y bailar sus canciones. Iniciada la presentaci\u00f3n del payaso, el cronograma debi\u00f3 suspenderse por la intensa lluvia que pon\u00eda en riesgo la seguridad de los artistas y trasladarse al domingo 6, donde se vivi\u00f3 una jornada emocionante frente a la tradicional llegada de los Reyes Magos, que descendieron del cerro, para participar del pesebre y entregar regalos a miles de ni\u00f1os.<br \/>\nCerca de unas 35.000 mil personas, se concentraron en el predio del Centro Cultural, que luci\u00f3 colmado en esta nueva edici\u00f3n de la fiesta, donde los visitantes pudieron disfrutar de un imponente parque de diversiones, un paseo gastron\u00f3mico y un patio de artesanos.<br \/>\nDurante la jornada pasaron por el escenario Mart\u00edn Rojas, quien le rindi\u00f3 culto a Leo Mattioli; Kaiser Caravela, le imprimi\u00f3 diversi\u00f3n a la tarde serrana y le di\u00f3 paso a la banda \u201cLa Nueva Luna\u201d, quien cerr\u00f3 con un variado repertorio de temas reconocidos.<\/p>\n<p>Luego se anunci\u00f3 la llegada de los Reyes Magos, quienes desde el \u201cCerro Ceferino\u201d, fueron descendiendo hasta llegar al predio, mientras se o\u00edan las voces l\u00edricas de \u201cVocal Show\u201d, de donde los esperaban chicos y sus familias.<br \/>\nDespu\u00e9s de la tradicional bendici\u00f3n al pesebre y de las fotograf\u00edas de rigor, los Reyes y los Bomberos Voluntarios, repartieron cerca de unos 10.000 juguetes en el lugar.<br \/>\nTornquist Municipio agradece la colaboraci\u00f3n de Bomberos Voluntarios de Sierra de la Ventana, quienes a\u00f1o tras a\u00f1os, trabajan para hacer crecer a\u00fan m\u00e1s, esta inmensa fiesta, que alegra tanto a chicos como adultos.<\/p>\n<p><a href=\"http:\/\/www.celttv.com.ar\/?attachment_id=39344\" rel=\"attachment wp-att-39344\"><img loading=\"lazy\" decoding=\"async\" class=\"alignleft size-medium wp-image-39344\" src=\"http:\/\/www.celttv.com.ar\/wp-content\/uploads\/2019\/01\/WhatsApp-Image-2019-01-07-at-01.25.04-1024x547-1-780x417.jpeg\" alt=\"\" width=\"780\" height=\"417\" \/><\/a> <a href=\"http:\/\/www.celttv.com.ar\/?attachment_id=39342\" rel=\"attachment wp-att-39342\"><img loading=\"lazy\" decoding=\"async\" class=\"alignleft size-medium wp-image-39342\" src=\"http:\/\/www.celttv.com.ar\/wp-content\/uploads\/2019\/01\/49406797_2414437198628183_1003426401841315840_o-1024x683-1-780x520.jpg\" alt=\"\" width=\"780\" height=\"520\" \/><\/a><\/p>\n","protected":false},"excerpt":{"rendered":"<p>El pasado s\u00e1bado 5 de enero, comenz\u00f3 en Sierra de la Ventana, la tradicional fiesta provincial de reyes magos. Si bien la apertura de la 55\u00b0 edici\u00f3n de la fiesta no cont\u00f3 con el marco ideal, debido a las condiciones clim\u00e1ticas, el espect\u00e1culo central, Pi\u00f1\u00f3n Fijo deleit\u00f3 a miles de personas que esperaron bajo la [&hellip;]<\/p>\n","protected":false},"author":1,"featured_media":39343,"comment_status":"closed","ping_status":"open","sticky":false,"template":"","format":"standard","meta":{"footnotes":""},"categories":[55,52,56,58],"tags":[],"class_list":["post-39341","post","type-post","status-publish","format-standard","has-post-thumbnail","hentry","category-celt-tv-noticias","category-destacadas","category-espectaculos","category-turismo"],"yoast_head":"<!-- This site is optimized with the Yoast SEO plugin v19.7.1 - https:\/\/yoast.com\/wordpress\/plugins\/seo\/ -->\n<title>Pi\u00f1\u00f3n Fijo y los Reyes Magos pasaron por Sierra de la Ventana (Fotos) - CELTTV<\/title>\n<meta name=\"description\" content=\"Sitio web de noticias de la localidad de Tornquist, provincia de Buenos Aires, Rep\u00fablica Argentina. Contenido propio originado por periodistas de CELTTV, el canal de TV local de la Cooperativa El\u00e9ctrica de Tornquist. Turismo, Pol\u00edtica, Sociedad, Deporte, Cultura y todo el contenido de inter\u00e9s general que la gente del pueblo y la regi\u00f3n debe conocer.\" \/>\n<meta name=\"robots\" content=\"index, follow, max-snippet:-1, max-image-preview:large, max-video-preview:-1\" \/>\n<link rel=\"canonical\" href=\"https:\/\/www.celttv.com.ar\/index.php\/2019\/01\/07\/pinon-fijo-y-los-reyes-magos-pasaron-por-sierra-de-la-ventana-fotos\/\" \/>\n<meta property=\"og:locale\" content=\"es_ES\" \/>\n<meta property=\"og:type\" content=\"article\" \/>\n<meta property=\"og:title\" content=\"Pi\u00f1\u00f3n Fijo y los Reyes Magos pasaron por Sierra de la Ventana (Fotos) - CELTTV\" \/>\n<meta property=\"og:description\" content=\"Sitio web de noticias de la localidad de Tornquist, provincia de Buenos Aires, Rep\u00fablica Argentina. Contenido propio originado por periodistas de CELTTV, el canal de TV local de la Cooperativa El\u00e9ctrica de Tornquist. Turismo, Pol\u00edtica, Sociedad, Deporte, Cultura y todo el contenido de inter\u00e9s general que la gente del pueblo y la regi\u00f3n debe conocer.\" \/>\n<meta property=\"og:url\" content=\"https:\/\/www.celttv.com.ar\/index.php\/2019\/01\/07\/pinon-fijo-y-los-reyes-magos-pasaron-por-sierra-de-la-ventana-fotos\/\" \/>\n<meta property=\"og:site_name\" content=\"CELTTV\" \/>\n<meta property=\"article:publisher\" content=\"https:\/\/www.facebook.com\/celtTV\/\" \/>\n<meta property=\"article:published_time\" content=\"2019-01-07T18:26:24+00:00\" \/>\n<meta property=\"og:image\" content=\"https:\/\/www.celttv.com.ar\/wp-content\/uploads\/2019\/01\/WhatsApp-Image-2019-01-07-at-00.22.08-1024x768-1.jpeg\" \/>\n\t<meta property=\"og:image:width\" content=\"1024\" \/>\n\t<meta property=\"og:image:height\" content=\"768\" \/>\n\t<meta property=\"og:image:type\" content=\"image\/jpeg\" \/>\n<meta name=\"author\" content=\"ulises\" \/>\n<meta name=\"twitter:card\" content=\"summary_large_image\" \/>\n<meta name=\"twitter:label1\" content=\"Escrito por\" \/>\n\t<meta name=\"twitter:data1\" content=\"ulises\" \/>\n\t<meta name=\"twitter:label2\" content=\"Tiempo de lectura\" \/>\n\t<meta name=\"twitter:data2\" content=\"2 minutos\" \/>\n<script type=\"application\/ld+json\" class=\"yoast-schema-graph\">{\"@context\":\"https:\/\/schema.org\",\"@graph\":[{\"@type\":\"NewsArticle\",\"@id\":\"https:\/\/www.celttv.com.ar\/index.php\/2019\/01\/07\/pinon-fijo-y-los-reyes-magos-pasaron-por-sierra-de-la-ventana-fotos\/#article\",\"isPartOf\":{\"@id\":\"https:\/\/www.celttv.com.ar\/index.php\/2019\/01\/07\/pinon-fijo-y-los-reyes-magos-pasaron-por-sierra-de-la-ventana-fotos\/\"},\"author\":{\"name\":\"ulises\",\"@id\":\"https:\/\/www.celttv.com.ar\/#\/schema\/person\/6d99c072dba59953809c81446e9d0ace\"},\"headline\":\"Pi\u00f1\u00f3n Fijo y los Reyes Magos pasaron por Sierra de la Ventana (Fotos)\",\"datePublished\":\"2019-01-07T18:26:24+00:00\",\"dateModified\":\"2019-01-07T18:26:24+00:00\",\"mainEntityOfPage\":{\"@id\":\"https:\/\/www.celttv.com.ar\/index.php\/2019\/01\/07\/pinon-fijo-y-los-reyes-magos-pasaron-por-sierra-de-la-ventana-fotos\/\"},\"wordCount\":335,\"publisher\":{\"@id\":\"https:\/\/www.celttv.com.ar\/#organization\"},\"articleSection\":[\"Celt TV Noticias\",\"Destacadas\",\"Espect\u00e1culos\",\"Turismo\"],\"inLanguage\":\"es\"},{\"@type\":\"WebPage\",\"@id\":\"https:\/\/www.celttv.com.ar\/index.php\/2019\/01\/07\/pinon-fijo-y-los-reyes-magos-pasaron-por-sierra-de-la-ventana-fotos\/\",\"url\":\"https:\/\/www.celttv.com.ar\/index.php\/2019\/01\/07\/pinon-fijo-y-los-reyes-magos-pasaron-por-sierra-de-la-ventana-fotos\/\",\"name\":\"Pi\u00f1\u00f3n Fijo y los Reyes Magos pasaron por Sierra de la Ventana (Fotos) - CELTTV\",\"isPartOf\":{\"@id\":\"https:\/\/www.celttv.com.ar\/#website\"},\"datePublished\":\"2019-01-07T18:26:24+00:00\",\"dateModified\":\"2019-01-07T18:26:24+00:00\",\"description\":\"Sitio web de noticias de la localidad de Tornquist, provincia de Buenos Aires, Rep\u00fablica Argentina. Contenido propio originado por periodistas de CELTTV, el canal de TV local de la Cooperativa El\u00e9ctrica de Tornquist. Turismo, Pol\u00edtica, Sociedad, Deporte, Cultura y todo el contenido de inter\u00e9s general que la gente del pueblo y la regi\u00f3n debe conocer.\",\"breadcrumb\":{\"@id\":\"https:\/\/www.celttv.com.ar\/index.php\/2019\/01\/07\/pinon-fijo-y-los-reyes-magos-pasaron-por-sierra-de-la-ventana-fotos\/#breadcrumb\"},\"inLanguage\":\"es\",\"potentialAction\":[{\"@type\":\"ReadAction\",\"target\":[\"https:\/\/www.celttv.com.ar\/index.php\/2019\/01\/07\/pinon-fijo-y-los-reyes-magos-pasaron-por-sierra-de-la-ventana-fotos\/\"]}]},{\"@type\":\"BreadcrumbList\",\"@id\":\"https:\/\/www.celttv.com.ar\/index.php\/2019\/01\/07\/pinon-fijo-y-los-reyes-magos-pasaron-por-sierra-de-la-ventana-fotos\/#breadcrumb\",\"itemListElement\":[{\"@type\":\"ListItem\",\"position\":1,\"name\":\"Inicio\",\"item\":\"https:\/\/www.celttv.com.ar\/\"},{\"@type\":\"ListItem\",\"position\":2,\"name\":\"Pi\u00f1\u00f3n Fijo y los Reyes Magos pasaron por Sierra de la Ventana (Fotos)\"}]},{\"@type\":\"WebSite\",\"@id\":\"https:\/\/www.celttv.com.ar\/#website\",\"url\":\"https:\/\/www.celttv.com.ar\/\",\"name\":\"CELTTV\",\"description\":\"Cooperativa El\u00e9ctrica de Tornquist\",\"publisher\":{\"@id\":\"https:\/\/www.celttv.com.ar\/#organization\"},\"potentialAction\":[{\"@type\":\"SearchAction\",\"target\":{\"@type\":\"EntryPoint\",\"urlTemplate\":\"https:\/\/www.celttv.com.ar\/?s={search_term_string}\"},\"query-input\":\"required name=search_term_string\"}],\"inLanguage\":\"es\"},{\"@type\":\"Organization\",\"@id\":\"https:\/\/www.celttv.com.ar\/#organization\",\"name\":\"CELTTV\",\"url\":\"https:\/\/www.celttv.com.ar\/\",\"sameAs\":[\"https:\/\/www.youtube.com\/channel\/UCz_oIt8Hig64Ub-EmcNPIhg\",\"https:\/\/www.facebook.com\/celtTV\/\"],\"logo\":{\"@type\":\"ImageObject\",\"inLanguage\":\"es\",\"@id\":\"https:\/\/www.celttv.com.ar\/#\/schema\/logo\/image\/\",\"url\":\"http:\/\/www.celttv.com.ar\/wp-content\/uploads\/2022\/08\/logo-1.png\",\"contentUrl\":\"http:\/\/www.celttv.com.ar\/wp-content\/uploads\/2022\/08\/logo-1.png\",\"width\":461,\"height\":159,\"caption\":\"CELTTV\"},\"image\":{\"@id\":\"https:\/\/www.celttv.com.ar\/#\/schema\/logo\/image\/\"}},{\"@type\":\"Person\",\"@id\":\"https:\/\/www.celttv.com.ar\/#\/schema\/person\/6d99c072dba59953809c81446e9d0ace\",\"name\":\"ulises\",\"image\":{\"@type\":\"ImageObject\",\"inLanguage\":\"es\",\"@id\":\"https:\/\/www.celttv.com.ar\/#\/schema\/person\/image\/\",\"url\":\"https:\/\/secure.gravatar.com\/avatar\/7f2c48bdc33b30088f941fb6082e555f2874c98e20cb159d7b92b50eadfce793?s=96&d=mm&r=g\",\"contentUrl\":\"https:\/\/secure.gravatar.com\/avatar\/7f2c48bdc33b30088f941fb6082e555f2874c98e20cb159d7b92b50eadfce793?s=96&d=mm&r=g\",\"caption\":\"ulises\"},\"sameAs\":[\"http:\/\/www.celttv.com.ar\"]}]}<\/script>\n<!-- \/ Yoast SEO plugin. -->","yoast_head_json":{"title":"Pi\u00f1\u00f3n Fijo y los Reyes Magos pasaron por Sierra de la Ventana (Fotos) - CELTTV","description":"Sitio web de noticias de la localidad de Tornquist, provincia de Buenos Aires, Rep\u00fablica Argentina. Contenido propio originado por periodistas de CELTTV, el canal de TV local de la Cooperativa El\u00e9ctrica de Tornquist. Turismo, Pol\u00edtica, Sociedad, Deporte, Cultura y todo el contenido de inter\u00e9s general que la gente del pueblo y la regi\u00f3n debe conocer.","robots":{"index":"index","follow":"follow","max-snippet":"max-snippet:-1","max-image-preview":"max-image-preview:large","max-video-preview":"max-video-preview:-1"},"canonical":"https:\/\/www.celttv.com.ar\/index.php\/2019\/01\/07\/pinon-fijo-y-los-reyes-magos-pasaron-por-sierra-de-la-ventana-fotos\/","og_locale":"es_ES","og_type":"article","og_title":"Pi\u00f1\u00f3n Fijo y los Reyes Magos pasaron por Sierra de la Ventana (Fotos) - CELTTV","og_description":"Sitio web de noticias de la localidad de Tornquist, provincia de Buenos Aires, Rep\u00fablica Argentina. Contenido propio originado por periodistas de CELTTV, el canal de TV local de la Cooperativa El\u00e9ctrica de Tornquist. Turismo, Pol\u00edtica, Sociedad, Deporte, Cultura y todo el contenido de inter\u00e9s general que la gente del pueblo y la regi\u00f3n debe conocer.","og_url":"https:\/\/www.celttv.com.ar\/index.php\/2019\/01\/07\/pinon-fijo-y-los-reyes-magos-pasaron-por-sierra-de-la-ventana-fotos\/","og_site_name":"CELTTV","article_publisher":"https:\/\/www.facebook.com\/celtTV\/","article_published_time":"2019-01-07T18:26:24+00:00","og_image":[{"width":1024,"height":768,"url":"https:\/\/www.celttv.com.ar\/wp-content\/uploads\/2019\/01\/WhatsApp-Image-2019-01-07-at-00.22.08-1024x768-1.jpeg","type":"image\/jpeg"}],"author":"ulises","twitter_card":"summary_large_image","twitter_misc":{"Escrito por":"ulises","Tiempo de lectura":"2 minutos"},"schema":{"@context":"https:\/\/schema.org","@graph":[{"@type":"NewsArticle","@id":"https:\/\/www.celttv.com.ar\/index.php\/2019\/01\/07\/pinon-fijo-y-los-reyes-magos-pasaron-por-sierra-de-la-ventana-fotos\/#article","isPartOf":{"@id":"https:\/\/www.celttv.com.ar\/index.php\/2019\/01\/07\/pinon-fijo-y-los-reyes-magos-pasaron-por-sierra-de-la-ventana-fotos\/"},"author":{"name":"ulises","@id":"https:\/\/www.celttv.com.ar\/#\/schema\/person\/6d99c072dba59953809c81446e9d0ace"},"headline":"Pi\u00f1\u00f3n Fijo y los Reyes Magos pasaron por Sierra de la Ventana (Fotos)","datePublished":"2019-01-07T18:26:24+00:00","dateModified":"2019-01-07T18:26:24+00:00","mainEntityOfPage":{"@id":"https:\/\/www.celttv.com.ar\/index.php\/2019\/01\/07\/pinon-fijo-y-los-reyes-magos-pasaron-por-sierra-de-la-ventana-fotos\/"},"wordCount":335,"publisher":{"@id":"https:\/\/www.celttv.com.ar\/#organization"},"articleSection":["Celt TV Noticias","Destacadas","Espect\u00e1culos","Turismo"],"inLanguage":"es"},{"@type":"WebPage","@id":"https:\/\/www.celttv.com.ar\/index.php\/2019\/01\/07\/pinon-fijo-y-los-reyes-magos-pasaron-por-sierra-de-la-ventana-fotos\/","url":"https:\/\/www.celttv.com.ar\/index.php\/2019\/01\/07\/pinon-fijo-y-los-reyes-magos-pasaron-por-sierra-de-la-ventana-fotos\/","name":"Pi\u00f1\u00f3n Fijo y los Reyes Magos pasaron por Sierra de la Ventana (Fotos) - CELTTV","isPartOf":{"@id":"https:\/\/www.celttv.com.ar\/#website"},"datePublished":"2019-01-07T18:26:24+00:00","dateModified":"2019-01-07T18:26:24+00:00","description":"Sitio web de noticias de la localidad de Tornquist, provincia de Buenos Aires, Rep\u00fablica Argentina. Contenido propio originado por periodistas de CELTTV, el canal de TV local de la Cooperativa El\u00e9ctrica de Tornquist. Turismo, Pol\u00edtica, Sociedad, Deporte, Cultura y todo el contenido de inter\u00e9s general que la gente del pueblo y la regi\u00f3n debe conocer.","breadcrumb":{"@id":"https:\/\/www.celttv.com.ar\/index.php\/2019\/01\/07\/pinon-fijo-y-los-reyes-magos-pasaron-por-sierra-de-la-ventana-fotos\/#breadcrumb"},"inLanguage":"es","potentialAction":[{"@type":"ReadAction","target":["https:\/\/www.celttv.com.ar\/index.php\/2019\/01\/07\/pinon-fijo-y-los-reyes-magos-pasaron-por-sierra-de-la-ventana-fotos\/"]}]},{"@type":"BreadcrumbList","@id":"https:\/\/www.celttv.com.ar\/index.php\/2019\/01\/07\/pinon-fijo-y-los-reyes-magos-pasaron-por-sierra-de-la-ventana-fotos\/#breadcrumb","itemListElement":[{"@type":"ListItem","position":1,"name":"Inicio","item":"https:\/\/www.celttv.com.ar\/"},{"@type":"ListItem","position":2,"name":"Pi\u00f1\u00f3n Fijo y los Reyes Magos pasaron por Sierra de la Ventana (Fotos)"}]},{"@type":"WebSite","@id":"https:\/\/www.celttv.com.ar\/#website","url":"https:\/\/www.celttv.com.ar\/","name":"CELTTV","description":"Cooperativa El\u00e9ctrica de Tornquist","publisher":{"@id":"https:\/\/www.celttv.com.ar\/#organization"},"potentialAction":[{"@type":"SearchAction","target":{"@type":"EntryPoint","urlTemplate":"https:\/\/www.celttv.com.ar\/?s={search_term_string}"},"query-input":"required name=search_term_string"}],"inLanguage":"es"},{"@type":"Organization","@id":"https:\/\/www.celttv.com.ar\/#organization","name":"CELTTV","url":"https:\/\/www.celttv.com.ar\/","sameAs":["https:\/\/www.youtube.com\/channel\/UCz_oIt8Hig64Ub-EmcNPIhg","https:\/\/www.facebook.com\/celtTV\/"],"logo":{"@type":"ImageObject","inLanguage":"es","@id":"https:\/\/www.celttv.com.ar\/#\/schema\/logo\/image\/","url":"http:\/\/www.celttv.com.ar\/wp-content\/uploads\/2022\/08\/logo-1.png","contentUrl":"http:\/\/www.celttv.com.ar\/wp-content\/uploads\/2022\/08\/logo-1.png","width":461,"height":159,"caption":"CELTTV"},"image":{"@id":"https:\/\/www.celttv.com.ar\/#\/schema\/logo\/image\/"}},{"@type":"Person","@id":"https:\/\/www.celttv.com.ar\/#\/schema\/person\/6d99c072dba59953809c81446e9d0ace","name":"ulises","image":{"@type":"ImageObject","inLanguage":"es","@id":"https:\/\/www.celttv.com.ar\/#\/schema\/person\/image\/","url":"https:\/\/secure.gravatar.com\/avatar\/7f2c48bdc33b30088f941fb6082e555f2874c98e20cb159d7b92b50eadfce793?s=96&d=mm&r=g","contentUrl":"https:\/\/secure.gravatar.com\/avatar\/7f2c48bdc33b30088f941fb6082e555f2874c98e20cb159d7b92b50eadfce793?s=96&d=mm&r=g","caption":"ulises"},"sameAs":["http:\/\/www.celttv.com.ar"]}]}},"_links":{"self":[{"href":"https:\/\/www.celttv.com.ar\/index.php\/wp-json\/wp\/v2\/posts\/39341","targetHints":{"allow":["GET"]}}],"collection":[{"href":"https:\/\/www.celttv.com.ar\/index.php\/wp-json\/wp\/v2\/posts"}],"about":[{"href":"https:\/\/www.celttv.com.ar\/index.php\/wp-json\/wp\/v2\/types\/post"}],"author":[{"embeddable":true,"href":"https:\/\/www.celttv.com.ar\/index.php\/wp-json\/wp\/v2\/users\/1"}],"replies":[{"embeddable":true,"href":"https:\/\/www.celttv.com.ar\/index.php\/wp-json\/wp\/v2\/comments?post=39341"}],"version-history":[{"count":0,"href":"https:\/\/www.celttv.com.ar\/index.php\/wp-json\/wp\/v2\/posts\/39341\/revisions"}],"wp:featuredmedia":[{"embeddable":true,"href":"https:\/\/www.celttv.com.ar\/index.php\/wp-json\/wp\/v2\/media\/39343"}],"wp:attachment":[{"href":"https:\/\/www.celttv.com.ar\/index.php\/wp-json\/wp\/v2\/media?parent=39341"}],"wp:term":[{"taxonomy":"category","embeddable":true,"href":"https:\/\/www.celttv.com.ar\/index.php\/wp-json\/wp\/v2\/categories?post=39341"},{"taxonomy":"post_tag","embeddable":true,"href":"https:\/\/www.celttv.com.ar\/index.php\/wp-json\/wp\/v2\/tags?post=39341"}],"curies":[{"name":"wp","href":"https:\/\/api.w.org\/{rel}","templated":true}]}}