{"id":39430,"date":"2019-01-14T13:52:17","date_gmt":"2019-01-14T13:52:17","guid":{"rendered":"http:\/\/www.celttv.com.ar\/?p=39430"},"modified":"2019-01-14T13:52:17","modified_gmt":"2019-01-14T13:52:17","slug":"sierra-de-la-ventana-concreta-un-viejo-sueno-la-sala-medica-se-transformara-en-hospital-informe-de-la-nueva","status":"publish","type":"post","link":"https:\/\/www.celttv.com.ar\/index.php\/2019\/01\/14\/sierra-de-la-ventana-concreta-un-viejo-sueno-la-sala-medica-se-transformara-en-hospital-informe-de-la-nueva\/","title":{"rendered":"Sierra de la Ventana concreta un viejo sue\u00f1o: la sala m\u00e9dica se transformar\u00e1 en hospital (Informe de La Nueva)"},"content":{"rendered":"<p>El viejo sue\u00f1o de convertir la sala m\u00e9dica Doctor Emilio Aldaya en un hospital menor, parece que finalmente se ver\u00e1 concretado en el a\u00f1o 2019. La \u201csalita\u201d, como cari\u00f1osamente se la nombra, finalmente tendr\u00e1 la capacidad de atenci\u00f3n necesaria para una poblaci\u00f3n de las dimensiones de Sierra de la Ventana.<\/p>\n<p>Las obras comprenden la construcci\u00f3n de una cocina, lavadero, sala de schok-room -que ser\u00e1 m\u00e1s amplia y tendr\u00e1 tres camas- y sanitarios. El lugar contar\u00e1 con cuatro habitaciones m\u00e1s -con dos camas cada una con ba\u00f1o privado- y se destinar\u00e1 la edificaci\u00f3n actual para consultorios externos, mientras que la ampliaci\u00f3n ser\u00e1 para la internaci\u00f3n y la urgencia.<\/p>\n<p>\u201cEs una necesidad que ten\u00edamos en el pueblo, y esto nos lleva a proyectar a 15 a\u00f1os en adelante, ya que debemos apostar y considerar el crecimiento local, que es insoslayable\u201d, afirm\u00f3 el director de la sala, Gustavo D\u00edaz.<\/p>\n<p><img decoding=\"async\" src=\"https:\/\/px.cdn.lanueva.com\/012019\/1547407329674.jpg\" width=\"100%\" height=\"auto\" \/><\/p>\n<p>&nbsp;<\/p>\n<p>Al respecto, se mostr\u00f3 esperanzado de poder concluir con la totalidad de la obra durante este a\u00f1o.<\/p>\n<p>\u201cEn primera instancia, los fondos llegan desde la Provincia y despu\u00e9s se ver\u00e1 si hay que buscar en otro lugar; luego vendr\u00e1 la etapa del equipamiento. Es costoso lo que sale construir en la actualidad, pero tambi\u00e9n hay entusiasmo para poder hacerlo. Creo que los pobladores nos merecemos tener un mejor confort y a eso tambi\u00e9n se tiene que apuntar\u201d, dijo.<\/p>\n<p>D\u00edaz consider\u00f3 la necesidad de sumar alg\u00fan profesional m\u00e9dico m\u00e1s a la plantilla profesional de Sierra de la Ventana, aunque aclar\u00f3 que es dif\u00edcil sumar nuevos m\u00e9dicos que quieran residir en las poblaciones del interior.<\/p>\n<p>\u201cIndudablemente debemos pensar en el futuro. Por suerte hemos hecho un mejoramiento del plantel de enfermer\u00eda, lo que nos permiti\u00f3 estar un poco m\u00e1s tranquilos. Adem\u00e1s, de a poco se van cubriendo los cargos de los enfermeros que se jubilaron o se fueron\u201d, explic\u00f3.<\/p>\n<p><img decoding=\"async\" src=\"https:\/\/px.cdn.lanueva.com\/012019\/1547407354156.jpg\" width=\"100%\" height=\"auto\" \/><\/p>\n<p>&nbsp;<\/p>\n<p>&nbsp;<\/p>\n<p>En cuanto a las ambulancias, record\u00f3 que hace un par de a\u00f1os, la unidad sanitaria recibi\u00f3 una ambulancia cero kil\u00f3metro desde la Naci\u00f3n, lo que les dio una gran tranquilidad ya que solo contaban con dos veh\u00edculos de este tipo.<\/p>\n<p>\u201cHay un par que siempre est\u00e1 saliendo y la tercera queda para la localidad. En Caso de emergencia, todas est\u00e1n listas para salir siempre\u201d, remarc\u00f3.<\/p>\n<p>&nbsp;<\/p>\n<h3>Una labor incansable<\/h3>\n<p>La cooperadora de la sala m\u00e9dica comenz\u00f3 a funcionar en julio de 2003 a instancias de vecinos que buscaron la forma de colaborar y abastecer -en la medida de lo posible- las necesidades de la salita.<\/p>\n<p>Su presidenta actual es Rosa Ester S\u00e1enz, quien integra la comisi\u00f3n desde hace m\u00e1s de 15 a\u00f1os, y asegura que se trata de una labor muy grata, porque atender la necesidad de la sala es tambi\u00e9n ocuparse de la comunidad.<\/p>\n<p>A trav\u00e9s de la entidad se han logrado proyectos importantes, como la compra de un desfibrilador port\u00e1til o lo que vaya necesitando la salita.<\/p>\n<p>\u201cEl doctor D\u00edaz nos pide determinados elementos y nosotros vemos la posibilidad de adquirirlos. Lo \u00faltimo, m\u00e1s preciado y costoso es el ec\u00f3grafo que pudimos comprar hace tres meses. Antes la gente ten\u00eda que viajar a atenderse a otras localidades porque no alcanzaban los turnos privados en nuestra localidad\u201d, record\u00f3.<\/p>\n<p>Otra de las compras que realiz\u00f3 la instituci\u00f3n fue el nuevo electrocardi\u00f3grafo, ya que el anterior se hab\u00eda desgastado con el uso.<\/p>\n<p><img decoding=\"async\" src=\"https:\/\/px.cdn.lanueva.com\/012019\/1547407306255.jpg\" width=\"100%\" height=\"auto\" \/><\/p>\n<p>&nbsp;<\/p>\n<p>\u201cTambi\u00e9n equipamos la ambulancia nueva con s\u00e1banas, toallas, equipos de radio y handies\u201d, coment\u00f3.<\/p>\n<p>Estas adquisiciones se hacen con fondos que nacen de la recaudaci\u00f3n de la cuota social de 40 pesos y que pagan unos 250 socios.<\/p>\n<p>Antes la cobranza se hac\u00eda a trav\u00e9s de la cooperativa el\u00e9ctrica local, pero ahora -por disposici\u00f3n estatal- esto no se puede hacer m\u00e1s.<\/p>\n<p>\u201cTendremos que poner una cobradora, y eso significa un sueldo y que \u00a0nos ingrese menos dinero -lament\u00f3-. Nuestra idea es hacer una convocatoria a la comunidad para obtener m\u00e1s socios que nos ayuden\u201d.<\/p>\n<p>Hoy en d\u00eda, la comisi\u00f3n cooperadora de la sala m\u00e9dica de Sierra de la Ventana est\u00e1 integrada por Rosa S\u00e1enz, Cristina Zanatta, Graciela San Juan, Mar\u00eda Cristina Chiali, Cecilia G\u00f3mez, Stella Maris Campos, Lidia V\u00e1zquez, Liliana Delco, Liliana Chazarreta, Olga Rivarola, Mariana Dos Santos, Sara Batelliy Mabel Sala.<\/p>\n<p>&nbsp;<\/p>\n<h3>Guardias activas<\/h3>\n<p>Los fines de semana hay guardia m\u00e9dica activa durante 12 horas del d\u00eda, cantidad de horas que seguramente se ver\u00e1n duplicadas una vez finalizada la ampliaci\u00f3n del edificio.<\/p>\n<p>Una de las cosas que actualmente impide que la guardia activa sea de 24 horas, es que hoy no hay dependencias ni instalaciones para el m\u00e9dico en horas de noche.<\/p>\n<p>FUENTE: LA NUEVA<\/p>\n","protected":false},"excerpt":{"rendered":"<p>El viejo sue\u00f1o de convertir la sala m\u00e9dica Doctor Emilio Aldaya en un hospital menor, parece que finalmente se ver\u00e1 concretado en el a\u00f1o 2019. La \u201csalita\u201d, como cari\u00f1osamente se la nombra, finalmente tendr\u00e1 la capacidad de atenci\u00f3n necesaria para una poblaci\u00f3n de las dimensiones de Sierra de la Ventana. Las obras comprenden la construcci\u00f3n [&hellip;]<\/p>\n","protected":false},"author":1,"featured_media":39431,"comment_status":"closed","ping_status":"open","sticky":false,"template":"","format":"standard","meta":{"footnotes":""},"categories":[54,55,51,52],"tags":[],"class_list":["post-39430","post","type-post","status-publish","format-standard","has-post-thumbnail","hentry","category-atencion-salud","category-celt-tv-noticias","category-comunidad","category-destacadas"],"yoast_head":"<!-- This site is optimized with the Yoast SEO plugin v19.7.1 - https:\/\/yoast.com\/wordpress\/plugins\/seo\/ -->\n<title>Sierra de la Ventana concreta un viejo sue\u00f1o: la sala m\u00e9dica se transformar\u00e1 en hospital (Informe de La Nueva) - CELTTV<\/title>\n<meta name=\"description\" content=\"Sitio web de noticias de la localidad de Tornquist, provincia de Buenos Aires, Rep\u00fablica Argentina. Contenido propio originado por periodistas de CELTTV, el canal de TV local de la Cooperativa El\u00e9ctrica de Tornquist. Turismo, Pol\u00edtica, Sociedad, Deporte, Cultura y todo el contenido de inter\u00e9s general que la gente del pueblo y la regi\u00f3n debe conocer.\" \/>\n<meta name=\"robots\" content=\"index, follow, max-snippet:-1, max-image-preview:large, max-video-preview:-1\" \/>\n<link rel=\"canonical\" href=\"https:\/\/www.celttv.com.ar\/index.php\/2019\/01\/14\/sierra-de-la-ventana-concreta-un-viejo-sueno-la-sala-medica-se-transformara-en-hospital-informe-de-la-nueva\/\" \/>\n<meta property=\"og:locale\" content=\"es_ES\" \/>\n<meta property=\"og:type\" content=\"article\" \/>\n<meta property=\"og:title\" content=\"Sierra de la Ventana concreta un viejo sue\u00f1o: la sala m\u00e9dica se transformar\u00e1 en hospital (Informe de La Nueva) - CELTTV\" \/>\n<meta property=\"og:description\" content=\"Sitio web de noticias de la localidad de Tornquist, provincia de Buenos Aires, Rep\u00fablica Argentina. Contenido propio originado por periodistas de CELTTV, el canal de TV local de la Cooperativa El\u00e9ctrica de Tornquist. Turismo, Pol\u00edtica, Sociedad, Deporte, Cultura y todo el contenido de inter\u00e9s general que la gente del pueblo y la regi\u00f3n debe conocer.\" \/>\n<meta property=\"og:url\" content=\"https:\/\/www.celttv.com.ar\/index.php\/2019\/01\/14\/sierra-de-la-ventana-concreta-un-viejo-sueno-la-sala-medica-se-transformara-en-hospital-informe-de-la-nueva\/\" \/>\n<meta property=\"og:site_name\" content=\"CELTTV\" \/>\n<meta property=\"article:publisher\" content=\"https:\/\/www.facebook.com\/celtTV\/\" \/>\n<meta property=\"article:published_time\" content=\"2019-01-14T13:52:17+00:00\" \/>\n<meta property=\"og:image\" content=\"https:\/\/www.celttv.com.ar\/wp-content\/uploads\/2019\/01\/1547407151646.jpg\" \/>\n\t<meta property=\"og:image:width\" content=\"790\" \/>\n\t<meta property=\"og:image:height\" content=\"482\" \/>\n\t<meta property=\"og:image:type\" content=\"image\/jpeg\" \/>\n<meta name=\"author\" content=\"ulises\" \/>\n<meta name=\"twitter:card\" content=\"summary_large_image\" \/>\n<meta name=\"twitter:label1\" content=\"Escrito por\" \/>\n\t<meta name=\"twitter:data1\" content=\"ulises\" \/>\n\t<meta name=\"twitter:label2\" content=\"Tiempo de lectura\" \/>\n\t<meta name=\"twitter:data2\" content=\"4 minutos\" \/>\n<script type=\"application\/ld+json\" class=\"yoast-schema-graph\">{\"@context\":\"https:\/\/schema.org\",\"@graph\":[{\"@type\":\"NewsArticle\",\"@id\":\"https:\/\/www.celttv.com.ar\/index.php\/2019\/01\/14\/sierra-de-la-ventana-concreta-un-viejo-sueno-la-sala-medica-se-transformara-en-hospital-informe-de-la-nueva\/#article\",\"isPartOf\":{\"@id\":\"https:\/\/www.celttv.com.ar\/index.php\/2019\/01\/14\/sierra-de-la-ventana-concreta-un-viejo-sueno-la-sala-medica-se-transformara-en-hospital-informe-de-la-nueva\/\"},\"author\":{\"name\":\"ulises\",\"@id\":\"https:\/\/www.celttv.com.ar\/#\/schema\/person\/6d99c072dba59953809c81446e9d0ace\"},\"headline\":\"Sierra de la Ventana concreta un viejo sue\u00f1o: la sala m\u00e9dica se transformar\u00e1 en hospital (Informe de La Nueva)\",\"datePublished\":\"2019-01-14T13:52:17+00:00\",\"dateModified\":\"2019-01-14T13:52:17+00:00\",\"mainEntityOfPage\":{\"@id\":\"https:\/\/www.celttv.com.ar\/index.php\/2019\/01\/14\/sierra-de-la-ventana-concreta-un-viejo-sueno-la-sala-medica-se-transformara-en-hospital-informe-de-la-nueva\/\"},\"wordCount\":838,\"publisher\":{\"@id\":\"https:\/\/www.celttv.com.ar\/#organization\"},\"articleSection\":[\"Atenci\u00f3n Salud\",\"Celt TV Noticias\",\"Comunidad\",\"Destacadas\"],\"inLanguage\":\"es\"},{\"@type\":\"WebPage\",\"@id\":\"https:\/\/www.celttv.com.ar\/index.php\/2019\/01\/14\/sierra-de-la-ventana-concreta-un-viejo-sueno-la-sala-medica-se-transformara-en-hospital-informe-de-la-nueva\/\",\"url\":\"https:\/\/www.celttv.com.ar\/index.php\/2019\/01\/14\/sierra-de-la-ventana-concreta-un-viejo-sueno-la-sala-medica-se-transformara-en-hospital-informe-de-la-nueva\/\",\"name\":\"Sierra de la Ventana concreta un viejo sue\u00f1o: la sala m\u00e9dica se transformar\u00e1 en hospital (Informe de La Nueva) - CELTTV\",\"isPartOf\":{\"@id\":\"https:\/\/www.celttv.com.ar\/#website\"},\"datePublished\":\"2019-01-14T13:52:17+00:00\",\"dateModified\":\"2019-01-14T13:52:17+00:00\",\"description\":\"Sitio web de noticias de la localidad de Tornquist, provincia de Buenos Aires, Rep\u00fablica Argentina. Contenido propio originado por periodistas de CELTTV, el canal de TV local de la Cooperativa El\u00e9ctrica de Tornquist. Turismo, Pol\u00edtica, Sociedad, Deporte, Cultura y todo el contenido de inter\u00e9s general que la gente del pueblo y la regi\u00f3n debe conocer.\",\"breadcrumb\":{\"@id\":\"https:\/\/www.celttv.com.ar\/index.php\/2019\/01\/14\/sierra-de-la-ventana-concreta-un-viejo-sueno-la-sala-medica-se-transformara-en-hospital-informe-de-la-nueva\/#breadcrumb\"},\"inLanguage\":\"es\",\"potentialAction\":[{\"@type\":\"ReadAction\",\"target\":[\"https:\/\/www.celttv.com.ar\/index.php\/2019\/01\/14\/sierra-de-la-ventana-concreta-un-viejo-sueno-la-sala-medica-se-transformara-en-hospital-informe-de-la-nueva\/\"]}]},{\"@type\":\"BreadcrumbList\",\"@id\":\"https:\/\/www.celttv.com.ar\/index.php\/2019\/01\/14\/sierra-de-la-ventana-concreta-un-viejo-sueno-la-sala-medica-se-transformara-en-hospital-informe-de-la-nueva\/#breadcrumb\",\"itemListElement\":[{\"@type\":\"ListItem\",\"position\":1,\"name\":\"Inicio\",\"item\":\"https:\/\/www.celttv.com.ar\/\"},{\"@type\":\"ListItem\",\"position\":2,\"name\":\"Sierra de la Ventana concreta un viejo sue\u00f1o: la sala m\u00e9dica se transformar\u00e1 en hospital (Informe de La Nueva)\"}]},{\"@type\":\"WebSite\",\"@id\":\"https:\/\/www.celttv.com.ar\/#website\",\"url\":\"https:\/\/www.celttv.com.ar\/\",\"name\":\"CELTTV\",\"description\":\"Cooperativa El\u00e9ctrica de Tornquist\",\"publisher\":{\"@id\":\"https:\/\/www.celttv.com.ar\/#organization\"},\"potentialAction\":[{\"@type\":\"SearchAction\",\"target\":{\"@type\":\"EntryPoint\",\"urlTemplate\":\"https:\/\/www.celttv.com.ar\/?s={search_term_string}\"},\"query-input\":\"required name=search_term_string\"}],\"inLanguage\":\"es\"},{\"@type\":\"Organization\",\"@id\":\"https:\/\/www.celttv.com.ar\/#organization\",\"name\":\"CELTTV\",\"url\":\"https:\/\/www.celttv.com.ar\/\",\"sameAs\":[\"https:\/\/www.youtube.com\/channel\/UCz_oIt8Hig64Ub-EmcNPIhg\",\"https:\/\/www.facebook.com\/celtTV\/\"],\"logo\":{\"@type\":\"ImageObject\",\"inLanguage\":\"es\",\"@id\":\"https:\/\/www.celttv.com.ar\/#\/schema\/logo\/image\/\",\"url\":\"http:\/\/www.celttv.com.ar\/wp-content\/uploads\/2022\/08\/logo-1.png\",\"contentUrl\":\"http:\/\/www.celttv.com.ar\/wp-content\/uploads\/2022\/08\/logo-1.png\",\"width\":461,\"height\":159,\"caption\":\"CELTTV\"},\"image\":{\"@id\":\"https:\/\/www.celttv.com.ar\/#\/schema\/logo\/image\/\"}},{\"@type\":\"Person\",\"@id\":\"https:\/\/www.celttv.com.ar\/#\/schema\/person\/6d99c072dba59953809c81446e9d0ace\",\"name\":\"ulises\",\"image\":{\"@type\":\"ImageObject\",\"inLanguage\":\"es\",\"@id\":\"https:\/\/www.celttv.com.ar\/#\/schema\/person\/image\/\",\"url\":\"https:\/\/secure.gravatar.com\/avatar\/7f2c48bdc33b30088f941fb6082e555f2874c98e20cb159d7b92b50eadfce793?s=96&d=mm&r=g\",\"contentUrl\":\"https:\/\/secure.gravatar.com\/avatar\/7f2c48bdc33b30088f941fb6082e555f2874c98e20cb159d7b92b50eadfce793?s=96&d=mm&r=g\",\"caption\":\"ulises\"},\"sameAs\":[\"http:\/\/www.celttv.com.ar\"]}]}<\/script>\n<!-- \/ Yoast SEO plugin. -->","yoast_head_json":{"title":"Sierra de la Ventana concreta un viejo sue\u00f1o: la sala m\u00e9dica se transformar\u00e1 en hospital (Informe de La Nueva) - CELTTV","description":"Sitio web de noticias de la localidad de Tornquist, provincia de Buenos Aires, Rep\u00fablica Argentina. Contenido propio originado por periodistas de CELTTV, el canal de TV local de la Cooperativa El\u00e9ctrica de Tornquist. Turismo, Pol\u00edtica, Sociedad, Deporte, Cultura y todo el contenido de inter\u00e9s general que la gente del pueblo y la regi\u00f3n debe conocer.","robots":{"index":"index","follow":"follow","max-snippet":"max-snippet:-1","max-image-preview":"max-image-preview:large","max-video-preview":"max-video-preview:-1"},"canonical":"https:\/\/www.celttv.com.ar\/index.php\/2019\/01\/14\/sierra-de-la-ventana-concreta-un-viejo-sueno-la-sala-medica-se-transformara-en-hospital-informe-de-la-nueva\/","og_locale":"es_ES","og_type":"article","og_title":"Sierra de la Ventana concreta un viejo sue\u00f1o: la sala m\u00e9dica se transformar\u00e1 en hospital (Informe de La Nueva) - CELTTV","og_description":"Sitio web de noticias de la localidad de Tornquist, provincia de Buenos Aires, Rep\u00fablica Argentina. Contenido propio originado por periodistas de CELTTV, el canal de TV local de la Cooperativa El\u00e9ctrica de Tornquist. Turismo, Pol\u00edtica, Sociedad, Deporte, Cultura y todo el contenido de inter\u00e9s general que la gente del pueblo y la regi\u00f3n debe conocer.","og_url":"https:\/\/www.celttv.com.ar\/index.php\/2019\/01\/14\/sierra-de-la-ventana-concreta-un-viejo-sueno-la-sala-medica-se-transformara-en-hospital-informe-de-la-nueva\/","og_site_name":"CELTTV","article_publisher":"https:\/\/www.facebook.com\/celtTV\/","article_published_time":"2019-01-14T13:52:17+00:00","og_image":[{"width":790,"height":482,"url":"https:\/\/www.celttv.com.ar\/wp-content\/uploads\/2019\/01\/1547407151646.jpg","type":"image\/jpeg"}],"author":"ulises","twitter_card":"summary_large_image","twitter_misc":{"Escrito por":"ulises","Tiempo de lectura":"4 minutos"},"schema":{"@context":"https:\/\/schema.org","@graph":[{"@type":"NewsArticle","@id":"https:\/\/www.celttv.com.ar\/index.php\/2019\/01\/14\/sierra-de-la-ventana-concreta-un-viejo-sueno-la-sala-medica-se-transformara-en-hospital-informe-de-la-nueva\/#article","isPartOf":{"@id":"https:\/\/www.celttv.com.ar\/index.php\/2019\/01\/14\/sierra-de-la-ventana-concreta-un-viejo-sueno-la-sala-medica-se-transformara-en-hospital-informe-de-la-nueva\/"},"author":{"name":"ulises","@id":"https:\/\/www.celttv.com.ar\/#\/schema\/person\/6d99c072dba59953809c81446e9d0ace"},"headline":"Sierra de la Ventana concreta un viejo sue\u00f1o: la sala m\u00e9dica se transformar\u00e1 en hospital (Informe de La Nueva)","datePublished":"2019-01-14T13:52:17+00:00","dateModified":"2019-01-14T13:52:17+00:00","mainEntityOfPage":{"@id":"https:\/\/www.celttv.com.ar\/index.php\/2019\/01\/14\/sierra-de-la-ventana-concreta-un-viejo-sueno-la-sala-medica-se-transformara-en-hospital-informe-de-la-nueva\/"},"wordCount":838,"publisher":{"@id":"https:\/\/www.celttv.com.ar\/#organization"},"articleSection":["Atenci\u00f3n Salud","Celt TV Noticias","Comunidad","Destacadas"],"inLanguage":"es"},{"@type":"WebPage","@id":"https:\/\/www.celttv.com.ar\/index.php\/2019\/01\/14\/sierra-de-la-ventana-concreta-un-viejo-sueno-la-sala-medica-se-transformara-en-hospital-informe-de-la-nueva\/","url":"https:\/\/www.celttv.com.ar\/index.php\/2019\/01\/14\/sierra-de-la-ventana-concreta-un-viejo-sueno-la-sala-medica-se-transformara-en-hospital-informe-de-la-nueva\/","name":"Sierra de la Ventana concreta un viejo sue\u00f1o: la sala m\u00e9dica se transformar\u00e1 en hospital (Informe de La Nueva) - CELTTV","isPartOf":{"@id":"https:\/\/www.celttv.com.ar\/#website"},"datePublished":"2019-01-14T13:52:17+00:00","dateModified":"2019-01-14T13:52:17+00:00","description":"Sitio web de noticias de la localidad de Tornquist, provincia de Buenos Aires, Rep\u00fablica Argentina. Contenido propio originado por periodistas de CELTTV, el canal de TV local de la Cooperativa El\u00e9ctrica de Tornquist. Turismo, Pol\u00edtica, Sociedad, Deporte, Cultura y todo el contenido de inter\u00e9s general que la gente del pueblo y la regi\u00f3n debe conocer.","breadcrumb":{"@id":"https:\/\/www.celttv.com.ar\/index.php\/2019\/01\/14\/sierra-de-la-ventana-concreta-un-viejo-sueno-la-sala-medica-se-transformara-en-hospital-informe-de-la-nueva\/#breadcrumb"},"inLanguage":"es","potentialAction":[{"@type":"ReadAction","target":["https:\/\/www.celttv.com.ar\/index.php\/2019\/01\/14\/sierra-de-la-ventana-concreta-un-viejo-sueno-la-sala-medica-se-transformara-en-hospital-informe-de-la-nueva\/"]}]},{"@type":"BreadcrumbList","@id":"https:\/\/www.celttv.com.ar\/index.php\/2019\/01\/14\/sierra-de-la-ventana-concreta-un-viejo-sueno-la-sala-medica-se-transformara-en-hospital-informe-de-la-nueva\/#breadcrumb","itemListElement":[{"@type":"ListItem","position":1,"name":"Inicio","item":"https:\/\/www.celttv.com.ar\/"},{"@type":"ListItem","position":2,"name":"Sierra de la Ventana concreta un viejo sue\u00f1o: la sala m\u00e9dica se transformar\u00e1 en hospital (Informe de La Nueva)"}]},{"@type":"WebSite","@id":"https:\/\/www.celttv.com.ar\/#website","url":"https:\/\/www.celttv.com.ar\/","name":"CELTTV","description":"Cooperativa El\u00e9ctrica de Tornquist","publisher":{"@id":"https:\/\/www.celttv.com.ar\/#organization"},"potentialAction":[{"@type":"SearchAction","target":{"@type":"EntryPoint","urlTemplate":"https:\/\/www.celttv.com.ar\/?s={search_term_string}"},"query-input":"required name=search_term_string"}],"inLanguage":"es"},{"@type":"Organization","@id":"https:\/\/www.celttv.com.ar\/#organization","name":"CELTTV","url":"https:\/\/www.celttv.com.ar\/","sameAs":["https:\/\/www.youtube.com\/channel\/UCz_oIt8Hig64Ub-EmcNPIhg","https:\/\/www.facebook.com\/celtTV\/"],"logo":{"@type":"ImageObject","inLanguage":"es","@id":"https:\/\/www.celttv.com.ar\/#\/schema\/logo\/image\/","url":"http:\/\/www.celttv.com.ar\/wp-content\/uploads\/2022\/08\/logo-1.png","contentUrl":"http:\/\/www.celttv.com.ar\/wp-content\/uploads\/2022\/08\/logo-1.png","width":461,"height":159,"caption":"CELTTV"},"image":{"@id":"https:\/\/www.celttv.com.ar\/#\/schema\/logo\/image\/"}},{"@type":"Person","@id":"https:\/\/www.celttv.com.ar\/#\/schema\/person\/6d99c072dba59953809c81446e9d0ace","name":"ulises","image":{"@type":"ImageObject","inLanguage":"es","@id":"https:\/\/www.celttv.com.ar\/#\/schema\/person\/image\/","url":"https:\/\/secure.gravatar.com\/avatar\/7f2c48bdc33b30088f941fb6082e555f2874c98e20cb159d7b92b50eadfce793?s=96&d=mm&r=g","contentUrl":"https:\/\/secure.gravatar.com\/avatar\/7f2c48bdc33b30088f941fb6082e555f2874c98e20cb159d7b92b50eadfce793?s=96&d=mm&r=g","caption":"ulises"},"sameAs":["http:\/\/www.celttv.com.ar"]}]}},"_links":{"self":[{"href":"https:\/\/www.celttv.com.ar\/index.php\/wp-json\/wp\/v2\/posts\/39430","targetHints":{"allow":["GET"]}}],"collection":[{"href":"https:\/\/www.celttv.com.ar\/index.php\/wp-json\/wp\/v2\/posts"}],"about":[{"href":"https:\/\/www.celttv.com.ar\/index.php\/wp-json\/wp\/v2\/types\/post"}],"author":[{"embeddable":true,"href":"https:\/\/www.celttv.com.ar\/index.php\/wp-json\/wp\/v2\/users\/1"}],"replies":[{"embeddable":true,"href":"https:\/\/www.celttv.com.ar\/index.php\/wp-json\/wp\/v2\/comments?post=39430"}],"version-history":[{"count":0,"href":"https:\/\/www.celttv.com.ar\/index.php\/wp-json\/wp\/v2\/posts\/39430\/revisions"}],"wp:featuredmedia":[{"embeddable":true,"href":"https:\/\/www.celttv.com.ar\/index.php\/wp-json\/wp\/v2\/media\/39431"}],"wp:attachment":[{"href":"https:\/\/www.celttv.com.ar\/index.php\/wp-json\/wp\/v2\/media?parent=39430"}],"wp:term":[{"taxonomy":"category","embeddable":true,"href":"https:\/\/www.celttv.com.ar\/index.php\/wp-json\/wp\/v2\/categories?post=39430"},{"taxonomy":"post_tag","embeddable":true,"href":"https:\/\/www.celttv.com.ar\/index.php\/wp-json\/wp\/v2\/tags?post=39430"}],"curies":[{"name":"wp","href":"https:\/\/api.w.org\/{rel}","templated":true}]}}