{"id":39470,"date":"2019-01-16T12:15:04","date_gmt":"2019-01-16T12:15:04","guid":{"rendered":"http:\/\/www.celttv.com.ar\/?p=39470"},"modified":"2019-01-16T12:15:04","modified_gmt":"2019-01-16T12:15:04","slug":"policiales-esclarecen-un-hecho-en-villa-ventana","status":"publish","type":"post","link":"https:\/\/www.celttv.com.ar\/index.php\/2019\/01\/16\/policiales-esclarecen-un-hecho-en-villa-ventana\/","title":{"rendered":"Policiales: Esclarecen un  hecho en Villa Ventana"},"content":{"rendered":"<div id='gallery_1' class='gallery galleryid-39470 gallery-columns-3 gallery-size-medium'><figure class='gallery-item'>\n            <div class='gallery-icon landscape'>\n                <a href='https:\/\/www.celttv.com.ar\/wp-content\/uploads\/2019\/01\/20190114_1937071-scaled.jpg'><img loading=\"lazy\" decoding=\"async\" width=\"300\" height=\"169\" src=\"\" class=\"attachment-medium size-medium lazyload\" alt=\"\" data-src=\"https:\/\/www.celttv.com.ar\/wp-content\/uploads\/2019\/01\/20190114_1937071-300x169.jpg\" data-sizes=\"auto\" data-srcset=\"https:\/\/www.celttv.com.ar\/wp-content\/uploads\/2019\/01\/20190114_1937071-300x169.jpg 300w, https:\/\/www.celttv.com.ar\/wp-content\/uploads\/2019\/01\/20190114_1937071-1024x576.jpg 1024w, https:\/\/www.celttv.com.ar\/wp-content\/uploads\/2019\/01\/20190114_1937071-768x432.jpg 768w, https:\/\/www.celttv.com.ar\/wp-content\/uploads\/2019\/01\/20190114_1937071-1536x864.jpg 1536w, https:\/\/www.celttv.com.ar\/wp-content\/uploads\/2019\/01\/20190114_1937071-2048x1152.jpg 2048w, https:\/\/www.celttv.com.ar\/wp-content\/uploads\/2019\/01\/20190114_1937071-750x422.jpg 750w, https:\/\/www.celttv.com.ar\/wp-content\/uploads\/2019\/01\/20190114_1937071-1140x641.jpg 1140w\" data-expand=\"700\" \/><\/a>\n            <\/div><\/figure><figure class='gallery-item'>\n            <div class='gallery-icon landscape'>\n                <a href='https:\/\/www.celttv.com.ar\/wp-content\/uploads\/2019\/01\/20190114_1938421-1-scaled.jpg'><img loading=\"lazy\" decoding=\"async\" width=\"300\" height=\"169\" src=\"\" class=\"attachment-medium size-medium lazyload\" alt=\"\" data-src=\"https:\/\/www.celttv.com.ar\/wp-content\/uploads\/2019\/01\/20190114_1938421-1-300x169.jpg\" data-sizes=\"auto\" data-srcset=\"https:\/\/www.celttv.com.ar\/wp-content\/uploads\/2019\/01\/20190114_1938421-1-300x169.jpg 300w, https:\/\/www.celttv.com.ar\/wp-content\/uploads\/2019\/01\/20190114_1938421-1-1024x576.jpg 1024w, https:\/\/www.celttv.com.ar\/wp-content\/uploads\/2019\/01\/20190114_1938421-1-768x432.jpg 768w, https:\/\/www.celttv.com.ar\/wp-content\/uploads\/2019\/01\/20190114_1938421-1-1536x864.jpg 1536w, https:\/\/www.celttv.com.ar\/wp-content\/uploads\/2019\/01\/20190114_1938421-1-2048x1152.jpg 2048w, https:\/\/www.celttv.com.ar\/wp-content\/uploads\/2019\/01\/20190114_1938421-1-750x422.jpg 750w, https:\/\/www.celttv.com.ar\/wp-content\/uploads\/2019\/01\/20190114_1938421-1-1140x641.jpg 1140w\" data-expand=\"700\" \/><\/a>\n            <\/div><\/figure>\n            <br style='clear: both' \/>\n        <\/div>\n\n<p class=\"m_-7339336084921680006m_2589437692163320122ydp2362819fyiv2206321040ydpae9297bbMsoNormal\">La Secretar\u00eda de Seguridad del partido de Tornquist, informa que\u00a0ra\u00edz de los hechos acaecidos en la localidad de Villa Ventana, personal policial del Puesto de Vigilancia de Polic\u00eda Comunal de Villa Ventana, juntamente con personal de la Subestaci\u00f3n de Polic\u00eda Comunal Sierra de la Ventana y De la Estaci\u00f3n de Polic\u00eda Comunal Tornquist, tras haber llevado a cabo amplias tareas investigativas, se lograron obtener importantes testimonios como as\u00ed tambi\u00e9n im\u00e1genes de registros f\u00edlmicos de c\u00e1maras de seguridad, para lograr obtener as\u00ed una orden de allanamiento y requisa otorgada por el Juzgado de garant\u00edas Nro. 1 del Dpto. Judicial de Bah\u00eda Blanca en un domicilio sito en calle Mixto entre las calles Cruz del Sur y Curamalal de Villa Ventana, donde all\u00ed se alojaba una familia de Turistas oriundos de Florencio Varela.-<\/p>\n<p class=\"m_-7339336084921680006m_2589437692163320122ydp2362819fyiv2206321040ydpae9297bbMsoNormal\">El d\u00eda 14 del corriente mes y a\u00f1o, siendo las 17:50 hs se cumpliment\u00f3 dicha orden de allanamiento y requisa, logr\u00e1ndose hallar en el interior de un veh\u00edculo marca Ford Focus propiedad de la familia, m\u00e1s precisamente ocultos en el interior del ba\u00fal, la suma de $1550 en efectivo y elementos propiedad de uno de los damnificados logr\u00e1ndose recuperar la totalidad de los elementos sustra\u00eddos del mismo.-<\/p>\n<p class=\"m_-7339336084921680006m_2589437692163320122ydp2362819fyiv2206321040ydpae9297bbMsoNormal\">Debido a esto, se procedi\u00f3 a la Aprehensi\u00f3n del ciudadano DANIEL OSCAR BELIZAN, de 43 a\u00f1os de edad por hallarse a prima facie penalmente responsable del delito de HURTO, quedando a disposici\u00f3n de la UFIJ Nro. 12 del Departamento Judicial de Bah\u00eda Blanca, donde ser\u00e1 indagado en el d\u00eda de la fecha.-<\/p>\n<p class=\"m_-7339336084921680006m_2589437692163320122ydp2362819fyiv2206321040ydpae9297bbMsoNormal\">Los elementos secuestrados fueron reconocidos y restituidos a los damnificados, dej\u00e1ndose constancia que se contin\u00faa con la investigaci\u00f3n tratando de establecer si el sujeto tendr\u00eda que ver con dem\u00e1s hechos acaecidos en la comarca serrana en este \u00faltimo tiempo.-<\/p>\n","protected":false},"excerpt":{"rendered":"<p>La Secretar\u00eda de Seguridad del partido de Tornquist, informa que\u00a0ra\u00edz de los hechos acaecidos en la localidad de Villa Ventana, personal policial del Puesto de Vigilancia de Polic\u00eda Comunal de Villa Ventana, juntamente con personal de la Subestaci\u00f3n de Polic\u00eda Comunal Sierra de la Ventana y De la Estaci\u00f3n de Polic\u00eda Comunal Tornquist, tras haber [&hellip;]<\/p>\n","protected":false},"author":1,"featured_media":39473,"comment_status":"closed","ping_status":"open","sticky":false,"template":"","format":"standard","meta":{"footnotes":""},"categories":[51,52,61],"tags":[],"class_list":["post-39470","post","type-post","status-publish","format-standard","has-post-thumbnail","hentry","category-comunidad","category-destacadas","category-policiales"],"yoast_head":"<!-- This site is optimized with the Yoast SEO plugin v19.7.1 - https:\/\/yoast.com\/wordpress\/plugins\/seo\/ -->\n<title>Policiales: Esclarecen un hecho en Villa Ventana - CELTTV<\/title>\n<meta name=\"description\" content=\"Sitio web de noticias de la localidad de Tornquist, provincia de Buenos Aires, Rep\u00fablica Argentina. Contenido propio originado por periodistas de CELTTV, el canal de TV local de la Cooperativa El\u00e9ctrica de Tornquist. Turismo, Pol\u00edtica, Sociedad, Deporte, Cultura y todo el contenido de inter\u00e9s general que la gente del pueblo y la regi\u00f3n debe conocer.\" \/>\n<meta name=\"robots\" content=\"index, follow, max-snippet:-1, max-image-preview:large, max-video-preview:-1\" \/>\n<link rel=\"canonical\" href=\"https:\/\/www.celttv.com.ar\/index.php\/2019\/01\/16\/policiales-esclarecen-un-hecho-en-villa-ventana\/\" \/>\n<meta property=\"og:locale\" content=\"es_ES\" \/>\n<meta property=\"og:type\" content=\"article\" \/>\n<meta property=\"og:title\" content=\"Policiales: Esclarecen un hecho en Villa Ventana - CELTTV\" \/>\n<meta property=\"og:description\" content=\"Sitio web de noticias de la localidad de Tornquist, provincia de Buenos Aires, Rep\u00fablica Argentina. Contenido propio originado por periodistas de CELTTV, el canal de TV local de la Cooperativa El\u00e9ctrica de Tornquist. Turismo, Pol\u00edtica, Sociedad, Deporte, Cultura y todo el contenido de inter\u00e9s general que la gente del pueblo y la regi\u00f3n debe conocer.\" \/>\n<meta property=\"og:url\" content=\"https:\/\/www.celttv.com.ar\/index.php\/2019\/01\/16\/policiales-esclarecen-un-hecho-en-villa-ventana\/\" \/>\n<meta property=\"og:site_name\" content=\"CELTTV\" \/>\n<meta property=\"article:publisher\" content=\"https:\/\/www.facebook.com\/celtTV\/\" \/>\n<meta property=\"article:published_time\" content=\"2019-01-16T12:15:04+00:00\" \/>\n<meta property=\"og:image\" content=\"https:\/\/www.celttv.com.ar\/wp-content\/uploads\/2019\/01\/20190114_1938421-1-scaled.jpg\" \/>\n\t<meta property=\"og:image:width\" content=\"2560\" \/>\n\t<meta property=\"og:image:height\" content=\"1440\" \/>\n\t<meta property=\"og:image:type\" content=\"image\/jpeg\" \/>\n<meta name=\"author\" content=\"ulises\" \/>\n<meta name=\"twitter:card\" content=\"summary_large_image\" \/>\n<meta name=\"twitter:label1\" content=\"Escrito por\" \/>\n\t<meta name=\"twitter:data1\" content=\"ulises\" \/>\n\t<meta name=\"twitter:label2\" content=\"Tiempo de lectura\" \/>\n\t<meta name=\"twitter:data2\" content=\"2 minutos\" \/>\n<script type=\"application\/ld+json\" class=\"yoast-schema-graph\">{\"@context\":\"https:\/\/schema.org\",\"@graph\":[{\"@type\":\"NewsArticle\",\"@id\":\"https:\/\/www.celttv.com.ar\/index.php\/2019\/01\/16\/policiales-esclarecen-un-hecho-en-villa-ventana\/#article\",\"isPartOf\":{\"@id\":\"https:\/\/www.celttv.com.ar\/index.php\/2019\/01\/16\/policiales-esclarecen-un-hecho-en-villa-ventana\/\"},\"author\":{\"name\":\"ulises\",\"@id\":\"https:\/\/www.celttv.com.ar\/#\/schema\/person\/6d99c072dba59953809c81446e9d0ace\"},\"headline\":\"Policiales: Esclarecen un hecho en Villa Ventana\",\"datePublished\":\"2019-01-16T12:15:04+00:00\",\"dateModified\":\"2019-01-16T12:15:04+00:00\",\"mainEntityOfPage\":{\"@id\":\"https:\/\/www.celttv.com.ar\/index.php\/2019\/01\/16\/policiales-esclarecen-un-hecho-en-villa-ventana\/\"},\"wordCount\":329,\"publisher\":{\"@id\":\"https:\/\/www.celttv.com.ar\/#organization\"},\"articleSection\":[\"Comunidad\",\"Destacadas\",\"Policiales\"],\"inLanguage\":\"es\"},{\"@type\":\"WebPage\",\"@id\":\"https:\/\/www.celttv.com.ar\/index.php\/2019\/01\/16\/policiales-esclarecen-un-hecho-en-villa-ventana\/\",\"url\":\"https:\/\/www.celttv.com.ar\/index.php\/2019\/01\/16\/policiales-esclarecen-un-hecho-en-villa-ventana\/\",\"name\":\"Policiales: Esclarecen un hecho en Villa Ventana - CELTTV\",\"isPartOf\":{\"@id\":\"https:\/\/www.celttv.com.ar\/#website\"},\"datePublished\":\"2019-01-16T12:15:04+00:00\",\"dateModified\":\"2019-01-16T12:15:04+00:00\",\"description\":\"Sitio web de noticias de la localidad de Tornquist, provincia de Buenos Aires, Rep\u00fablica Argentina. Contenido propio originado por periodistas de CELTTV, el canal de TV local de la Cooperativa El\u00e9ctrica de Tornquist. Turismo, Pol\u00edtica, Sociedad, Deporte, Cultura y todo el contenido de inter\u00e9s general que la gente del pueblo y la regi\u00f3n debe conocer.\",\"breadcrumb\":{\"@id\":\"https:\/\/www.celttv.com.ar\/index.php\/2019\/01\/16\/policiales-esclarecen-un-hecho-en-villa-ventana\/#breadcrumb\"},\"inLanguage\":\"es\",\"potentialAction\":[{\"@type\":\"ReadAction\",\"target\":[\"https:\/\/www.celttv.com.ar\/index.php\/2019\/01\/16\/policiales-esclarecen-un-hecho-en-villa-ventana\/\"]}]},{\"@type\":\"BreadcrumbList\",\"@id\":\"https:\/\/www.celttv.com.ar\/index.php\/2019\/01\/16\/policiales-esclarecen-un-hecho-en-villa-ventana\/#breadcrumb\",\"itemListElement\":[{\"@type\":\"ListItem\",\"position\":1,\"name\":\"Inicio\",\"item\":\"https:\/\/www.celttv.com.ar\/\"},{\"@type\":\"ListItem\",\"position\":2,\"name\":\"Policiales: Esclarecen un hecho en Villa Ventana\"}]},{\"@type\":\"WebSite\",\"@id\":\"https:\/\/www.celttv.com.ar\/#website\",\"url\":\"https:\/\/www.celttv.com.ar\/\",\"name\":\"CELTTV\",\"description\":\"Cooperativa El\u00e9ctrica de Tornquist\",\"publisher\":{\"@id\":\"https:\/\/www.celttv.com.ar\/#organization\"},\"potentialAction\":[{\"@type\":\"SearchAction\",\"target\":{\"@type\":\"EntryPoint\",\"urlTemplate\":\"https:\/\/www.celttv.com.ar\/?s={search_term_string}\"},\"query-input\":\"required name=search_term_string\"}],\"inLanguage\":\"es\"},{\"@type\":\"Organization\",\"@id\":\"https:\/\/www.celttv.com.ar\/#organization\",\"name\":\"CELTTV\",\"url\":\"https:\/\/www.celttv.com.ar\/\",\"sameAs\":[\"https:\/\/www.youtube.com\/channel\/UCz_oIt8Hig64Ub-EmcNPIhg\",\"https:\/\/www.facebook.com\/celtTV\/\"],\"logo\":{\"@type\":\"ImageObject\",\"inLanguage\":\"es\",\"@id\":\"https:\/\/www.celttv.com.ar\/#\/schema\/logo\/image\/\",\"url\":\"http:\/\/www.celttv.com.ar\/wp-content\/uploads\/2022\/08\/logo-1.png\",\"contentUrl\":\"http:\/\/www.celttv.com.ar\/wp-content\/uploads\/2022\/08\/logo-1.png\",\"width\":461,\"height\":159,\"caption\":\"CELTTV\"},\"image\":{\"@id\":\"https:\/\/www.celttv.com.ar\/#\/schema\/logo\/image\/\"}},{\"@type\":\"Person\",\"@id\":\"https:\/\/www.celttv.com.ar\/#\/schema\/person\/6d99c072dba59953809c81446e9d0ace\",\"name\":\"ulises\",\"image\":{\"@type\":\"ImageObject\",\"inLanguage\":\"es\",\"@id\":\"https:\/\/www.celttv.com.ar\/#\/schema\/person\/image\/\",\"url\":\"https:\/\/secure.gravatar.com\/avatar\/7f2c48bdc33b30088f941fb6082e555f2874c98e20cb159d7b92b50eadfce793?s=96&d=mm&r=g\",\"contentUrl\":\"https:\/\/secure.gravatar.com\/avatar\/7f2c48bdc33b30088f941fb6082e555f2874c98e20cb159d7b92b50eadfce793?s=96&d=mm&r=g\",\"caption\":\"ulises\"},\"sameAs\":[\"http:\/\/www.celttv.com.ar\"]}]}<\/script>\n<!-- \/ Yoast SEO plugin. -->","yoast_head_json":{"title":"Policiales: Esclarecen un hecho en Villa Ventana - CELTTV","description":"Sitio web de noticias de la localidad de Tornquist, provincia de Buenos Aires, Rep\u00fablica Argentina. Contenido propio originado por periodistas de CELTTV, el canal de TV local de la Cooperativa El\u00e9ctrica de Tornquist. Turismo, Pol\u00edtica, Sociedad, Deporte, Cultura y todo el contenido de inter\u00e9s general que la gente del pueblo y la regi\u00f3n debe conocer.","robots":{"index":"index","follow":"follow","max-snippet":"max-snippet:-1","max-image-preview":"max-image-preview:large","max-video-preview":"max-video-preview:-1"},"canonical":"https:\/\/www.celttv.com.ar\/index.php\/2019\/01\/16\/policiales-esclarecen-un-hecho-en-villa-ventana\/","og_locale":"es_ES","og_type":"article","og_title":"Policiales: Esclarecen un hecho en Villa Ventana - CELTTV","og_description":"Sitio web de noticias de la localidad de Tornquist, provincia de Buenos Aires, Rep\u00fablica Argentina. Contenido propio originado por periodistas de CELTTV, el canal de TV local de la Cooperativa El\u00e9ctrica de Tornquist. Turismo, Pol\u00edtica, Sociedad, Deporte, Cultura y todo el contenido de inter\u00e9s general que la gente del pueblo y la regi\u00f3n debe conocer.","og_url":"https:\/\/www.celttv.com.ar\/index.php\/2019\/01\/16\/policiales-esclarecen-un-hecho-en-villa-ventana\/","og_site_name":"CELTTV","article_publisher":"https:\/\/www.facebook.com\/celtTV\/","article_published_time":"2019-01-16T12:15:04+00:00","og_image":[{"width":2560,"height":1440,"url":"https:\/\/www.celttv.com.ar\/wp-content\/uploads\/2019\/01\/20190114_1938421-1-scaled.jpg","type":"image\/jpeg"}],"author":"ulises","twitter_card":"summary_large_image","twitter_misc":{"Escrito por":"ulises","Tiempo de lectura":"2 minutos"},"schema":{"@context":"https:\/\/schema.org","@graph":[{"@type":"NewsArticle","@id":"https:\/\/www.celttv.com.ar\/index.php\/2019\/01\/16\/policiales-esclarecen-un-hecho-en-villa-ventana\/#article","isPartOf":{"@id":"https:\/\/www.celttv.com.ar\/index.php\/2019\/01\/16\/policiales-esclarecen-un-hecho-en-villa-ventana\/"},"author":{"name":"ulises","@id":"https:\/\/www.celttv.com.ar\/#\/schema\/person\/6d99c072dba59953809c81446e9d0ace"},"headline":"Policiales: Esclarecen un hecho en Villa Ventana","datePublished":"2019-01-16T12:15:04+00:00","dateModified":"2019-01-16T12:15:04+00:00","mainEntityOfPage":{"@id":"https:\/\/www.celttv.com.ar\/index.php\/2019\/01\/16\/policiales-esclarecen-un-hecho-en-villa-ventana\/"},"wordCount":329,"publisher":{"@id":"https:\/\/www.celttv.com.ar\/#organization"},"articleSection":["Comunidad","Destacadas","Policiales"],"inLanguage":"es"},{"@type":"WebPage","@id":"https:\/\/www.celttv.com.ar\/index.php\/2019\/01\/16\/policiales-esclarecen-un-hecho-en-villa-ventana\/","url":"https:\/\/www.celttv.com.ar\/index.php\/2019\/01\/16\/policiales-esclarecen-un-hecho-en-villa-ventana\/","name":"Policiales: Esclarecen un hecho en Villa Ventana - CELTTV","isPartOf":{"@id":"https:\/\/www.celttv.com.ar\/#website"},"datePublished":"2019-01-16T12:15:04+00:00","dateModified":"2019-01-16T12:15:04+00:00","description":"Sitio web de noticias de la localidad de Tornquist, provincia de Buenos Aires, Rep\u00fablica Argentina. Contenido propio originado por periodistas de CELTTV, el canal de TV local de la Cooperativa El\u00e9ctrica de Tornquist. Turismo, Pol\u00edtica, Sociedad, Deporte, Cultura y todo el contenido de inter\u00e9s general que la gente del pueblo y la regi\u00f3n debe conocer.","breadcrumb":{"@id":"https:\/\/www.celttv.com.ar\/index.php\/2019\/01\/16\/policiales-esclarecen-un-hecho-en-villa-ventana\/#breadcrumb"},"inLanguage":"es","potentialAction":[{"@type":"ReadAction","target":["https:\/\/www.celttv.com.ar\/index.php\/2019\/01\/16\/policiales-esclarecen-un-hecho-en-villa-ventana\/"]}]},{"@type":"BreadcrumbList","@id":"https:\/\/www.celttv.com.ar\/index.php\/2019\/01\/16\/policiales-esclarecen-un-hecho-en-villa-ventana\/#breadcrumb","itemListElement":[{"@type":"ListItem","position":1,"name":"Inicio","item":"https:\/\/www.celttv.com.ar\/"},{"@type":"ListItem","position":2,"name":"Policiales: Esclarecen un hecho en Villa Ventana"}]},{"@type":"WebSite","@id":"https:\/\/www.celttv.com.ar\/#website","url":"https:\/\/www.celttv.com.ar\/","name":"CELTTV","description":"Cooperativa El\u00e9ctrica de Tornquist","publisher":{"@id":"https:\/\/www.celttv.com.ar\/#organization"},"potentialAction":[{"@type":"SearchAction","target":{"@type":"EntryPoint","urlTemplate":"https:\/\/www.celttv.com.ar\/?s={search_term_string}"},"query-input":"required name=search_term_string"}],"inLanguage":"es"},{"@type":"Organization","@id":"https:\/\/www.celttv.com.ar\/#organization","name":"CELTTV","url":"https:\/\/www.celttv.com.ar\/","sameAs":["https:\/\/www.youtube.com\/channel\/UCz_oIt8Hig64Ub-EmcNPIhg","https:\/\/www.facebook.com\/celtTV\/"],"logo":{"@type":"ImageObject","inLanguage":"es","@id":"https:\/\/www.celttv.com.ar\/#\/schema\/logo\/image\/","url":"http:\/\/www.celttv.com.ar\/wp-content\/uploads\/2022\/08\/logo-1.png","contentUrl":"http:\/\/www.celttv.com.ar\/wp-content\/uploads\/2022\/08\/logo-1.png","width":461,"height":159,"caption":"CELTTV"},"image":{"@id":"https:\/\/www.celttv.com.ar\/#\/schema\/logo\/image\/"}},{"@type":"Person","@id":"https:\/\/www.celttv.com.ar\/#\/schema\/person\/6d99c072dba59953809c81446e9d0ace","name":"ulises","image":{"@type":"ImageObject","inLanguage":"es","@id":"https:\/\/www.celttv.com.ar\/#\/schema\/person\/image\/","url":"https:\/\/secure.gravatar.com\/avatar\/7f2c48bdc33b30088f941fb6082e555f2874c98e20cb159d7b92b50eadfce793?s=96&d=mm&r=g","contentUrl":"https:\/\/secure.gravatar.com\/avatar\/7f2c48bdc33b30088f941fb6082e555f2874c98e20cb159d7b92b50eadfce793?s=96&d=mm&r=g","caption":"ulises"},"sameAs":["http:\/\/www.celttv.com.ar"]}]}},"_links":{"self":[{"href":"https:\/\/www.celttv.com.ar\/index.php\/wp-json\/wp\/v2\/posts\/39470","targetHints":{"allow":["GET"]}}],"collection":[{"href":"https:\/\/www.celttv.com.ar\/index.php\/wp-json\/wp\/v2\/posts"}],"about":[{"href":"https:\/\/www.celttv.com.ar\/index.php\/wp-json\/wp\/v2\/types\/post"}],"author":[{"embeddable":true,"href":"https:\/\/www.celttv.com.ar\/index.php\/wp-json\/wp\/v2\/users\/1"}],"replies":[{"embeddable":true,"href":"https:\/\/www.celttv.com.ar\/index.php\/wp-json\/wp\/v2\/comments?post=39470"}],"version-history":[{"count":0,"href":"https:\/\/www.celttv.com.ar\/index.php\/wp-json\/wp\/v2\/posts\/39470\/revisions"}],"wp:featuredmedia":[{"embeddable":true,"href":"https:\/\/www.celttv.com.ar\/index.php\/wp-json\/wp\/v2\/media\/39473"}],"wp:attachment":[{"href":"https:\/\/www.celttv.com.ar\/index.php\/wp-json\/wp\/v2\/media?parent=39470"}],"wp:term":[{"taxonomy":"category","embeddable":true,"href":"https:\/\/www.celttv.com.ar\/index.php\/wp-json\/wp\/v2\/categories?post=39470"},{"taxonomy":"post_tag","embeddable":true,"href":"https:\/\/www.celttv.com.ar\/index.php\/wp-json\/wp\/v2\/tags?post=39470"}],"curies":[{"name":"wp","href":"https:\/\/api.w.org\/{rel}","templated":true}]}}