{"id":39480,"date":"2019-01-16T20:47:31","date_gmt":"2019-01-16T20:47:31","guid":{"rendered":"http:\/\/www.celttv.com.ar\/?p=39480"},"modified":"2019-01-16T20:47:31","modified_gmt":"2019-01-16T20:47:31","slug":"la-escuela-municipal-de-atletismo-realizo-diferentes-reconocimientos-videos-entrevistas","status":"publish","type":"post","link":"https:\/\/www.celttv.com.ar\/index.php\/2019\/01\/16\/la-escuela-municipal-de-atletismo-realizo-diferentes-reconocimientos-videos-entrevistas\/","title":{"rendered":"VILLA VENTANA: LA ESCUELA MUNICIPAL DE ATLETISMO REALIZ\u00d3 DIFERENTES RECONOCIMIENTOS (VIDEOS ENTREVISTAS)"},"content":{"rendered":"<p>La Escuela Municipal de Atletismo, realiz\u00f3 un reconocimiento a quienes se destacaron durante el 2018.<\/p>\n<p>El evento, que se realiz\u00f3 en el predio de entrenamiento que la escuela posee en Villa Ventana, cont\u00f3 con la presencia del delegado de dicha villa, Hugo Scavuzzo; la secretaria de Deportes, Sof\u00eda Urriaga; la concejal Viviana Montibeller; padres,; atletas, y vecinos de la localidad.<\/p>\n<p>&nbsp;<\/p>\n<p>El esp\u00edritu de la convocatoria fue homenajear a los chicos y chicas que pasaron por la Escuelita en estos 5 a\u00f1os, a quienes apoyaron desde un principio al deporte, a comerciantes, entidades, Municipio y periodistas que estuvieron siempre difundiendo el quehacer deportivo de Villa Ventana.<\/p>\n<p>&nbsp;<\/p>\n<div class=\"jeg_video_container jeg_video_content\"><iframe loading=\"lazy\" title=\"2019 01 15 ENTREGA DE RECONOCIMIENTO EMA 1 ENRIQUE CABRAL\" width=\"500\" height=\"281\" src=\"https:\/\/www.youtube.com\/embed\/7VWB1tAxuug?feature=oembed\" frameborder=\"0\" allow=\"accelerometer; autoplay; clipboard-write; encrypted-media; gyroscope; picture-in-picture; web-share\" referrerpolicy=\"strict-origin-when-cross-origin\" allowfullscreen><\/iframe><\/div>\n<div class=\"jeg_video_container jeg_video_content\"><iframe loading=\"lazy\" title=\"2019 01 15 ENTREGA DE RECONOCIMIENTO EMA 2 NICOLAS CABRAL\" width=\"500\" height=\"281\" src=\"https:\/\/www.youtube.com\/embed\/7o1fTfxfJ3U?feature=oembed\" frameborder=\"0\" allow=\"accelerometer; autoplay; clipboard-write; encrypted-media; gyroscope; picture-in-picture; web-share\" referrerpolicy=\"strict-origin-when-cross-origin\" allowfullscreen><\/iframe><\/div>\n<div class=\"jeg_video_container jeg_video_content\"><iframe loading=\"lazy\" title=\"2019 01 15 ENTREGA DE RECONOCIMIENTO EMA 3 SOFIA URRIAGA\" width=\"500\" height=\"281\" src=\"https:\/\/www.youtube.com\/embed\/bGCkeo2kgjE?feature=oembed\" frameborder=\"0\" allow=\"accelerometer; autoplay; clipboard-write; encrypted-media; gyroscope; picture-in-picture; web-share\" referrerpolicy=\"strict-origin-when-cross-origin\" allowfullscreen><\/iframe><\/div>\n<div class=\"jeg_video_container jeg_video_content\"><iframe loading=\"lazy\" title=\"2019 01 15 ENTREGA DE RECONOCIMIENTO EMA 4 HUGO SCAVUZZO\" width=\"500\" height=\"281\" src=\"https:\/\/www.youtube.com\/embed\/A75BS5K-nKI?feature=oembed\" frameborder=\"0\" allow=\"accelerometer; autoplay; clipboard-write; encrypted-media; gyroscope; picture-in-picture; web-share\" referrerpolicy=\"strict-origin-when-cross-origin\" allowfullscreen><\/iframe><\/div>\n","protected":false},"excerpt":{"rendered":"<p>La Escuela Municipal de Atletismo, realiz\u00f3 un reconocimiento a quienes se destacaron durante el 2018. El evento, que se realiz\u00f3 en el predio de entrenamiento que la escuela posee en Villa Ventana, cont\u00f3 con la presencia del delegado de dicha villa, Hugo Scavuzzo; la secretaria de Deportes, Sof\u00eda Urriaga; la concejal Viviana Montibeller; padres,; atletas, [&hellip;]<\/p>\n","protected":false},"author":1,"featured_media":39481,"comment_status":"closed","ping_status":"open","sticky":false,"template":"","format":"standard","meta":{"footnotes":""},"categories":[55,60,52,63],"tags":[],"class_list":["post-39480","post","type-post","status-publish","format-standard","has-post-thumbnail","hentry","category-celt-tv-noticias","category-deporte","category-destacadas","category-magazine-sport"],"yoast_head":"<!-- This site is optimized with the Yoast SEO plugin v19.7.1 - https:\/\/yoast.com\/wordpress\/plugins\/seo\/ -->\n<title>VILLA VENTANA: LA ESCUELA MUNICIPAL DE ATLETISMO REALIZ\u00d3 DIFERENTES RECONOCIMIENTOS (VIDEOS ENTREVISTAS) - CELTTV<\/title>\n<meta name=\"description\" content=\"Sitio web de noticias de la localidad de Tornquist, provincia de Buenos Aires, Rep\u00fablica Argentina. Contenido propio originado por periodistas de CELTTV, el canal de TV local de la Cooperativa El\u00e9ctrica de Tornquist. Turismo, Pol\u00edtica, Sociedad, Deporte, Cultura y todo el contenido de inter\u00e9s general que la gente del pueblo y la regi\u00f3n debe conocer.\" \/>\n<meta name=\"robots\" content=\"index, follow, max-snippet:-1, max-image-preview:large, max-video-preview:-1\" \/>\n<link rel=\"canonical\" href=\"https:\/\/www.celttv.com.ar\/index.php\/2019\/01\/16\/la-escuela-municipal-de-atletismo-realizo-diferentes-reconocimientos-videos-entrevistas\/\" \/>\n<meta property=\"og:locale\" content=\"es_ES\" \/>\n<meta property=\"og:type\" content=\"article\" \/>\n<meta property=\"og:title\" content=\"VILLA VENTANA: LA ESCUELA MUNICIPAL DE ATLETISMO REALIZ\u00d3 DIFERENTES RECONOCIMIENTOS (VIDEOS ENTREVISTAS) - CELTTV\" \/>\n<meta property=\"og:description\" content=\"Sitio web de noticias de la localidad de Tornquist, provincia de Buenos Aires, Rep\u00fablica Argentina. Contenido propio originado por periodistas de CELTTV, el canal de TV local de la Cooperativa El\u00e9ctrica de Tornquist. Turismo, Pol\u00edtica, Sociedad, Deporte, Cultura y todo el contenido de inter\u00e9s general que la gente del pueblo y la regi\u00f3n debe conocer.\" \/>\n<meta property=\"og:url\" content=\"https:\/\/www.celttv.com.ar\/index.php\/2019\/01\/16\/la-escuela-municipal-de-atletismo-realizo-diferentes-reconocimientos-videos-entrevistas\/\" \/>\n<meta property=\"og:site_name\" content=\"CELTTV\" \/>\n<meta property=\"article:publisher\" content=\"https:\/\/www.facebook.com\/celtTV\/\" \/>\n<meta property=\"article:published_time\" content=\"2019-01-16T20:47:31+00:00\" \/>\n<meta property=\"og:image\" content=\"https:\/\/www.celttv.com.ar\/wp-content\/uploads\/2019\/01\/Villa-006-640x369-1.jpg\" \/>\n\t<meta property=\"og:image:width\" content=\"640\" \/>\n\t<meta property=\"og:image:height\" content=\"369\" \/>\n\t<meta property=\"og:image:type\" content=\"image\/jpeg\" \/>\n<meta name=\"author\" content=\"ulises\" \/>\n<meta name=\"twitter:card\" content=\"summary_large_image\" \/>\n<meta name=\"twitter:label1\" content=\"Escrito por\" \/>\n\t<meta name=\"twitter:data1\" content=\"ulises\" \/>\n\t<meta name=\"twitter:label2\" content=\"Tiempo de lectura\" \/>\n\t<meta name=\"twitter:data2\" content=\"1 minuto\" \/>\n<script type=\"application\/ld+json\" class=\"yoast-schema-graph\">{\"@context\":\"https:\/\/schema.org\",\"@graph\":[{\"@type\":\"NewsArticle\",\"@id\":\"https:\/\/www.celttv.com.ar\/index.php\/2019\/01\/16\/la-escuela-municipal-de-atletismo-realizo-diferentes-reconocimientos-videos-entrevistas\/#article\",\"isPartOf\":{\"@id\":\"https:\/\/www.celttv.com.ar\/index.php\/2019\/01\/16\/la-escuela-municipal-de-atletismo-realizo-diferentes-reconocimientos-videos-entrevistas\/\"},\"author\":{\"name\":\"ulises\",\"@id\":\"https:\/\/www.celttv.com.ar\/#\/schema\/person\/6d99c072dba59953809c81446e9d0ace\"},\"headline\":\"VILLA VENTANA: LA ESCUELA MUNICIPAL DE ATLETISMO REALIZ\u00d3 DIFERENTES RECONOCIMIENTOS (VIDEOS ENTREVISTAS)\",\"datePublished\":\"2019-01-16T20:47:31+00:00\",\"dateModified\":\"2019-01-16T20:47:31+00:00\",\"mainEntityOfPage\":{\"@id\":\"https:\/\/www.celttv.com.ar\/index.php\/2019\/01\/16\/la-escuela-municipal-de-atletismo-realizo-diferentes-reconocimientos-videos-entrevistas\/\"},\"wordCount\":154,\"publisher\":{\"@id\":\"https:\/\/www.celttv.com.ar\/#organization\"},\"articleSection\":[\"Celt TV Noticias\",\"Deporte\",\"Destacadas\",\"Magazine Sport\"],\"inLanguage\":\"es\"},{\"@type\":\"WebPage\",\"@id\":\"https:\/\/www.celttv.com.ar\/index.php\/2019\/01\/16\/la-escuela-municipal-de-atletismo-realizo-diferentes-reconocimientos-videos-entrevistas\/\",\"url\":\"https:\/\/www.celttv.com.ar\/index.php\/2019\/01\/16\/la-escuela-municipal-de-atletismo-realizo-diferentes-reconocimientos-videos-entrevistas\/\",\"name\":\"VILLA VENTANA: LA ESCUELA MUNICIPAL DE ATLETISMO REALIZ\u00d3 DIFERENTES RECONOCIMIENTOS (VIDEOS ENTREVISTAS) - CELTTV\",\"isPartOf\":{\"@id\":\"https:\/\/www.celttv.com.ar\/#website\"},\"datePublished\":\"2019-01-16T20:47:31+00:00\",\"dateModified\":\"2019-01-16T20:47:31+00:00\",\"description\":\"Sitio web de noticias de la localidad de Tornquist, provincia de Buenos Aires, Rep\u00fablica Argentina. Contenido propio originado por periodistas de CELTTV, el canal de TV local de la Cooperativa El\u00e9ctrica de Tornquist. Turismo, Pol\u00edtica, Sociedad, Deporte, Cultura y todo el contenido de inter\u00e9s general que la gente del pueblo y la regi\u00f3n debe conocer.\",\"breadcrumb\":{\"@id\":\"https:\/\/www.celttv.com.ar\/index.php\/2019\/01\/16\/la-escuela-municipal-de-atletismo-realizo-diferentes-reconocimientos-videos-entrevistas\/#breadcrumb\"},\"inLanguage\":\"es\",\"potentialAction\":[{\"@type\":\"ReadAction\",\"target\":[\"https:\/\/www.celttv.com.ar\/index.php\/2019\/01\/16\/la-escuela-municipal-de-atletismo-realizo-diferentes-reconocimientos-videos-entrevistas\/\"]}]},{\"@type\":\"BreadcrumbList\",\"@id\":\"https:\/\/www.celttv.com.ar\/index.php\/2019\/01\/16\/la-escuela-municipal-de-atletismo-realizo-diferentes-reconocimientos-videos-entrevistas\/#breadcrumb\",\"itemListElement\":[{\"@type\":\"ListItem\",\"position\":1,\"name\":\"Inicio\",\"item\":\"https:\/\/www.celttv.com.ar\/\"},{\"@type\":\"ListItem\",\"position\":2,\"name\":\"VILLA VENTANA: LA ESCUELA MUNICIPAL DE ATLETISMO REALIZ\u00d3 DIFERENTES RECONOCIMIENTOS (VIDEOS ENTREVISTAS)\"}]},{\"@type\":\"WebSite\",\"@id\":\"https:\/\/www.celttv.com.ar\/#website\",\"url\":\"https:\/\/www.celttv.com.ar\/\",\"name\":\"CELTTV\",\"description\":\"Cooperativa El\u00e9ctrica de Tornquist\",\"publisher\":{\"@id\":\"https:\/\/www.celttv.com.ar\/#organization\"},\"potentialAction\":[{\"@type\":\"SearchAction\",\"target\":{\"@type\":\"EntryPoint\",\"urlTemplate\":\"https:\/\/www.celttv.com.ar\/?s={search_term_string}\"},\"query-input\":\"required name=search_term_string\"}],\"inLanguage\":\"es\"},{\"@type\":\"Organization\",\"@id\":\"https:\/\/www.celttv.com.ar\/#organization\",\"name\":\"CELTTV\",\"url\":\"https:\/\/www.celttv.com.ar\/\",\"sameAs\":[\"https:\/\/www.youtube.com\/channel\/UCz_oIt8Hig64Ub-EmcNPIhg\",\"https:\/\/www.facebook.com\/celtTV\/\"],\"logo\":{\"@type\":\"ImageObject\",\"inLanguage\":\"es\",\"@id\":\"https:\/\/www.celttv.com.ar\/#\/schema\/logo\/image\/\",\"url\":\"http:\/\/www.celttv.com.ar\/wp-content\/uploads\/2022\/08\/logo-1.png\",\"contentUrl\":\"http:\/\/www.celttv.com.ar\/wp-content\/uploads\/2022\/08\/logo-1.png\",\"width\":461,\"height\":159,\"caption\":\"CELTTV\"},\"image\":{\"@id\":\"https:\/\/www.celttv.com.ar\/#\/schema\/logo\/image\/\"}},{\"@type\":\"Person\",\"@id\":\"https:\/\/www.celttv.com.ar\/#\/schema\/person\/6d99c072dba59953809c81446e9d0ace\",\"name\":\"ulises\",\"image\":{\"@type\":\"ImageObject\",\"inLanguage\":\"es\",\"@id\":\"https:\/\/www.celttv.com.ar\/#\/schema\/person\/image\/\",\"url\":\"https:\/\/secure.gravatar.com\/avatar\/7f2c48bdc33b30088f941fb6082e555f2874c98e20cb159d7b92b50eadfce793?s=96&d=mm&r=g\",\"contentUrl\":\"https:\/\/secure.gravatar.com\/avatar\/7f2c48bdc33b30088f941fb6082e555f2874c98e20cb159d7b92b50eadfce793?s=96&d=mm&r=g\",\"caption\":\"ulises\"},\"sameAs\":[\"http:\/\/www.celttv.com.ar\"]}]}<\/script>\n<!-- \/ Yoast SEO plugin. -->","yoast_head_json":{"title":"VILLA VENTANA: LA ESCUELA MUNICIPAL DE ATLETISMO REALIZ\u00d3 DIFERENTES RECONOCIMIENTOS (VIDEOS ENTREVISTAS) - CELTTV","description":"Sitio web de noticias de la localidad de Tornquist, provincia de Buenos Aires, Rep\u00fablica Argentina. Contenido propio originado por periodistas de CELTTV, el canal de TV local de la Cooperativa El\u00e9ctrica de Tornquist. Turismo, Pol\u00edtica, Sociedad, Deporte, Cultura y todo el contenido de inter\u00e9s general que la gente del pueblo y la regi\u00f3n debe conocer.","robots":{"index":"index","follow":"follow","max-snippet":"max-snippet:-1","max-image-preview":"max-image-preview:large","max-video-preview":"max-video-preview:-1"},"canonical":"https:\/\/www.celttv.com.ar\/index.php\/2019\/01\/16\/la-escuela-municipal-de-atletismo-realizo-diferentes-reconocimientos-videos-entrevistas\/","og_locale":"es_ES","og_type":"article","og_title":"VILLA VENTANA: LA ESCUELA MUNICIPAL DE ATLETISMO REALIZ\u00d3 DIFERENTES RECONOCIMIENTOS (VIDEOS ENTREVISTAS) - CELTTV","og_description":"Sitio web de noticias de la localidad de Tornquist, provincia de Buenos Aires, Rep\u00fablica Argentina. Contenido propio originado por periodistas de CELTTV, el canal de TV local de la Cooperativa El\u00e9ctrica de Tornquist. Turismo, Pol\u00edtica, Sociedad, Deporte, Cultura y todo el contenido de inter\u00e9s general que la gente del pueblo y la regi\u00f3n debe conocer.","og_url":"https:\/\/www.celttv.com.ar\/index.php\/2019\/01\/16\/la-escuela-municipal-de-atletismo-realizo-diferentes-reconocimientos-videos-entrevistas\/","og_site_name":"CELTTV","article_publisher":"https:\/\/www.facebook.com\/celtTV\/","article_published_time":"2019-01-16T20:47:31+00:00","og_image":[{"width":640,"height":369,"url":"https:\/\/www.celttv.com.ar\/wp-content\/uploads\/2019\/01\/Villa-006-640x369-1.jpg","type":"image\/jpeg"}],"author":"ulises","twitter_card":"summary_large_image","twitter_misc":{"Escrito por":"ulises","Tiempo de lectura":"1 minuto"},"schema":{"@context":"https:\/\/schema.org","@graph":[{"@type":"NewsArticle","@id":"https:\/\/www.celttv.com.ar\/index.php\/2019\/01\/16\/la-escuela-municipal-de-atletismo-realizo-diferentes-reconocimientos-videos-entrevistas\/#article","isPartOf":{"@id":"https:\/\/www.celttv.com.ar\/index.php\/2019\/01\/16\/la-escuela-municipal-de-atletismo-realizo-diferentes-reconocimientos-videos-entrevistas\/"},"author":{"name":"ulises","@id":"https:\/\/www.celttv.com.ar\/#\/schema\/person\/6d99c072dba59953809c81446e9d0ace"},"headline":"VILLA VENTANA: LA ESCUELA MUNICIPAL DE ATLETISMO REALIZ\u00d3 DIFERENTES RECONOCIMIENTOS (VIDEOS ENTREVISTAS)","datePublished":"2019-01-16T20:47:31+00:00","dateModified":"2019-01-16T20:47:31+00:00","mainEntityOfPage":{"@id":"https:\/\/www.celttv.com.ar\/index.php\/2019\/01\/16\/la-escuela-municipal-de-atletismo-realizo-diferentes-reconocimientos-videos-entrevistas\/"},"wordCount":154,"publisher":{"@id":"https:\/\/www.celttv.com.ar\/#organization"},"articleSection":["Celt TV Noticias","Deporte","Destacadas","Magazine Sport"],"inLanguage":"es"},{"@type":"WebPage","@id":"https:\/\/www.celttv.com.ar\/index.php\/2019\/01\/16\/la-escuela-municipal-de-atletismo-realizo-diferentes-reconocimientos-videos-entrevistas\/","url":"https:\/\/www.celttv.com.ar\/index.php\/2019\/01\/16\/la-escuela-municipal-de-atletismo-realizo-diferentes-reconocimientos-videos-entrevistas\/","name":"VILLA VENTANA: LA ESCUELA MUNICIPAL DE ATLETISMO REALIZ\u00d3 DIFERENTES RECONOCIMIENTOS (VIDEOS ENTREVISTAS) - CELTTV","isPartOf":{"@id":"https:\/\/www.celttv.com.ar\/#website"},"datePublished":"2019-01-16T20:47:31+00:00","dateModified":"2019-01-16T20:47:31+00:00","description":"Sitio web de noticias de la localidad de Tornquist, provincia de Buenos Aires, Rep\u00fablica Argentina. Contenido propio originado por periodistas de CELTTV, el canal de TV local de la Cooperativa El\u00e9ctrica de Tornquist. Turismo, Pol\u00edtica, Sociedad, Deporte, Cultura y todo el contenido de inter\u00e9s general que la gente del pueblo y la regi\u00f3n debe conocer.","breadcrumb":{"@id":"https:\/\/www.celttv.com.ar\/index.php\/2019\/01\/16\/la-escuela-municipal-de-atletismo-realizo-diferentes-reconocimientos-videos-entrevistas\/#breadcrumb"},"inLanguage":"es","potentialAction":[{"@type":"ReadAction","target":["https:\/\/www.celttv.com.ar\/index.php\/2019\/01\/16\/la-escuela-municipal-de-atletismo-realizo-diferentes-reconocimientos-videos-entrevistas\/"]}]},{"@type":"BreadcrumbList","@id":"https:\/\/www.celttv.com.ar\/index.php\/2019\/01\/16\/la-escuela-municipal-de-atletismo-realizo-diferentes-reconocimientos-videos-entrevistas\/#breadcrumb","itemListElement":[{"@type":"ListItem","position":1,"name":"Inicio","item":"https:\/\/www.celttv.com.ar\/"},{"@type":"ListItem","position":2,"name":"VILLA VENTANA: LA ESCUELA MUNICIPAL DE ATLETISMO REALIZ\u00d3 DIFERENTES RECONOCIMIENTOS (VIDEOS ENTREVISTAS)"}]},{"@type":"WebSite","@id":"https:\/\/www.celttv.com.ar\/#website","url":"https:\/\/www.celttv.com.ar\/","name":"CELTTV","description":"Cooperativa El\u00e9ctrica de Tornquist","publisher":{"@id":"https:\/\/www.celttv.com.ar\/#organization"},"potentialAction":[{"@type":"SearchAction","target":{"@type":"EntryPoint","urlTemplate":"https:\/\/www.celttv.com.ar\/?s={search_term_string}"},"query-input":"required name=search_term_string"}],"inLanguage":"es"},{"@type":"Organization","@id":"https:\/\/www.celttv.com.ar\/#organization","name":"CELTTV","url":"https:\/\/www.celttv.com.ar\/","sameAs":["https:\/\/www.youtube.com\/channel\/UCz_oIt8Hig64Ub-EmcNPIhg","https:\/\/www.facebook.com\/celtTV\/"],"logo":{"@type":"ImageObject","inLanguage":"es","@id":"https:\/\/www.celttv.com.ar\/#\/schema\/logo\/image\/","url":"http:\/\/www.celttv.com.ar\/wp-content\/uploads\/2022\/08\/logo-1.png","contentUrl":"http:\/\/www.celttv.com.ar\/wp-content\/uploads\/2022\/08\/logo-1.png","width":461,"height":159,"caption":"CELTTV"},"image":{"@id":"https:\/\/www.celttv.com.ar\/#\/schema\/logo\/image\/"}},{"@type":"Person","@id":"https:\/\/www.celttv.com.ar\/#\/schema\/person\/6d99c072dba59953809c81446e9d0ace","name":"ulises","image":{"@type":"ImageObject","inLanguage":"es","@id":"https:\/\/www.celttv.com.ar\/#\/schema\/person\/image\/","url":"https:\/\/secure.gravatar.com\/avatar\/7f2c48bdc33b30088f941fb6082e555f2874c98e20cb159d7b92b50eadfce793?s=96&d=mm&r=g","contentUrl":"https:\/\/secure.gravatar.com\/avatar\/7f2c48bdc33b30088f941fb6082e555f2874c98e20cb159d7b92b50eadfce793?s=96&d=mm&r=g","caption":"ulises"},"sameAs":["http:\/\/www.celttv.com.ar"]}]}},"_links":{"self":[{"href":"https:\/\/www.celttv.com.ar\/index.php\/wp-json\/wp\/v2\/posts\/39480","targetHints":{"allow":["GET"]}}],"collection":[{"href":"https:\/\/www.celttv.com.ar\/index.php\/wp-json\/wp\/v2\/posts"}],"about":[{"href":"https:\/\/www.celttv.com.ar\/index.php\/wp-json\/wp\/v2\/types\/post"}],"author":[{"embeddable":true,"href":"https:\/\/www.celttv.com.ar\/index.php\/wp-json\/wp\/v2\/users\/1"}],"replies":[{"embeddable":true,"href":"https:\/\/www.celttv.com.ar\/index.php\/wp-json\/wp\/v2\/comments?post=39480"}],"version-history":[{"count":0,"href":"https:\/\/www.celttv.com.ar\/index.php\/wp-json\/wp\/v2\/posts\/39480\/revisions"}],"wp:featuredmedia":[{"embeddable":true,"href":"https:\/\/www.celttv.com.ar\/index.php\/wp-json\/wp\/v2\/media\/39481"}],"wp:attachment":[{"href":"https:\/\/www.celttv.com.ar\/index.php\/wp-json\/wp\/v2\/media?parent=39480"}],"wp:term":[{"taxonomy":"category","embeddable":true,"href":"https:\/\/www.celttv.com.ar\/index.php\/wp-json\/wp\/v2\/categories?post=39480"},{"taxonomy":"post_tag","embeddable":true,"href":"https:\/\/www.celttv.com.ar\/index.php\/wp-json\/wp\/v2\/tags?post=39480"}],"curies":[{"name":"wp","href":"https:\/\/api.w.org\/{rel}","templated":true}]}}