{"id":39488,"date":"2019-01-16T22:34:22","date_gmt":"2019-01-16T22:34:22","guid":{"rendered":"http:\/\/www.celttv.com.ar\/?p=39488"},"modified":"2019-01-16T22:34:22","modified_gmt":"2019-01-16T22:34:22","slug":"maxi-bedouret-obtuvo-un-2o-lugar-en-el-triatlon-de-coronel-pringles-video-entrevista","status":"publish","type":"post","link":"https:\/\/www.celttv.com.ar\/index.php\/2019\/01\/16\/maxi-bedouret-obtuvo-un-2o-lugar-en-el-triatlon-de-coronel-pringles-video-entrevista\/","title":{"rendered":"MAXI BEDOURET OBTUVO UN 2\u00ba LUGAR EN EL TRIATL\u00d3N DE CORONEL PRINGLES (VIDEO ENTREVISTA)"},"content":{"rendered":"<p>CELTTV&#8212; El ciclista tornquistense Maximiliano Bedouret, particip\u00f3 de la 17\u00ba edici\u00f3n del triatl\u00f3n de Coronel Pr\u00edngles, donde obtuvo un segundo lugar debutando en dicha especialidad.<\/p>\n<div class=\"jeg_video_container jeg_video_content\"><iframe loading=\"lazy\" title=\"2019 01 15 NOTA A MAXIMILIANO BEDOURET\" width=\"500\" height=\"281\" src=\"https:\/\/www.youtube.com\/embed\/C35lfwmtNuc?feature=oembed\" frameborder=\"0\" allow=\"accelerometer; autoplay; clipboard-write; encrypted-media; gyroscope; picture-in-picture; web-share\" referrerpolicy=\"strict-origin-when-cross-origin\" allowfullscreen><\/iframe><\/div>\n","protected":false},"excerpt":{"rendered":"<p>CELTTV&#8212; El ciclista tornquistense Maximiliano Bedouret, particip\u00f3 de la 17\u00ba edici\u00f3n del triatl\u00f3n de Coronel Pr\u00edngles, donde obtuvo un segundo lugar debutando en dicha especialidad.<\/p>\n","protected":false},"author":1,"featured_media":39491,"comment_status":"closed","ping_status":"open","sticky":false,"template":"","format":"standard","meta":{"footnotes":""},"categories":[55,60,52,63],"tags":[],"class_list":["post-39488","post","type-post","status-publish","format-standard","has-post-thumbnail","hentry","category-celt-tv-noticias","category-deporte","category-destacadas","category-magazine-sport"],"yoast_head":"<!-- This site is optimized with the Yoast SEO plugin v19.7.1 - https:\/\/yoast.com\/wordpress\/plugins\/seo\/ -->\n<title>MAXI BEDOURET OBTUVO UN 2\u00ba LUGAR EN EL TRIATL\u00d3N DE CORONEL PRINGLES (VIDEO ENTREVISTA) - CELTTV<\/title>\n<meta name=\"description\" content=\"Sitio web de noticias de la localidad de Tornquist, provincia de Buenos Aires, Rep\u00fablica Argentina. Contenido propio originado por periodistas de CELTTV, el canal de TV local de la Cooperativa El\u00e9ctrica de Tornquist. Turismo, Pol\u00edtica, Sociedad, Deporte, Cultura y todo el contenido de inter\u00e9s general que la gente del pueblo y la regi\u00f3n debe conocer.\" \/>\n<meta name=\"robots\" content=\"index, follow, max-snippet:-1, max-image-preview:large, max-video-preview:-1\" \/>\n<link rel=\"canonical\" href=\"https:\/\/www.celttv.com.ar\/index.php\/2019\/01\/16\/maxi-bedouret-obtuvo-un-2o-lugar-en-el-triatlon-de-coronel-pringles-video-entrevista\/\" \/>\n<meta property=\"og:locale\" content=\"es_ES\" \/>\n<meta property=\"og:type\" content=\"article\" \/>\n<meta property=\"og:title\" content=\"MAXI BEDOURET OBTUVO UN 2\u00ba LUGAR EN EL TRIATL\u00d3N DE CORONEL PRINGLES (VIDEO ENTREVISTA) - CELTTV\" \/>\n<meta property=\"og:description\" content=\"Sitio web de noticias de la localidad de Tornquist, provincia de Buenos Aires, Rep\u00fablica Argentina. Contenido propio originado por periodistas de CELTTV, el canal de TV local de la Cooperativa El\u00e9ctrica de Tornquist. Turismo, Pol\u00edtica, Sociedad, Deporte, Cultura y todo el contenido de inter\u00e9s general que la gente del pueblo y la regi\u00f3n debe conocer.\" \/>\n<meta property=\"og:url\" content=\"https:\/\/www.celttv.com.ar\/index.php\/2019\/01\/16\/maxi-bedouret-obtuvo-un-2o-lugar-en-el-triatlon-de-coronel-pringles-video-entrevista\/\" \/>\n<meta property=\"og:site_name\" content=\"CELTTV\" \/>\n<meta property=\"article:publisher\" content=\"https:\/\/www.facebook.com\/celtTV\/\" \/>\n<meta property=\"article:published_time\" content=\"2019-01-16T22:34:22+00:00\" \/>\n<meta property=\"og:image\" content=\"https:\/\/www.celttv.com.ar\/wp-content\/uploads\/2019\/01\/50155044_1929854127160516_2665382031596191744_n.jpg\" \/>\n\t<meta property=\"og:image:width\" content=\"548\" \/>\n\t<meta property=\"og:image:height\" content=\"515\" \/>\n\t<meta property=\"og:image:type\" content=\"image\/jpeg\" \/>\n<meta name=\"author\" content=\"ulises\" \/>\n<meta name=\"twitter:card\" content=\"summary_large_image\" \/>\n<meta name=\"twitter:label1\" content=\"Escrito por\" \/>\n\t<meta name=\"twitter:data1\" content=\"ulises\" \/>\n<script type=\"application\/ld+json\" class=\"yoast-schema-graph\">{\"@context\":\"https:\/\/schema.org\",\"@graph\":[{\"@type\":\"NewsArticle\",\"@id\":\"https:\/\/www.celttv.com.ar\/index.php\/2019\/01\/16\/maxi-bedouret-obtuvo-un-2o-lugar-en-el-triatlon-de-coronel-pringles-video-entrevista\/#article\",\"isPartOf\":{\"@id\":\"https:\/\/www.celttv.com.ar\/index.php\/2019\/01\/16\/maxi-bedouret-obtuvo-un-2o-lugar-en-el-triatlon-de-coronel-pringles-video-entrevista\/\"},\"author\":{\"name\":\"ulises\",\"@id\":\"https:\/\/www.celttv.com.ar\/#\/schema\/person\/6d99c072dba59953809c81446e9d0ace\"},\"headline\":\"MAXI BEDOURET OBTUVO UN 2\u00ba LUGAR EN EL TRIATL\u00d3N DE CORONEL PRINGLES (VIDEO ENTREVISTA)\",\"datePublished\":\"2019-01-16T22:34:22+00:00\",\"dateModified\":\"2019-01-16T22:34:22+00:00\",\"mainEntityOfPage\":{\"@id\":\"https:\/\/www.celttv.com.ar\/index.php\/2019\/01\/16\/maxi-bedouret-obtuvo-un-2o-lugar-en-el-triatlon-de-coronel-pringles-video-entrevista\/\"},\"wordCount\":49,\"publisher\":{\"@id\":\"https:\/\/www.celttv.com.ar\/#organization\"},\"articleSection\":[\"Celt TV Noticias\",\"Deporte\",\"Destacadas\",\"Magazine Sport\"],\"inLanguage\":\"es\"},{\"@type\":\"WebPage\",\"@id\":\"https:\/\/www.celttv.com.ar\/index.php\/2019\/01\/16\/maxi-bedouret-obtuvo-un-2o-lugar-en-el-triatlon-de-coronel-pringles-video-entrevista\/\",\"url\":\"https:\/\/www.celttv.com.ar\/index.php\/2019\/01\/16\/maxi-bedouret-obtuvo-un-2o-lugar-en-el-triatlon-de-coronel-pringles-video-entrevista\/\",\"name\":\"MAXI BEDOURET OBTUVO UN 2\u00ba LUGAR EN EL TRIATL\u00d3N DE CORONEL PRINGLES (VIDEO ENTREVISTA) - CELTTV\",\"isPartOf\":{\"@id\":\"https:\/\/www.celttv.com.ar\/#website\"},\"datePublished\":\"2019-01-16T22:34:22+00:00\",\"dateModified\":\"2019-01-16T22:34:22+00:00\",\"description\":\"Sitio web de noticias de la localidad de Tornquist, provincia de Buenos Aires, Rep\u00fablica Argentina. Contenido propio originado por periodistas de CELTTV, el canal de TV local de la Cooperativa El\u00e9ctrica de Tornquist. Turismo, Pol\u00edtica, Sociedad, Deporte, Cultura y todo el contenido de inter\u00e9s general que la gente del pueblo y la regi\u00f3n debe conocer.\",\"breadcrumb\":{\"@id\":\"https:\/\/www.celttv.com.ar\/index.php\/2019\/01\/16\/maxi-bedouret-obtuvo-un-2o-lugar-en-el-triatlon-de-coronel-pringles-video-entrevista\/#breadcrumb\"},\"inLanguage\":\"es\",\"potentialAction\":[{\"@type\":\"ReadAction\",\"target\":[\"https:\/\/www.celttv.com.ar\/index.php\/2019\/01\/16\/maxi-bedouret-obtuvo-un-2o-lugar-en-el-triatlon-de-coronel-pringles-video-entrevista\/\"]}]},{\"@type\":\"BreadcrumbList\",\"@id\":\"https:\/\/www.celttv.com.ar\/index.php\/2019\/01\/16\/maxi-bedouret-obtuvo-un-2o-lugar-en-el-triatlon-de-coronel-pringles-video-entrevista\/#breadcrumb\",\"itemListElement\":[{\"@type\":\"ListItem\",\"position\":1,\"name\":\"Inicio\",\"item\":\"https:\/\/www.celttv.com.ar\/\"},{\"@type\":\"ListItem\",\"position\":2,\"name\":\"MAXI BEDOURET OBTUVO UN 2\u00ba LUGAR EN EL TRIATL\u00d3N DE CORONEL PRINGLES (VIDEO ENTREVISTA)\"}]},{\"@type\":\"WebSite\",\"@id\":\"https:\/\/www.celttv.com.ar\/#website\",\"url\":\"https:\/\/www.celttv.com.ar\/\",\"name\":\"CELTTV\",\"description\":\"Cooperativa El\u00e9ctrica de Tornquist\",\"publisher\":{\"@id\":\"https:\/\/www.celttv.com.ar\/#organization\"},\"potentialAction\":[{\"@type\":\"SearchAction\",\"target\":{\"@type\":\"EntryPoint\",\"urlTemplate\":\"https:\/\/www.celttv.com.ar\/?s={search_term_string}\"},\"query-input\":\"required name=search_term_string\"}],\"inLanguage\":\"es\"},{\"@type\":\"Organization\",\"@id\":\"https:\/\/www.celttv.com.ar\/#organization\",\"name\":\"CELTTV\",\"url\":\"https:\/\/www.celttv.com.ar\/\",\"sameAs\":[\"https:\/\/www.youtube.com\/channel\/UCz_oIt8Hig64Ub-EmcNPIhg\",\"https:\/\/www.facebook.com\/celtTV\/\"],\"logo\":{\"@type\":\"ImageObject\",\"inLanguage\":\"es\",\"@id\":\"https:\/\/www.celttv.com.ar\/#\/schema\/logo\/image\/\",\"url\":\"http:\/\/www.celttv.com.ar\/wp-content\/uploads\/2022\/08\/logo-1.png\",\"contentUrl\":\"http:\/\/www.celttv.com.ar\/wp-content\/uploads\/2022\/08\/logo-1.png\",\"width\":461,\"height\":159,\"caption\":\"CELTTV\"},\"image\":{\"@id\":\"https:\/\/www.celttv.com.ar\/#\/schema\/logo\/image\/\"}},{\"@type\":\"Person\",\"@id\":\"https:\/\/www.celttv.com.ar\/#\/schema\/person\/6d99c072dba59953809c81446e9d0ace\",\"name\":\"ulises\",\"image\":{\"@type\":\"ImageObject\",\"inLanguage\":\"es\",\"@id\":\"https:\/\/www.celttv.com.ar\/#\/schema\/person\/image\/\",\"url\":\"https:\/\/secure.gravatar.com\/avatar\/7f2c48bdc33b30088f941fb6082e555f2874c98e20cb159d7b92b50eadfce793?s=96&d=mm&r=g\",\"contentUrl\":\"https:\/\/secure.gravatar.com\/avatar\/7f2c48bdc33b30088f941fb6082e555f2874c98e20cb159d7b92b50eadfce793?s=96&d=mm&r=g\",\"caption\":\"ulises\"},\"sameAs\":[\"http:\/\/www.celttv.com.ar\"]}]}<\/script>\n<!-- \/ Yoast SEO plugin. -->","yoast_head_json":{"title":"MAXI BEDOURET OBTUVO UN 2\u00ba LUGAR EN EL TRIATL\u00d3N DE CORONEL PRINGLES (VIDEO ENTREVISTA) - CELTTV","description":"Sitio web de noticias de la localidad de Tornquist, provincia de Buenos Aires, Rep\u00fablica Argentina. Contenido propio originado por periodistas de CELTTV, el canal de TV local de la Cooperativa El\u00e9ctrica de Tornquist. Turismo, Pol\u00edtica, Sociedad, Deporte, Cultura y todo el contenido de inter\u00e9s general que la gente del pueblo y la regi\u00f3n debe conocer.","robots":{"index":"index","follow":"follow","max-snippet":"max-snippet:-1","max-image-preview":"max-image-preview:large","max-video-preview":"max-video-preview:-1"},"canonical":"https:\/\/www.celttv.com.ar\/index.php\/2019\/01\/16\/maxi-bedouret-obtuvo-un-2o-lugar-en-el-triatlon-de-coronel-pringles-video-entrevista\/","og_locale":"es_ES","og_type":"article","og_title":"MAXI BEDOURET OBTUVO UN 2\u00ba LUGAR EN EL TRIATL\u00d3N DE CORONEL PRINGLES (VIDEO ENTREVISTA) - CELTTV","og_description":"Sitio web de noticias de la localidad de Tornquist, provincia de Buenos Aires, Rep\u00fablica Argentina. Contenido propio originado por periodistas de CELTTV, el canal de TV local de la Cooperativa El\u00e9ctrica de Tornquist. Turismo, Pol\u00edtica, Sociedad, Deporte, Cultura y todo el contenido de inter\u00e9s general que la gente del pueblo y la regi\u00f3n debe conocer.","og_url":"https:\/\/www.celttv.com.ar\/index.php\/2019\/01\/16\/maxi-bedouret-obtuvo-un-2o-lugar-en-el-triatlon-de-coronel-pringles-video-entrevista\/","og_site_name":"CELTTV","article_publisher":"https:\/\/www.facebook.com\/celtTV\/","article_published_time":"2019-01-16T22:34:22+00:00","og_image":[{"width":548,"height":515,"url":"https:\/\/www.celttv.com.ar\/wp-content\/uploads\/2019\/01\/50155044_1929854127160516_2665382031596191744_n.jpg","type":"image\/jpeg"}],"author":"ulises","twitter_card":"summary_large_image","twitter_misc":{"Escrito por":"ulises"},"schema":{"@context":"https:\/\/schema.org","@graph":[{"@type":"NewsArticle","@id":"https:\/\/www.celttv.com.ar\/index.php\/2019\/01\/16\/maxi-bedouret-obtuvo-un-2o-lugar-en-el-triatlon-de-coronel-pringles-video-entrevista\/#article","isPartOf":{"@id":"https:\/\/www.celttv.com.ar\/index.php\/2019\/01\/16\/maxi-bedouret-obtuvo-un-2o-lugar-en-el-triatlon-de-coronel-pringles-video-entrevista\/"},"author":{"name":"ulises","@id":"https:\/\/www.celttv.com.ar\/#\/schema\/person\/6d99c072dba59953809c81446e9d0ace"},"headline":"MAXI BEDOURET OBTUVO UN 2\u00ba LUGAR EN EL TRIATL\u00d3N DE CORONEL PRINGLES (VIDEO ENTREVISTA)","datePublished":"2019-01-16T22:34:22+00:00","dateModified":"2019-01-16T22:34:22+00:00","mainEntityOfPage":{"@id":"https:\/\/www.celttv.com.ar\/index.php\/2019\/01\/16\/maxi-bedouret-obtuvo-un-2o-lugar-en-el-triatlon-de-coronel-pringles-video-entrevista\/"},"wordCount":49,"publisher":{"@id":"https:\/\/www.celttv.com.ar\/#organization"},"articleSection":["Celt TV Noticias","Deporte","Destacadas","Magazine Sport"],"inLanguage":"es"},{"@type":"WebPage","@id":"https:\/\/www.celttv.com.ar\/index.php\/2019\/01\/16\/maxi-bedouret-obtuvo-un-2o-lugar-en-el-triatlon-de-coronel-pringles-video-entrevista\/","url":"https:\/\/www.celttv.com.ar\/index.php\/2019\/01\/16\/maxi-bedouret-obtuvo-un-2o-lugar-en-el-triatlon-de-coronel-pringles-video-entrevista\/","name":"MAXI BEDOURET OBTUVO UN 2\u00ba LUGAR EN EL TRIATL\u00d3N DE CORONEL PRINGLES (VIDEO ENTREVISTA) - CELTTV","isPartOf":{"@id":"https:\/\/www.celttv.com.ar\/#website"},"datePublished":"2019-01-16T22:34:22+00:00","dateModified":"2019-01-16T22:34:22+00:00","description":"Sitio web de noticias de la localidad de Tornquist, provincia de Buenos Aires, Rep\u00fablica Argentina. Contenido propio originado por periodistas de CELTTV, el canal de TV local de la Cooperativa El\u00e9ctrica de Tornquist. Turismo, Pol\u00edtica, Sociedad, Deporte, Cultura y todo el contenido de inter\u00e9s general que la gente del pueblo y la regi\u00f3n debe conocer.","breadcrumb":{"@id":"https:\/\/www.celttv.com.ar\/index.php\/2019\/01\/16\/maxi-bedouret-obtuvo-un-2o-lugar-en-el-triatlon-de-coronel-pringles-video-entrevista\/#breadcrumb"},"inLanguage":"es","potentialAction":[{"@type":"ReadAction","target":["https:\/\/www.celttv.com.ar\/index.php\/2019\/01\/16\/maxi-bedouret-obtuvo-un-2o-lugar-en-el-triatlon-de-coronel-pringles-video-entrevista\/"]}]},{"@type":"BreadcrumbList","@id":"https:\/\/www.celttv.com.ar\/index.php\/2019\/01\/16\/maxi-bedouret-obtuvo-un-2o-lugar-en-el-triatlon-de-coronel-pringles-video-entrevista\/#breadcrumb","itemListElement":[{"@type":"ListItem","position":1,"name":"Inicio","item":"https:\/\/www.celttv.com.ar\/"},{"@type":"ListItem","position":2,"name":"MAXI BEDOURET OBTUVO UN 2\u00ba LUGAR EN EL TRIATL\u00d3N DE CORONEL PRINGLES (VIDEO ENTREVISTA)"}]},{"@type":"WebSite","@id":"https:\/\/www.celttv.com.ar\/#website","url":"https:\/\/www.celttv.com.ar\/","name":"CELTTV","description":"Cooperativa El\u00e9ctrica de Tornquist","publisher":{"@id":"https:\/\/www.celttv.com.ar\/#organization"},"potentialAction":[{"@type":"SearchAction","target":{"@type":"EntryPoint","urlTemplate":"https:\/\/www.celttv.com.ar\/?s={search_term_string}"},"query-input":"required name=search_term_string"}],"inLanguage":"es"},{"@type":"Organization","@id":"https:\/\/www.celttv.com.ar\/#organization","name":"CELTTV","url":"https:\/\/www.celttv.com.ar\/","sameAs":["https:\/\/www.youtube.com\/channel\/UCz_oIt8Hig64Ub-EmcNPIhg","https:\/\/www.facebook.com\/celtTV\/"],"logo":{"@type":"ImageObject","inLanguage":"es","@id":"https:\/\/www.celttv.com.ar\/#\/schema\/logo\/image\/","url":"http:\/\/www.celttv.com.ar\/wp-content\/uploads\/2022\/08\/logo-1.png","contentUrl":"http:\/\/www.celttv.com.ar\/wp-content\/uploads\/2022\/08\/logo-1.png","width":461,"height":159,"caption":"CELTTV"},"image":{"@id":"https:\/\/www.celttv.com.ar\/#\/schema\/logo\/image\/"}},{"@type":"Person","@id":"https:\/\/www.celttv.com.ar\/#\/schema\/person\/6d99c072dba59953809c81446e9d0ace","name":"ulises","image":{"@type":"ImageObject","inLanguage":"es","@id":"https:\/\/www.celttv.com.ar\/#\/schema\/person\/image\/","url":"https:\/\/secure.gravatar.com\/avatar\/7f2c48bdc33b30088f941fb6082e555f2874c98e20cb159d7b92b50eadfce793?s=96&d=mm&r=g","contentUrl":"https:\/\/secure.gravatar.com\/avatar\/7f2c48bdc33b30088f941fb6082e555f2874c98e20cb159d7b92b50eadfce793?s=96&d=mm&r=g","caption":"ulises"},"sameAs":["http:\/\/www.celttv.com.ar"]}]}},"_links":{"self":[{"href":"https:\/\/www.celttv.com.ar\/index.php\/wp-json\/wp\/v2\/posts\/39488","targetHints":{"allow":["GET"]}}],"collection":[{"href":"https:\/\/www.celttv.com.ar\/index.php\/wp-json\/wp\/v2\/posts"}],"about":[{"href":"https:\/\/www.celttv.com.ar\/index.php\/wp-json\/wp\/v2\/types\/post"}],"author":[{"embeddable":true,"href":"https:\/\/www.celttv.com.ar\/index.php\/wp-json\/wp\/v2\/users\/1"}],"replies":[{"embeddable":true,"href":"https:\/\/www.celttv.com.ar\/index.php\/wp-json\/wp\/v2\/comments?post=39488"}],"version-history":[{"count":0,"href":"https:\/\/www.celttv.com.ar\/index.php\/wp-json\/wp\/v2\/posts\/39488\/revisions"}],"wp:featuredmedia":[{"embeddable":true,"href":"https:\/\/www.celttv.com.ar\/index.php\/wp-json\/wp\/v2\/media\/39491"}],"wp:attachment":[{"href":"https:\/\/www.celttv.com.ar\/index.php\/wp-json\/wp\/v2\/media?parent=39488"}],"wp:term":[{"taxonomy":"category","embeddable":true,"href":"https:\/\/www.celttv.com.ar\/index.php\/wp-json\/wp\/v2\/categories?post=39488"},{"taxonomy":"post_tag","embeddable":true,"href":"https:\/\/www.celttv.com.ar\/index.php\/wp-json\/wp\/v2\/tags?post=39488"}],"curies":[{"name":"wp","href":"https:\/\/api.w.org\/{rel}","templated":true}]}}