{"id":39495,"date":"2019-01-17T00:02:42","date_gmt":"2019-01-17T00:02:42","guid":{"rendered":"http:\/\/www.celttv.com.ar\/?p=39495"},"modified":"2019-01-17T00:02:42","modified_gmt":"2019-01-17T00:02:42","slug":"homenaje-de-gimnasia-y-esgrima-de-comodoro-rivadavia-a-pablo-moldu","status":"publish","type":"post","link":"https:\/\/www.celttv.com.ar\/index.php\/2019\/01\/17\/homenaje-de-gimnasia-y-esgrima-de-comodoro-rivadavia-a-pablo-moldu\/","title":{"rendered":"HOMENAJE DE GIMNASIA Y ESGRIMA DE COMODORO RIVADAVIA A PABLO MOLD\u00da"},"content":{"rendered":"<p>Este 13 febrero en una gran celebraci\u00f3n, en el estadio Socios Fudadores, Gimnasia y Esgrima de Comodoro Rivadavia retirar\u00e1 las camisetas n\u00famero 7 de Pablo Mold\u00fa y 8 de Gabriel Cocha, jugadores que llevaron a lo m\u00e1s alto al Verde.<\/p>\n<p>El club patag\u00f3nico va palpitando sus 100 a\u00f1os de vida. Este s\u00e1bado, a trav\u00e9s de sus redes sociales, anunciaron que el 13 de febrero el \u201cVerde\u201d retirar\u00e1 las camisetas de Pablo Mold\u00fa y Gabriel Cocha.<\/p>\n<p>Pablo Mold\u00fa, de ra\u00edces tornquistenses, es uno de los emblemas (junto a Gabriel Cocha) del equipo comodorense y por ese motivo tendr\u00e1n su merecido homenaje el d\u00eda que el club estar\u00e1 cumpliendo 100 a\u00f1os.<\/p>\n<p><strong>DATO. <\/strong>Pablo lleg\u00f3 al club a los 14 a\u00f1os y form\u00f3 parte de la cantera, dirigida por Le\u00f3n Najnudel y Enrique Tocachier, luego se sum\u00f3 al equipo profesional y se convirti\u00f3 en uno de los jugadores con m\u00e1s temporadas en el \u201cVerde\u201d (11); integr\u00f3 el equipo campe\u00f3n de la Liga Nacional, jugando los 58 partidos de esa temporada.<\/p>\n<p><a href=\"http:\/\/www.celttv.com.ar\/?attachment_id=39498\" rel=\"attachment wp-att-39498\"><img loading=\"lazy\" decoding=\"async\" class=\"alignleft size-medium wp-image-39498\" src=\"http:\/\/www.celttv.com.ar\/wp-content\/uploads\/2019\/01\/49898262_10157444030784947_5185415991869308928_n-780x674.jpg\" alt=\"\" width=\"780\" height=\"674\" \/><\/a><\/p>\n","protected":false},"excerpt":{"rendered":"<p>Este 13 febrero en una gran celebraci\u00f3n, en el estadio Socios Fudadores, Gimnasia y Esgrima de Comodoro Rivadavia retirar\u00e1 las camisetas n\u00famero 7 de Pablo Mold\u00fa y 8 de Gabriel Cocha, jugadores que llevaron a lo m\u00e1s alto al Verde. El club patag\u00f3nico va palpitando sus 100 a\u00f1os de vida. Este s\u00e1bado, a trav\u00e9s de [&hellip;]<\/p>\n","protected":false},"author":1,"featured_media":39497,"comment_status":"closed","ping_status":"open","sticky":false,"template":"","format":"standard","meta":{"footnotes":""},"categories":[55,60,52,63],"tags":[],"class_list":["post-39495","post","type-post","status-publish","format-standard","has-post-thumbnail","hentry","category-celt-tv-noticias","category-deporte","category-destacadas","category-magazine-sport"],"yoast_head":"<!-- This site is optimized with the Yoast SEO plugin v19.7.1 - https:\/\/yoast.com\/wordpress\/plugins\/seo\/ -->\n<title>HOMENAJE DE GIMNASIA Y ESGRIMA DE COMODORO RIVADAVIA A PABLO MOLD\u00da - CELTTV<\/title>\n<meta name=\"description\" content=\"Sitio web de noticias de la localidad de Tornquist, provincia de Buenos Aires, Rep\u00fablica Argentina. Contenido propio originado por periodistas de CELTTV, el canal de TV local de la Cooperativa El\u00e9ctrica de Tornquist. Turismo, Pol\u00edtica, Sociedad, Deporte, Cultura y todo el contenido de inter\u00e9s general que la gente del pueblo y la regi\u00f3n debe conocer.\" \/>\n<meta name=\"robots\" content=\"index, follow, max-snippet:-1, max-image-preview:large, max-video-preview:-1\" \/>\n<link rel=\"canonical\" href=\"https:\/\/www.celttv.com.ar\/index.php\/2019\/01\/17\/homenaje-de-gimnasia-y-esgrima-de-comodoro-rivadavia-a-pablo-moldu\/\" \/>\n<meta property=\"og:locale\" content=\"es_ES\" \/>\n<meta property=\"og:type\" content=\"article\" \/>\n<meta property=\"og:title\" content=\"HOMENAJE DE GIMNASIA Y ESGRIMA DE COMODORO RIVADAVIA A PABLO MOLD\u00da - CELTTV\" \/>\n<meta property=\"og:description\" content=\"Sitio web de noticias de la localidad de Tornquist, provincia de Buenos Aires, Rep\u00fablica Argentina. Contenido propio originado por periodistas de CELTTV, el canal de TV local de la Cooperativa El\u00e9ctrica de Tornquist. Turismo, Pol\u00edtica, Sociedad, Deporte, Cultura y todo el contenido de inter\u00e9s general que la gente del pueblo y la regi\u00f3n debe conocer.\" \/>\n<meta property=\"og:url\" content=\"https:\/\/www.celttv.com.ar\/index.php\/2019\/01\/17\/homenaje-de-gimnasia-y-esgrima-de-comodoro-rivadavia-a-pablo-moldu\/\" \/>\n<meta property=\"og:site_name\" content=\"CELTTV\" \/>\n<meta property=\"article:publisher\" content=\"https:\/\/www.facebook.com\/celtTV\/\" \/>\n<meta property=\"article:published_time\" content=\"2019-01-17T00:02:42+00:00\" \/>\n<meta property=\"og:image\" content=\"https:\/\/www.celttv.com.ar\/wp-content\/uploads\/2019\/01\/0010604992.jpg\" \/>\n\t<meta property=\"og:image:width\" content=\"790\" \/>\n\t<meta property=\"og:image:height\" content=\"444\" \/>\n\t<meta property=\"og:image:type\" content=\"image\/jpeg\" \/>\n<meta name=\"author\" content=\"ulises\" \/>\n<meta name=\"twitter:card\" content=\"summary_large_image\" \/>\n<meta name=\"twitter:label1\" content=\"Escrito por\" \/>\n\t<meta name=\"twitter:data1\" content=\"ulises\" \/>\n\t<meta name=\"twitter:label2\" content=\"Tiempo de lectura\" \/>\n\t<meta name=\"twitter:data2\" content=\"1 minuto\" \/>\n<script type=\"application\/ld+json\" class=\"yoast-schema-graph\">{\"@context\":\"https:\/\/schema.org\",\"@graph\":[{\"@type\":\"NewsArticle\",\"@id\":\"https:\/\/www.celttv.com.ar\/index.php\/2019\/01\/17\/homenaje-de-gimnasia-y-esgrima-de-comodoro-rivadavia-a-pablo-moldu\/#article\",\"isPartOf\":{\"@id\":\"https:\/\/www.celttv.com.ar\/index.php\/2019\/01\/17\/homenaje-de-gimnasia-y-esgrima-de-comodoro-rivadavia-a-pablo-moldu\/\"},\"author\":{\"name\":\"ulises\",\"@id\":\"https:\/\/www.celttv.com.ar\/#\/schema\/person\/6d99c072dba59953809c81446e9d0ace\"},\"headline\":\"HOMENAJE DE GIMNASIA Y ESGRIMA DE COMODORO RIVADAVIA A PABLO MOLD\u00da\",\"datePublished\":\"2019-01-17T00:02:42+00:00\",\"dateModified\":\"2019-01-17T00:02:42+00:00\",\"mainEntityOfPage\":{\"@id\":\"https:\/\/www.celttv.com.ar\/index.php\/2019\/01\/17\/homenaje-de-gimnasia-y-esgrima-de-comodoro-rivadavia-a-pablo-moldu\/\"},\"wordCount\":184,\"publisher\":{\"@id\":\"https:\/\/www.celttv.com.ar\/#organization\"},\"articleSection\":[\"Celt TV Noticias\",\"Deporte\",\"Destacadas\",\"Magazine Sport\"],\"inLanguage\":\"es\"},{\"@type\":\"WebPage\",\"@id\":\"https:\/\/www.celttv.com.ar\/index.php\/2019\/01\/17\/homenaje-de-gimnasia-y-esgrima-de-comodoro-rivadavia-a-pablo-moldu\/\",\"url\":\"https:\/\/www.celttv.com.ar\/index.php\/2019\/01\/17\/homenaje-de-gimnasia-y-esgrima-de-comodoro-rivadavia-a-pablo-moldu\/\",\"name\":\"HOMENAJE DE GIMNASIA Y ESGRIMA DE COMODORO RIVADAVIA A PABLO MOLD\u00da - CELTTV\",\"isPartOf\":{\"@id\":\"https:\/\/www.celttv.com.ar\/#website\"},\"datePublished\":\"2019-01-17T00:02:42+00:00\",\"dateModified\":\"2019-01-17T00:02:42+00:00\",\"description\":\"Sitio web de noticias de la localidad de Tornquist, provincia de Buenos Aires, Rep\u00fablica Argentina. Contenido propio originado por periodistas de CELTTV, el canal de TV local de la Cooperativa El\u00e9ctrica de Tornquist. Turismo, Pol\u00edtica, Sociedad, Deporte, Cultura y todo el contenido de inter\u00e9s general que la gente del pueblo y la regi\u00f3n debe conocer.\",\"breadcrumb\":{\"@id\":\"https:\/\/www.celttv.com.ar\/index.php\/2019\/01\/17\/homenaje-de-gimnasia-y-esgrima-de-comodoro-rivadavia-a-pablo-moldu\/#breadcrumb\"},\"inLanguage\":\"es\",\"potentialAction\":[{\"@type\":\"ReadAction\",\"target\":[\"https:\/\/www.celttv.com.ar\/index.php\/2019\/01\/17\/homenaje-de-gimnasia-y-esgrima-de-comodoro-rivadavia-a-pablo-moldu\/\"]}]},{\"@type\":\"BreadcrumbList\",\"@id\":\"https:\/\/www.celttv.com.ar\/index.php\/2019\/01\/17\/homenaje-de-gimnasia-y-esgrima-de-comodoro-rivadavia-a-pablo-moldu\/#breadcrumb\",\"itemListElement\":[{\"@type\":\"ListItem\",\"position\":1,\"name\":\"Inicio\",\"item\":\"https:\/\/www.celttv.com.ar\/\"},{\"@type\":\"ListItem\",\"position\":2,\"name\":\"HOMENAJE DE GIMNASIA Y ESGRIMA DE COMODORO RIVADAVIA A PABLO MOLD\u00da\"}]},{\"@type\":\"WebSite\",\"@id\":\"https:\/\/www.celttv.com.ar\/#website\",\"url\":\"https:\/\/www.celttv.com.ar\/\",\"name\":\"CELTTV\",\"description\":\"Cooperativa El\u00e9ctrica de Tornquist\",\"publisher\":{\"@id\":\"https:\/\/www.celttv.com.ar\/#organization\"},\"potentialAction\":[{\"@type\":\"SearchAction\",\"target\":{\"@type\":\"EntryPoint\",\"urlTemplate\":\"https:\/\/www.celttv.com.ar\/?s={search_term_string}\"},\"query-input\":\"required name=search_term_string\"}],\"inLanguage\":\"es\"},{\"@type\":\"Organization\",\"@id\":\"https:\/\/www.celttv.com.ar\/#organization\",\"name\":\"CELTTV\",\"url\":\"https:\/\/www.celttv.com.ar\/\",\"sameAs\":[\"https:\/\/www.youtube.com\/channel\/UCz_oIt8Hig64Ub-EmcNPIhg\",\"https:\/\/www.facebook.com\/celtTV\/\"],\"logo\":{\"@type\":\"ImageObject\",\"inLanguage\":\"es\",\"@id\":\"https:\/\/www.celttv.com.ar\/#\/schema\/logo\/image\/\",\"url\":\"http:\/\/www.celttv.com.ar\/wp-content\/uploads\/2022\/08\/logo-1.png\",\"contentUrl\":\"http:\/\/www.celttv.com.ar\/wp-content\/uploads\/2022\/08\/logo-1.png\",\"width\":461,\"height\":159,\"caption\":\"CELTTV\"},\"image\":{\"@id\":\"https:\/\/www.celttv.com.ar\/#\/schema\/logo\/image\/\"}},{\"@type\":\"Person\",\"@id\":\"https:\/\/www.celttv.com.ar\/#\/schema\/person\/6d99c072dba59953809c81446e9d0ace\",\"name\":\"ulises\",\"image\":{\"@type\":\"ImageObject\",\"inLanguage\":\"es\",\"@id\":\"https:\/\/www.celttv.com.ar\/#\/schema\/person\/image\/\",\"url\":\"https:\/\/secure.gravatar.com\/avatar\/7f2c48bdc33b30088f941fb6082e555f2874c98e20cb159d7b92b50eadfce793?s=96&d=mm&r=g\",\"contentUrl\":\"https:\/\/secure.gravatar.com\/avatar\/7f2c48bdc33b30088f941fb6082e555f2874c98e20cb159d7b92b50eadfce793?s=96&d=mm&r=g\",\"caption\":\"ulises\"},\"sameAs\":[\"http:\/\/www.celttv.com.ar\"]}]}<\/script>\n<!-- \/ Yoast SEO plugin. -->","yoast_head_json":{"title":"HOMENAJE DE GIMNASIA Y ESGRIMA DE COMODORO RIVADAVIA A PABLO MOLD\u00da - CELTTV","description":"Sitio web de noticias de la localidad de Tornquist, provincia de Buenos Aires, Rep\u00fablica Argentina. Contenido propio originado por periodistas de CELTTV, el canal de TV local de la Cooperativa El\u00e9ctrica de Tornquist. Turismo, Pol\u00edtica, Sociedad, Deporte, Cultura y todo el contenido de inter\u00e9s general que la gente del pueblo y la regi\u00f3n debe conocer.","robots":{"index":"index","follow":"follow","max-snippet":"max-snippet:-1","max-image-preview":"max-image-preview:large","max-video-preview":"max-video-preview:-1"},"canonical":"https:\/\/www.celttv.com.ar\/index.php\/2019\/01\/17\/homenaje-de-gimnasia-y-esgrima-de-comodoro-rivadavia-a-pablo-moldu\/","og_locale":"es_ES","og_type":"article","og_title":"HOMENAJE DE GIMNASIA Y ESGRIMA DE COMODORO RIVADAVIA A PABLO MOLD\u00da - CELTTV","og_description":"Sitio web de noticias de la localidad de Tornquist, provincia de Buenos Aires, Rep\u00fablica Argentina. Contenido propio originado por periodistas de CELTTV, el canal de TV local de la Cooperativa El\u00e9ctrica de Tornquist. Turismo, Pol\u00edtica, Sociedad, Deporte, Cultura y todo el contenido de inter\u00e9s general que la gente del pueblo y la regi\u00f3n debe conocer.","og_url":"https:\/\/www.celttv.com.ar\/index.php\/2019\/01\/17\/homenaje-de-gimnasia-y-esgrima-de-comodoro-rivadavia-a-pablo-moldu\/","og_site_name":"CELTTV","article_publisher":"https:\/\/www.facebook.com\/celtTV\/","article_published_time":"2019-01-17T00:02:42+00:00","og_image":[{"width":790,"height":444,"url":"https:\/\/www.celttv.com.ar\/wp-content\/uploads\/2019\/01\/0010604992.jpg","type":"image\/jpeg"}],"author":"ulises","twitter_card":"summary_large_image","twitter_misc":{"Escrito por":"ulises","Tiempo de lectura":"1 minuto"},"schema":{"@context":"https:\/\/schema.org","@graph":[{"@type":"NewsArticle","@id":"https:\/\/www.celttv.com.ar\/index.php\/2019\/01\/17\/homenaje-de-gimnasia-y-esgrima-de-comodoro-rivadavia-a-pablo-moldu\/#article","isPartOf":{"@id":"https:\/\/www.celttv.com.ar\/index.php\/2019\/01\/17\/homenaje-de-gimnasia-y-esgrima-de-comodoro-rivadavia-a-pablo-moldu\/"},"author":{"name":"ulises","@id":"https:\/\/www.celttv.com.ar\/#\/schema\/person\/6d99c072dba59953809c81446e9d0ace"},"headline":"HOMENAJE DE GIMNASIA Y ESGRIMA DE COMODORO RIVADAVIA A PABLO MOLD\u00da","datePublished":"2019-01-17T00:02:42+00:00","dateModified":"2019-01-17T00:02:42+00:00","mainEntityOfPage":{"@id":"https:\/\/www.celttv.com.ar\/index.php\/2019\/01\/17\/homenaje-de-gimnasia-y-esgrima-de-comodoro-rivadavia-a-pablo-moldu\/"},"wordCount":184,"publisher":{"@id":"https:\/\/www.celttv.com.ar\/#organization"},"articleSection":["Celt TV Noticias","Deporte","Destacadas","Magazine Sport"],"inLanguage":"es"},{"@type":"WebPage","@id":"https:\/\/www.celttv.com.ar\/index.php\/2019\/01\/17\/homenaje-de-gimnasia-y-esgrima-de-comodoro-rivadavia-a-pablo-moldu\/","url":"https:\/\/www.celttv.com.ar\/index.php\/2019\/01\/17\/homenaje-de-gimnasia-y-esgrima-de-comodoro-rivadavia-a-pablo-moldu\/","name":"HOMENAJE DE GIMNASIA Y ESGRIMA DE COMODORO RIVADAVIA A PABLO MOLD\u00da - CELTTV","isPartOf":{"@id":"https:\/\/www.celttv.com.ar\/#website"},"datePublished":"2019-01-17T00:02:42+00:00","dateModified":"2019-01-17T00:02:42+00:00","description":"Sitio web de noticias de la localidad de Tornquist, provincia de Buenos Aires, Rep\u00fablica Argentina. Contenido propio originado por periodistas de CELTTV, el canal de TV local de la Cooperativa El\u00e9ctrica de Tornquist. Turismo, Pol\u00edtica, Sociedad, Deporte, Cultura y todo el contenido de inter\u00e9s general que la gente del pueblo y la regi\u00f3n debe conocer.","breadcrumb":{"@id":"https:\/\/www.celttv.com.ar\/index.php\/2019\/01\/17\/homenaje-de-gimnasia-y-esgrima-de-comodoro-rivadavia-a-pablo-moldu\/#breadcrumb"},"inLanguage":"es","potentialAction":[{"@type":"ReadAction","target":["https:\/\/www.celttv.com.ar\/index.php\/2019\/01\/17\/homenaje-de-gimnasia-y-esgrima-de-comodoro-rivadavia-a-pablo-moldu\/"]}]},{"@type":"BreadcrumbList","@id":"https:\/\/www.celttv.com.ar\/index.php\/2019\/01\/17\/homenaje-de-gimnasia-y-esgrima-de-comodoro-rivadavia-a-pablo-moldu\/#breadcrumb","itemListElement":[{"@type":"ListItem","position":1,"name":"Inicio","item":"https:\/\/www.celttv.com.ar\/"},{"@type":"ListItem","position":2,"name":"HOMENAJE DE GIMNASIA Y ESGRIMA DE COMODORO RIVADAVIA A PABLO MOLD\u00da"}]},{"@type":"WebSite","@id":"https:\/\/www.celttv.com.ar\/#website","url":"https:\/\/www.celttv.com.ar\/","name":"CELTTV","description":"Cooperativa El\u00e9ctrica de Tornquist","publisher":{"@id":"https:\/\/www.celttv.com.ar\/#organization"},"potentialAction":[{"@type":"SearchAction","target":{"@type":"EntryPoint","urlTemplate":"https:\/\/www.celttv.com.ar\/?s={search_term_string}"},"query-input":"required name=search_term_string"}],"inLanguage":"es"},{"@type":"Organization","@id":"https:\/\/www.celttv.com.ar\/#organization","name":"CELTTV","url":"https:\/\/www.celttv.com.ar\/","sameAs":["https:\/\/www.youtube.com\/channel\/UCz_oIt8Hig64Ub-EmcNPIhg","https:\/\/www.facebook.com\/celtTV\/"],"logo":{"@type":"ImageObject","inLanguage":"es","@id":"https:\/\/www.celttv.com.ar\/#\/schema\/logo\/image\/","url":"http:\/\/www.celttv.com.ar\/wp-content\/uploads\/2022\/08\/logo-1.png","contentUrl":"http:\/\/www.celttv.com.ar\/wp-content\/uploads\/2022\/08\/logo-1.png","width":461,"height":159,"caption":"CELTTV"},"image":{"@id":"https:\/\/www.celttv.com.ar\/#\/schema\/logo\/image\/"}},{"@type":"Person","@id":"https:\/\/www.celttv.com.ar\/#\/schema\/person\/6d99c072dba59953809c81446e9d0ace","name":"ulises","image":{"@type":"ImageObject","inLanguage":"es","@id":"https:\/\/www.celttv.com.ar\/#\/schema\/person\/image\/","url":"https:\/\/secure.gravatar.com\/avatar\/7f2c48bdc33b30088f941fb6082e555f2874c98e20cb159d7b92b50eadfce793?s=96&d=mm&r=g","contentUrl":"https:\/\/secure.gravatar.com\/avatar\/7f2c48bdc33b30088f941fb6082e555f2874c98e20cb159d7b92b50eadfce793?s=96&d=mm&r=g","caption":"ulises"},"sameAs":["http:\/\/www.celttv.com.ar"]}]}},"_links":{"self":[{"href":"https:\/\/www.celttv.com.ar\/index.php\/wp-json\/wp\/v2\/posts\/39495","targetHints":{"allow":["GET"]}}],"collection":[{"href":"https:\/\/www.celttv.com.ar\/index.php\/wp-json\/wp\/v2\/posts"}],"about":[{"href":"https:\/\/www.celttv.com.ar\/index.php\/wp-json\/wp\/v2\/types\/post"}],"author":[{"embeddable":true,"href":"https:\/\/www.celttv.com.ar\/index.php\/wp-json\/wp\/v2\/users\/1"}],"replies":[{"embeddable":true,"href":"https:\/\/www.celttv.com.ar\/index.php\/wp-json\/wp\/v2\/comments?post=39495"}],"version-history":[{"count":0,"href":"https:\/\/www.celttv.com.ar\/index.php\/wp-json\/wp\/v2\/posts\/39495\/revisions"}],"wp:featuredmedia":[{"embeddable":true,"href":"https:\/\/www.celttv.com.ar\/index.php\/wp-json\/wp\/v2\/media\/39497"}],"wp:attachment":[{"href":"https:\/\/www.celttv.com.ar\/index.php\/wp-json\/wp\/v2\/media?parent=39495"}],"wp:term":[{"taxonomy":"category","embeddable":true,"href":"https:\/\/www.celttv.com.ar\/index.php\/wp-json\/wp\/v2\/categories?post=39495"},{"taxonomy":"post_tag","embeddable":true,"href":"https:\/\/www.celttv.com.ar\/index.php\/wp-json\/wp\/v2\/tags?post=39495"}],"curies":[{"name":"wp","href":"https:\/\/api.w.org\/{rel}","templated":true}]}}