{"id":39532,"date":"2019-01-17T14:35:14","date_gmt":"2019-01-17T14:35:14","guid":{"rendered":"http:\/\/www.celttv.com.ar\/?p=39532"},"modified":"2019-01-17T14:35:14","modified_gmt":"2019-01-17T14:35:14","slug":"la-biblioteca-popular-macedonio-fernandez-de-villa-ventana-cumplio-17-anos","status":"publish","type":"post","link":"https:\/\/www.celttv.com.ar\/index.php\/2019\/01\/17\/la-biblioteca-popular-macedonio-fernandez-de-villa-ventana-cumplio-17-anos\/","title":{"rendered":"La Biblioteca Popular Macedonio Fern\u00e1ndez de Villa Ventana cumple 17 a\u00f1os"},"content":{"rendered":"<p>El proyecto de Biblioteca Popular, surge y se plantea en el a\u00f1o 2001 como una necesidad comunitaria en vista de diferentes factores:<\/p>\n<p>\uf0fc La creciente poblaci\u00f3n en general, y en particular en edad escolar (Nivel Inicial, EGB, Polimodal y ESB).<\/p>\n<p>\uf0fc La carencia de Bibliotecas Escolares en los establecimientos educativos.<\/p>\n<p>\uf0fc La distancia que separa a Villa Ventana de otras localidades que poseen Bibliotecas Populares (Sierra de la Ventana, 17 km.; Saldungaray, 25 km.; Tornquist, 31 km.) o de librer\u00edas (Bah\u00eda Blanca, 100 km)<\/p>\n<p>\uf0fc La dificultad para acceder a informaci\u00f3n a trav\u00e9s de Internet, por su alto costo.<\/p>\n<p>\uf0fc Las inclemencias clim\u00e1ticas \u2013bajas temperaturas invernales con heladas, nevadas y lluvias intensas- que dificultan el traslado a las localidades vecinas.<\/p>\n<p>\uf0fc La gran cantidad de habitantes con inquietudes art\u00edsticas e intelectuales que requieren informaci\u00f3n sobre diversos temas.<\/p>\n<p>\uf0fc La considerable afluencia de turistas, quienes demandan una oferta alternativa que se identifique con el \u00e1mbito natural, hist\u00f3rico y cultural de nuestra zona y les brinde adem\u00e1s durante su estad\u00eda, material bibliogr\u00e1fico de su inter\u00e9s.<\/p>\n<p>En virtud de estos y otros factores, con un gran apoyo de la Comunidad y la zona, la Biblioteca abri\u00f3 sus puertas en Enero de 2002 en una casa cedida en calidad de pr\u00e9stamo por una vecina de la localidad.<\/p>\n<p>Cumple con lo establecido en el art\u00edculo 2 de la Ley 23.351 de Jurisdicci\u00f3n Nacional, en el cual se determina que las Bibliotecas Populares se constituir\u00e1n en Instituciones Activas con amplitud y pluralismo ideol\u00f3gico y tendr\u00e1n como Misi\u00f3n:<br \/>\n&#8211; Canalizar el ejercicio del derecho a la informaci\u00f3n a toda la comunidad<br \/>\n&#8211; Fomentar la lectura y dem\u00e1s t\u00e9cnicas aptas para la investigaci\u00f3n, la consulta y la recreaci\u00f3n<br \/>\n&#8211; Promover la creaci\u00f3n y difusi\u00f3n de la cultura y la educaci\u00f3n permanente del pueblo<\/p>\n<p>En particular adem\u00e1s, la Biblioteca Popular Macedonio Fern\u00e1ndez, por pertenecer a una Comarca tur\u00edstica, implement\u00f3 un espacio destinado a Informaci\u00f3n Regional, priorizando la historia del Partido, biodiversidad, leyendas, y todo lo que concierne a su Patrimonio cultural y natural.<\/p>\n<p>La Biblioteca Popular Macedonio Fern\u00e1ndez brinda los siguientes Servicios:<\/p>\n<p>SERVICIO DE CONSULTA EN SALA<br \/>\nEs libre y gratuito para todos los usuarios, quienes encontrar\u00e1n el fondo bibliogr\u00e1fico agrupado por grandes temas en estanter\u00edas de libre acceso. All\u00ed podr\u00e1 consultar:<br \/>\n\u2022 Material bibliogr\u00e1fico \u2013 libros, publicaciones peri\u00f3dicas, tesis de investigaci\u00f3n, material de referencia, folletos informativos, etc.-<br \/>\n\u2022 Informaci\u00f3n Regional \u2013recopilaci\u00f3n y organizaci\u00f3n de material vinculado a la historia, literatura, ecosistema y turismo de la zona-<br \/>\n\u2022 Rinc\u00f3n Infantil y Juvenil<br \/>\n\u2022 Rinc\u00f3n de Voces y Sonidos \u2013 archivo de m\u00fasica, audiolibros, dvd<br \/>\n\u2022 Literatura en Lenguas Extranjeras \u2013 Italiano, ingl\u00e9s, alem\u00e1n y franc\u00e9s.<br \/>\n\u2022 Rinc\u00f3n especializado derechos de las mujeres, perspectiva de g\u00e9nero y diversidad<\/p>\n<p>SERVICIO DE PR\u00c9STAMO A DOMICILIO<br \/>\nPara los Socios de la Instituci\u00f3n<\/p>\n<p>SERVICIO DE PR\u00c9STAMO ESPECIAL PARA TURISTAS<br \/>\nEs un sistema de pr\u00e9stamo mediante el cual los turistas que nos visitan pueden retirar material durante su estad\u00eda<\/p>\n<p>SERVICIO DE BIBLIOTECA AMBULANTE<\/p>\n<p>Caja Viajera, Bolsa Viajera o Los Libros Andantes, son algunos ejemplos del servicio de biblioteca ambulante que hemos implementado, teniendo en cuenta b\u00e1sicamente aquellos usuarios que, por la distancia o incompatibilidad horaria, tienen dificultades para acercarse a la biblioteca.<\/p>\n<p>SERVICIO DE INTERNET y WI FI<br \/>\nSe ofrece de manera gratuita a los usuarios en el horario de atenci\u00f3n y se asesora en las b\u00fasquedas<\/p>\n<p>SERVICIO DE PR\u00c9STAMO INTERBIBLIOTECARIO<\/p>\n<p>SERVICIO DE INFORMACI\u00d3N SELECTIVA<br \/>\nSe efect\u00faa un trabajo de atenci\u00f3n personalizada, brindando a los usuarios la informaci\u00f3n que necesitan de acuerdo a su campo de inter\u00e9s.<\/p>\n<p>ACTIVIDADES DE EXTENSI\u00d3N CULTURAL<\/p>\n<p>La Biblioteca organiza frecuentemente conferencias, conciertos, obras de teatro, presentaciones de libros, jornadas culturales y recreativas, as\u00ed como el dictado de talleres para ni\u00f1os, ni\u00f1as y adolescentes y personas adultas.<br \/>\nLa comunidad de Villa Ventana y turistas que visitan la Comarca responden con mucho inter\u00e9s a estas propuestas culturales.<\/p>\n<p>ACTIVIDADES DE EXTENSI\u00d3N BIBLIOTECARIA<\/p>\n<p>Tienen directa relaci\u00f3n y articulaci\u00f3n con los establecimientos educativos locales. Se presentan propuestas y proyectos de trabajo a las escuelas, para ser desarrolladas durante el ciclo lectivo. En general se propicia una comunicaci\u00f3n fluida y de intercambio de ideas con los docentes.<br \/>\nUn ejemplo es el proyecto de articulaci\u00f3n con el Jard\u00edn de Infantes 906 de nuestra localidad, denominado \u201cCaminos de hormigas\u201d que desde hace 6 a\u00f1os se lleva a cabo en el Rinc\u00f3n Infantil de la Biblioteca. Tiene como objetivo la formaci\u00f3n de peque\u00f1os usuarios y motivaci\u00f3n de la lectura.<br \/>\nOtro proyecto m\u00e1s reciente es el denominado \u201cArte y lectura contra la violencia de g\u00e9nero\u201d, aprobado por la Conabip y mediante el cual se est\u00e1 trabajando desde marzo de 2018 con los establecimientos secundarios. Tiene como objetivo general ofrecer a la comunidad educativa de las escuelas secundarias de Villa Ventana, oportunidades para la lectura, el debate y la expresi\u00f3n art\u00edstica en torno a la problem\u00e1tica de la violencia de g\u00e9nero con el fin de promover la equidad de g\u00e9nero en la localidad y la regi\u00f3n<\/p>\n<p>La Biblioteca adem\u00e1s, dentro de su modalidad &#8220;La Biblioteca sin barreras&#8221; participa de eventos p\u00fablicos llevando un rinc\u00f3n con material bibliogr\u00e1fico, alguna actividad complementaria acorde, y folletos para promocionar la Biblioteca y sus servicios.<\/p>\n<p>En s\u00edntesis, la Biblioteca se postula como un \u00e1mbito social de encuentro<br \/>\ne intercambio de ideas, experiencias e inquietudes que promueve la construcci\u00f3n de la identidad individual y colectiva, no s\u00f3lo de sus usuarios, sino de la comunidad a la que pertenece.<\/p>\n<p><a href=\"http:\/\/www.celttv.com.ar\/?attachment_id=39533\" rel=\"attachment wp-att-39533\"><img loading=\"lazy\" decoding=\"async\" class=\"alignleft size-medium wp-image-39533\" src=\"http:\/\/www.celttv.com.ar\/wp-content\/uploads\/2019\/01\/imagen.php_-780x602.jpg\" alt=\"\" width=\"780\" height=\"602\" \/><\/a><\/p>\n","protected":false},"excerpt":{"rendered":"<p>El proyecto de Biblioteca Popular, surge y se plantea en el a\u00f1o 2001 como una necesidad comunitaria en vista de diferentes factores: \uf0fc La creciente poblaci\u00f3n en general, y en particular en edad escolar (Nivel Inicial, EGB, Polimodal y ESB). \uf0fc La carencia de Bibliotecas Escolares en los establecimientos educativos. \uf0fc La distancia que separa [&hellip;]<\/p>\n","protected":false},"author":1,"featured_media":39533,"comment_status":"closed","ping_status":"open","sticky":false,"template":"","format":"standard","meta":{"footnotes":""},"categories":[55,51,52],"tags":[],"class_list":["post-39532","post","type-post","status-publish","format-standard","has-post-thumbnail","hentry","category-celt-tv-noticias","category-comunidad","category-destacadas"],"yoast_head":"<!-- This site is optimized with the Yoast SEO plugin v19.7.1 - https:\/\/yoast.com\/wordpress\/plugins\/seo\/ -->\n<title>La Biblioteca Popular Macedonio Fern\u00e1ndez de Villa Ventana cumple 17 a\u00f1os - CELTTV<\/title>\n<meta name=\"description\" content=\"Sitio web de noticias de la localidad de Tornquist, provincia de Buenos Aires, Rep\u00fablica Argentina. Contenido propio originado por periodistas de CELTTV, el canal de TV local de la Cooperativa El\u00e9ctrica de Tornquist. Turismo, Pol\u00edtica, Sociedad, Deporte, Cultura y todo el contenido de inter\u00e9s general que la gente del pueblo y la regi\u00f3n debe conocer.\" \/>\n<meta name=\"robots\" content=\"index, follow, max-snippet:-1, max-image-preview:large, max-video-preview:-1\" \/>\n<link rel=\"canonical\" href=\"https:\/\/www.celttv.com.ar\/index.php\/2019\/01\/17\/la-biblioteca-popular-macedonio-fernandez-de-villa-ventana-cumplio-17-anos\/\" \/>\n<meta property=\"og:locale\" content=\"es_ES\" \/>\n<meta property=\"og:type\" content=\"article\" \/>\n<meta property=\"og:title\" content=\"La Biblioteca Popular Macedonio Fern\u00e1ndez de Villa Ventana cumple 17 a\u00f1os - CELTTV\" \/>\n<meta property=\"og:description\" content=\"Sitio web de noticias de la localidad de Tornquist, provincia de Buenos Aires, Rep\u00fablica Argentina. Contenido propio originado por periodistas de CELTTV, el canal de TV local de la Cooperativa El\u00e9ctrica de Tornquist. Turismo, Pol\u00edtica, Sociedad, Deporte, Cultura y todo el contenido de inter\u00e9s general que la gente del pueblo y la regi\u00f3n debe conocer.\" \/>\n<meta property=\"og:url\" content=\"https:\/\/www.celttv.com.ar\/index.php\/2019\/01\/17\/la-biblioteca-popular-macedonio-fernandez-de-villa-ventana-cumplio-17-anos\/\" \/>\n<meta property=\"og:site_name\" content=\"CELTTV\" \/>\n<meta property=\"article:publisher\" content=\"https:\/\/www.facebook.com\/celtTV\/\" \/>\n<meta property=\"article:published_time\" content=\"2019-01-17T14:35:14+00:00\" \/>\n<meta property=\"og:image\" content=\"https:\/\/www.celttv.com.ar\/wp-content\/uploads\/2019\/01\/imagen.php_.jpg\" \/>\n\t<meta property=\"og:image:width\" content=\"800\" \/>\n\t<meta property=\"og:image:height\" content=\"617\" \/>\n\t<meta property=\"og:image:type\" content=\"image\/jpeg\" \/>\n<meta name=\"author\" content=\"ulises\" \/>\n<meta name=\"twitter:card\" content=\"summary_large_image\" \/>\n<meta name=\"twitter:label1\" content=\"Escrito por\" \/>\n\t<meta name=\"twitter:data1\" content=\"ulises\" \/>\n\t<meta name=\"twitter:label2\" content=\"Tiempo de lectura\" \/>\n\t<meta name=\"twitter:data2\" content=\"5 minutos\" \/>\n<script type=\"application\/ld+json\" class=\"yoast-schema-graph\">{\"@context\":\"https:\/\/schema.org\",\"@graph\":[{\"@type\":\"NewsArticle\",\"@id\":\"https:\/\/www.celttv.com.ar\/index.php\/2019\/01\/17\/la-biblioteca-popular-macedonio-fernandez-de-villa-ventana-cumplio-17-anos\/#article\",\"isPartOf\":{\"@id\":\"https:\/\/www.celttv.com.ar\/index.php\/2019\/01\/17\/la-biblioteca-popular-macedonio-fernandez-de-villa-ventana-cumplio-17-anos\/\"},\"author\":{\"name\":\"ulises\",\"@id\":\"https:\/\/www.celttv.com.ar\/#\/schema\/person\/6d99c072dba59953809c81446e9d0ace\"},\"headline\":\"La Biblioteca Popular Macedonio Fern\u00e1ndez de Villa Ventana cumple 17 a\u00f1os\",\"datePublished\":\"2019-01-17T14:35:14+00:00\",\"dateModified\":\"2019-01-17T14:35:14+00:00\",\"mainEntityOfPage\":{\"@id\":\"https:\/\/www.celttv.com.ar\/index.php\/2019\/01\/17\/la-biblioteca-popular-macedonio-fernandez-de-villa-ventana-cumplio-17-anos\/\"},\"wordCount\":972,\"publisher\":{\"@id\":\"https:\/\/www.celttv.com.ar\/#organization\"},\"articleSection\":[\"Celt TV Noticias\",\"Comunidad\",\"Destacadas\"],\"inLanguage\":\"es\"},{\"@type\":\"WebPage\",\"@id\":\"https:\/\/www.celttv.com.ar\/index.php\/2019\/01\/17\/la-biblioteca-popular-macedonio-fernandez-de-villa-ventana-cumplio-17-anos\/\",\"url\":\"https:\/\/www.celttv.com.ar\/index.php\/2019\/01\/17\/la-biblioteca-popular-macedonio-fernandez-de-villa-ventana-cumplio-17-anos\/\",\"name\":\"La Biblioteca Popular Macedonio Fern\u00e1ndez de Villa Ventana cumple 17 a\u00f1os - CELTTV\",\"isPartOf\":{\"@id\":\"https:\/\/www.celttv.com.ar\/#website\"},\"datePublished\":\"2019-01-17T14:35:14+00:00\",\"dateModified\":\"2019-01-17T14:35:14+00:00\",\"description\":\"Sitio web de noticias de la localidad de Tornquist, provincia de Buenos Aires, Rep\u00fablica Argentina. Contenido propio originado por periodistas de CELTTV, el canal de TV local de la Cooperativa El\u00e9ctrica de Tornquist. Turismo, Pol\u00edtica, Sociedad, Deporte, Cultura y todo el contenido de inter\u00e9s general que la gente del pueblo y la regi\u00f3n debe conocer.\",\"breadcrumb\":{\"@id\":\"https:\/\/www.celttv.com.ar\/index.php\/2019\/01\/17\/la-biblioteca-popular-macedonio-fernandez-de-villa-ventana-cumplio-17-anos\/#breadcrumb\"},\"inLanguage\":\"es\",\"potentialAction\":[{\"@type\":\"ReadAction\",\"target\":[\"https:\/\/www.celttv.com.ar\/index.php\/2019\/01\/17\/la-biblioteca-popular-macedonio-fernandez-de-villa-ventana-cumplio-17-anos\/\"]}]},{\"@type\":\"BreadcrumbList\",\"@id\":\"https:\/\/www.celttv.com.ar\/index.php\/2019\/01\/17\/la-biblioteca-popular-macedonio-fernandez-de-villa-ventana-cumplio-17-anos\/#breadcrumb\",\"itemListElement\":[{\"@type\":\"ListItem\",\"position\":1,\"name\":\"Inicio\",\"item\":\"https:\/\/www.celttv.com.ar\/\"},{\"@type\":\"ListItem\",\"position\":2,\"name\":\"La Biblioteca Popular Macedonio Fern\u00e1ndez de Villa Ventana cumple 17 a\u00f1os\"}]},{\"@type\":\"WebSite\",\"@id\":\"https:\/\/www.celttv.com.ar\/#website\",\"url\":\"https:\/\/www.celttv.com.ar\/\",\"name\":\"CELTTV\",\"description\":\"Cooperativa El\u00e9ctrica de Tornquist\",\"publisher\":{\"@id\":\"https:\/\/www.celttv.com.ar\/#organization\"},\"potentialAction\":[{\"@type\":\"SearchAction\",\"target\":{\"@type\":\"EntryPoint\",\"urlTemplate\":\"https:\/\/www.celttv.com.ar\/?s={search_term_string}\"},\"query-input\":\"required name=search_term_string\"}],\"inLanguage\":\"es\"},{\"@type\":\"Organization\",\"@id\":\"https:\/\/www.celttv.com.ar\/#organization\",\"name\":\"CELTTV\",\"url\":\"https:\/\/www.celttv.com.ar\/\",\"sameAs\":[\"https:\/\/www.youtube.com\/channel\/UCz_oIt8Hig64Ub-EmcNPIhg\",\"https:\/\/www.facebook.com\/celtTV\/\"],\"logo\":{\"@type\":\"ImageObject\",\"inLanguage\":\"es\",\"@id\":\"https:\/\/www.celttv.com.ar\/#\/schema\/logo\/image\/\",\"url\":\"http:\/\/www.celttv.com.ar\/wp-content\/uploads\/2022\/08\/logo-1.png\",\"contentUrl\":\"http:\/\/www.celttv.com.ar\/wp-content\/uploads\/2022\/08\/logo-1.png\",\"width\":461,\"height\":159,\"caption\":\"CELTTV\"},\"image\":{\"@id\":\"https:\/\/www.celttv.com.ar\/#\/schema\/logo\/image\/\"}},{\"@type\":\"Person\",\"@id\":\"https:\/\/www.celttv.com.ar\/#\/schema\/person\/6d99c072dba59953809c81446e9d0ace\",\"name\":\"ulises\",\"image\":{\"@type\":\"ImageObject\",\"inLanguage\":\"es\",\"@id\":\"https:\/\/www.celttv.com.ar\/#\/schema\/person\/image\/\",\"url\":\"https:\/\/secure.gravatar.com\/avatar\/7f2c48bdc33b30088f941fb6082e555f2874c98e20cb159d7b92b50eadfce793?s=96&d=mm&r=g\",\"contentUrl\":\"https:\/\/secure.gravatar.com\/avatar\/7f2c48bdc33b30088f941fb6082e555f2874c98e20cb159d7b92b50eadfce793?s=96&d=mm&r=g\",\"caption\":\"ulises\"},\"sameAs\":[\"http:\/\/www.celttv.com.ar\"]}]}<\/script>\n<!-- \/ Yoast SEO plugin. -->","yoast_head_json":{"title":"La Biblioteca Popular Macedonio Fern\u00e1ndez de Villa Ventana cumple 17 a\u00f1os - CELTTV","description":"Sitio web de noticias de la localidad de Tornquist, provincia de Buenos Aires, Rep\u00fablica Argentina. Contenido propio originado por periodistas de CELTTV, el canal de TV local de la Cooperativa El\u00e9ctrica de Tornquist. Turismo, Pol\u00edtica, Sociedad, Deporte, Cultura y todo el contenido de inter\u00e9s general que la gente del pueblo y la regi\u00f3n debe conocer.","robots":{"index":"index","follow":"follow","max-snippet":"max-snippet:-1","max-image-preview":"max-image-preview:large","max-video-preview":"max-video-preview:-1"},"canonical":"https:\/\/www.celttv.com.ar\/index.php\/2019\/01\/17\/la-biblioteca-popular-macedonio-fernandez-de-villa-ventana-cumplio-17-anos\/","og_locale":"es_ES","og_type":"article","og_title":"La Biblioteca Popular Macedonio Fern\u00e1ndez de Villa Ventana cumple 17 a\u00f1os - CELTTV","og_description":"Sitio web de noticias de la localidad de Tornquist, provincia de Buenos Aires, Rep\u00fablica Argentina. Contenido propio originado por periodistas de CELTTV, el canal de TV local de la Cooperativa El\u00e9ctrica de Tornquist. Turismo, Pol\u00edtica, Sociedad, Deporte, Cultura y todo el contenido de inter\u00e9s general que la gente del pueblo y la regi\u00f3n debe conocer.","og_url":"https:\/\/www.celttv.com.ar\/index.php\/2019\/01\/17\/la-biblioteca-popular-macedonio-fernandez-de-villa-ventana-cumplio-17-anos\/","og_site_name":"CELTTV","article_publisher":"https:\/\/www.facebook.com\/celtTV\/","article_published_time":"2019-01-17T14:35:14+00:00","og_image":[{"width":800,"height":617,"url":"https:\/\/www.celttv.com.ar\/wp-content\/uploads\/2019\/01\/imagen.php_.jpg","type":"image\/jpeg"}],"author":"ulises","twitter_card":"summary_large_image","twitter_misc":{"Escrito por":"ulises","Tiempo de lectura":"5 minutos"},"schema":{"@context":"https:\/\/schema.org","@graph":[{"@type":"NewsArticle","@id":"https:\/\/www.celttv.com.ar\/index.php\/2019\/01\/17\/la-biblioteca-popular-macedonio-fernandez-de-villa-ventana-cumplio-17-anos\/#article","isPartOf":{"@id":"https:\/\/www.celttv.com.ar\/index.php\/2019\/01\/17\/la-biblioteca-popular-macedonio-fernandez-de-villa-ventana-cumplio-17-anos\/"},"author":{"name":"ulises","@id":"https:\/\/www.celttv.com.ar\/#\/schema\/person\/6d99c072dba59953809c81446e9d0ace"},"headline":"La Biblioteca Popular Macedonio Fern\u00e1ndez de Villa Ventana cumple 17 a\u00f1os","datePublished":"2019-01-17T14:35:14+00:00","dateModified":"2019-01-17T14:35:14+00:00","mainEntityOfPage":{"@id":"https:\/\/www.celttv.com.ar\/index.php\/2019\/01\/17\/la-biblioteca-popular-macedonio-fernandez-de-villa-ventana-cumplio-17-anos\/"},"wordCount":972,"publisher":{"@id":"https:\/\/www.celttv.com.ar\/#organization"},"articleSection":["Celt TV Noticias","Comunidad","Destacadas"],"inLanguage":"es"},{"@type":"WebPage","@id":"https:\/\/www.celttv.com.ar\/index.php\/2019\/01\/17\/la-biblioteca-popular-macedonio-fernandez-de-villa-ventana-cumplio-17-anos\/","url":"https:\/\/www.celttv.com.ar\/index.php\/2019\/01\/17\/la-biblioteca-popular-macedonio-fernandez-de-villa-ventana-cumplio-17-anos\/","name":"La Biblioteca Popular Macedonio Fern\u00e1ndez de Villa Ventana cumple 17 a\u00f1os - CELTTV","isPartOf":{"@id":"https:\/\/www.celttv.com.ar\/#website"},"datePublished":"2019-01-17T14:35:14+00:00","dateModified":"2019-01-17T14:35:14+00:00","description":"Sitio web de noticias de la localidad de Tornquist, provincia de Buenos Aires, Rep\u00fablica Argentina. Contenido propio originado por periodistas de CELTTV, el canal de TV local de la Cooperativa El\u00e9ctrica de Tornquist. Turismo, Pol\u00edtica, Sociedad, Deporte, Cultura y todo el contenido de inter\u00e9s general que la gente del pueblo y la regi\u00f3n debe conocer.","breadcrumb":{"@id":"https:\/\/www.celttv.com.ar\/index.php\/2019\/01\/17\/la-biblioteca-popular-macedonio-fernandez-de-villa-ventana-cumplio-17-anos\/#breadcrumb"},"inLanguage":"es","potentialAction":[{"@type":"ReadAction","target":["https:\/\/www.celttv.com.ar\/index.php\/2019\/01\/17\/la-biblioteca-popular-macedonio-fernandez-de-villa-ventana-cumplio-17-anos\/"]}]},{"@type":"BreadcrumbList","@id":"https:\/\/www.celttv.com.ar\/index.php\/2019\/01\/17\/la-biblioteca-popular-macedonio-fernandez-de-villa-ventana-cumplio-17-anos\/#breadcrumb","itemListElement":[{"@type":"ListItem","position":1,"name":"Inicio","item":"https:\/\/www.celttv.com.ar\/"},{"@type":"ListItem","position":2,"name":"La Biblioteca Popular Macedonio Fern\u00e1ndez de Villa Ventana cumple 17 a\u00f1os"}]},{"@type":"WebSite","@id":"https:\/\/www.celttv.com.ar\/#website","url":"https:\/\/www.celttv.com.ar\/","name":"CELTTV","description":"Cooperativa El\u00e9ctrica de Tornquist","publisher":{"@id":"https:\/\/www.celttv.com.ar\/#organization"},"potentialAction":[{"@type":"SearchAction","target":{"@type":"EntryPoint","urlTemplate":"https:\/\/www.celttv.com.ar\/?s={search_term_string}"},"query-input":"required name=search_term_string"}],"inLanguage":"es"},{"@type":"Organization","@id":"https:\/\/www.celttv.com.ar\/#organization","name":"CELTTV","url":"https:\/\/www.celttv.com.ar\/","sameAs":["https:\/\/www.youtube.com\/channel\/UCz_oIt8Hig64Ub-EmcNPIhg","https:\/\/www.facebook.com\/celtTV\/"],"logo":{"@type":"ImageObject","inLanguage":"es","@id":"https:\/\/www.celttv.com.ar\/#\/schema\/logo\/image\/","url":"http:\/\/www.celttv.com.ar\/wp-content\/uploads\/2022\/08\/logo-1.png","contentUrl":"http:\/\/www.celttv.com.ar\/wp-content\/uploads\/2022\/08\/logo-1.png","width":461,"height":159,"caption":"CELTTV"},"image":{"@id":"https:\/\/www.celttv.com.ar\/#\/schema\/logo\/image\/"}},{"@type":"Person","@id":"https:\/\/www.celttv.com.ar\/#\/schema\/person\/6d99c072dba59953809c81446e9d0ace","name":"ulises","image":{"@type":"ImageObject","inLanguage":"es","@id":"https:\/\/www.celttv.com.ar\/#\/schema\/person\/image\/","url":"https:\/\/secure.gravatar.com\/avatar\/7f2c48bdc33b30088f941fb6082e555f2874c98e20cb159d7b92b50eadfce793?s=96&d=mm&r=g","contentUrl":"https:\/\/secure.gravatar.com\/avatar\/7f2c48bdc33b30088f941fb6082e555f2874c98e20cb159d7b92b50eadfce793?s=96&d=mm&r=g","caption":"ulises"},"sameAs":["http:\/\/www.celttv.com.ar"]}]}},"_links":{"self":[{"href":"https:\/\/www.celttv.com.ar\/index.php\/wp-json\/wp\/v2\/posts\/39532","targetHints":{"allow":["GET"]}}],"collection":[{"href":"https:\/\/www.celttv.com.ar\/index.php\/wp-json\/wp\/v2\/posts"}],"about":[{"href":"https:\/\/www.celttv.com.ar\/index.php\/wp-json\/wp\/v2\/types\/post"}],"author":[{"embeddable":true,"href":"https:\/\/www.celttv.com.ar\/index.php\/wp-json\/wp\/v2\/users\/1"}],"replies":[{"embeddable":true,"href":"https:\/\/www.celttv.com.ar\/index.php\/wp-json\/wp\/v2\/comments?post=39532"}],"version-history":[{"count":0,"href":"https:\/\/www.celttv.com.ar\/index.php\/wp-json\/wp\/v2\/posts\/39532\/revisions"}],"wp:featuredmedia":[{"embeddable":true,"href":"https:\/\/www.celttv.com.ar\/index.php\/wp-json\/wp\/v2\/media\/39533"}],"wp:attachment":[{"href":"https:\/\/www.celttv.com.ar\/index.php\/wp-json\/wp\/v2\/media?parent=39532"}],"wp:term":[{"taxonomy":"category","embeddable":true,"href":"https:\/\/www.celttv.com.ar\/index.php\/wp-json\/wp\/v2\/categories?post=39532"},{"taxonomy":"post_tag","embeddable":true,"href":"https:\/\/www.celttv.com.ar\/index.php\/wp-json\/wp\/v2\/tags?post=39532"}],"curies":[{"name":"wp","href":"https:\/\/api.w.org\/{rel}","templated":true}]}}