{"id":39537,"date":"2019-01-17T16:42:03","date_gmt":"2019-01-17T16:42:03","guid":{"rendered":"http:\/\/www.celttv.com.ar\/?p=39537"},"modified":"2019-01-17T16:42:03","modified_gmt":"2019-01-17T16:42:03","slug":"el-combinado-de-futbol-femenino-disputo-un-amistoso-en-coronel-pringles-fotos","status":"publish","type":"post","link":"https:\/\/www.celttv.com.ar\/index.php\/2019\/01\/17\/el-combinado-de-futbol-femenino-disputo-un-amistoso-en-coronel-pringles-fotos\/","title":{"rendered":"El combinado de F\u00fatbol Femenino disput\u00f3 un amistoso en Coronel Pringles (Fotos)"},"content":{"rendered":"<p>El pasado s\u00e1bado, el representativo de f\u00fatbol femenino de Tornquist disput\u00f3 en la localidad de Coronel Pringles, un encuentro amistoso, en cancha del Club Alumni.<\/p>\n<p>El encuentro se desarroll\u00f3 en dos tiempos de 25 minutos cada uno, finalizando empatado en un tanto. Por el grupo de Tornquist, el gol lo convirti\u00f3 Marcia Gonz\u00e1lez. Luego se ejecutaron tiros de penal, donde Fiorella Brau dio el triunfo al combinado local, y Anah\u00ed Ibarra contuvo cuatro de los penales del equipo de Pringles.<\/p>\n<p>La jornada finaliz\u00f3 con ambos equipos compartiendo un ameno momento, junto con una cena.<\/p>\n<p>El equipo de Tornquist estuvo compuesto por Anah\u00ed Ibarra, Fiorella Brau, Andrea Castro, Estrella Urquiza, Natalia Rojas, Daiana Catal\u00e1n, Marcia Gonz\u00e1lez, Milagros Dobal, Debora Chiuca y Brisa Quiroga.<\/p>\n<p>Recordamos que los entrenamientos se realizan los d\u00edas lunes de 20.30 a 22hs en la cancha sint\u00e9tica de f\u00fatbol 8 del Club Uni\u00f3n. En breve se agregar\u00e1 un d\u00eda m\u00e1s a los mismos, que ser\u00e1 informado oportunamente.<\/p>\n<p>Los grupos juveniles e infantiles entrenan los d\u00edas viernes de 13 a 14.30hs en instalaciones del Gimnasio Municipal. El objetivo es poder contar con las tres categor\u00edas de menores Sub14-Sub-16-Sub18, para conformar equipos para intervenir en los Juegos Bonaerenses del presente a\u00f1o.<\/p>\n<p>La inscripci\u00f3n es libre y gratuita. Te podes sumar en cualquier etapa del a\u00f1o. Seguimos sumando chicas a\u00f1o tras a\u00f1o notando el gran crecimiento del f\u00fatbol femenino municipal.<\/p>\n<p>Ac\u00e9rcate a la Oficina de Deportes Municipal. 0291-4940426. O simplemente concurrir en los d\u00edas de entrenamiento antes citados.<\/p>\n<p><a href=\"http:\/\/www.celttv.com.ar\/?attachment_id=39539\" rel=\"attachment wp-att-39539\"><img loading=\"lazy\" decoding=\"async\" class=\"alignleft size-medium wp-image-39539\" src=\"http:\/\/www.celttv.com.ar\/wp-content\/uploads\/2019\/01\/WhatsApp-Image-2019-01-12-at-20.54.55-780x390.jpeg\" alt=\"\" width=\"780\" height=\"390\" \/><\/a> <a href=\"http:\/\/www.celttv.com.ar\/?attachment_id=39540\" rel=\"attachment wp-att-39540\"><img loading=\"lazy\" decoding=\"async\" class=\"alignleft size-medium wp-image-39540\" src=\"http:\/\/www.celttv.com.ar\/wp-content\/uploads\/2019\/01\/WhatsApp-Image-2019-01-15-at-14.11.30-780x780.jpeg\" alt=\"\" width=\"780\" height=\"780\" \/><\/a><\/p>\n<p>&nbsp;<\/p>\n","protected":false},"excerpt":{"rendered":"<p>El pasado s\u00e1bado, el representativo de f\u00fatbol femenino de Tornquist disput\u00f3 en la localidad de Coronel Pringles, un encuentro amistoso, en cancha del Club Alumni. El encuentro se desarroll\u00f3 en dos tiempos de 25 minutos cada uno, finalizando empatado en un tanto. Por el grupo de Tornquist, el gol lo convirti\u00f3 Marcia Gonz\u00e1lez. Luego se [&hellip;]<\/p>\n","protected":false},"author":1,"featured_media":39538,"comment_status":"closed","ping_status":"open","sticky":false,"template":"","format":"standard","meta":{"footnotes":""},"categories":[55,60,52,63],"tags":[],"class_list":["post-39537","post","type-post","status-publish","format-standard","has-post-thumbnail","hentry","category-celt-tv-noticias","category-deporte","category-destacadas","category-magazine-sport"],"yoast_head":"<!-- This site is optimized with the Yoast SEO plugin v19.7.1 - https:\/\/yoast.com\/wordpress\/plugins\/seo\/ -->\n<title>El combinado de F\u00fatbol Femenino disput\u00f3 un amistoso en Coronel Pringles (Fotos) - CELTTV<\/title>\n<meta name=\"description\" content=\"Sitio web de noticias de la localidad de Tornquist, provincia de Buenos Aires, Rep\u00fablica Argentina. Contenido propio originado por periodistas de CELTTV, el canal de TV local de la Cooperativa El\u00e9ctrica de Tornquist. Turismo, Pol\u00edtica, Sociedad, Deporte, Cultura y todo el contenido de inter\u00e9s general que la gente del pueblo y la regi\u00f3n debe conocer.\" \/>\n<meta name=\"robots\" content=\"index, follow, max-snippet:-1, max-image-preview:large, max-video-preview:-1\" \/>\n<link rel=\"canonical\" href=\"https:\/\/www.celttv.com.ar\/index.php\/2019\/01\/17\/el-combinado-de-futbol-femenino-disputo-un-amistoso-en-coronel-pringles-fotos\/\" \/>\n<meta property=\"og:locale\" content=\"es_ES\" \/>\n<meta property=\"og:type\" content=\"article\" \/>\n<meta property=\"og:title\" content=\"El combinado de F\u00fatbol Femenino disput\u00f3 un amistoso en Coronel Pringles (Fotos) - CELTTV\" \/>\n<meta property=\"og:description\" content=\"Sitio web de noticias de la localidad de Tornquist, provincia de Buenos Aires, Rep\u00fablica Argentina. Contenido propio originado por periodistas de CELTTV, el canal de TV local de la Cooperativa El\u00e9ctrica de Tornquist. Turismo, Pol\u00edtica, Sociedad, Deporte, Cultura y todo el contenido de inter\u00e9s general que la gente del pueblo y la regi\u00f3n debe conocer.\" \/>\n<meta property=\"og:url\" content=\"https:\/\/www.celttv.com.ar\/index.php\/2019\/01\/17\/el-combinado-de-futbol-femenino-disputo-un-amistoso-en-coronel-pringles-fotos\/\" \/>\n<meta property=\"og:site_name\" content=\"CELTTV\" \/>\n<meta property=\"article:publisher\" content=\"https:\/\/www.facebook.com\/celtTV\/\" \/>\n<meta property=\"article:published_time\" content=\"2019-01-17T16:42:03+00:00\" \/>\n<meta property=\"og:image\" content=\"https:\/\/www.celttv.com.ar\/wp-content\/uploads\/2019\/01\/WhatsApp-Image-2019-01-12-at-20.54.53.jpeg\" \/>\n\t<meta property=\"og:image:width\" content=\"1040\" \/>\n\t<meta property=\"og:image:height\" content=\"520\" \/>\n\t<meta property=\"og:image:type\" content=\"image\/jpeg\" \/>\n<meta name=\"author\" content=\"ulises\" \/>\n<meta name=\"twitter:card\" content=\"summary_large_image\" \/>\n<meta name=\"twitter:label1\" content=\"Escrito por\" \/>\n\t<meta name=\"twitter:data1\" content=\"ulises\" \/>\n\t<meta name=\"twitter:label2\" content=\"Tiempo de lectura\" \/>\n\t<meta name=\"twitter:data2\" content=\"1 minuto\" \/>\n<script type=\"application\/ld+json\" class=\"yoast-schema-graph\">{\"@context\":\"https:\/\/schema.org\",\"@graph\":[{\"@type\":\"NewsArticle\",\"@id\":\"https:\/\/www.celttv.com.ar\/index.php\/2019\/01\/17\/el-combinado-de-futbol-femenino-disputo-un-amistoso-en-coronel-pringles-fotos\/#article\",\"isPartOf\":{\"@id\":\"https:\/\/www.celttv.com.ar\/index.php\/2019\/01\/17\/el-combinado-de-futbol-femenino-disputo-un-amistoso-en-coronel-pringles-fotos\/\"},\"author\":{\"name\":\"ulises\",\"@id\":\"https:\/\/www.celttv.com.ar\/#\/schema\/person\/6d99c072dba59953809c81446e9d0ace\"},\"headline\":\"El combinado de F\u00fatbol Femenino disput\u00f3 un amistoso en Coronel Pringles (Fotos)\",\"datePublished\":\"2019-01-17T16:42:03+00:00\",\"dateModified\":\"2019-01-17T16:42:03+00:00\",\"mainEntityOfPage\":{\"@id\":\"https:\/\/www.celttv.com.ar\/index.php\/2019\/01\/17\/el-combinado-de-futbol-femenino-disputo-un-amistoso-en-coronel-pringles-fotos\/\"},\"wordCount\":280,\"publisher\":{\"@id\":\"https:\/\/www.celttv.com.ar\/#organization\"},\"articleSection\":[\"Celt TV Noticias\",\"Deporte\",\"Destacadas\",\"Magazine Sport\"],\"inLanguage\":\"es\"},{\"@type\":\"WebPage\",\"@id\":\"https:\/\/www.celttv.com.ar\/index.php\/2019\/01\/17\/el-combinado-de-futbol-femenino-disputo-un-amistoso-en-coronel-pringles-fotos\/\",\"url\":\"https:\/\/www.celttv.com.ar\/index.php\/2019\/01\/17\/el-combinado-de-futbol-femenino-disputo-un-amistoso-en-coronel-pringles-fotos\/\",\"name\":\"El combinado de F\u00fatbol Femenino disput\u00f3 un amistoso en Coronel Pringles (Fotos) - CELTTV\",\"isPartOf\":{\"@id\":\"https:\/\/www.celttv.com.ar\/#website\"},\"datePublished\":\"2019-01-17T16:42:03+00:00\",\"dateModified\":\"2019-01-17T16:42:03+00:00\",\"description\":\"Sitio web de noticias de la localidad de Tornquist, provincia de Buenos Aires, Rep\u00fablica Argentina. Contenido propio originado por periodistas de CELTTV, el canal de TV local de la Cooperativa El\u00e9ctrica de Tornquist. Turismo, Pol\u00edtica, Sociedad, Deporte, Cultura y todo el contenido de inter\u00e9s general que la gente del pueblo y la regi\u00f3n debe conocer.\",\"breadcrumb\":{\"@id\":\"https:\/\/www.celttv.com.ar\/index.php\/2019\/01\/17\/el-combinado-de-futbol-femenino-disputo-un-amistoso-en-coronel-pringles-fotos\/#breadcrumb\"},\"inLanguage\":\"es\",\"potentialAction\":[{\"@type\":\"ReadAction\",\"target\":[\"https:\/\/www.celttv.com.ar\/index.php\/2019\/01\/17\/el-combinado-de-futbol-femenino-disputo-un-amistoso-en-coronel-pringles-fotos\/\"]}]},{\"@type\":\"BreadcrumbList\",\"@id\":\"https:\/\/www.celttv.com.ar\/index.php\/2019\/01\/17\/el-combinado-de-futbol-femenino-disputo-un-amistoso-en-coronel-pringles-fotos\/#breadcrumb\",\"itemListElement\":[{\"@type\":\"ListItem\",\"position\":1,\"name\":\"Inicio\",\"item\":\"https:\/\/www.celttv.com.ar\/\"},{\"@type\":\"ListItem\",\"position\":2,\"name\":\"El combinado de F\u00fatbol Femenino disput\u00f3 un amistoso en Coronel Pringles (Fotos)\"}]},{\"@type\":\"WebSite\",\"@id\":\"https:\/\/www.celttv.com.ar\/#website\",\"url\":\"https:\/\/www.celttv.com.ar\/\",\"name\":\"CELTTV\",\"description\":\"Cooperativa El\u00e9ctrica de Tornquist\",\"publisher\":{\"@id\":\"https:\/\/www.celttv.com.ar\/#organization\"},\"potentialAction\":[{\"@type\":\"SearchAction\",\"target\":{\"@type\":\"EntryPoint\",\"urlTemplate\":\"https:\/\/www.celttv.com.ar\/?s={search_term_string}\"},\"query-input\":\"required name=search_term_string\"}],\"inLanguage\":\"es\"},{\"@type\":\"Organization\",\"@id\":\"https:\/\/www.celttv.com.ar\/#organization\",\"name\":\"CELTTV\",\"url\":\"https:\/\/www.celttv.com.ar\/\",\"sameAs\":[\"https:\/\/www.youtube.com\/channel\/UCz_oIt8Hig64Ub-EmcNPIhg\",\"https:\/\/www.facebook.com\/celtTV\/\"],\"logo\":{\"@type\":\"ImageObject\",\"inLanguage\":\"es\",\"@id\":\"https:\/\/www.celttv.com.ar\/#\/schema\/logo\/image\/\",\"url\":\"http:\/\/www.celttv.com.ar\/wp-content\/uploads\/2022\/08\/logo-1.png\",\"contentUrl\":\"http:\/\/www.celttv.com.ar\/wp-content\/uploads\/2022\/08\/logo-1.png\",\"width\":461,\"height\":159,\"caption\":\"CELTTV\"},\"image\":{\"@id\":\"https:\/\/www.celttv.com.ar\/#\/schema\/logo\/image\/\"}},{\"@type\":\"Person\",\"@id\":\"https:\/\/www.celttv.com.ar\/#\/schema\/person\/6d99c072dba59953809c81446e9d0ace\",\"name\":\"ulises\",\"image\":{\"@type\":\"ImageObject\",\"inLanguage\":\"es\",\"@id\":\"https:\/\/www.celttv.com.ar\/#\/schema\/person\/image\/\",\"url\":\"https:\/\/secure.gravatar.com\/avatar\/7f2c48bdc33b30088f941fb6082e555f2874c98e20cb159d7b92b50eadfce793?s=96&d=mm&r=g\",\"contentUrl\":\"https:\/\/secure.gravatar.com\/avatar\/7f2c48bdc33b30088f941fb6082e555f2874c98e20cb159d7b92b50eadfce793?s=96&d=mm&r=g\",\"caption\":\"ulises\"},\"sameAs\":[\"http:\/\/www.celttv.com.ar\"]}]}<\/script>\n<!-- \/ Yoast SEO plugin. -->","yoast_head_json":{"title":"El combinado de F\u00fatbol Femenino disput\u00f3 un amistoso en Coronel Pringles (Fotos) - CELTTV","description":"Sitio web de noticias de la localidad de Tornquist, provincia de Buenos Aires, Rep\u00fablica Argentina. Contenido propio originado por periodistas de CELTTV, el canal de TV local de la Cooperativa El\u00e9ctrica de Tornquist. Turismo, Pol\u00edtica, Sociedad, Deporte, Cultura y todo el contenido de inter\u00e9s general que la gente del pueblo y la regi\u00f3n debe conocer.","robots":{"index":"index","follow":"follow","max-snippet":"max-snippet:-1","max-image-preview":"max-image-preview:large","max-video-preview":"max-video-preview:-1"},"canonical":"https:\/\/www.celttv.com.ar\/index.php\/2019\/01\/17\/el-combinado-de-futbol-femenino-disputo-un-amistoso-en-coronel-pringles-fotos\/","og_locale":"es_ES","og_type":"article","og_title":"El combinado de F\u00fatbol Femenino disput\u00f3 un amistoso en Coronel Pringles (Fotos) - CELTTV","og_description":"Sitio web de noticias de la localidad de Tornquist, provincia de Buenos Aires, Rep\u00fablica Argentina. Contenido propio originado por periodistas de CELTTV, el canal de TV local de la Cooperativa El\u00e9ctrica de Tornquist. Turismo, Pol\u00edtica, Sociedad, Deporte, Cultura y todo el contenido de inter\u00e9s general que la gente del pueblo y la regi\u00f3n debe conocer.","og_url":"https:\/\/www.celttv.com.ar\/index.php\/2019\/01\/17\/el-combinado-de-futbol-femenino-disputo-un-amistoso-en-coronel-pringles-fotos\/","og_site_name":"CELTTV","article_publisher":"https:\/\/www.facebook.com\/celtTV\/","article_published_time":"2019-01-17T16:42:03+00:00","og_image":[{"width":1040,"height":520,"url":"https:\/\/www.celttv.com.ar\/wp-content\/uploads\/2019\/01\/WhatsApp-Image-2019-01-12-at-20.54.53.jpeg","type":"image\/jpeg"}],"author":"ulises","twitter_card":"summary_large_image","twitter_misc":{"Escrito por":"ulises","Tiempo de lectura":"1 minuto"},"schema":{"@context":"https:\/\/schema.org","@graph":[{"@type":"NewsArticle","@id":"https:\/\/www.celttv.com.ar\/index.php\/2019\/01\/17\/el-combinado-de-futbol-femenino-disputo-un-amistoso-en-coronel-pringles-fotos\/#article","isPartOf":{"@id":"https:\/\/www.celttv.com.ar\/index.php\/2019\/01\/17\/el-combinado-de-futbol-femenino-disputo-un-amistoso-en-coronel-pringles-fotos\/"},"author":{"name":"ulises","@id":"https:\/\/www.celttv.com.ar\/#\/schema\/person\/6d99c072dba59953809c81446e9d0ace"},"headline":"El combinado de F\u00fatbol Femenino disput\u00f3 un amistoso en Coronel Pringles (Fotos)","datePublished":"2019-01-17T16:42:03+00:00","dateModified":"2019-01-17T16:42:03+00:00","mainEntityOfPage":{"@id":"https:\/\/www.celttv.com.ar\/index.php\/2019\/01\/17\/el-combinado-de-futbol-femenino-disputo-un-amistoso-en-coronel-pringles-fotos\/"},"wordCount":280,"publisher":{"@id":"https:\/\/www.celttv.com.ar\/#organization"},"articleSection":["Celt TV Noticias","Deporte","Destacadas","Magazine Sport"],"inLanguage":"es"},{"@type":"WebPage","@id":"https:\/\/www.celttv.com.ar\/index.php\/2019\/01\/17\/el-combinado-de-futbol-femenino-disputo-un-amistoso-en-coronel-pringles-fotos\/","url":"https:\/\/www.celttv.com.ar\/index.php\/2019\/01\/17\/el-combinado-de-futbol-femenino-disputo-un-amistoso-en-coronel-pringles-fotos\/","name":"El combinado de F\u00fatbol Femenino disput\u00f3 un amistoso en Coronel Pringles (Fotos) - CELTTV","isPartOf":{"@id":"https:\/\/www.celttv.com.ar\/#website"},"datePublished":"2019-01-17T16:42:03+00:00","dateModified":"2019-01-17T16:42:03+00:00","description":"Sitio web de noticias de la localidad de Tornquist, provincia de Buenos Aires, Rep\u00fablica Argentina. Contenido propio originado por periodistas de CELTTV, el canal de TV local de la Cooperativa El\u00e9ctrica de Tornquist. Turismo, Pol\u00edtica, Sociedad, Deporte, Cultura y todo el contenido de inter\u00e9s general que la gente del pueblo y la regi\u00f3n debe conocer.","breadcrumb":{"@id":"https:\/\/www.celttv.com.ar\/index.php\/2019\/01\/17\/el-combinado-de-futbol-femenino-disputo-un-amistoso-en-coronel-pringles-fotos\/#breadcrumb"},"inLanguage":"es","potentialAction":[{"@type":"ReadAction","target":["https:\/\/www.celttv.com.ar\/index.php\/2019\/01\/17\/el-combinado-de-futbol-femenino-disputo-un-amistoso-en-coronel-pringles-fotos\/"]}]},{"@type":"BreadcrumbList","@id":"https:\/\/www.celttv.com.ar\/index.php\/2019\/01\/17\/el-combinado-de-futbol-femenino-disputo-un-amistoso-en-coronel-pringles-fotos\/#breadcrumb","itemListElement":[{"@type":"ListItem","position":1,"name":"Inicio","item":"https:\/\/www.celttv.com.ar\/"},{"@type":"ListItem","position":2,"name":"El combinado de F\u00fatbol Femenino disput\u00f3 un amistoso en Coronel Pringles (Fotos)"}]},{"@type":"WebSite","@id":"https:\/\/www.celttv.com.ar\/#website","url":"https:\/\/www.celttv.com.ar\/","name":"CELTTV","description":"Cooperativa El\u00e9ctrica de Tornquist","publisher":{"@id":"https:\/\/www.celttv.com.ar\/#organization"},"potentialAction":[{"@type":"SearchAction","target":{"@type":"EntryPoint","urlTemplate":"https:\/\/www.celttv.com.ar\/?s={search_term_string}"},"query-input":"required name=search_term_string"}],"inLanguage":"es"},{"@type":"Organization","@id":"https:\/\/www.celttv.com.ar\/#organization","name":"CELTTV","url":"https:\/\/www.celttv.com.ar\/","sameAs":["https:\/\/www.youtube.com\/channel\/UCz_oIt8Hig64Ub-EmcNPIhg","https:\/\/www.facebook.com\/celtTV\/"],"logo":{"@type":"ImageObject","inLanguage":"es","@id":"https:\/\/www.celttv.com.ar\/#\/schema\/logo\/image\/","url":"http:\/\/www.celttv.com.ar\/wp-content\/uploads\/2022\/08\/logo-1.png","contentUrl":"http:\/\/www.celttv.com.ar\/wp-content\/uploads\/2022\/08\/logo-1.png","width":461,"height":159,"caption":"CELTTV"},"image":{"@id":"https:\/\/www.celttv.com.ar\/#\/schema\/logo\/image\/"}},{"@type":"Person","@id":"https:\/\/www.celttv.com.ar\/#\/schema\/person\/6d99c072dba59953809c81446e9d0ace","name":"ulises","image":{"@type":"ImageObject","inLanguage":"es","@id":"https:\/\/www.celttv.com.ar\/#\/schema\/person\/image\/","url":"https:\/\/secure.gravatar.com\/avatar\/7f2c48bdc33b30088f941fb6082e555f2874c98e20cb159d7b92b50eadfce793?s=96&d=mm&r=g","contentUrl":"https:\/\/secure.gravatar.com\/avatar\/7f2c48bdc33b30088f941fb6082e555f2874c98e20cb159d7b92b50eadfce793?s=96&d=mm&r=g","caption":"ulises"},"sameAs":["http:\/\/www.celttv.com.ar"]}]}},"_links":{"self":[{"href":"https:\/\/www.celttv.com.ar\/index.php\/wp-json\/wp\/v2\/posts\/39537","targetHints":{"allow":["GET"]}}],"collection":[{"href":"https:\/\/www.celttv.com.ar\/index.php\/wp-json\/wp\/v2\/posts"}],"about":[{"href":"https:\/\/www.celttv.com.ar\/index.php\/wp-json\/wp\/v2\/types\/post"}],"author":[{"embeddable":true,"href":"https:\/\/www.celttv.com.ar\/index.php\/wp-json\/wp\/v2\/users\/1"}],"replies":[{"embeddable":true,"href":"https:\/\/www.celttv.com.ar\/index.php\/wp-json\/wp\/v2\/comments?post=39537"}],"version-history":[{"count":0,"href":"https:\/\/www.celttv.com.ar\/index.php\/wp-json\/wp\/v2\/posts\/39537\/revisions"}],"wp:featuredmedia":[{"embeddable":true,"href":"https:\/\/www.celttv.com.ar\/index.php\/wp-json\/wp\/v2\/media\/39538"}],"wp:attachment":[{"href":"https:\/\/www.celttv.com.ar\/index.php\/wp-json\/wp\/v2\/media?parent=39537"}],"wp:term":[{"taxonomy":"category","embeddable":true,"href":"https:\/\/www.celttv.com.ar\/index.php\/wp-json\/wp\/v2\/categories?post=39537"},{"taxonomy":"post_tag","embeddable":true,"href":"https:\/\/www.celttv.com.ar\/index.php\/wp-json\/wp\/v2\/tags?post=39537"}],"curies":[{"name":"wp","href":"https:\/\/api.w.org\/{rel}","templated":true}]}}