{"id":39565,"date":"2019-01-19T00:34:49","date_gmt":"2019-01-19T00:34:49","guid":{"rendered":"http:\/\/www.celttv.com.ar\/?p=39565"},"modified":"2019-01-19T00:34:49","modified_gmt":"2019-01-19T00:34:49","slug":"comision-bicameral-legisladores-e-intendentes-analizaron-el-desdoblamiento-de-elecciones","status":"publish","type":"post","link":"https:\/\/www.celttv.com.ar\/index.php\/2019\/01\/19\/comision-bicameral-legisladores-e-intendentes-analizaron-el-desdoblamiento-de-elecciones\/","title":{"rendered":"COMISI\u00d3N BICAMERAL: LEGISLADORES E INTENDENTES ANALIZARON EL DESDOBLAMIENTO DE ELECCIONES"},"content":{"rendered":"<p><strong><em>Se llev\u00f3 a cabo en la ciudad de Azul el segundo encuentro de la Comisi\u00f3n Especial Bicameral que estudia modificaciones al r\u00e9gimen electoral provincial.<\/em><\/strong><\/p>\n<p>El encuentro, de gran convocatoria, tuvo como eje el desdoblamiento de las elecciones y fue encabezado por el presidente de la C\u00e1mara de Diputados, Manuel Mosca quien destac\u00f3\u00a0<strong><em>\u201cel marco de pluralidad que le hemos dado a esta Comisi\u00f3n. Escuchamos a intendentes de diferentes bloques pol\u00edticos y acad\u00e9micos que han dado su punto de vista acerca de la factibilidad jur\u00eddica\u201d<\/em><\/strong>. Y agreg\u00f3:\u00a0<strong><em>\u201cHemos cumplido con el objetivo, que es dar el debate con mucha profundidad y serenidad. Vamos a seguir analizando cada uno de los proyectos vinculados a las distintas tem\u00e1ticas de reforma electoral\u201d.<\/em><\/strong><\/p>\n<p>Por su parte, la diputada Alejandra Mart\u00ednez, resalt\u00f3 la importancia del debate al afirmar que\u00a0<strong><em>\u201cdesde el a\u00f1o 1983 a la fecha hemos tenido pocas reformas electorales, no nos hemos aggiornado a los cambios que ha venido sufriendo la ciudadan\u00eda como, por ejemplo, el avance de las tecnolog\u00edas o la composici\u00f3n de la poblaci\u00f3n. Son debates necesarios para la consolidaci\u00f3n de la democracia\u201d.<\/em><\/strong><\/p>\n<p>En representaci\u00f3n\u00a0de los intendentes, Sandra Mayol, jefa comunal de San Miguel del Monte, explic\u00f3 que\u00a0<strong><em>\u201cla unanimidad del criterio de los intendentes fue la visi\u00f3n de lo cotidiano, somos la primera puerta y resolvemos los problemas de la gente. Por eso la defensa de todos tuvo un denominador com\u00fan\u00a0la protecci\u00f3n y el fortalecimiento de la autonom\u00eda e independencia municipal\u201d.<\/em><\/strong><\/p>\n<p>Durante esta segunda instancia de deliberaciones, especialistas e intendentes, propuestos por los diferentes bloques que integran la Comisi\u00f3n, expusieron sus argumentos sobre las iniciativas que analizan un posible desdoblamiento electoral de los municipios.<\/p>\n<p>En ese marco, participaron y dieron su opini\u00f3n mandatarios municipales de diferentes bloques pol\u00edticos como Ezequiel Galli de Olavarr\u00eda, Estaban Reino de Balcarce, Sandra Mayol de San Miguel del Monte, Javier Osuna de Las Heras, Gustavo Barrera de Villa Gesell, Alejandro Acerbo de Daireaux, Osvaldo C\u00e1ffaro de Z\u00e1rate, Javier Gast\u00f3n de Chascom\u00fas, Carlos Bevilacqua de Villarino y el anfitri\u00f3n Hern\u00e1n Bertellys, quien realiz\u00f3 la apertura del encuentro.<\/p>\n<p>\u200bEn el cierre del encuentro, se defini\u00f3 que la ciudad de La Plata ser\u00e1 sede de la tercera reuni\u00f3n y que se llevar\u00e1 a cabo el d\u00eda 7 de febrero.<\/p>\n<p>La jornada, que arranc\u00f3 pasado el mediod\u00eda y culmin\u00f3 tras varias horas de debate, se desarroll\u00f3 en la Casa Municipal de Arte Museo L\u00f3pez Claro y cont\u00f3 con la participaci\u00f3n de los diputados y diputadas Susana L\u00e1zzari, Laura Aprile, Facundo Tignanelli, Ricardo Lissalde, Alejandra Mart\u00ednez, Julio Pereyra y Carolina Piparo. Los senadores presentes fueron Jos\u00e9 Luis Pallares, Dalton J\u00e1uregui, Aldana Ahumada, Gervasio Bozzano, Walter Lanaro, Lorena Petrovich, Mar\u00eda Elena Defunchio y Leandro Blanco.<\/p>\n<p><a href=\"http:\/\/www.celttv.com.ar\/?attachment_id=39566\" rel=\"attachment wp-att-39566\"><img loading=\"lazy\" decoding=\"async\" class=\"alignleft size-medium wp-image-39566\" src=\"http:\/\/www.celttv.com.ar\/wp-content\/uploads\/2019\/01\/Bicameral-001-780x520.jpeg\" alt=\"\" width=\"780\" height=\"520\" \/><\/a><\/p>\n","protected":false},"excerpt":{"rendered":"<p>Se llev\u00f3 a cabo en la ciudad de Azul el segundo encuentro de la Comisi\u00f3n Especial Bicameral que estudia modificaciones al r\u00e9gimen electoral provincial. El encuentro, de gran convocatoria, tuvo como eje el desdoblamiento de las elecciones y fue encabezado por el presidente de la C\u00e1mara de Diputados, Manuel Mosca quien destac\u00f3\u00a0\u201cel marco de pluralidad [&hellip;]<\/p>\n","protected":false},"author":1,"featured_media":39567,"comment_status":"closed","ping_status":"open","sticky":false,"template":"","format":"standard","meta":{"footnotes":""},"categories":[55,51,52,53],"tags":[],"class_list":["post-39565","post","type-post","status-publish","format-standard","has-post-thumbnail","hentry","category-celt-tv-noticias","category-comunidad","category-destacadas","category-politica"],"yoast_head":"<!-- This site is optimized with the Yoast SEO plugin v19.7.1 - https:\/\/yoast.com\/wordpress\/plugins\/seo\/ -->\n<title>COMISI\u00d3N BICAMERAL: LEGISLADORES E INTENDENTES ANALIZARON EL DESDOBLAMIENTO DE ELECCIONES - CELTTV<\/title>\n<meta name=\"description\" content=\"Sitio web de noticias de la localidad de Tornquist, provincia de Buenos Aires, Rep\u00fablica Argentina. Contenido propio originado por periodistas de CELTTV, el canal de TV local de la Cooperativa El\u00e9ctrica de Tornquist. Turismo, Pol\u00edtica, Sociedad, Deporte, Cultura y todo el contenido de inter\u00e9s general que la gente del pueblo y la regi\u00f3n debe conocer.\" \/>\n<meta name=\"robots\" content=\"index, follow, max-snippet:-1, max-image-preview:large, max-video-preview:-1\" \/>\n<link rel=\"canonical\" href=\"https:\/\/www.celttv.com.ar\/index.php\/2019\/01\/19\/comision-bicameral-legisladores-e-intendentes-analizaron-el-desdoblamiento-de-elecciones\/\" \/>\n<meta property=\"og:locale\" content=\"es_ES\" \/>\n<meta property=\"og:type\" content=\"article\" \/>\n<meta property=\"og:title\" content=\"COMISI\u00d3N BICAMERAL: LEGISLADORES E INTENDENTES ANALIZARON EL DESDOBLAMIENTO DE ELECCIONES - CELTTV\" \/>\n<meta property=\"og:description\" content=\"Sitio web de noticias de la localidad de Tornquist, provincia de Buenos Aires, Rep\u00fablica Argentina. Contenido propio originado por periodistas de CELTTV, el canal de TV local de la Cooperativa El\u00e9ctrica de Tornquist. Turismo, Pol\u00edtica, Sociedad, Deporte, Cultura y todo el contenido de inter\u00e9s general que la gente del pueblo y la regi\u00f3n debe conocer.\" \/>\n<meta property=\"og:url\" content=\"https:\/\/www.celttv.com.ar\/index.php\/2019\/01\/19\/comision-bicameral-legisladores-e-intendentes-analizaron-el-desdoblamiento-de-elecciones\/\" \/>\n<meta property=\"og:site_name\" content=\"CELTTV\" \/>\n<meta property=\"article:publisher\" content=\"https:\/\/www.facebook.com\/celtTV\/\" \/>\n<meta property=\"article:published_time\" content=\"2019-01-19T00:34:49+00:00\" \/>\n<meta property=\"og:image\" content=\"https:\/\/www.celttv.com.ar\/wp-content\/uploads\/2019\/01\/Bicameral-03.jpeg\" \/>\n\t<meta property=\"og:image:width\" content=\"1280\" \/>\n\t<meta property=\"og:image:height\" content=\"853\" \/>\n\t<meta property=\"og:image:type\" content=\"image\/jpeg\" \/>\n<meta name=\"author\" content=\"ulises\" \/>\n<meta name=\"twitter:card\" content=\"summary_large_image\" \/>\n<meta name=\"twitter:label1\" content=\"Escrito por\" \/>\n\t<meta name=\"twitter:data1\" content=\"ulises\" \/>\n\t<meta name=\"twitter:label2\" content=\"Tiempo de lectura\" \/>\n\t<meta name=\"twitter:data2\" content=\"2 minutos\" \/>\n<script type=\"application\/ld+json\" class=\"yoast-schema-graph\">{\"@context\":\"https:\/\/schema.org\",\"@graph\":[{\"@type\":\"NewsArticle\",\"@id\":\"https:\/\/www.celttv.com.ar\/index.php\/2019\/01\/19\/comision-bicameral-legisladores-e-intendentes-analizaron-el-desdoblamiento-de-elecciones\/#article\",\"isPartOf\":{\"@id\":\"https:\/\/www.celttv.com.ar\/index.php\/2019\/01\/19\/comision-bicameral-legisladores-e-intendentes-analizaron-el-desdoblamiento-de-elecciones\/\"},\"author\":{\"name\":\"ulises\",\"@id\":\"https:\/\/www.celttv.com.ar\/#\/schema\/person\/6d99c072dba59953809c81446e9d0ace\"},\"headline\":\"COMISI\u00d3N BICAMERAL: LEGISLADORES E INTENDENTES ANALIZARON EL DESDOBLAMIENTO DE ELECCIONES\",\"datePublished\":\"2019-01-19T00:34:49+00:00\",\"dateModified\":\"2019-01-19T00:34:49+00:00\",\"mainEntityOfPage\":{\"@id\":\"https:\/\/www.celttv.com.ar\/index.php\/2019\/01\/19\/comision-bicameral-legisladores-e-intendentes-analizaron-el-desdoblamiento-de-elecciones\/\"},\"wordCount\":493,\"publisher\":{\"@id\":\"https:\/\/www.celttv.com.ar\/#organization\"},\"articleSection\":[\"Celt TV Noticias\",\"Comunidad\",\"Destacadas\",\"Pol\u00edtica\"],\"inLanguage\":\"es\"},{\"@type\":\"WebPage\",\"@id\":\"https:\/\/www.celttv.com.ar\/index.php\/2019\/01\/19\/comision-bicameral-legisladores-e-intendentes-analizaron-el-desdoblamiento-de-elecciones\/\",\"url\":\"https:\/\/www.celttv.com.ar\/index.php\/2019\/01\/19\/comision-bicameral-legisladores-e-intendentes-analizaron-el-desdoblamiento-de-elecciones\/\",\"name\":\"COMISI\u00d3N BICAMERAL: LEGISLADORES E INTENDENTES ANALIZARON EL DESDOBLAMIENTO DE ELECCIONES - CELTTV\",\"isPartOf\":{\"@id\":\"https:\/\/www.celttv.com.ar\/#website\"},\"datePublished\":\"2019-01-19T00:34:49+00:00\",\"dateModified\":\"2019-01-19T00:34:49+00:00\",\"description\":\"Sitio web de noticias de la localidad de Tornquist, provincia de Buenos Aires, Rep\u00fablica Argentina. Contenido propio originado por periodistas de CELTTV, el canal de TV local de la Cooperativa El\u00e9ctrica de Tornquist. Turismo, Pol\u00edtica, Sociedad, Deporte, Cultura y todo el contenido de inter\u00e9s general que la gente del pueblo y la regi\u00f3n debe conocer.\",\"breadcrumb\":{\"@id\":\"https:\/\/www.celttv.com.ar\/index.php\/2019\/01\/19\/comision-bicameral-legisladores-e-intendentes-analizaron-el-desdoblamiento-de-elecciones\/#breadcrumb\"},\"inLanguage\":\"es\",\"potentialAction\":[{\"@type\":\"ReadAction\",\"target\":[\"https:\/\/www.celttv.com.ar\/index.php\/2019\/01\/19\/comision-bicameral-legisladores-e-intendentes-analizaron-el-desdoblamiento-de-elecciones\/\"]}]},{\"@type\":\"BreadcrumbList\",\"@id\":\"https:\/\/www.celttv.com.ar\/index.php\/2019\/01\/19\/comision-bicameral-legisladores-e-intendentes-analizaron-el-desdoblamiento-de-elecciones\/#breadcrumb\",\"itemListElement\":[{\"@type\":\"ListItem\",\"position\":1,\"name\":\"Inicio\",\"item\":\"https:\/\/www.celttv.com.ar\/\"},{\"@type\":\"ListItem\",\"position\":2,\"name\":\"COMISI\u00d3N BICAMERAL: LEGISLADORES E INTENDENTES ANALIZARON EL DESDOBLAMIENTO DE ELECCIONES\"}]},{\"@type\":\"WebSite\",\"@id\":\"https:\/\/www.celttv.com.ar\/#website\",\"url\":\"https:\/\/www.celttv.com.ar\/\",\"name\":\"CELTTV\",\"description\":\"Cooperativa El\u00e9ctrica de Tornquist\",\"publisher\":{\"@id\":\"https:\/\/www.celttv.com.ar\/#organization\"},\"potentialAction\":[{\"@type\":\"SearchAction\",\"target\":{\"@type\":\"EntryPoint\",\"urlTemplate\":\"https:\/\/www.celttv.com.ar\/?s={search_term_string}\"},\"query-input\":\"required name=search_term_string\"}],\"inLanguage\":\"es\"},{\"@type\":\"Organization\",\"@id\":\"https:\/\/www.celttv.com.ar\/#organization\",\"name\":\"CELTTV\",\"url\":\"https:\/\/www.celttv.com.ar\/\",\"sameAs\":[\"https:\/\/www.youtube.com\/channel\/UCz_oIt8Hig64Ub-EmcNPIhg\",\"https:\/\/www.facebook.com\/celtTV\/\"],\"logo\":{\"@type\":\"ImageObject\",\"inLanguage\":\"es\",\"@id\":\"https:\/\/www.celttv.com.ar\/#\/schema\/logo\/image\/\",\"url\":\"http:\/\/www.celttv.com.ar\/wp-content\/uploads\/2022\/08\/logo-1.png\",\"contentUrl\":\"http:\/\/www.celttv.com.ar\/wp-content\/uploads\/2022\/08\/logo-1.png\",\"width\":461,\"height\":159,\"caption\":\"CELTTV\"},\"image\":{\"@id\":\"https:\/\/www.celttv.com.ar\/#\/schema\/logo\/image\/\"}},{\"@type\":\"Person\",\"@id\":\"https:\/\/www.celttv.com.ar\/#\/schema\/person\/6d99c072dba59953809c81446e9d0ace\",\"name\":\"ulises\",\"image\":{\"@type\":\"ImageObject\",\"inLanguage\":\"es\",\"@id\":\"https:\/\/www.celttv.com.ar\/#\/schema\/person\/image\/\",\"url\":\"https:\/\/secure.gravatar.com\/avatar\/7f2c48bdc33b30088f941fb6082e555f2874c98e20cb159d7b92b50eadfce793?s=96&d=mm&r=g\",\"contentUrl\":\"https:\/\/secure.gravatar.com\/avatar\/7f2c48bdc33b30088f941fb6082e555f2874c98e20cb159d7b92b50eadfce793?s=96&d=mm&r=g\",\"caption\":\"ulises\"},\"sameAs\":[\"http:\/\/www.celttv.com.ar\"]}]}<\/script>\n<!-- \/ Yoast SEO plugin. -->","yoast_head_json":{"title":"COMISI\u00d3N BICAMERAL: LEGISLADORES E INTENDENTES ANALIZARON EL DESDOBLAMIENTO DE ELECCIONES - CELTTV","description":"Sitio web de noticias de la localidad de Tornquist, provincia de Buenos Aires, Rep\u00fablica Argentina. Contenido propio originado por periodistas de CELTTV, el canal de TV local de la Cooperativa El\u00e9ctrica de Tornquist. Turismo, Pol\u00edtica, Sociedad, Deporte, Cultura y todo el contenido de inter\u00e9s general que la gente del pueblo y la regi\u00f3n debe conocer.","robots":{"index":"index","follow":"follow","max-snippet":"max-snippet:-1","max-image-preview":"max-image-preview:large","max-video-preview":"max-video-preview:-1"},"canonical":"https:\/\/www.celttv.com.ar\/index.php\/2019\/01\/19\/comision-bicameral-legisladores-e-intendentes-analizaron-el-desdoblamiento-de-elecciones\/","og_locale":"es_ES","og_type":"article","og_title":"COMISI\u00d3N BICAMERAL: LEGISLADORES E INTENDENTES ANALIZARON EL DESDOBLAMIENTO DE ELECCIONES - CELTTV","og_description":"Sitio web de noticias de la localidad de Tornquist, provincia de Buenos Aires, Rep\u00fablica Argentina. Contenido propio originado por periodistas de CELTTV, el canal de TV local de la Cooperativa El\u00e9ctrica de Tornquist. Turismo, Pol\u00edtica, Sociedad, Deporte, Cultura y todo el contenido de inter\u00e9s general que la gente del pueblo y la regi\u00f3n debe conocer.","og_url":"https:\/\/www.celttv.com.ar\/index.php\/2019\/01\/19\/comision-bicameral-legisladores-e-intendentes-analizaron-el-desdoblamiento-de-elecciones\/","og_site_name":"CELTTV","article_publisher":"https:\/\/www.facebook.com\/celtTV\/","article_published_time":"2019-01-19T00:34:49+00:00","og_image":[{"width":1280,"height":853,"url":"https:\/\/www.celttv.com.ar\/wp-content\/uploads\/2019\/01\/Bicameral-03.jpeg","type":"image\/jpeg"}],"author":"ulises","twitter_card":"summary_large_image","twitter_misc":{"Escrito por":"ulises","Tiempo de lectura":"2 minutos"},"schema":{"@context":"https:\/\/schema.org","@graph":[{"@type":"NewsArticle","@id":"https:\/\/www.celttv.com.ar\/index.php\/2019\/01\/19\/comision-bicameral-legisladores-e-intendentes-analizaron-el-desdoblamiento-de-elecciones\/#article","isPartOf":{"@id":"https:\/\/www.celttv.com.ar\/index.php\/2019\/01\/19\/comision-bicameral-legisladores-e-intendentes-analizaron-el-desdoblamiento-de-elecciones\/"},"author":{"name":"ulises","@id":"https:\/\/www.celttv.com.ar\/#\/schema\/person\/6d99c072dba59953809c81446e9d0ace"},"headline":"COMISI\u00d3N BICAMERAL: LEGISLADORES E INTENDENTES ANALIZARON EL DESDOBLAMIENTO DE ELECCIONES","datePublished":"2019-01-19T00:34:49+00:00","dateModified":"2019-01-19T00:34:49+00:00","mainEntityOfPage":{"@id":"https:\/\/www.celttv.com.ar\/index.php\/2019\/01\/19\/comision-bicameral-legisladores-e-intendentes-analizaron-el-desdoblamiento-de-elecciones\/"},"wordCount":493,"publisher":{"@id":"https:\/\/www.celttv.com.ar\/#organization"},"articleSection":["Celt TV Noticias","Comunidad","Destacadas","Pol\u00edtica"],"inLanguage":"es"},{"@type":"WebPage","@id":"https:\/\/www.celttv.com.ar\/index.php\/2019\/01\/19\/comision-bicameral-legisladores-e-intendentes-analizaron-el-desdoblamiento-de-elecciones\/","url":"https:\/\/www.celttv.com.ar\/index.php\/2019\/01\/19\/comision-bicameral-legisladores-e-intendentes-analizaron-el-desdoblamiento-de-elecciones\/","name":"COMISI\u00d3N BICAMERAL: LEGISLADORES E INTENDENTES ANALIZARON EL DESDOBLAMIENTO DE ELECCIONES - CELTTV","isPartOf":{"@id":"https:\/\/www.celttv.com.ar\/#website"},"datePublished":"2019-01-19T00:34:49+00:00","dateModified":"2019-01-19T00:34:49+00:00","description":"Sitio web de noticias de la localidad de Tornquist, provincia de Buenos Aires, Rep\u00fablica Argentina. Contenido propio originado por periodistas de CELTTV, el canal de TV local de la Cooperativa El\u00e9ctrica de Tornquist. Turismo, Pol\u00edtica, Sociedad, Deporte, Cultura y todo el contenido de inter\u00e9s general que la gente del pueblo y la regi\u00f3n debe conocer.","breadcrumb":{"@id":"https:\/\/www.celttv.com.ar\/index.php\/2019\/01\/19\/comision-bicameral-legisladores-e-intendentes-analizaron-el-desdoblamiento-de-elecciones\/#breadcrumb"},"inLanguage":"es","potentialAction":[{"@type":"ReadAction","target":["https:\/\/www.celttv.com.ar\/index.php\/2019\/01\/19\/comision-bicameral-legisladores-e-intendentes-analizaron-el-desdoblamiento-de-elecciones\/"]}]},{"@type":"BreadcrumbList","@id":"https:\/\/www.celttv.com.ar\/index.php\/2019\/01\/19\/comision-bicameral-legisladores-e-intendentes-analizaron-el-desdoblamiento-de-elecciones\/#breadcrumb","itemListElement":[{"@type":"ListItem","position":1,"name":"Inicio","item":"https:\/\/www.celttv.com.ar\/"},{"@type":"ListItem","position":2,"name":"COMISI\u00d3N BICAMERAL: LEGISLADORES E INTENDENTES ANALIZARON EL DESDOBLAMIENTO DE ELECCIONES"}]},{"@type":"WebSite","@id":"https:\/\/www.celttv.com.ar\/#website","url":"https:\/\/www.celttv.com.ar\/","name":"CELTTV","description":"Cooperativa El\u00e9ctrica de Tornquist","publisher":{"@id":"https:\/\/www.celttv.com.ar\/#organization"},"potentialAction":[{"@type":"SearchAction","target":{"@type":"EntryPoint","urlTemplate":"https:\/\/www.celttv.com.ar\/?s={search_term_string}"},"query-input":"required name=search_term_string"}],"inLanguage":"es"},{"@type":"Organization","@id":"https:\/\/www.celttv.com.ar\/#organization","name":"CELTTV","url":"https:\/\/www.celttv.com.ar\/","sameAs":["https:\/\/www.youtube.com\/channel\/UCz_oIt8Hig64Ub-EmcNPIhg","https:\/\/www.facebook.com\/celtTV\/"],"logo":{"@type":"ImageObject","inLanguage":"es","@id":"https:\/\/www.celttv.com.ar\/#\/schema\/logo\/image\/","url":"http:\/\/www.celttv.com.ar\/wp-content\/uploads\/2022\/08\/logo-1.png","contentUrl":"http:\/\/www.celttv.com.ar\/wp-content\/uploads\/2022\/08\/logo-1.png","width":461,"height":159,"caption":"CELTTV"},"image":{"@id":"https:\/\/www.celttv.com.ar\/#\/schema\/logo\/image\/"}},{"@type":"Person","@id":"https:\/\/www.celttv.com.ar\/#\/schema\/person\/6d99c072dba59953809c81446e9d0ace","name":"ulises","image":{"@type":"ImageObject","inLanguage":"es","@id":"https:\/\/www.celttv.com.ar\/#\/schema\/person\/image\/","url":"https:\/\/secure.gravatar.com\/avatar\/7f2c48bdc33b30088f941fb6082e555f2874c98e20cb159d7b92b50eadfce793?s=96&d=mm&r=g","contentUrl":"https:\/\/secure.gravatar.com\/avatar\/7f2c48bdc33b30088f941fb6082e555f2874c98e20cb159d7b92b50eadfce793?s=96&d=mm&r=g","caption":"ulises"},"sameAs":["http:\/\/www.celttv.com.ar"]}]}},"_links":{"self":[{"href":"https:\/\/www.celttv.com.ar\/index.php\/wp-json\/wp\/v2\/posts\/39565","targetHints":{"allow":["GET"]}}],"collection":[{"href":"https:\/\/www.celttv.com.ar\/index.php\/wp-json\/wp\/v2\/posts"}],"about":[{"href":"https:\/\/www.celttv.com.ar\/index.php\/wp-json\/wp\/v2\/types\/post"}],"author":[{"embeddable":true,"href":"https:\/\/www.celttv.com.ar\/index.php\/wp-json\/wp\/v2\/users\/1"}],"replies":[{"embeddable":true,"href":"https:\/\/www.celttv.com.ar\/index.php\/wp-json\/wp\/v2\/comments?post=39565"}],"version-history":[{"count":0,"href":"https:\/\/www.celttv.com.ar\/index.php\/wp-json\/wp\/v2\/posts\/39565\/revisions"}],"wp:featuredmedia":[{"embeddable":true,"href":"https:\/\/www.celttv.com.ar\/index.php\/wp-json\/wp\/v2\/media\/39567"}],"wp:attachment":[{"href":"https:\/\/www.celttv.com.ar\/index.php\/wp-json\/wp\/v2\/media?parent=39565"}],"wp:term":[{"taxonomy":"category","embeddable":true,"href":"https:\/\/www.celttv.com.ar\/index.php\/wp-json\/wp\/v2\/categories?post=39565"},{"taxonomy":"post_tag","embeddable":true,"href":"https:\/\/www.celttv.com.ar\/index.php\/wp-json\/wp\/v2\/tags?post=39565"}],"curies":[{"name":"wp","href":"https:\/\/api.w.org\/{rel}","templated":true}]}}