{"id":39583,"date":"2019-01-21T13:05:33","date_gmt":"2019-01-21T13:05:33","guid":{"rendered":"http:\/\/www.celttv.com.ar\/?p=39583"},"modified":"2019-01-21T13:05:33","modified_gmt":"2019-01-21T13:05:33","slug":"sobre-anuncio-de-reparacion-de-la-ruta-provincial-76-tramo-san-eloy-sierra-de-la-ventana","status":"publish","type":"post","link":"https:\/\/www.celttv.com.ar\/index.php\/2019\/01\/21\/sobre-anuncio-de-reparacion-de-la-ruta-provincial-76-tramo-san-eloy-sierra-de-la-ventana\/","title":{"rendered":"Sobre anuncio de reparaci\u00f3n de la Ruta Provincial 76 (Tramo San Eloy &#8211; Sierra de la Ventana)"},"content":{"rendered":"<div id=\"main-content\" class=\"mh-content\">\n<article id=\"post-28326\" class=\"post-28326 post type-post status-publish format-standard has-post-thumbnail hentry category-politica\">\n<div class=\"entry-content clearfix\">\n<p><a title=\"mas actuales 2\" href=\"http:\/\/farm8.staticflickr.com\/7865\/39860715913_8c07805e9c.jpg\" rel=\"\"><img loading=\"lazy\" decoding=\"async\" class=\"alignleft\" title=\"mas actuales 2\" src=\"http:\/\/farm8.staticflickr.com\/7865\/39860715913_8c07805e9c.jpg\" alt=\"mas actuales 2\" width=\"375\" height=\"500\" \/><\/a>Atento a los anuncios sobre reparaci\u00f3n de la ruta provincial 76 que se produjeron luego de enviadas nuestras cartas documento, creemos positivo que la gobernadora Mar\u00eda Eugenia Vidal haya acusado recibo de los numerosos y reiterados reclamos de los vecinos de Coronel Suarez y Tornquist.<span id=\"more-28326\"><\/span><br \/>\nAunque esto es una buena noticia, nos apenan las idas y vueltas que se sucedieron en torno a la decisi\u00f3n de arreglar la ruta. Nos referimos a que cuando el 20\/12\/18 se suspendi\u00f3 la visita de la gobernadora a la localidad de Sierra de la Ventana, el Ministro de Gobierno -De La Torre- expres\u00f3 que \u201cel ministro de Obras Publicas \u2013Lic. Gigante- y la gobernadora estaban al tanto del estado de la ruta 76 y que hab\u00edan mandado a pedir el expediente. (Ver.NoticiasTornquist). Adem\u00e1s en el acto de aniversario de Sierra de la Ventana el 17\/01\/2019, el intendente de Tornquist, Sergio Bordoni, dijo que la gobernadora iba a visitar la localidad y que traer\u00eda novedades en torno a la ruta 76. A todo esto el 18\/01\/2019, a 29 d\u00edas de pedir el expediente; la misma Gobernadora Vidal en su visita asegur\u00f3 \u201cque se pondr\u00eda en contacto con Vialidad para la urgente reparaci\u00f3n de la Ruta provincial 76. (Ver Noticias Radio Reflejos). Luego de todo esto el 20\/01\/2019 se anuncia la realizaci\u00f3n de la obra de bacheo profundo.<\/p>\n<p>Nos preguntamos: \u00bfNo hab\u00edan mandado a pedir el expediente el 20 de diciembre del a\u00f1o pasado?. \u00bfLa Gobernadora Mar\u00eda Eugenia Vidal no se hab\u00eda podido comunicar antes?.<\/p>\n<p><a title=\"mas actuales 1\" href=\"http:\/\/farm8.staticflickr.com\/7816\/46100825694_f339eabab1.jpg\" rel=\"\"><img loading=\"lazy\" decoding=\"async\" class=\"alignleft\" title=\"mas actuales 1\" src=\"http:\/\/farm8.staticflickr.com\/7816\/46100825694_f339eabab1.jpg\" alt=\"mas actuales 1\" width=\"500\" height=\"375\" \/><\/a>Lamentamos que, tanto dirigentes de la oposici\u00f3n y vecinos preocupados por el estado calamitoso de la ruta, hayamos tenido que atravesar un camino tan sinuoso (incluyendo instancias legales) para ser escuchados.<\/p>\n<p>As\u00ed mismo deseamos colaborar con la soluci\u00f3n pidi\u00e9ndole a la gobernadora que hasta que se proceda a la reparaci\u00f3n de la ruta se tomen algunas decisiones que no cuestan tanto dinero como disponer una adecuada se\u00f1al\u00e9tica (ver foto de la existente), cortar los yuyales al costado de las banquinas y resolver sobre paso de camiones sin carta de porte; cosas que podr\u00edan aminorar los riesgos de paso por la ruta 76. As\u00ed mismo, luego del bacheo, se tomen resoluciones sobre el paso de camiones por la citada ruta; para que luego de arreglada no se deteriore r\u00e1pidamente volviendo \u201cmalgastado\u201d el dinero invertido.<\/p>\n<p>Esperamos que se desarrolle la obra prometida porque nuestra prioridad es y seguir\u00e1 siendo la seguridad de nuestros vecinos y conciudadanos.<\/p>\n<p>Claudio Masson. 291-6490788. Sierra dela Ventana. FP 2502 Unidad Ciudadana Tornquist.<\/p>\n<p>Silvia Zaballa. 291-6430402. Villa Arcadia. FP 2502 Unidad Ciudadana. Coronel Suarez.<\/p>\n<p>Dar\u00edo G\u00f3mez. 2926-461810. Agrupaci\u00f3n Milla Cura. Coronel Suarez.<\/p>\n<\/div>\n<div id=\"primary-sidebar\" class=\"primary-sidebar widget-area footer-1-nohome'\" role=\"complementary\"><\/div>\n<\/article>\n<\/div>\n<aside class=\"mh-sidebar\">\n<div id=\"text-5\" class=\"sb-widget clearfix widget_text\"><\/div>\n<\/aside>\n","protected":false},"excerpt":{"rendered":"<p>Atento a los anuncios sobre reparaci\u00f3n de la ruta provincial 76 que se produjeron luego de enviadas nuestras cartas documento, creemos positivo que la gobernadora Mar\u00eda Eugenia Vidal haya acusado recibo de los numerosos y reiterados reclamos de los vecinos de Coronel Suarez y Tornquist. Aunque esto es una buena noticia, nos apenan las idas [&hellip;]<\/p>\n","protected":false},"author":1,"featured_media":39584,"comment_status":"closed","ping_status":"open","sticky":false,"template":"","format":"standard","meta":{"footnotes":""},"categories":[55,51,52,58],"tags":[],"class_list":["post-39583","post","type-post","status-publish","format-standard","has-post-thumbnail","hentry","category-celt-tv-noticias","category-comunidad","category-destacadas","category-turismo"],"yoast_head":"<!-- This site is optimized with the Yoast SEO plugin v19.7.1 - https:\/\/yoast.com\/wordpress\/plugins\/seo\/ -->\n<title>Sobre anuncio de reparaci\u00f3n de la Ruta Provincial 76 (Tramo San Eloy - Sierra de la Ventana) - CELTTV<\/title>\n<meta name=\"description\" content=\"Sitio web de noticias de la localidad de Tornquist, provincia de Buenos Aires, Rep\u00fablica Argentina. Contenido propio originado por periodistas de CELTTV, el canal de TV local de la Cooperativa El\u00e9ctrica de Tornquist. Turismo, Pol\u00edtica, Sociedad, Deporte, Cultura y todo el contenido de inter\u00e9s general que la gente del pueblo y la regi\u00f3n debe conocer.\" \/>\n<meta name=\"robots\" content=\"index, follow, max-snippet:-1, max-image-preview:large, max-video-preview:-1\" \/>\n<link rel=\"canonical\" href=\"https:\/\/www.celttv.com.ar\/index.php\/2019\/01\/21\/sobre-anuncio-de-reparacion-de-la-ruta-provincial-76-tramo-san-eloy-sierra-de-la-ventana\/\" \/>\n<meta property=\"og:locale\" content=\"es_ES\" \/>\n<meta property=\"og:type\" content=\"article\" \/>\n<meta property=\"og:title\" content=\"Sobre anuncio de reparaci\u00f3n de la Ruta Provincial 76 (Tramo San Eloy - Sierra de la Ventana) - CELTTV\" \/>\n<meta property=\"og:description\" content=\"Sitio web de noticias de la localidad de Tornquist, provincia de Buenos Aires, Rep\u00fablica Argentina. Contenido propio originado por periodistas de CELTTV, el canal de TV local de la Cooperativa El\u00e9ctrica de Tornquist. Turismo, Pol\u00edtica, Sociedad, Deporte, Cultura y todo el contenido de inter\u00e9s general que la gente del pueblo y la regi\u00f3n debe conocer.\" \/>\n<meta property=\"og:url\" content=\"https:\/\/www.celttv.com.ar\/index.php\/2019\/01\/21\/sobre-anuncio-de-reparacion-de-la-ruta-provincial-76-tramo-san-eloy-sierra-de-la-ventana\/\" \/>\n<meta property=\"og:site_name\" content=\"CELTTV\" \/>\n<meta property=\"article:publisher\" content=\"https:\/\/www.facebook.com\/celtTV\/\" \/>\n<meta property=\"article:published_time\" content=\"2019-01-21T13:05:33+00:00\" \/>\n<meta property=\"og:image\" content=\"https:\/\/www.celttv.com.ar\/wp-content\/uploads\/2019\/01\/Sin-titulo-452x437-1.jpg\" \/>\n\t<meta property=\"og:image:width\" content=\"452\" \/>\n\t<meta property=\"og:image:height\" content=\"437\" \/>\n\t<meta property=\"og:image:type\" content=\"image\/jpeg\" \/>\n<meta name=\"author\" content=\"ulises\" \/>\n<meta name=\"twitter:card\" content=\"summary_large_image\" \/>\n<meta name=\"twitter:label1\" content=\"Escrito por\" \/>\n\t<meta name=\"twitter:data1\" content=\"ulises\" \/>\n\t<meta name=\"twitter:label2\" content=\"Tiempo de lectura\" \/>\n\t<meta name=\"twitter:data2\" content=\"2 minutos\" \/>\n<script type=\"application\/ld+json\" class=\"yoast-schema-graph\">{\"@context\":\"https:\/\/schema.org\",\"@graph\":[{\"@type\":\"NewsArticle\",\"@id\":\"https:\/\/www.celttv.com.ar\/index.php\/2019\/01\/21\/sobre-anuncio-de-reparacion-de-la-ruta-provincial-76-tramo-san-eloy-sierra-de-la-ventana\/#article\",\"isPartOf\":{\"@id\":\"https:\/\/www.celttv.com.ar\/index.php\/2019\/01\/21\/sobre-anuncio-de-reparacion-de-la-ruta-provincial-76-tramo-san-eloy-sierra-de-la-ventana\/\"},\"author\":{\"name\":\"ulises\",\"@id\":\"https:\/\/www.celttv.com.ar\/#\/schema\/person\/6d99c072dba59953809c81446e9d0ace\"},\"headline\":\"Sobre anuncio de reparaci\u00f3n de la Ruta Provincial 76 (Tramo San Eloy &#8211; Sierra de la Ventana)\",\"datePublished\":\"2019-01-21T13:05:33+00:00\",\"dateModified\":\"2019-01-21T13:05:33+00:00\",\"mainEntityOfPage\":{\"@id\":\"https:\/\/www.celttv.com.ar\/index.php\/2019\/01\/21\/sobre-anuncio-de-reparacion-de-la-ruta-provincial-76-tramo-san-eloy-sierra-de-la-ventana\/\"},\"wordCount\":463,\"publisher\":{\"@id\":\"https:\/\/www.celttv.com.ar\/#organization\"},\"articleSection\":[\"Celt TV Noticias\",\"Comunidad\",\"Destacadas\",\"Turismo\"],\"inLanguage\":\"es\"},{\"@type\":\"WebPage\",\"@id\":\"https:\/\/www.celttv.com.ar\/index.php\/2019\/01\/21\/sobre-anuncio-de-reparacion-de-la-ruta-provincial-76-tramo-san-eloy-sierra-de-la-ventana\/\",\"url\":\"https:\/\/www.celttv.com.ar\/index.php\/2019\/01\/21\/sobre-anuncio-de-reparacion-de-la-ruta-provincial-76-tramo-san-eloy-sierra-de-la-ventana\/\",\"name\":\"Sobre anuncio de reparaci\u00f3n de la Ruta Provincial 76 (Tramo San Eloy - Sierra de la Ventana) - CELTTV\",\"isPartOf\":{\"@id\":\"https:\/\/www.celttv.com.ar\/#website\"},\"datePublished\":\"2019-01-21T13:05:33+00:00\",\"dateModified\":\"2019-01-21T13:05:33+00:00\",\"description\":\"Sitio web de noticias de la localidad de Tornquist, provincia de Buenos Aires, Rep\u00fablica Argentina. Contenido propio originado por periodistas de CELTTV, el canal de TV local de la Cooperativa El\u00e9ctrica de Tornquist. Turismo, Pol\u00edtica, Sociedad, Deporte, Cultura y todo el contenido de inter\u00e9s general que la gente del pueblo y la regi\u00f3n debe conocer.\",\"breadcrumb\":{\"@id\":\"https:\/\/www.celttv.com.ar\/index.php\/2019\/01\/21\/sobre-anuncio-de-reparacion-de-la-ruta-provincial-76-tramo-san-eloy-sierra-de-la-ventana\/#breadcrumb\"},\"inLanguage\":\"es\",\"potentialAction\":[{\"@type\":\"ReadAction\",\"target\":[\"https:\/\/www.celttv.com.ar\/index.php\/2019\/01\/21\/sobre-anuncio-de-reparacion-de-la-ruta-provincial-76-tramo-san-eloy-sierra-de-la-ventana\/\"]}]},{\"@type\":\"BreadcrumbList\",\"@id\":\"https:\/\/www.celttv.com.ar\/index.php\/2019\/01\/21\/sobre-anuncio-de-reparacion-de-la-ruta-provincial-76-tramo-san-eloy-sierra-de-la-ventana\/#breadcrumb\",\"itemListElement\":[{\"@type\":\"ListItem\",\"position\":1,\"name\":\"Inicio\",\"item\":\"https:\/\/www.celttv.com.ar\/\"},{\"@type\":\"ListItem\",\"position\":2,\"name\":\"Sobre anuncio de reparaci\u00f3n de la Ruta Provincial 76 (Tramo San Eloy &#8211; Sierra de la Ventana)\"}]},{\"@type\":\"WebSite\",\"@id\":\"https:\/\/www.celttv.com.ar\/#website\",\"url\":\"https:\/\/www.celttv.com.ar\/\",\"name\":\"CELTTV\",\"description\":\"Cooperativa El\u00e9ctrica de Tornquist\",\"publisher\":{\"@id\":\"https:\/\/www.celttv.com.ar\/#organization\"},\"potentialAction\":[{\"@type\":\"SearchAction\",\"target\":{\"@type\":\"EntryPoint\",\"urlTemplate\":\"https:\/\/www.celttv.com.ar\/?s={search_term_string}\"},\"query-input\":\"required name=search_term_string\"}],\"inLanguage\":\"es\"},{\"@type\":\"Organization\",\"@id\":\"https:\/\/www.celttv.com.ar\/#organization\",\"name\":\"CELTTV\",\"url\":\"https:\/\/www.celttv.com.ar\/\",\"sameAs\":[\"https:\/\/www.youtube.com\/channel\/UCz_oIt8Hig64Ub-EmcNPIhg\",\"https:\/\/www.facebook.com\/celtTV\/\"],\"logo\":{\"@type\":\"ImageObject\",\"inLanguage\":\"es\",\"@id\":\"https:\/\/www.celttv.com.ar\/#\/schema\/logo\/image\/\",\"url\":\"http:\/\/www.celttv.com.ar\/wp-content\/uploads\/2022\/08\/logo-1.png\",\"contentUrl\":\"http:\/\/www.celttv.com.ar\/wp-content\/uploads\/2022\/08\/logo-1.png\",\"width\":461,\"height\":159,\"caption\":\"CELTTV\"},\"image\":{\"@id\":\"https:\/\/www.celttv.com.ar\/#\/schema\/logo\/image\/\"}},{\"@type\":\"Person\",\"@id\":\"https:\/\/www.celttv.com.ar\/#\/schema\/person\/6d99c072dba59953809c81446e9d0ace\",\"name\":\"ulises\",\"image\":{\"@type\":\"ImageObject\",\"inLanguage\":\"es\",\"@id\":\"https:\/\/www.celttv.com.ar\/#\/schema\/person\/image\/\",\"url\":\"https:\/\/secure.gravatar.com\/avatar\/7f2c48bdc33b30088f941fb6082e555f2874c98e20cb159d7b92b50eadfce793?s=96&d=mm&r=g\",\"contentUrl\":\"https:\/\/secure.gravatar.com\/avatar\/7f2c48bdc33b30088f941fb6082e555f2874c98e20cb159d7b92b50eadfce793?s=96&d=mm&r=g\",\"caption\":\"ulises\"},\"sameAs\":[\"http:\/\/www.celttv.com.ar\"]}]}<\/script>\n<!-- \/ Yoast SEO plugin. -->","yoast_head_json":{"title":"Sobre anuncio de reparaci\u00f3n de la Ruta Provincial 76 (Tramo San Eloy - Sierra de la Ventana) - CELTTV","description":"Sitio web de noticias de la localidad de Tornquist, provincia de Buenos Aires, Rep\u00fablica Argentina. Contenido propio originado por periodistas de CELTTV, el canal de TV local de la Cooperativa El\u00e9ctrica de Tornquist. Turismo, Pol\u00edtica, Sociedad, Deporte, Cultura y todo el contenido de inter\u00e9s general que la gente del pueblo y la regi\u00f3n debe conocer.","robots":{"index":"index","follow":"follow","max-snippet":"max-snippet:-1","max-image-preview":"max-image-preview:large","max-video-preview":"max-video-preview:-1"},"canonical":"https:\/\/www.celttv.com.ar\/index.php\/2019\/01\/21\/sobre-anuncio-de-reparacion-de-la-ruta-provincial-76-tramo-san-eloy-sierra-de-la-ventana\/","og_locale":"es_ES","og_type":"article","og_title":"Sobre anuncio de reparaci\u00f3n de la Ruta Provincial 76 (Tramo San Eloy - Sierra de la Ventana) - CELTTV","og_description":"Sitio web de noticias de la localidad de Tornquist, provincia de Buenos Aires, Rep\u00fablica Argentina. Contenido propio originado por periodistas de CELTTV, el canal de TV local de la Cooperativa El\u00e9ctrica de Tornquist. Turismo, Pol\u00edtica, Sociedad, Deporte, Cultura y todo el contenido de inter\u00e9s general que la gente del pueblo y la regi\u00f3n debe conocer.","og_url":"https:\/\/www.celttv.com.ar\/index.php\/2019\/01\/21\/sobre-anuncio-de-reparacion-de-la-ruta-provincial-76-tramo-san-eloy-sierra-de-la-ventana\/","og_site_name":"CELTTV","article_publisher":"https:\/\/www.facebook.com\/celtTV\/","article_published_time":"2019-01-21T13:05:33+00:00","og_image":[{"width":452,"height":437,"url":"https:\/\/www.celttv.com.ar\/wp-content\/uploads\/2019\/01\/Sin-titulo-452x437-1.jpg","type":"image\/jpeg"}],"author":"ulises","twitter_card":"summary_large_image","twitter_misc":{"Escrito por":"ulises","Tiempo de lectura":"2 minutos"},"schema":{"@context":"https:\/\/schema.org","@graph":[{"@type":"NewsArticle","@id":"https:\/\/www.celttv.com.ar\/index.php\/2019\/01\/21\/sobre-anuncio-de-reparacion-de-la-ruta-provincial-76-tramo-san-eloy-sierra-de-la-ventana\/#article","isPartOf":{"@id":"https:\/\/www.celttv.com.ar\/index.php\/2019\/01\/21\/sobre-anuncio-de-reparacion-de-la-ruta-provincial-76-tramo-san-eloy-sierra-de-la-ventana\/"},"author":{"name":"ulises","@id":"https:\/\/www.celttv.com.ar\/#\/schema\/person\/6d99c072dba59953809c81446e9d0ace"},"headline":"Sobre anuncio de reparaci\u00f3n de la Ruta Provincial 76 (Tramo San Eloy &#8211; Sierra de la Ventana)","datePublished":"2019-01-21T13:05:33+00:00","dateModified":"2019-01-21T13:05:33+00:00","mainEntityOfPage":{"@id":"https:\/\/www.celttv.com.ar\/index.php\/2019\/01\/21\/sobre-anuncio-de-reparacion-de-la-ruta-provincial-76-tramo-san-eloy-sierra-de-la-ventana\/"},"wordCount":463,"publisher":{"@id":"https:\/\/www.celttv.com.ar\/#organization"},"articleSection":["Celt TV Noticias","Comunidad","Destacadas","Turismo"],"inLanguage":"es"},{"@type":"WebPage","@id":"https:\/\/www.celttv.com.ar\/index.php\/2019\/01\/21\/sobre-anuncio-de-reparacion-de-la-ruta-provincial-76-tramo-san-eloy-sierra-de-la-ventana\/","url":"https:\/\/www.celttv.com.ar\/index.php\/2019\/01\/21\/sobre-anuncio-de-reparacion-de-la-ruta-provincial-76-tramo-san-eloy-sierra-de-la-ventana\/","name":"Sobre anuncio de reparaci\u00f3n de la Ruta Provincial 76 (Tramo San Eloy - Sierra de la Ventana) - CELTTV","isPartOf":{"@id":"https:\/\/www.celttv.com.ar\/#website"},"datePublished":"2019-01-21T13:05:33+00:00","dateModified":"2019-01-21T13:05:33+00:00","description":"Sitio web de noticias de la localidad de Tornquist, provincia de Buenos Aires, Rep\u00fablica Argentina. Contenido propio originado por periodistas de CELTTV, el canal de TV local de la Cooperativa El\u00e9ctrica de Tornquist. Turismo, Pol\u00edtica, Sociedad, Deporte, Cultura y todo el contenido de inter\u00e9s general que la gente del pueblo y la regi\u00f3n debe conocer.","breadcrumb":{"@id":"https:\/\/www.celttv.com.ar\/index.php\/2019\/01\/21\/sobre-anuncio-de-reparacion-de-la-ruta-provincial-76-tramo-san-eloy-sierra-de-la-ventana\/#breadcrumb"},"inLanguage":"es","potentialAction":[{"@type":"ReadAction","target":["https:\/\/www.celttv.com.ar\/index.php\/2019\/01\/21\/sobre-anuncio-de-reparacion-de-la-ruta-provincial-76-tramo-san-eloy-sierra-de-la-ventana\/"]}]},{"@type":"BreadcrumbList","@id":"https:\/\/www.celttv.com.ar\/index.php\/2019\/01\/21\/sobre-anuncio-de-reparacion-de-la-ruta-provincial-76-tramo-san-eloy-sierra-de-la-ventana\/#breadcrumb","itemListElement":[{"@type":"ListItem","position":1,"name":"Inicio","item":"https:\/\/www.celttv.com.ar\/"},{"@type":"ListItem","position":2,"name":"Sobre anuncio de reparaci\u00f3n de la Ruta Provincial 76 (Tramo San Eloy &#8211; Sierra de la Ventana)"}]},{"@type":"WebSite","@id":"https:\/\/www.celttv.com.ar\/#website","url":"https:\/\/www.celttv.com.ar\/","name":"CELTTV","description":"Cooperativa El\u00e9ctrica de Tornquist","publisher":{"@id":"https:\/\/www.celttv.com.ar\/#organization"},"potentialAction":[{"@type":"SearchAction","target":{"@type":"EntryPoint","urlTemplate":"https:\/\/www.celttv.com.ar\/?s={search_term_string}"},"query-input":"required name=search_term_string"}],"inLanguage":"es"},{"@type":"Organization","@id":"https:\/\/www.celttv.com.ar\/#organization","name":"CELTTV","url":"https:\/\/www.celttv.com.ar\/","sameAs":["https:\/\/www.youtube.com\/channel\/UCz_oIt8Hig64Ub-EmcNPIhg","https:\/\/www.facebook.com\/celtTV\/"],"logo":{"@type":"ImageObject","inLanguage":"es","@id":"https:\/\/www.celttv.com.ar\/#\/schema\/logo\/image\/","url":"http:\/\/www.celttv.com.ar\/wp-content\/uploads\/2022\/08\/logo-1.png","contentUrl":"http:\/\/www.celttv.com.ar\/wp-content\/uploads\/2022\/08\/logo-1.png","width":461,"height":159,"caption":"CELTTV"},"image":{"@id":"https:\/\/www.celttv.com.ar\/#\/schema\/logo\/image\/"}},{"@type":"Person","@id":"https:\/\/www.celttv.com.ar\/#\/schema\/person\/6d99c072dba59953809c81446e9d0ace","name":"ulises","image":{"@type":"ImageObject","inLanguage":"es","@id":"https:\/\/www.celttv.com.ar\/#\/schema\/person\/image\/","url":"https:\/\/secure.gravatar.com\/avatar\/7f2c48bdc33b30088f941fb6082e555f2874c98e20cb159d7b92b50eadfce793?s=96&d=mm&r=g","contentUrl":"https:\/\/secure.gravatar.com\/avatar\/7f2c48bdc33b30088f941fb6082e555f2874c98e20cb159d7b92b50eadfce793?s=96&d=mm&r=g","caption":"ulises"},"sameAs":["http:\/\/www.celttv.com.ar"]}]}},"_links":{"self":[{"href":"https:\/\/www.celttv.com.ar\/index.php\/wp-json\/wp\/v2\/posts\/39583","targetHints":{"allow":["GET"]}}],"collection":[{"href":"https:\/\/www.celttv.com.ar\/index.php\/wp-json\/wp\/v2\/posts"}],"about":[{"href":"https:\/\/www.celttv.com.ar\/index.php\/wp-json\/wp\/v2\/types\/post"}],"author":[{"embeddable":true,"href":"https:\/\/www.celttv.com.ar\/index.php\/wp-json\/wp\/v2\/users\/1"}],"replies":[{"embeddable":true,"href":"https:\/\/www.celttv.com.ar\/index.php\/wp-json\/wp\/v2\/comments?post=39583"}],"version-history":[{"count":0,"href":"https:\/\/www.celttv.com.ar\/index.php\/wp-json\/wp\/v2\/posts\/39583\/revisions"}],"wp:featuredmedia":[{"embeddable":true,"href":"https:\/\/www.celttv.com.ar\/index.php\/wp-json\/wp\/v2\/media\/39584"}],"wp:attachment":[{"href":"https:\/\/www.celttv.com.ar\/index.php\/wp-json\/wp\/v2\/media?parent=39583"}],"wp:term":[{"taxonomy":"category","embeddable":true,"href":"https:\/\/www.celttv.com.ar\/index.php\/wp-json\/wp\/v2\/categories?post=39583"},{"taxonomy":"post_tag","embeddable":true,"href":"https:\/\/www.celttv.com.ar\/index.php\/wp-json\/wp\/v2\/tags?post=39583"}],"curies":[{"name":"wp","href":"https:\/\/api.w.org\/{rel}","templated":true}]}}