{"id":39629,"date":"2019-01-23T12:56:00","date_gmt":"2019-01-23T12:56:00","guid":{"rendered":"http:\/\/www.celttv.com.ar\/?p=39629"},"modified":"2019-01-23T12:56:00","modified_gmt":"2019-01-23T12:56:00","slug":"se-realizo-la-27o-edicion-de-la-fiesta-provincial-de-la-golondrina-videos-entrevistas-y-fotos","status":"publish","type":"post","link":"https:\/\/www.celttv.com.ar\/index.php\/2019\/01\/23\/se-realizo-la-27o-edicion-de-la-fiesta-provincial-de-la-golondrina-videos-entrevistas-y-fotos\/","title":{"rendered":"SE REALIZ\u00d3 LA 27\u00ba EDICI\u00d3N DE LA FIESTA PROVINCIAL DE LA GOLONDRINA (VIDEOS ENTREVISTAS Y FOTOS)"},"content":{"rendered":"<p class=\"yiv6248275943ydpb6e91ff0MsoNormal\">Un importante marco de p\u00fablico acompa\u00f1\u00f3 el desarrollo de la 27\u00ba edici\u00f3n de la Fiesta Provincial de La Golondrina en Villa Ventana.<\/p>\n<p class=\"yiv6248275943ydpb6e91ff0MsoNormal\">Fueron tres jornadas intensas de trabajo por parte de quienes integran la\u00a0\u00a0Sociedad de Fomento de la villa serrana junto al municipio de Tornquist, vecinos y particulares que se sumaron en la previa y durante el desarrollo del evento para que el p\u00fablico pudiera disfrutar del mismo.<\/p>\n<p class=\"yiv6248275943ydpb6e91ff0MsoNormal\">En el segundo d\u00eda de la fiesta, el intendente Sergio Bordoni, junto al delegado de Villa Ventana, Hugo Scabuso, y el presidente de la Sociedad de Fomento, Rub\u00e9n Testa, fueron los responsables de dejar inaugurado el evento, que concentro a varios artistas del distrito y la regi\u00f3n.<\/p>\n<p class=\"yiv6248275943ydpb6e91ff0MsoNormal\">Puestos de artesanos, patio de comidas, juegos para chicos y espect\u00e1culos para toda la familia, fueron los ingredientes necesarios para que la fiesta provincial, una vez m\u00e1s, convoque a grandes y chicos de una vasta regi\u00f3n.<\/p>\n<p class=\"yiv6248275943ydpb6e91ff0MsoNormal\">\u00a0\u201cQuiero felicitar a Fomento, los vecinos de Villa Ventana, los empleados municipales y a todos los que de una manera u otra se sumaron para que Villa tenga su fiesta. Sin dudas, \u00e9sta fiesta, a diferencia de otras, tiene un clima familiar incomparable\u201d, manifest\u00f3 Bordoni.<\/p>\n<p class=\"yiv6248275943ydpb6e91ff0MsoNormal\">Por su parte, el delegado Scabuso destac\u00f3 el esfuerzo y el trabajo de Fomento, del municipio y de la comunidad, por sumarse en la organizaci\u00f3n del evento.<\/p>\n<p class=\"yiv6248275943ydpb6e91ff0MsoNormal\">\u201cDemand\u00f3 mucho tiempo de trabajo previo, pero se arm\u00f3 un lindo grupo para que la fiesta siempre sorprenda al p\u00fablico que nos visita cada a\u00f1o\u201d, indic\u00f3 Scabuso.<\/p>\n<p class=\"yiv6248275943ydpb6e91ff0MsoNormal\">A su vez, Rub\u00e9n Testa, remarc\u00f3 el compromiso puesto de manifiesto por toda la gente que aport\u00f3 su tiempo para la fiesta.<\/p>\n<p class=\"yiv6248275943ydpb6e91ff0MsoNormal\">\u201cBuscamos presentar la plaza de una manera distinta, con una ornamentaci\u00f3n que difiere a otras \u00e9pocas, volvieron los artesanos a ocupar su lugar en la fiesta y los carros que vend\u00edan comida se colocaron en la calle para que la gente tuviese mas lugar\u201d, detall\u00f3 Testa.<\/p>\n<p class=\"yiv6248275943ydpb6e91ff0MsoNormal\">\u201cTodo el evento fue posible porque desde lo privado, lo institucional y el estado, nos pusimos a trabajar en pos de una fiesta que es un cl\u00e1sico en el calendario tur\u00edstico de la comarca. El agradecimiento es para todos\u201d, concluy\u00f3.<\/p>\n<p class=\"yiv6248275943ydpb6e91ff0MsoNormal\">Rock anda Roll, mel\u00f3dico, folklore y cumbia, fueron algunos de los g\u00e9neros musicales que los artistas aportaron a la fiesta, donde algunos de ellos actuaron de manera gratuita para colaborar con el evento.<\/p>\n<div class=\"jeg_video_container jeg_video_content\"><iframe loading=\"lazy\" title=\"2019 01 21 FIESTA PROVINCIAL DE LA GOLONDRINA 5   HUGO SCABUSO, SERGIO BORDONI Y TESTA\" width=\"500\" height=\"281\" src=\"https:\/\/www.youtube.com\/embed\/RHlVGafWFkE?feature=oembed\" frameborder=\"0\" allow=\"accelerometer; autoplay; clipboard-write; encrypted-media; gyroscope; picture-in-picture; web-share\" referrerpolicy=\"strict-origin-when-cross-origin\" allowfullscreen><\/iframe><\/div>\n<div class=\"jeg_video_container jeg_video_content\"><iframe loading=\"lazy\" title=\"2019 01 21 FIESTA PROVINCIAL DE LA GOLONDRINA 1   SERGIO BORDONI\" width=\"500\" height=\"281\" src=\"https:\/\/www.youtube.com\/embed\/z5HLFDvMfpg?feature=oembed\" frameborder=\"0\" allow=\"accelerometer; autoplay; clipboard-write; encrypted-media; gyroscope; picture-in-picture; web-share\" referrerpolicy=\"strict-origin-when-cross-origin\" allowfullscreen><\/iframe><\/div>\n<div class=\"jeg_video_container jeg_video_content\"><iframe loading=\"lazy\" title=\"2019 01 21 FIESTA PROVINCIAL DE LA GOLONDRINA 2   SUSANA DOS SANTOS\" width=\"500\" height=\"281\" src=\"https:\/\/www.youtube.com\/embed\/f9DxlF2v_KQ?feature=oembed\" frameborder=\"0\" allow=\"accelerometer; autoplay; clipboard-write; encrypted-media; gyroscope; picture-in-picture; web-share\" referrerpolicy=\"strict-origin-when-cross-origin\" allowfullscreen><\/iframe><\/div>\n<div class=\"jeg_video_container jeg_video_content\"><iframe loading=\"lazy\" title=\"2019 01 21 FIESTA PROVINCIAL DE LA GOLONDRINA 3   HUGO SCABUSO\" width=\"500\" height=\"281\" src=\"https:\/\/www.youtube.com\/embed\/NmtYZ-57a4g?feature=oembed\" frameborder=\"0\" allow=\"accelerometer; autoplay; clipboard-write; encrypted-media; gyroscope; picture-in-picture; web-share\" referrerpolicy=\"strict-origin-when-cross-origin\" allowfullscreen><\/iframe><\/div>\n<div class=\"jeg_video_container jeg_video_content\"><iframe loading=\"lazy\" title=\"2019 01 21 FIESTA PROVINCIAL DE LA GOLONDRINA 4   RUBEN TESTA\" width=\"500\" height=\"281\" src=\"https:\/\/www.youtube.com\/embed\/xkIXknbQ02g?feature=oembed\" frameborder=\"0\" allow=\"accelerometer; autoplay; clipboard-write; encrypted-media; gyroscope; picture-in-picture; web-share\" referrerpolicy=\"strict-origin-when-cross-origin\" allowfullscreen><\/iframe><\/div>\n<p><a href=\"http:\/\/www.celttv.com.ar\/?attachment_id=39632\" rel=\"attachment wp-att-39632\"><img loading=\"lazy\" decoding=\"async\" class=\"alignleft size-medium wp-image-39632\" src=\"http:\/\/www.celttv.com.ar\/wp-content\/uploads\/2019\/01\/20190119_204945-780x439.jpg\" alt=\"\" width=\"780\" height=\"439\" \/><\/a> <a href=\"http:\/\/www.celttv.com.ar\/?attachment_id=39633\" rel=\"attachment wp-att-39633\"><img loading=\"lazy\" decoding=\"async\" class=\"alignleft size-medium wp-image-39633\" src=\"http:\/\/www.celttv.com.ar\/wp-content\/uploads\/2019\/01\/20190119_203049-780x439.jpg\" alt=\"\" width=\"780\" height=\"439\" \/><\/a><\/p>\n","protected":false},"excerpt":{"rendered":"<p>Un importante marco de p\u00fablico acompa\u00f1\u00f3 el desarrollo de la 27\u00ba edici\u00f3n de la Fiesta Provincial de La Golondrina en Villa Ventana. Fueron tres jornadas intensas de trabajo por parte de quienes integran la\u00a0\u00a0Sociedad de Fomento de la villa serrana junto al municipio de Tornquist, vecinos y particulares que se sumaron en la previa y [&hellip;]<\/p>\n","protected":false},"author":1,"featured_media":39631,"comment_status":"closed","ping_status":"open","sticky":false,"template":"","format":"standard","meta":{"footnotes":""},"categories":[55,51,52,56,58],"tags":[],"class_list":["post-39629","post","type-post","status-publish","format-standard","has-post-thumbnail","hentry","category-celt-tv-noticias","category-comunidad","category-destacadas","category-espectaculos","category-turismo"],"yoast_head":"<!-- This site is optimized with the Yoast SEO plugin v19.7.1 - https:\/\/yoast.com\/wordpress\/plugins\/seo\/ -->\n<title>SE REALIZ\u00d3 LA 27\u00ba EDICI\u00d3N DE LA FIESTA PROVINCIAL DE LA GOLONDRINA (VIDEOS ENTREVISTAS Y FOTOS) - CELTTV<\/title>\n<meta name=\"description\" content=\"Sitio web de noticias de la localidad de Tornquist, provincia de Buenos Aires, Rep\u00fablica Argentina. Contenido propio originado por periodistas de CELTTV, el canal de TV local de la Cooperativa El\u00e9ctrica de Tornquist. Turismo, Pol\u00edtica, Sociedad, Deporte, Cultura y todo el contenido de inter\u00e9s general que la gente del pueblo y la regi\u00f3n debe conocer.\" \/>\n<meta name=\"robots\" content=\"index, follow, max-snippet:-1, max-image-preview:large, max-video-preview:-1\" \/>\n<link rel=\"canonical\" href=\"https:\/\/www.celttv.com.ar\/index.php\/2019\/01\/23\/se-realizo-la-27o-edicion-de-la-fiesta-provincial-de-la-golondrina-videos-entrevistas-y-fotos\/\" \/>\n<meta property=\"og:locale\" content=\"es_ES\" \/>\n<meta property=\"og:type\" content=\"article\" \/>\n<meta property=\"og:title\" content=\"SE REALIZ\u00d3 LA 27\u00ba EDICI\u00d3N DE LA FIESTA PROVINCIAL DE LA GOLONDRINA (VIDEOS ENTREVISTAS Y FOTOS) - CELTTV\" \/>\n<meta property=\"og:description\" content=\"Sitio web de noticias de la localidad de Tornquist, provincia de Buenos Aires, Rep\u00fablica Argentina. Contenido propio originado por periodistas de CELTTV, el canal de TV local de la Cooperativa El\u00e9ctrica de Tornquist. Turismo, Pol\u00edtica, Sociedad, Deporte, Cultura y todo el contenido de inter\u00e9s general que la gente del pueblo y la regi\u00f3n debe conocer.\" \/>\n<meta property=\"og:url\" content=\"https:\/\/www.celttv.com.ar\/index.php\/2019\/01\/23\/se-realizo-la-27o-edicion-de-la-fiesta-provincial-de-la-golondrina-videos-entrevistas-y-fotos\/\" \/>\n<meta property=\"og:site_name\" content=\"CELTTV\" \/>\n<meta property=\"article:publisher\" content=\"https:\/\/www.facebook.com\/celtTV\/\" \/>\n<meta property=\"article:published_time\" content=\"2019-01-23T12:56:00+00:00\" \/>\n<meta property=\"og:image\" content=\"https:\/\/www.celttv.com.ar\/wp-content\/uploads\/2019\/01\/20190119_204517.jpg\" \/>\n\t<meta property=\"og:image:width\" content=\"1959\" \/>\n\t<meta property=\"og:image:height\" content=\"1102\" \/>\n\t<meta property=\"og:image:type\" content=\"image\/jpeg\" \/>\n<meta name=\"author\" content=\"ulises\" \/>\n<meta name=\"twitter:card\" content=\"summary_large_image\" \/>\n<meta name=\"twitter:label1\" content=\"Escrito por\" \/>\n\t<meta name=\"twitter:data1\" content=\"ulises\" \/>\n\t<meta name=\"twitter:label2\" content=\"Tiempo de lectura\" \/>\n\t<meta name=\"twitter:data2\" content=\"2 minutos\" \/>\n<script type=\"application\/ld+json\" class=\"yoast-schema-graph\">{\"@context\":\"https:\/\/schema.org\",\"@graph\":[{\"@type\":\"NewsArticle\",\"@id\":\"https:\/\/www.celttv.com.ar\/index.php\/2019\/01\/23\/se-realizo-la-27o-edicion-de-la-fiesta-provincial-de-la-golondrina-videos-entrevistas-y-fotos\/#article\",\"isPartOf\":{\"@id\":\"https:\/\/www.celttv.com.ar\/index.php\/2019\/01\/23\/se-realizo-la-27o-edicion-de-la-fiesta-provincial-de-la-golondrina-videos-entrevistas-y-fotos\/\"},\"author\":{\"name\":\"ulises\",\"@id\":\"https:\/\/www.celttv.com.ar\/#\/schema\/person\/6d99c072dba59953809c81446e9d0ace\"},\"headline\":\"SE REALIZ\u00d3 LA 27\u00ba EDICI\u00d3N DE LA FIESTA PROVINCIAL DE LA GOLONDRINA (VIDEOS ENTREVISTAS Y FOTOS)\",\"datePublished\":\"2019-01-23T12:56:00+00:00\",\"dateModified\":\"2019-01-23T12:56:00+00:00\",\"mainEntityOfPage\":{\"@id\":\"https:\/\/www.celttv.com.ar\/index.php\/2019\/01\/23\/se-realizo-la-27o-edicion-de-la-fiesta-provincial-de-la-golondrina-videos-entrevistas-y-fotos\/\"},\"wordCount\":468,\"publisher\":{\"@id\":\"https:\/\/www.celttv.com.ar\/#organization\"},\"articleSection\":[\"Celt TV Noticias\",\"Comunidad\",\"Destacadas\",\"Espect\u00e1culos\",\"Turismo\"],\"inLanguage\":\"es\"},{\"@type\":\"WebPage\",\"@id\":\"https:\/\/www.celttv.com.ar\/index.php\/2019\/01\/23\/se-realizo-la-27o-edicion-de-la-fiesta-provincial-de-la-golondrina-videos-entrevistas-y-fotos\/\",\"url\":\"https:\/\/www.celttv.com.ar\/index.php\/2019\/01\/23\/se-realizo-la-27o-edicion-de-la-fiesta-provincial-de-la-golondrina-videos-entrevistas-y-fotos\/\",\"name\":\"SE REALIZ\u00d3 LA 27\u00ba EDICI\u00d3N DE LA FIESTA PROVINCIAL DE LA GOLONDRINA (VIDEOS ENTREVISTAS Y FOTOS) - CELTTV\",\"isPartOf\":{\"@id\":\"https:\/\/www.celttv.com.ar\/#website\"},\"datePublished\":\"2019-01-23T12:56:00+00:00\",\"dateModified\":\"2019-01-23T12:56:00+00:00\",\"description\":\"Sitio web de noticias de la localidad de Tornquist, provincia de Buenos Aires, Rep\u00fablica Argentina. Contenido propio originado por periodistas de CELTTV, el canal de TV local de la Cooperativa El\u00e9ctrica de Tornquist. Turismo, Pol\u00edtica, Sociedad, Deporte, Cultura y todo el contenido de inter\u00e9s general que la gente del pueblo y la regi\u00f3n debe conocer.\",\"breadcrumb\":{\"@id\":\"https:\/\/www.celttv.com.ar\/index.php\/2019\/01\/23\/se-realizo-la-27o-edicion-de-la-fiesta-provincial-de-la-golondrina-videos-entrevistas-y-fotos\/#breadcrumb\"},\"inLanguage\":\"es\",\"potentialAction\":[{\"@type\":\"ReadAction\",\"target\":[\"https:\/\/www.celttv.com.ar\/index.php\/2019\/01\/23\/se-realizo-la-27o-edicion-de-la-fiesta-provincial-de-la-golondrina-videos-entrevistas-y-fotos\/\"]}]},{\"@type\":\"BreadcrumbList\",\"@id\":\"https:\/\/www.celttv.com.ar\/index.php\/2019\/01\/23\/se-realizo-la-27o-edicion-de-la-fiesta-provincial-de-la-golondrina-videos-entrevistas-y-fotos\/#breadcrumb\",\"itemListElement\":[{\"@type\":\"ListItem\",\"position\":1,\"name\":\"Inicio\",\"item\":\"https:\/\/www.celttv.com.ar\/\"},{\"@type\":\"ListItem\",\"position\":2,\"name\":\"SE REALIZ\u00d3 LA 27\u00ba EDICI\u00d3N DE LA FIESTA PROVINCIAL DE LA GOLONDRINA (VIDEOS ENTREVISTAS Y FOTOS)\"}]},{\"@type\":\"WebSite\",\"@id\":\"https:\/\/www.celttv.com.ar\/#website\",\"url\":\"https:\/\/www.celttv.com.ar\/\",\"name\":\"CELTTV\",\"description\":\"Cooperativa El\u00e9ctrica de Tornquist\",\"publisher\":{\"@id\":\"https:\/\/www.celttv.com.ar\/#organization\"},\"potentialAction\":[{\"@type\":\"SearchAction\",\"target\":{\"@type\":\"EntryPoint\",\"urlTemplate\":\"https:\/\/www.celttv.com.ar\/?s={search_term_string}\"},\"query-input\":\"required name=search_term_string\"}],\"inLanguage\":\"es\"},{\"@type\":\"Organization\",\"@id\":\"https:\/\/www.celttv.com.ar\/#organization\",\"name\":\"CELTTV\",\"url\":\"https:\/\/www.celttv.com.ar\/\",\"sameAs\":[\"https:\/\/www.youtube.com\/channel\/UCz_oIt8Hig64Ub-EmcNPIhg\",\"https:\/\/www.facebook.com\/celtTV\/\"],\"logo\":{\"@type\":\"ImageObject\",\"inLanguage\":\"es\",\"@id\":\"https:\/\/www.celttv.com.ar\/#\/schema\/logo\/image\/\",\"url\":\"http:\/\/www.celttv.com.ar\/wp-content\/uploads\/2022\/08\/logo-1.png\",\"contentUrl\":\"http:\/\/www.celttv.com.ar\/wp-content\/uploads\/2022\/08\/logo-1.png\",\"width\":461,\"height\":159,\"caption\":\"CELTTV\"},\"image\":{\"@id\":\"https:\/\/www.celttv.com.ar\/#\/schema\/logo\/image\/\"}},{\"@type\":\"Person\",\"@id\":\"https:\/\/www.celttv.com.ar\/#\/schema\/person\/6d99c072dba59953809c81446e9d0ace\",\"name\":\"ulises\",\"image\":{\"@type\":\"ImageObject\",\"inLanguage\":\"es\",\"@id\":\"https:\/\/www.celttv.com.ar\/#\/schema\/person\/image\/\",\"url\":\"https:\/\/secure.gravatar.com\/avatar\/7f2c48bdc33b30088f941fb6082e555f2874c98e20cb159d7b92b50eadfce793?s=96&d=mm&r=g\",\"contentUrl\":\"https:\/\/secure.gravatar.com\/avatar\/7f2c48bdc33b30088f941fb6082e555f2874c98e20cb159d7b92b50eadfce793?s=96&d=mm&r=g\",\"caption\":\"ulises\"},\"sameAs\":[\"http:\/\/www.celttv.com.ar\"]}]}<\/script>\n<!-- \/ Yoast SEO plugin. -->","yoast_head_json":{"title":"SE REALIZ\u00d3 LA 27\u00ba EDICI\u00d3N DE LA FIESTA PROVINCIAL DE LA GOLONDRINA (VIDEOS ENTREVISTAS Y FOTOS) - CELTTV","description":"Sitio web de noticias de la localidad de Tornquist, provincia de Buenos Aires, Rep\u00fablica Argentina. Contenido propio originado por periodistas de CELTTV, el canal de TV local de la Cooperativa El\u00e9ctrica de Tornquist. Turismo, Pol\u00edtica, Sociedad, Deporte, Cultura y todo el contenido de inter\u00e9s general que la gente del pueblo y la regi\u00f3n debe conocer.","robots":{"index":"index","follow":"follow","max-snippet":"max-snippet:-1","max-image-preview":"max-image-preview:large","max-video-preview":"max-video-preview:-1"},"canonical":"https:\/\/www.celttv.com.ar\/index.php\/2019\/01\/23\/se-realizo-la-27o-edicion-de-la-fiesta-provincial-de-la-golondrina-videos-entrevistas-y-fotos\/","og_locale":"es_ES","og_type":"article","og_title":"SE REALIZ\u00d3 LA 27\u00ba EDICI\u00d3N DE LA FIESTA PROVINCIAL DE LA GOLONDRINA (VIDEOS ENTREVISTAS Y FOTOS) - CELTTV","og_description":"Sitio web de noticias de la localidad de Tornquist, provincia de Buenos Aires, Rep\u00fablica Argentina. Contenido propio originado por periodistas de CELTTV, el canal de TV local de la Cooperativa El\u00e9ctrica de Tornquist. Turismo, Pol\u00edtica, Sociedad, Deporte, Cultura y todo el contenido de inter\u00e9s general que la gente del pueblo y la regi\u00f3n debe conocer.","og_url":"https:\/\/www.celttv.com.ar\/index.php\/2019\/01\/23\/se-realizo-la-27o-edicion-de-la-fiesta-provincial-de-la-golondrina-videos-entrevistas-y-fotos\/","og_site_name":"CELTTV","article_publisher":"https:\/\/www.facebook.com\/celtTV\/","article_published_time":"2019-01-23T12:56:00+00:00","og_image":[{"width":1959,"height":1102,"url":"https:\/\/www.celttv.com.ar\/wp-content\/uploads\/2019\/01\/20190119_204517.jpg","type":"image\/jpeg"}],"author":"ulises","twitter_card":"summary_large_image","twitter_misc":{"Escrito por":"ulises","Tiempo de lectura":"2 minutos"},"schema":{"@context":"https:\/\/schema.org","@graph":[{"@type":"NewsArticle","@id":"https:\/\/www.celttv.com.ar\/index.php\/2019\/01\/23\/se-realizo-la-27o-edicion-de-la-fiesta-provincial-de-la-golondrina-videos-entrevistas-y-fotos\/#article","isPartOf":{"@id":"https:\/\/www.celttv.com.ar\/index.php\/2019\/01\/23\/se-realizo-la-27o-edicion-de-la-fiesta-provincial-de-la-golondrina-videos-entrevistas-y-fotos\/"},"author":{"name":"ulises","@id":"https:\/\/www.celttv.com.ar\/#\/schema\/person\/6d99c072dba59953809c81446e9d0ace"},"headline":"SE REALIZ\u00d3 LA 27\u00ba EDICI\u00d3N DE LA FIESTA PROVINCIAL DE LA GOLONDRINA (VIDEOS ENTREVISTAS Y FOTOS)","datePublished":"2019-01-23T12:56:00+00:00","dateModified":"2019-01-23T12:56:00+00:00","mainEntityOfPage":{"@id":"https:\/\/www.celttv.com.ar\/index.php\/2019\/01\/23\/se-realizo-la-27o-edicion-de-la-fiesta-provincial-de-la-golondrina-videos-entrevistas-y-fotos\/"},"wordCount":468,"publisher":{"@id":"https:\/\/www.celttv.com.ar\/#organization"},"articleSection":["Celt TV Noticias","Comunidad","Destacadas","Espect\u00e1culos","Turismo"],"inLanguage":"es"},{"@type":"WebPage","@id":"https:\/\/www.celttv.com.ar\/index.php\/2019\/01\/23\/se-realizo-la-27o-edicion-de-la-fiesta-provincial-de-la-golondrina-videos-entrevistas-y-fotos\/","url":"https:\/\/www.celttv.com.ar\/index.php\/2019\/01\/23\/se-realizo-la-27o-edicion-de-la-fiesta-provincial-de-la-golondrina-videos-entrevistas-y-fotos\/","name":"SE REALIZ\u00d3 LA 27\u00ba EDICI\u00d3N DE LA FIESTA PROVINCIAL DE LA GOLONDRINA (VIDEOS ENTREVISTAS Y FOTOS) - CELTTV","isPartOf":{"@id":"https:\/\/www.celttv.com.ar\/#website"},"datePublished":"2019-01-23T12:56:00+00:00","dateModified":"2019-01-23T12:56:00+00:00","description":"Sitio web de noticias de la localidad de Tornquist, provincia de Buenos Aires, Rep\u00fablica Argentina. Contenido propio originado por periodistas de CELTTV, el canal de TV local de la Cooperativa El\u00e9ctrica de Tornquist. Turismo, Pol\u00edtica, Sociedad, Deporte, Cultura y todo el contenido de inter\u00e9s general que la gente del pueblo y la regi\u00f3n debe conocer.","breadcrumb":{"@id":"https:\/\/www.celttv.com.ar\/index.php\/2019\/01\/23\/se-realizo-la-27o-edicion-de-la-fiesta-provincial-de-la-golondrina-videos-entrevistas-y-fotos\/#breadcrumb"},"inLanguage":"es","potentialAction":[{"@type":"ReadAction","target":["https:\/\/www.celttv.com.ar\/index.php\/2019\/01\/23\/se-realizo-la-27o-edicion-de-la-fiesta-provincial-de-la-golondrina-videos-entrevistas-y-fotos\/"]}]},{"@type":"BreadcrumbList","@id":"https:\/\/www.celttv.com.ar\/index.php\/2019\/01\/23\/se-realizo-la-27o-edicion-de-la-fiesta-provincial-de-la-golondrina-videos-entrevistas-y-fotos\/#breadcrumb","itemListElement":[{"@type":"ListItem","position":1,"name":"Inicio","item":"https:\/\/www.celttv.com.ar\/"},{"@type":"ListItem","position":2,"name":"SE REALIZ\u00d3 LA 27\u00ba EDICI\u00d3N DE LA FIESTA PROVINCIAL DE LA GOLONDRINA (VIDEOS ENTREVISTAS Y FOTOS)"}]},{"@type":"WebSite","@id":"https:\/\/www.celttv.com.ar\/#website","url":"https:\/\/www.celttv.com.ar\/","name":"CELTTV","description":"Cooperativa El\u00e9ctrica de Tornquist","publisher":{"@id":"https:\/\/www.celttv.com.ar\/#organization"},"potentialAction":[{"@type":"SearchAction","target":{"@type":"EntryPoint","urlTemplate":"https:\/\/www.celttv.com.ar\/?s={search_term_string}"},"query-input":"required name=search_term_string"}],"inLanguage":"es"},{"@type":"Organization","@id":"https:\/\/www.celttv.com.ar\/#organization","name":"CELTTV","url":"https:\/\/www.celttv.com.ar\/","sameAs":["https:\/\/www.youtube.com\/channel\/UCz_oIt8Hig64Ub-EmcNPIhg","https:\/\/www.facebook.com\/celtTV\/"],"logo":{"@type":"ImageObject","inLanguage":"es","@id":"https:\/\/www.celttv.com.ar\/#\/schema\/logo\/image\/","url":"http:\/\/www.celttv.com.ar\/wp-content\/uploads\/2022\/08\/logo-1.png","contentUrl":"http:\/\/www.celttv.com.ar\/wp-content\/uploads\/2022\/08\/logo-1.png","width":461,"height":159,"caption":"CELTTV"},"image":{"@id":"https:\/\/www.celttv.com.ar\/#\/schema\/logo\/image\/"}},{"@type":"Person","@id":"https:\/\/www.celttv.com.ar\/#\/schema\/person\/6d99c072dba59953809c81446e9d0ace","name":"ulises","image":{"@type":"ImageObject","inLanguage":"es","@id":"https:\/\/www.celttv.com.ar\/#\/schema\/person\/image\/","url":"https:\/\/secure.gravatar.com\/avatar\/7f2c48bdc33b30088f941fb6082e555f2874c98e20cb159d7b92b50eadfce793?s=96&d=mm&r=g","contentUrl":"https:\/\/secure.gravatar.com\/avatar\/7f2c48bdc33b30088f941fb6082e555f2874c98e20cb159d7b92b50eadfce793?s=96&d=mm&r=g","caption":"ulises"},"sameAs":["http:\/\/www.celttv.com.ar"]}]}},"_links":{"self":[{"href":"https:\/\/www.celttv.com.ar\/index.php\/wp-json\/wp\/v2\/posts\/39629","targetHints":{"allow":["GET"]}}],"collection":[{"href":"https:\/\/www.celttv.com.ar\/index.php\/wp-json\/wp\/v2\/posts"}],"about":[{"href":"https:\/\/www.celttv.com.ar\/index.php\/wp-json\/wp\/v2\/types\/post"}],"author":[{"embeddable":true,"href":"https:\/\/www.celttv.com.ar\/index.php\/wp-json\/wp\/v2\/users\/1"}],"replies":[{"embeddable":true,"href":"https:\/\/www.celttv.com.ar\/index.php\/wp-json\/wp\/v2\/comments?post=39629"}],"version-history":[{"count":0,"href":"https:\/\/www.celttv.com.ar\/index.php\/wp-json\/wp\/v2\/posts\/39629\/revisions"}],"wp:featuredmedia":[{"embeddable":true,"href":"https:\/\/www.celttv.com.ar\/index.php\/wp-json\/wp\/v2\/media\/39631"}],"wp:attachment":[{"href":"https:\/\/www.celttv.com.ar\/index.php\/wp-json\/wp\/v2\/media?parent=39629"}],"wp:term":[{"taxonomy":"category","embeddable":true,"href":"https:\/\/www.celttv.com.ar\/index.php\/wp-json\/wp\/v2\/categories?post=39629"},{"taxonomy":"post_tag","embeddable":true,"href":"https:\/\/www.celttv.com.ar\/index.php\/wp-json\/wp\/v2\/tags?post=39629"}],"curies":[{"name":"wp","href":"https:\/\/api.w.org\/{rel}","templated":true}]}}