{"id":3963,"date":"2011-12-22T00:39:43","date_gmt":"2011-12-22T00:39:43","guid":{"rendered":"http:\/\/www.tvcnoticias.com.ar\/?p=3963"},"modified":"2011-12-22T00:39:43","modified_gmt":"2011-12-22T00:39:43","slug":"hcd-nueva-reunion-por-el-tema-del-agua-la-ordenanza-por-la-emergencia-seria-sancionada-en-las-proximas-horas-opinan-los-ediles-bordoni-picado-y-skolak","status":"publish","type":"post","link":"https:\/\/www.celttv.com.ar\/index.php\/2011\/12\/22\/hcd-nueva-reunion-por-el-tema-del-agua-la-ordenanza-por-la-emergencia-seria-sancionada-en-las-proximas-horas-opinan-los-ediles-bordoni-picado-y-skolak\/","title":{"rendered":"HCD. NUEVA REUNION POR EL TEMA DEL AGUA. LA ORDENANZA POR LA EMERGENCIA SERIA SANCIONADA EN LAS PROXIMAS HORAS (Opinan los ediles Bordoni, Picado y Skolak)"},"content":{"rendered":"<p><br \/>\n<a href=\"http:\/\/www.youtube.com\/watch?v=1WZSbx9yXwM\">httpv:\/\/www.youtube.com\/watch?v=1WZSbx9yXwM<\/a><br \/>\n<a>httpv:\/\/www.youtube.com\/watch?v=hHJFa9gPoK0<\/a><br \/>\n<a href=\"http:\/\/www.youtube.com\/watch?v=QbDXNuuS56Q\">httpv:\/\/www.youtube.com\/watch?v=QbDXNuuS56Q<\/a><br \/>\nBuscan darle forma a una ordenanza por la emergencia h\u00eddrica<br \/>\nEl DE llam\u00f3 a licitaci\u00f3n para la construcci\u00f3n de un nuevo pozo de abastecimiento<br \/>\nUna nueva reuni\u00f3n, sumada a la del pasado lunes, se llev\u00f3 a cabo en el Honorable Concejo Deliberante a la que asistieron los concejales y miembros del Departamento Ejecutivo. En las pr\u00f3ximas horas se dar\u00eda forma a la ordenanza que quedar\u00eda sancionada y que busca concientizar a la comunidad sobre el cuidado del agua<br \/>\nBuscan adem\u00e1s que el ejecutivo trabaje con su cuerpo de inspectores para advertir a la comunidad y en casos especiales sancionar a aquellos que no cuiden el recurso con la aplicaci\u00f3n de las multas que estar\u00e1n previstas en la norma<br \/>\nSe tratar\u00e1 de evitar los altos consumos, el riego desmedido, el llenado de piletas y reservorios con poca capacidad, lo que deja a mucha gente de la poblaci\u00f3n sin agua y por eso se apela a la solidaridad de los vecinos de la comunidad.<br \/>\nA prop\u00f3sito el Departamento Ejecutivo dio a conocer por estas horas el llamado a licitaci\u00f3n\u00a0 para la obra \u201cRed de agua Potable y Pozo de Abastecimiento\u201d de la ciudad de Tornquist, con un monto oficial de casi dos millones y medio de pesos con un plazo de obra estipulado en cuatro meses. El pliego tiene un costo de $ 2.500 y la apertura de sobres se realizar\u00e1 el 16 de Enero del a\u00f1o pr\u00f3ximo. Las consultas de pliegos hasta el 13 de enero en la Secretar\u00eda de Obras y Servicios P\u00fablicos.<\/p>\n","protected":false},"excerpt":{"rendered":"<p>httpv:\/\/www.youtube.com\/watch?v=1WZSbx9yXwM httpv:\/\/www.youtube.com\/watch?v=hHJFa9gPoK0 httpv:\/\/www.youtube.com\/watch?v=QbDXNuuS56Q Buscan darle forma a una ordenanza por la emergencia h\u00eddrica El DE llam\u00f3 a licitaci\u00f3n para la construcci\u00f3n de un nuevo pozo de abastecimiento Una nueva reuni\u00f3n, sumada a la del pasado lunes, se llev\u00f3 a cabo en el Honorable Concejo Deliberante a la que asistieron los concejales y miembros del Departamento [&hellip;]<\/p>\n","protected":false},"author":1,"featured_media":0,"comment_status":"open","ping_status":"open","sticky":false,"template":"","format":"standard","meta":{"footnotes":""},"categories":[51,52,53,64],"tags":[],"class_list":["post-3963","post","type-post","status-publish","format-standard","hentry","category-comunidad","category-destacadas","category-politica","category-videos-destacados"],"yoast_head":"<!-- This site is optimized with the Yoast SEO plugin v19.7.1 - https:\/\/yoast.com\/wordpress\/plugins\/seo\/ -->\n<title>HCD. NUEVA REUNION POR EL TEMA DEL AGUA. LA ORDENANZA POR LA EMERGENCIA SERIA SANCIONADA EN LAS PROXIMAS HORAS (Opinan los ediles Bordoni, Picado y Skolak) - CELTTV<\/title>\n<meta name=\"description\" content=\"Sitio web de noticias de la localidad de Tornquist, provincia de Buenos Aires, Rep\u00fablica Argentina. Contenido propio originado por periodistas de CELTTV, el canal de TV local de la Cooperativa El\u00e9ctrica de Tornquist. Turismo, Pol\u00edtica, Sociedad, Deporte, Cultura y todo el contenido de inter\u00e9s general que la gente del pueblo y la regi\u00f3n debe conocer.\" \/>\n<meta name=\"robots\" content=\"index, follow, max-snippet:-1, max-image-preview:large, max-video-preview:-1\" \/>\n<link rel=\"canonical\" href=\"https:\/\/www.celttv.com.ar\/index.php\/2011\/12\/22\/hcd-nueva-reunion-por-el-tema-del-agua-la-ordenanza-por-la-emergencia-seria-sancionada-en-las-proximas-horas-opinan-los-ediles-bordoni-picado-y-skolak\/\" \/>\n<meta property=\"og:locale\" content=\"es_ES\" \/>\n<meta property=\"og:type\" content=\"article\" \/>\n<meta property=\"og:title\" content=\"HCD. NUEVA REUNION POR EL TEMA DEL AGUA. LA ORDENANZA POR LA EMERGENCIA SERIA SANCIONADA EN LAS PROXIMAS HORAS (Opinan los ediles Bordoni, Picado y Skolak) - CELTTV\" \/>\n<meta property=\"og:description\" content=\"Sitio web de noticias de la localidad de Tornquist, provincia de Buenos Aires, Rep\u00fablica Argentina. Contenido propio originado por periodistas de CELTTV, el canal de TV local de la Cooperativa El\u00e9ctrica de Tornquist. Turismo, Pol\u00edtica, Sociedad, Deporte, Cultura y todo el contenido de inter\u00e9s general que la gente del pueblo y la regi\u00f3n debe conocer.\" \/>\n<meta property=\"og:url\" content=\"https:\/\/www.celttv.com.ar\/index.php\/2011\/12\/22\/hcd-nueva-reunion-por-el-tema-del-agua-la-ordenanza-por-la-emergencia-seria-sancionada-en-las-proximas-horas-opinan-los-ediles-bordoni-picado-y-skolak\/\" \/>\n<meta property=\"og:site_name\" content=\"CELTTV\" \/>\n<meta property=\"article:publisher\" content=\"https:\/\/www.facebook.com\/celtTV\/\" \/>\n<meta property=\"article:published_time\" content=\"2011-12-22T00:39:43+00:00\" \/>\n<meta name=\"author\" content=\"ulises\" \/>\n<meta name=\"twitter:card\" content=\"summary_large_image\" \/>\n<meta name=\"twitter:label1\" content=\"Escrito por\" \/>\n\t<meta name=\"twitter:data1\" content=\"ulises\" \/>\n\t<meta name=\"twitter:label2\" content=\"Tiempo de lectura\" \/>\n\t<meta name=\"twitter:data2\" content=\"1 minuto\" \/>\n<script type=\"application\/ld+json\" class=\"yoast-schema-graph\">{\"@context\":\"https:\/\/schema.org\",\"@graph\":[{\"@type\":\"NewsArticle\",\"@id\":\"https:\/\/www.celttv.com.ar\/index.php\/2011\/12\/22\/hcd-nueva-reunion-por-el-tema-del-agua-la-ordenanza-por-la-emergencia-seria-sancionada-en-las-proximas-horas-opinan-los-ediles-bordoni-picado-y-skolak\/#article\",\"isPartOf\":{\"@id\":\"https:\/\/www.celttv.com.ar\/index.php\/2011\/12\/22\/hcd-nueva-reunion-por-el-tema-del-agua-la-ordenanza-por-la-emergencia-seria-sancionada-en-las-proximas-horas-opinan-los-ediles-bordoni-picado-y-skolak\/\"},\"author\":{\"name\":\"ulises\",\"@id\":\"https:\/\/www.celttv.com.ar\/#\/schema\/person\/6d99c072dba59953809c81446e9d0ace\"},\"headline\":\"HCD. NUEVA REUNION POR EL TEMA DEL AGUA. LA ORDENANZA POR LA EMERGENCIA SERIA SANCIONADA EN LAS PROXIMAS HORAS (Opinan los ediles Bordoni, Picado y Skolak)\",\"datePublished\":\"2011-12-22T00:39:43+00:00\",\"dateModified\":\"2011-12-22T00:39:43+00:00\",\"mainEntityOfPage\":{\"@id\":\"https:\/\/www.celttv.com.ar\/index.php\/2011\/12\/22\/hcd-nueva-reunion-por-el-tema-del-agua-la-ordenanza-por-la-emergencia-seria-sancionada-en-las-proximas-horas-opinan-los-ediles-bordoni-picado-y-skolak\/\"},\"wordCount\":320,\"commentCount\":0,\"publisher\":{\"@id\":\"https:\/\/www.celttv.com.ar\/#organization\"},\"articleSection\":[\"Comunidad\",\"Destacadas\",\"Pol\u00edtica\",\"Videos Destacados\"],\"inLanguage\":\"es\"},{\"@type\":\"WebPage\",\"@id\":\"https:\/\/www.celttv.com.ar\/index.php\/2011\/12\/22\/hcd-nueva-reunion-por-el-tema-del-agua-la-ordenanza-por-la-emergencia-seria-sancionada-en-las-proximas-horas-opinan-los-ediles-bordoni-picado-y-skolak\/\",\"url\":\"https:\/\/www.celttv.com.ar\/index.php\/2011\/12\/22\/hcd-nueva-reunion-por-el-tema-del-agua-la-ordenanza-por-la-emergencia-seria-sancionada-en-las-proximas-horas-opinan-los-ediles-bordoni-picado-y-skolak\/\",\"name\":\"HCD. NUEVA REUNION POR EL TEMA DEL AGUA. LA ORDENANZA POR LA EMERGENCIA SERIA SANCIONADA EN LAS PROXIMAS HORAS (Opinan los ediles Bordoni, Picado y Skolak) - CELTTV\",\"isPartOf\":{\"@id\":\"https:\/\/www.celttv.com.ar\/#website\"},\"datePublished\":\"2011-12-22T00:39:43+00:00\",\"dateModified\":\"2011-12-22T00:39:43+00:00\",\"description\":\"Sitio web de noticias de la localidad de Tornquist, provincia de Buenos Aires, Rep\u00fablica Argentina. Contenido propio originado por periodistas de CELTTV, el canal de TV local de la Cooperativa El\u00e9ctrica de Tornquist. Turismo, Pol\u00edtica, Sociedad, Deporte, Cultura y todo el contenido de inter\u00e9s general que la gente del pueblo y la regi\u00f3n debe conocer.\",\"breadcrumb\":{\"@id\":\"https:\/\/www.celttv.com.ar\/index.php\/2011\/12\/22\/hcd-nueva-reunion-por-el-tema-del-agua-la-ordenanza-por-la-emergencia-seria-sancionada-en-las-proximas-horas-opinan-los-ediles-bordoni-picado-y-skolak\/#breadcrumb\"},\"inLanguage\":\"es\",\"potentialAction\":[{\"@type\":\"ReadAction\",\"target\":[\"https:\/\/www.celttv.com.ar\/index.php\/2011\/12\/22\/hcd-nueva-reunion-por-el-tema-del-agua-la-ordenanza-por-la-emergencia-seria-sancionada-en-las-proximas-horas-opinan-los-ediles-bordoni-picado-y-skolak\/\"]}]},{\"@type\":\"BreadcrumbList\",\"@id\":\"https:\/\/www.celttv.com.ar\/index.php\/2011\/12\/22\/hcd-nueva-reunion-por-el-tema-del-agua-la-ordenanza-por-la-emergencia-seria-sancionada-en-las-proximas-horas-opinan-los-ediles-bordoni-picado-y-skolak\/#breadcrumb\",\"itemListElement\":[{\"@type\":\"ListItem\",\"position\":1,\"name\":\"Inicio\",\"item\":\"https:\/\/www.celttv.com.ar\/\"},{\"@type\":\"ListItem\",\"position\":2,\"name\":\"HCD. NUEVA REUNION POR EL TEMA DEL AGUA. LA ORDENANZA POR LA EMERGENCIA SERIA SANCIONADA EN LAS PROXIMAS HORAS (Opinan los ediles Bordoni, Picado y Skolak)\"}]},{\"@type\":\"WebSite\",\"@id\":\"https:\/\/www.celttv.com.ar\/#website\",\"url\":\"https:\/\/www.celttv.com.ar\/\",\"name\":\"CELTTV\",\"description\":\"Cooperativa El\u00e9ctrica de Tornquist\",\"publisher\":{\"@id\":\"https:\/\/www.celttv.com.ar\/#organization\"},\"potentialAction\":[{\"@type\":\"SearchAction\",\"target\":{\"@type\":\"EntryPoint\",\"urlTemplate\":\"https:\/\/www.celttv.com.ar\/?s={search_term_string}\"},\"query-input\":\"required name=search_term_string\"}],\"inLanguage\":\"es\"},{\"@type\":\"Organization\",\"@id\":\"https:\/\/www.celttv.com.ar\/#organization\",\"name\":\"CELTTV\",\"url\":\"https:\/\/www.celttv.com.ar\/\",\"sameAs\":[\"https:\/\/www.youtube.com\/channel\/UCz_oIt8Hig64Ub-EmcNPIhg\",\"https:\/\/www.facebook.com\/celtTV\/\"],\"logo\":{\"@type\":\"ImageObject\",\"inLanguage\":\"es\",\"@id\":\"https:\/\/www.celttv.com.ar\/#\/schema\/logo\/image\/\",\"url\":\"http:\/\/www.celttv.com.ar\/wp-content\/uploads\/2022\/08\/logo-1.png\",\"contentUrl\":\"http:\/\/www.celttv.com.ar\/wp-content\/uploads\/2022\/08\/logo-1.png\",\"width\":461,\"height\":159,\"caption\":\"CELTTV\"},\"image\":{\"@id\":\"https:\/\/www.celttv.com.ar\/#\/schema\/logo\/image\/\"}},{\"@type\":\"Person\",\"@id\":\"https:\/\/www.celttv.com.ar\/#\/schema\/person\/6d99c072dba59953809c81446e9d0ace\",\"name\":\"ulises\",\"image\":{\"@type\":\"ImageObject\",\"inLanguage\":\"es\",\"@id\":\"https:\/\/www.celttv.com.ar\/#\/schema\/person\/image\/\",\"url\":\"https:\/\/secure.gravatar.com\/avatar\/7f2c48bdc33b30088f941fb6082e555f2874c98e20cb159d7b92b50eadfce793?s=96&d=mm&r=g\",\"contentUrl\":\"https:\/\/secure.gravatar.com\/avatar\/7f2c48bdc33b30088f941fb6082e555f2874c98e20cb159d7b92b50eadfce793?s=96&d=mm&r=g\",\"caption\":\"ulises\"},\"sameAs\":[\"http:\/\/www.celttv.com.ar\"]}]}<\/script>\n<!-- \/ Yoast SEO plugin. -->","yoast_head_json":{"title":"HCD. NUEVA REUNION POR EL TEMA DEL AGUA. LA ORDENANZA POR LA EMERGENCIA SERIA SANCIONADA EN LAS PROXIMAS HORAS (Opinan los ediles Bordoni, Picado y Skolak) - CELTTV","description":"Sitio web de noticias de la localidad de Tornquist, provincia de Buenos Aires, Rep\u00fablica Argentina. Contenido propio originado por periodistas de CELTTV, el canal de TV local de la Cooperativa El\u00e9ctrica de Tornquist. Turismo, Pol\u00edtica, Sociedad, Deporte, Cultura y todo el contenido de inter\u00e9s general que la gente del pueblo y la regi\u00f3n debe conocer.","robots":{"index":"index","follow":"follow","max-snippet":"max-snippet:-1","max-image-preview":"max-image-preview:large","max-video-preview":"max-video-preview:-1"},"canonical":"https:\/\/www.celttv.com.ar\/index.php\/2011\/12\/22\/hcd-nueva-reunion-por-el-tema-del-agua-la-ordenanza-por-la-emergencia-seria-sancionada-en-las-proximas-horas-opinan-los-ediles-bordoni-picado-y-skolak\/","og_locale":"es_ES","og_type":"article","og_title":"HCD. NUEVA REUNION POR EL TEMA DEL AGUA. LA ORDENANZA POR LA EMERGENCIA SERIA SANCIONADA EN LAS PROXIMAS HORAS (Opinan los ediles Bordoni, Picado y Skolak) - CELTTV","og_description":"Sitio web de noticias de la localidad de Tornquist, provincia de Buenos Aires, Rep\u00fablica Argentina. Contenido propio originado por periodistas de CELTTV, el canal de TV local de la Cooperativa El\u00e9ctrica de Tornquist. Turismo, Pol\u00edtica, Sociedad, Deporte, Cultura y todo el contenido de inter\u00e9s general que la gente del pueblo y la regi\u00f3n debe conocer.","og_url":"https:\/\/www.celttv.com.ar\/index.php\/2011\/12\/22\/hcd-nueva-reunion-por-el-tema-del-agua-la-ordenanza-por-la-emergencia-seria-sancionada-en-las-proximas-horas-opinan-los-ediles-bordoni-picado-y-skolak\/","og_site_name":"CELTTV","article_publisher":"https:\/\/www.facebook.com\/celtTV\/","article_published_time":"2011-12-22T00:39:43+00:00","author":"ulises","twitter_card":"summary_large_image","twitter_misc":{"Escrito por":"ulises","Tiempo de lectura":"1 minuto"},"schema":{"@context":"https:\/\/schema.org","@graph":[{"@type":"NewsArticle","@id":"https:\/\/www.celttv.com.ar\/index.php\/2011\/12\/22\/hcd-nueva-reunion-por-el-tema-del-agua-la-ordenanza-por-la-emergencia-seria-sancionada-en-las-proximas-horas-opinan-los-ediles-bordoni-picado-y-skolak\/#article","isPartOf":{"@id":"https:\/\/www.celttv.com.ar\/index.php\/2011\/12\/22\/hcd-nueva-reunion-por-el-tema-del-agua-la-ordenanza-por-la-emergencia-seria-sancionada-en-las-proximas-horas-opinan-los-ediles-bordoni-picado-y-skolak\/"},"author":{"name":"ulises","@id":"https:\/\/www.celttv.com.ar\/#\/schema\/person\/6d99c072dba59953809c81446e9d0ace"},"headline":"HCD. NUEVA REUNION POR EL TEMA DEL AGUA. LA ORDENANZA POR LA EMERGENCIA SERIA SANCIONADA EN LAS PROXIMAS HORAS (Opinan los ediles Bordoni, Picado y Skolak)","datePublished":"2011-12-22T00:39:43+00:00","dateModified":"2011-12-22T00:39:43+00:00","mainEntityOfPage":{"@id":"https:\/\/www.celttv.com.ar\/index.php\/2011\/12\/22\/hcd-nueva-reunion-por-el-tema-del-agua-la-ordenanza-por-la-emergencia-seria-sancionada-en-las-proximas-horas-opinan-los-ediles-bordoni-picado-y-skolak\/"},"wordCount":320,"commentCount":0,"publisher":{"@id":"https:\/\/www.celttv.com.ar\/#organization"},"articleSection":["Comunidad","Destacadas","Pol\u00edtica","Videos Destacados"],"inLanguage":"es"},{"@type":"WebPage","@id":"https:\/\/www.celttv.com.ar\/index.php\/2011\/12\/22\/hcd-nueva-reunion-por-el-tema-del-agua-la-ordenanza-por-la-emergencia-seria-sancionada-en-las-proximas-horas-opinan-los-ediles-bordoni-picado-y-skolak\/","url":"https:\/\/www.celttv.com.ar\/index.php\/2011\/12\/22\/hcd-nueva-reunion-por-el-tema-del-agua-la-ordenanza-por-la-emergencia-seria-sancionada-en-las-proximas-horas-opinan-los-ediles-bordoni-picado-y-skolak\/","name":"HCD. NUEVA REUNION POR EL TEMA DEL AGUA. LA ORDENANZA POR LA EMERGENCIA SERIA SANCIONADA EN LAS PROXIMAS HORAS (Opinan los ediles Bordoni, Picado y Skolak) - CELTTV","isPartOf":{"@id":"https:\/\/www.celttv.com.ar\/#website"},"datePublished":"2011-12-22T00:39:43+00:00","dateModified":"2011-12-22T00:39:43+00:00","description":"Sitio web de noticias de la localidad de Tornquist, provincia de Buenos Aires, Rep\u00fablica Argentina. Contenido propio originado por periodistas de CELTTV, el canal de TV local de la Cooperativa El\u00e9ctrica de Tornquist. Turismo, Pol\u00edtica, Sociedad, Deporte, Cultura y todo el contenido de inter\u00e9s general que la gente del pueblo y la regi\u00f3n debe conocer.","breadcrumb":{"@id":"https:\/\/www.celttv.com.ar\/index.php\/2011\/12\/22\/hcd-nueva-reunion-por-el-tema-del-agua-la-ordenanza-por-la-emergencia-seria-sancionada-en-las-proximas-horas-opinan-los-ediles-bordoni-picado-y-skolak\/#breadcrumb"},"inLanguage":"es","potentialAction":[{"@type":"ReadAction","target":["https:\/\/www.celttv.com.ar\/index.php\/2011\/12\/22\/hcd-nueva-reunion-por-el-tema-del-agua-la-ordenanza-por-la-emergencia-seria-sancionada-en-las-proximas-horas-opinan-los-ediles-bordoni-picado-y-skolak\/"]}]},{"@type":"BreadcrumbList","@id":"https:\/\/www.celttv.com.ar\/index.php\/2011\/12\/22\/hcd-nueva-reunion-por-el-tema-del-agua-la-ordenanza-por-la-emergencia-seria-sancionada-en-las-proximas-horas-opinan-los-ediles-bordoni-picado-y-skolak\/#breadcrumb","itemListElement":[{"@type":"ListItem","position":1,"name":"Inicio","item":"https:\/\/www.celttv.com.ar\/"},{"@type":"ListItem","position":2,"name":"HCD. NUEVA REUNION POR EL TEMA DEL AGUA. LA ORDENANZA POR LA EMERGENCIA SERIA SANCIONADA EN LAS PROXIMAS HORAS (Opinan los ediles Bordoni, Picado y Skolak)"}]},{"@type":"WebSite","@id":"https:\/\/www.celttv.com.ar\/#website","url":"https:\/\/www.celttv.com.ar\/","name":"CELTTV","description":"Cooperativa El\u00e9ctrica de Tornquist","publisher":{"@id":"https:\/\/www.celttv.com.ar\/#organization"},"potentialAction":[{"@type":"SearchAction","target":{"@type":"EntryPoint","urlTemplate":"https:\/\/www.celttv.com.ar\/?s={search_term_string}"},"query-input":"required name=search_term_string"}],"inLanguage":"es"},{"@type":"Organization","@id":"https:\/\/www.celttv.com.ar\/#organization","name":"CELTTV","url":"https:\/\/www.celttv.com.ar\/","sameAs":["https:\/\/www.youtube.com\/channel\/UCz_oIt8Hig64Ub-EmcNPIhg","https:\/\/www.facebook.com\/celtTV\/"],"logo":{"@type":"ImageObject","inLanguage":"es","@id":"https:\/\/www.celttv.com.ar\/#\/schema\/logo\/image\/","url":"http:\/\/www.celttv.com.ar\/wp-content\/uploads\/2022\/08\/logo-1.png","contentUrl":"http:\/\/www.celttv.com.ar\/wp-content\/uploads\/2022\/08\/logo-1.png","width":461,"height":159,"caption":"CELTTV"},"image":{"@id":"https:\/\/www.celttv.com.ar\/#\/schema\/logo\/image\/"}},{"@type":"Person","@id":"https:\/\/www.celttv.com.ar\/#\/schema\/person\/6d99c072dba59953809c81446e9d0ace","name":"ulises","image":{"@type":"ImageObject","inLanguage":"es","@id":"https:\/\/www.celttv.com.ar\/#\/schema\/person\/image\/","url":"https:\/\/secure.gravatar.com\/avatar\/7f2c48bdc33b30088f941fb6082e555f2874c98e20cb159d7b92b50eadfce793?s=96&d=mm&r=g","contentUrl":"https:\/\/secure.gravatar.com\/avatar\/7f2c48bdc33b30088f941fb6082e555f2874c98e20cb159d7b92b50eadfce793?s=96&d=mm&r=g","caption":"ulises"},"sameAs":["http:\/\/www.celttv.com.ar"]}]}},"_links":{"self":[{"href":"https:\/\/www.celttv.com.ar\/index.php\/wp-json\/wp\/v2\/posts\/3963","targetHints":{"allow":["GET"]}}],"collection":[{"href":"https:\/\/www.celttv.com.ar\/index.php\/wp-json\/wp\/v2\/posts"}],"about":[{"href":"https:\/\/www.celttv.com.ar\/index.php\/wp-json\/wp\/v2\/types\/post"}],"author":[{"embeddable":true,"href":"https:\/\/www.celttv.com.ar\/index.php\/wp-json\/wp\/v2\/users\/1"}],"replies":[{"embeddable":true,"href":"https:\/\/www.celttv.com.ar\/index.php\/wp-json\/wp\/v2\/comments?post=3963"}],"version-history":[{"count":0,"href":"https:\/\/www.celttv.com.ar\/index.php\/wp-json\/wp\/v2\/posts\/3963\/revisions"}],"wp:attachment":[{"href":"https:\/\/www.celttv.com.ar\/index.php\/wp-json\/wp\/v2\/media?parent=3963"}],"wp:term":[{"taxonomy":"category","embeddable":true,"href":"https:\/\/www.celttv.com.ar\/index.php\/wp-json\/wp\/v2\/categories?post=3963"},{"taxonomy":"post_tag","embeddable":true,"href":"https:\/\/www.celttv.com.ar\/index.php\/wp-json\/wp\/v2\/tags?post=3963"}],"curies":[{"name":"wp","href":"https:\/\/api.w.org\/{rel}","templated":true}]}}