{"id":39639,"date":"2019-01-24T13:54:20","date_gmt":"2019-01-24T13:54:20","guid":{"rendered":"http:\/\/www.celttv.com.ar\/?p=39639"},"modified":"2019-01-24T13:54:20","modified_gmt":"2019-01-24T13:54:20","slug":"los-carnavales-de-tornquist-se-realizaran-el-4-y-5-de-marzo-video-entrevista","status":"publish","type":"post","link":"https:\/\/www.celttv.com.ar\/index.php\/2019\/01\/24\/los-carnavales-de-tornquist-se-realizaran-el-4-y-5-de-marzo-video-entrevista\/","title":{"rendered":"LOS CARNAVALES DE TORNQUIST SE REALIZAR\u00c1N EL 4 Y 5 DE MARZO (VIDEO ENTREVISTA)"},"content":{"rendered":"<p>CELTTV&#8212; La ciudad se prepara para los Carnavales 2019, organizados por la C\u00e1mara de Comercio, con la colaboraci\u00f3n de la municipalidad de Tornquist.<\/p>\n<p>Con m\u00e1s de 120 mil pesos en premios y bandas en vivo, los carnavales de Tornquist se presentan como una opci\u00f3n importante para la diversi\u00f3n de grandes y chicos.<\/p>\n<p>Mario Rodriguez, integrante de la C\u00e1mara de Comercio, brind\u00f3 detalles del evento que se realizar\u00e1 el 4 y 5 de marzo, sobre la avenida Moreno.<\/p>\n<p><iframe loading=\"lazy\" title=\"2019 01 23 CARNAVALES 2019 MARIO RODRIGUEZ\" width=\"500\" height=\"281\" src=\"https:\/\/www.youtube.com\/embed\/eK2N4xjNsAs?feature=oembed\" frameborder=\"0\" allow=\"accelerometer; autoplay; clipboard-write; encrypted-media; gyroscope; picture-in-picture; web-share\" referrerpolicy=\"strict-origin-when-cross-origin\" allowfullscreen><\/iframe><\/p>\n<p>&nbsp;<\/p>\n","protected":false},"excerpt":{"rendered":"<p>CELTTV&#8212; La ciudad se prepara para los Carnavales 2019, organizados por la C\u00e1mara de Comercio, con la colaboraci\u00f3n de la municipalidad de Tornquist. Con m\u00e1s de 120 mil pesos en premios y bandas en vivo, los carnavales de Tornquist se presentan como una opci\u00f3n importante para la diversi\u00f3n de grandes y chicos. Mario Rodriguez, integrante [&hellip;]<\/p>\n","protected":false},"author":1,"featured_media":39640,"comment_status":"closed","ping_status":"open","sticky":false,"template":"","format":"standard","meta":{"footnotes":""},"categories":[55,51,52,56,58],"tags":[],"class_list":["post-39639","post","type-post","status-publish","format-standard","has-post-thumbnail","hentry","category-celt-tv-noticias","category-comunidad","category-destacadas","category-espectaculos","category-turismo"],"yoast_head":"<!-- This site is optimized with the Yoast SEO plugin v19.7.1 - https:\/\/yoast.com\/wordpress\/plugins\/seo\/ -->\n<title>LOS CARNAVALES DE TORNQUIST SE REALIZAR\u00c1N EL 4 Y 5 DE MARZO (VIDEO ENTREVISTA) - CELTTV<\/title>\n<meta name=\"description\" content=\"Sitio web de noticias de la localidad de Tornquist, provincia de Buenos Aires, Rep\u00fablica Argentina. Contenido propio originado por periodistas de CELTTV, el canal de TV local de la Cooperativa El\u00e9ctrica de Tornquist. Turismo, Pol\u00edtica, Sociedad, Deporte, Cultura y todo el contenido de inter\u00e9s general que la gente del pueblo y la regi\u00f3n debe conocer.\" \/>\n<meta name=\"robots\" content=\"index, follow, max-snippet:-1, max-image-preview:large, max-video-preview:-1\" \/>\n<link rel=\"canonical\" href=\"https:\/\/www.celttv.com.ar\/index.php\/2019\/01\/24\/los-carnavales-de-tornquist-se-realizaran-el-4-y-5-de-marzo-video-entrevista\/\" \/>\n<meta property=\"og:locale\" content=\"es_ES\" \/>\n<meta property=\"og:type\" content=\"article\" \/>\n<meta property=\"og:title\" content=\"LOS CARNAVALES DE TORNQUIST SE REALIZAR\u00c1N EL 4 Y 5 DE MARZO (VIDEO ENTREVISTA) - CELTTV\" \/>\n<meta property=\"og:description\" content=\"Sitio web de noticias de la localidad de Tornquist, provincia de Buenos Aires, Rep\u00fablica Argentina. Contenido propio originado por periodistas de CELTTV, el canal de TV local de la Cooperativa El\u00e9ctrica de Tornquist. Turismo, Pol\u00edtica, Sociedad, Deporte, Cultura y todo el contenido de inter\u00e9s general que la gente del pueblo y la regi\u00f3n debe conocer.\" \/>\n<meta property=\"og:url\" content=\"https:\/\/www.celttv.com.ar\/index.php\/2019\/01\/24\/los-carnavales-de-tornquist-se-realizaran-el-4-y-5-de-marzo-video-entrevista\/\" \/>\n<meta property=\"og:site_name\" content=\"CELTTV\" \/>\n<meta property=\"article:publisher\" content=\"https:\/\/www.facebook.com\/celtTV\/\" \/>\n<meta property=\"article:published_time\" content=\"2019-01-24T13:54:20+00:00\" \/>\n<meta property=\"og:image\" content=\"https:\/\/www.celttv.com.ar\/wp-content\/uploads\/2019\/01\/17155673_1407961232609123_8752140808055676951_n.jpg\" \/>\n\t<meta property=\"og:image:width\" content=\"700\" \/>\n\t<meta property=\"og:image:height\" content=\"465\" \/>\n\t<meta property=\"og:image:type\" content=\"image\/jpeg\" \/>\n<meta name=\"author\" content=\"ulises\" \/>\n<meta name=\"twitter:card\" content=\"summary_large_image\" \/>\n<meta name=\"twitter:label1\" content=\"Escrito por\" \/>\n\t<meta name=\"twitter:data1\" content=\"ulises\" \/>\n<script type=\"application\/ld+json\" class=\"yoast-schema-graph\">{\"@context\":\"https:\/\/schema.org\",\"@graph\":[{\"@type\":\"NewsArticle\",\"@id\":\"https:\/\/www.celttv.com.ar\/index.php\/2019\/01\/24\/los-carnavales-de-tornquist-se-realizaran-el-4-y-5-de-marzo-video-entrevista\/#article\",\"isPartOf\":{\"@id\":\"https:\/\/www.celttv.com.ar\/index.php\/2019\/01\/24\/los-carnavales-de-tornquist-se-realizaran-el-4-y-5-de-marzo-video-entrevista\/\"},\"author\":{\"name\":\"ulises\",\"@id\":\"https:\/\/www.celttv.com.ar\/#\/schema\/person\/6d99c072dba59953809c81446e9d0ace\"},\"headline\":\"LOS CARNAVALES DE TORNQUIST SE REALIZAR\u00c1N EL 4 Y 5 DE MARZO (VIDEO ENTREVISTA)\",\"datePublished\":\"2019-01-24T13:54:20+00:00\",\"dateModified\":\"2019-01-24T13:54:20+00:00\",\"mainEntityOfPage\":{\"@id\":\"https:\/\/www.celttv.com.ar\/index.php\/2019\/01\/24\/los-carnavales-de-tornquist-se-realizaran-el-4-y-5-de-marzo-video-entrevista\/\"},\"wordCount\":99,\"publisher\":{\"@id\":\"https:\/\/www.celttv.com.ar\/#organization\"},\"articleSection\":[\"Celt TV Noticias\",\"Comunidad\",\"Destacadas\",\"Espect\u00e1culos\",\"Turismo\"],\"inLanguage\":\"es\"},{\"@type\":\"WebPage\",\"@id\":\"https:\/\/www.celttv.com.ar\/index.php\/2019\/01\/24\/los-carnavales-de-tornquist-se-realizaran-el-4-y-5-de-marzo-video-entrevista\/\",\"url\":\"https:\/\/www.celttv.com.ar\/index.php\/2019\/01\/24\/los-carnavales-de-tornquist-se-realizaran-el-4-y-5-de-marzo-video-entrevista\/\",\"name\":\"LOS CARNAVALES DE TORNQUIST SE REALIZAR\u00c1N EL 4 Y 5 DE MARZO (VIDEO ENTREVISTA) - CELTTV\",\"isPartOf\":{\"@id\":\"https:\/\/www.celttv.com.ar\/#website\"},\"datePublished\":\"2019-01-24T13:54:20+00:00\",\"dateModified\":\"2019-01-24T13:54:20+00:00\",\"description\":\"Sitio web de noticias de la localidad de Tornquist, provincia de Buenos Aires, Rep\u00fablica Argentina. Contenido propio originado por periodistas de CELTTV, el canal de TV local de la Cooperativa El\u00e9ctrica de Tornquist. Turismo, Pol\u00edtica, Sociedad, Deporte, Cultura y todo el contenido de inter\u00e9s general que la gente del pueblo y la regi\u00f3n debe conocer.\",\"breadcrumb\":{\"@id\":\"https:\/\/www.celttv.com.ar\/index.php\/2019\/01\/24\/los-carnavales-de-tornquist-se-realizaran-el-4-y-5-de-marzo-video-entrevista\/#breadcrumb\"},\"inLanguage\":\"es\",\"potentialAction\":[{\"@type\":\"ReadAction\",\"target\":[\"https:\/\/www.celttv.com.ar\/index.php\/2019\/01\/24\/los-carnavales-de-tornquist-se-realizaran-el-4-y-5-de-marzo-video-entrevista\/\"]}]},{\"@type\":\"BreadcrumbList\",\"@id\":\"https:\/\/www.celttv.com.ar\/index.php\/2019\/01\/24\/los-carnavales-de-tornquist-se-realizaran-el-4-y-5-de-marzo-video-entrevista\/#breadcrumb\",\"itemListElement\":[{\"@type\":\"ListItem\",\"position\":1,\"name\":\"Inicio\",\"item\":\"https:\/\/www.celttv.com.ar\/\"},{\"@type\":\"ListItem\",\"position\":2,\"name\":\"LOS CARNAVALES DE TORNQUIST SE REALIZAR\u00c1N EL 4 Y 5 DE MARZO (VIDEO ENTREVISTA)\"}]},{\"@type\":\"WebSite\",\"@id\":\"https:\/\/www.celttv.com.ar\/#website\",\"url\":\"https:\/\/www.celttv.com.ar\/\",\"name\":\"CELTTV\",\"description\":\"Cooperativa El\u00e9ctrica de Tornquist\",\"publisher\":{\"@id\":\"https:\/\/www.celttv.com.ar\/#organization\"},\"potentialAction\":[{\"@type\":\"SearchAction\",\"target\":{\"@type\":\"EntryPoint\",\"urlTemplate\":\"https:\/\/www.celttv.com.ar\/?s={search_term_string}\"},\"query-input\":\"required name=search_term_string\"}],\"inLanguage\":\"es\"},{\"@type\":\"Organization\",\"@id\":\"https:\/\/www.celttv.com.ar\/#organization\",\"name\":\"CELTTV\",\"url\":\"https:\/\/www.celttv.com.ar\/\",\"sameAs\":[\"https:\/\/www.youtube.com\/channel\/UCz_oIt8Hig64Ub-EmcNPIhg\",\"https:\/\/www.facebook.com\/celtTV\/\"],\"logo\":{\"@type\":\"ImageObject\",\"inLanguage\":\"es\",\"@id\":\"https:\/\/www.celttv.com.ar\/#\/schema\/logo\/image\/\",\"url\":\"http:\/\/www.celttv.com.ar\/wp-content\/uploads\/2022\/08\/logo-1.png\",\"contentUrl\":\"http:\/\/www.celttv.com.ar\/wp-content\/uploads\/2022\/08\/logo-1.png\",\"width\":461,\"height\":159,\"caption\":\"CELTTV\"},\"image\":{\"@id\":\"https:\/\/www.celttv.com.ar\/#\/schema\/logo\/image\/\"}},{\"@type\":\"Person\",\"@id\":\"https:\/\/www.celttv.com.ar\/#\/schema\/person\/6d99c072dba59953809c81446e9d0ace\",\"name\":\"ulises\",\"image\":{\"@type\":\"ImageObject\",\"inLanguage\":\"es\",\"@id\":\"https:\/\/www.celttv.com.ar\/#\/schema\/person\/image\/\",\"url\":\"https:\/\/secure.gravatar.com\/avatar\/7f2c48bdc33b30088f941fb6082e555f2874c98e20cb159d7b92b50eadfce793?s=96&d=mm&r=g\",\"contentUrl\":\"https:\/\/secure.gravatar.com\/avatar\/7f2c48bdc33b30088f941fb6082e555f2874c98e20cb159d7b92b50eadfce793?s=96&d=mm&r=g\",\"caption\":\"ulises\"},\"sameAs\":[\"http:\/\/www.celttv.com.ar\"]}]}<\/script>\n<!-- \/ Yoast SEO plugin. -->","yoast_head_json":{"title":"LOS CARNAVALES DE TORNQUIST SE REALIZAR\u00c1N EL 4 Y 5 DE MARZO (VIDEO ENTREVISTA) - CELTTV","description":"Sitio web de noticias de la localidad de Tornquist, provincia de Buenos Aires, Rep\u00fablica Argentina. Contenido propio originado por periodistas de CELTTV, el canal de TV local de la Cooperativa El\u00e9ctrica de Tornquist. Turismo, Pol\u00edtica, Sociedad, Deporte, Cultura y todo el contenido de inter\u00e9s general que la gente del pueblo y la regi\u00f3n debe conocer.","robots":{"index":"index","follow":"follow","max-snippet":"max-snippet:-1","max-image-preview":"max-image-preview:large","max-video-preview":"max-video-preview:-1"},"canonical":"https:\/\/www.celttv.com.ar\/index.php\/2019\/01\/24\/los-carnavales-de-tornquist-se-realizaran-el-4-y-5-de-marzo-video-entrevista\/","og_locale":"es_ES","og_type":"article","og_title":"LOS CARNAVALES DE TORNQUIST SE REALIZAR\u00c1N EL 4 Y 5 DE MARZO (VIDEO ENTREVISTA) - CELTTV","og_description":"Sitio web de noticias de la localidad de Tornquist, provincia de Buenos Aires, Rep\u00fablica Argentina. Contenido propio originado por periodistas de CELTTV, el canal de TV local de la Cooperativa El\u00e9ctrica de Tornquist. Turismo, Pol\u00edtica, Sociedad, Deporte, Cultura y todo el contenido de inter\u00e9s general que la gente del pueblo y la regi\u00f3n debe conocer.","og_url":"https:\/\/www.celttv.com.ar\/index.php\/2019\/01\/24\/los-carnavales-de-tornquist-se-realizaran-el-4-y-5-de-marzo-video-entrevista\/","og_site_name":"CELTTV","article_publisher":"https:\/\/www.facebook.com\/celtTV\/","article_published_time":"2019-01-24T13:54:20+00:00","og_image":[{"width":700,"height":465,"url":"https:\/\/www.celttv.com.ar\/wp-content\/uploads\/2019\/01\/17155673_1407961232609123_8752140808055676951_n.jpg","type":"image\/jpeg"}],"author":"ulises","twitter_card":"summary_large_image","twitter_misc":{"Escrito por":"ulises"},"schema":{"@context":"https:\/\/schema.org","@graph":[{"@type":"NewsArticle","@id":"https:\/\/www.celttv.com.ar\/index.php\/2019\/01\/24\/los-carnavales-de-tornquist-se-realizaran-el-4-y-5-de-marzo-video-entrevista\/#article","isPartOf":{"@id":"https:\/\/www.celttv.com.ar\/index.php\/2019\/01\/24\/los-carnavales-de-tornquist-se-realizaran-el-4-y-5-de-marzo-video-entrevista\/"},"author":{"name":"ulises","@id":"https:\/\/www.celttv.com.ar\/#\/schema\/person\/6d99c072dba59953809c81446e9d0ace"},"headline":"LOS CARNAVALES DE TORNQUIST SE REALIZAR\u00c1N EL 4 Y 5 DE MARZO (VIDEO ENTREVISTA)","datePublished":"2019-01-24T13:54:20+00:00","dateModified":"2019-01-24T13:54:20+00:00","mainEntityOfPage":{"@id":"https:\/\/www.celttv.com.ar\/index.php\/2019\/01\/24\/los-carnavales-de-tornquist-se-realizaran-el-4-y-5-de-marzo-video-entrevista\/"},"wordCount":99,"publisher":{"@id":"https:\/\/www.celttv.com.ar\/#organization"},"articleSection":["Celt TV Noticias","Comunidad","Destacadas","Espect\u00e1culos","Turismo"],"inLanguage":"es"},{"@type":"WebPage","@id":"https:\/\/www.celttv.com.ar\/index.php\/2019\/01\/24\/los-carnavales-de-tornquist-se-realizaran-el-4-y-5-de-marzo-video-entrevista\/","url":"https:\/\/www.celttv.com.ar\/index.php\/2019\/01\/24\/los-carnavales-de-tornquist-se-realizaran-el-4-y-5-de-marzo-video-entrevista\/","name":"LOS CARNAVALES DE TORNQUIST SE REALIZAR\u00c1N EL 4 Y 5 DE MARZO (VIDEO ENTREVISTA) - CELTTV","isPartOf":{"@id":"https:\/\/www.celttv.com.ar\/#website"},"datePublished":"2019-01-24T13:54:20+00:00","dateModified":"2019-01-24T13:54:20+00:00","description":"Sitio web de noticias de la localidad de Tornquist, provincia de Buenos Aires, Rep\u00fablica Argentina. Contenido propio originado por periodistas de CELTTV, el canal de TV local de la Cooperativa El\u00e9ctrica de Tornquist. Turismo, Pol\u00edtica, Sociedad, Deporte, Cultura y todo el contenido de inter\u00e9s general que la gente del pueblo y la regi\u00f3n debe conocer.","breadcrumb":{"@id":"https:\/\/www.celttv.com.ar\/index.php\/2019\/01\/24\/los-carnavales-de-tornquist-se-realizaran-el-4-y-5-de-marzo-video-entrevista\/#breadcrumb"},"inLanguage":"es","potentialAction":[{"@type":"ReadAction","target":["https:\/\/www.celttv.com.ar\/index.php\/2019\/01\/24\/los-carnavales-de-tornquist-se-realizaran-el-4-y-5-de-marzo-video-entrevista\/"]}]},{"@type":"BreadcrumbList","@id":"https:\/\/www.celttv.com.ar\/index.php\/2019\/01\/24\/los-carnavales-de-tornquist-se-realizaran-el-4-y-5-de-marzo-video-entrevista\/#breadcrumb","itemListElement":[{"@type":"ListItem","position":1,"name":"Inicio","item":"https:\/\/www.celttv.com.ar\/"},{"@type":"ListItem","position":2,"name":"LOS CARNAVALES DE TORNQUIST SE REALIZAR\u00c1N EL 4 Y 5 DE MARZO (VIDEO ENTREVISTA)"}]},{"@type":"WebSite","@id":"https:\/\/www.celttv.com.ar\/#website","url":"https:\/\/www.celttv.com.ar\/","name":"CELTTV","description":"Cooperativa El\u00e9ctrica de Tornquist","publisher":{"@id":"https:\/\/www.celttv.com.ar\/#organization"},"potentialAction":[{"@type":"SearchAction","target":{"@type":"EntryPoint","urlTemplate":"https:\/\/www.celttv.com.ar\/?s={search_term_string}"},"query-input":"required name=search_term_string"}],"inLanguage":"es"},{"@type":"Organization","@id":"https:\/\/www.celttv.com.ar\/#organization","name":"CELTTV","url":"https:\/\/www.celttv.com.ar\/","sameAs":["https:\/\/www.youtube.com\/channel\/UCz_oIt8Hig64Ub-EmcNPIhg","https:\/\/www.facebook.com\/celtTV\/"],"logo":{"@type":"ImageObject","inLanguage":"es","@id":"https:\/\/www.celttv.com.ar\/#\/schema\/logo\/image\/","url":"http:\/\/www.celttv.com.ar\/wp-content\/uploads\/2022\/08\/logo-1.png","contentUrl":"http:\/\/www.celttv.com.ar\/wp-content\/uploads\/2022\/08\/logo-1.png","width":461,"height":159,"caption":"CELTTV"},"image":{"@id":"https:\/\/www.celttv.com.ar\/#\/schema\/logo\/image\/"}},{"@type":"Person","@id":"https:\/\/www.celttv.com.ar\/#\/schema\/person\/6d99c072dba59953809c81446e9d0ace","name":"ulises","image":{"@type":"ImageObject","inLanguage":"es","@id":"https:\/\/www.celttv.com.ar\/#\/schema\/person\/image\/","url":"https:\/\/secure.gravatar.com\/avatar\/7f2c48bdc33b30088f941fb6082e555f2874c98e20cb159d7b92b50eadfce793?s=96&d=mm&r=g","contentUrl":"https:\/\/secure.gravatar.com\/avatar\/7f2c48bdc33b30088f941fb6082e555f2874c98e20cb159d7b92b50eadfce793?s=96&d=mm&r=g","caption":"ulises"},"sameAs":["http:\/\/www.celttv.com.ar"]}]}},"_links":{"self":[{"href":"https:\/\/www.celttv.com.ar\/index.php\/wp-json\/wp\/v2\/posts\/39639","targetHints":{"allow":["GET"]}}],"collection":[{"href":"https:\/\/www.celttv.com.ar\/index.php\/wp-json\/wp\/v2\/posts"}],"about":[{"href":"https:\/\/www.celttv.com.ar\/index.php\/wp-json\/wp\/v2\/types\/post"}],"author":[{"embeddable":true,"href":"https:\/\/www.celttv.com.ar\/index.php\/wp-json\/wp\/v2\/users\/1"}],"replies":[{"embeddable":true,"href":"https:\/\/www.celttv.com.ar\/index.php\/wp-json\/wp\/v2\/comments?post=39639"}],"version-history":[{"count":0,"href":"https:\/\/www.celttv.com.ar\/index.php\/wp-json\/wp\/v2\/posts\/39639\/revisions"}],"wp:featuredmedia":[{"embeddable":true,"href":"https:\/\/www.celttv.com.ar\/index.php\/wp-json\/wp\/v2\/media\/39640"}],"wp:attachment":[{"href":"https:\/\/www.celttv.com.ar\/index.php\/wp-json\/wp\/v2\/media?parent=39639"}],"wp:term":[{"taxonomy":"category","embeddable":true,"href":"https:\/\/www.celttv.com.ar\/index.php\/wp-json\/wp\/v2\/categories?post=39639"},{"taxonomy":"post_tag","embeddable":true,"href":"https:\/\/www.celttv.com.ar\/index.php\/wp-json\/wp\/v2\/tags?post=39639"}],"curies":[{"name":"wp","href":"https:\/\/api.w.org\/{rel}","templated":true}]}}