{"id":39663,"date":"2019-01-26T16:18:45","date_gmt":"2019-01-26T16:18:45","guid":{"rendered":"http:\/\/www.celttv.com.ar\/?p=39663"},"modified":"2019-01-26T16:18:45","modified_gmt":"2019-01-26T16:18:45","slug":"una-ambulancia-y-un-auto-protagonizaron-un-choque-en-la-rp-76-a-la-altura-del-abra-de-la-ventana-fotos","status":"publish","type":"post","link":"https:\/\/www.celttv.com.ar\/index.php\/2019\/01\/26\/una-ambulancia-y-un-auto-protagonizaron-un-choque-en-la-rp-76-a-la-altura-del-abra-de-la-ventana-fotos\/","title":{"rendered":"UNA AMBULANCIA Y UN AUTO PROTAGONIZARON UN CHOQUE EN LA RP 76 A LA ALTURA DEL ABRA DE LA VENTANA (FOTOS)"},"content":{"rendered":"<p><strong>CELTTV&#8212;<\/strong> Una importante colisi\u00f3n pero sin da\u00f1os personales, se registr\u00f3 hoy a las 8.50, en el Abra de la Ventana, ubicada en la Ruta Provincial 76.<\/p>\n<p>Los veh\u00edculos involucrados fueron un Volkwagen Bora de color gris, que al momento de transitar por la ruta en direcci\u00f3n Tornquist-Villa Ventaa, el mismo impact\u00f3 de frente sobre el lado del conductor ante una ambulancia del SAME de Sierra de la Ventana.<\/p>\n<p>El Bora era conducido por Juan Carlos Stancanelli Misquinich, mientras que su acompa\u00f1ante era Mariano Merazzi, ambos oriundos de Villa Ventana. Los mismos, estaban en Tornquist e iban de regreso a su localidad al momento del choque.<\/p>\n<p>Por su parte, Emiliano Pinto, conductor de la ambulancia, iba acompa\u00f1ado de una enfermera, mientras se dirig\u00edan al Hospital Municipal de Tornquist a buscar un paciente.<\/p>\n<p>Tras el impacto, se inform\u00f3 que ninguno de los ocupantes de ambos veh\u00edculos pose\u00edan da\u00f1os f\u00edsicos, como as\u00ed tambi\u00e9n se est\u00e1n realizando las investigaciones correspondientes para establecer el motivo del choque.<\/p>\n<p>Intervinieron en el accidente personal de la policia comunal, bomberos voluntarios y profesionales de la salud.<\/p>\n<p><strong>FOTOS:<\/strong> Horacio Bruni<\/p>\n<p><a href=\"http:\/\/www.celttv.com.ar\/?attachment_id=39668\" rel=\"attachment wp-att-39668\"><img loading=\"lazy\" decoding=\"async\" class=\"alignleft size-medium wp-image-39668\" src=\"http:\/\/www.celttv.com.ar\/wp-content\/uploads\/2019\/01\/IMG-20190126-WA0009-780x585.jpg\" alt=\"\" width=\"780\" height=\"585\" \/><\/a> <a href=\"http:\/\/www.celttv.com.ar\/?attachment_id=39666\" rel=\"attachment wp-att-39666\"><img loading=\"lazy\" decoding=\"async\" class=\"alignleft size-medium wp-image-39666\" src=\"http:\/\/www.celttv.com.ar\/wp-content\/uploads\/2019\/01\/IMG-20190126-WA0007-780x585.jpg\" alt=\"\" width=\"780\" height=\"585\" \/><\/a> <a href=\"http:\/\/www.celttv.com.ar\/?attachment_id=39665\" rel=\"attachment wp-att-39665\"><img loading=\"lazy\" decoding=\"async\" class=\"alignleft size-medium wp-image-39665\" src=\"http:\/\/www.celttv.com.ar\/wp-content\/uploads\/2019\/01\/IMG-20190126-WA0006-780x585.jpg\" alt=\"\" width=\"780\" height=\"585\" \/><\/a><\/p>\n","protected":false},"excerpt":{"rendered":"<p>CELTTV&#8212; Una importante colisi\u00f3n pero sin da\u00f1os personales, se registr\u00f3 hoy a las 8.50, en el Abra de la Ventana, ubicada en la Ruta Provincial 76. Los veh\u00edculos involucrados fueron un Volkwagen Bora de color gris, que al momento de transitar por la ruta en direcci\u00f3n Tornquist-Villa Ventaa, el mismo impact\u00f3 de frente sobre el [&hellip;]<\/p>\n","protected":false},"author":1,"featured_media":39667,"comment_status":"closed","ping_status":"open","sticky":false,"template":"","format":"standard","meta":{"footnotes":""},"categories":[55,51,52,61],"tags":[],"class_list":["post-39663","post","type-post","status-publish","format-standard","has-post-thumbnail","hentry","category-celt-tv-noticias","category-comunidad","category-destacadas","category-policiales"],"yoast_head":"<!-- This site is optimized with the Yoast SEO plugin v19.7.1 - https:\/\/yoast.com\/wordpress\/plugins\/seo\/ -->\n<title>UNA AMBULANCIA Y UN AUTO PROTAGONIZARON UN CHOQUE EN LA RP 76 A LA ALTURA DEL ABRA DE LA VENTANA (FOTOS) - CELTTV<\/title>\n<meta name=\"description\" content=\"Sitio web de noticias de la localidad de Tornquist, provincia de Buenos Aires, Rep\u00fablica Argentina. Contenido propio originado por periodistas de CELTTV, el canal de TV local de la Cooperativa El\u00e9ctrica de Tornquist. Turismo, Pol\u00edtica, Sociedad, Deporte, Cultura y todo el contenido de inter\u00e9s general que la gente del pueblo y la regi\u00f3n debe conocer.\" \/>\n<meta name=\"robots\" content=\"index, follow, max-snippet:-1, max-image-preview:large, max-video-preview:-1\" \/>\n<link rel=\"canonical\" href=\"https:\/\/www.celttv.com.ar\/index.php\/2019\/01\/26\/una-ambulancia-y-un-auto-protagonizaron-un-choque-en-la-rp-76-a-la-altura-del-abra-de-la-ventana-fotos\/\" \/>\n<meta property=\"og:locale\" content=\"es_ES\" \/>\n<meta property=\"og:type\" content=\"article\" \/>\n<meta property=\"og:title\" content=\"UNA AMBULANCIA Y UN AUTO PROTAGONIZARON UN CHOQUE EN LA RP 76 A LA ALTURA DEL ABRA DE LA VENTANA (FOTOS) - CELTTV\" \/>\n<meta property=\"og:description\" content=\"Sitio web de noticias de la localidad de Tornquist, provincia de Buenos Aires, Rep\u00fablica Argentina. Contenido propio originado por periodistas de CELTTV, el canal de TV local de la Cooperativa El\u00e9ctrica de Tornquist. Turismo, Pol\u00edtica, Sociedad, Deporte, Cultura y todo el contenido de inter\u00e9s general que la gente del pueblo y la regi\u00f3n debe conocer.\" \/>\n<meta property=\"og:url\" content=\"https:\/\/www.celttv.com.ar\/index.php\/2019\/01\/26\/una-ambulancia-y-un-auto-protagonizaron-un-choque-en-la-rp-76-a-la-altura-del-abra-de-la-ventana-fotos\/\" \/>\n<meta property=\"og:site_name\" content=\"CELTTV\" \/>\n<meta property=\"article:publisher\" content=\"https:\/\/www.facebook.com\/celtTV\/\" \/>\n<meta property=\"article:published_time\" content=\"2019-01-26T16:18:45+00:00\" \/>\n<meta property=\"og:image\" content=\"https:\/\/www.celttv.com.ar\/wp-content\/uploads\/2019\/01\/IMG-20190126-WA0008.jpg\" \/>\n\t<meta property=\"og:image:width\" content=\"1032\" \/>\n\t<meta property=\"og:image:height\" content=\"774\" \/>\n\t<meta property=\"og:image:type\" content=\"image\/jpeg\" \/>\n<meta name=\"author\" content=\"ulises\" \/>\n<meta name=\"twitter:card\" content=\"summary_large_image\" \/>\n<meta name=\"twitter:label1\" content=\"Escrito por\" \/>\n\t<meta name=\"twitter:data1\" content=\"ulises\" \/>\n\t<meta name=\"twitter:label2\" content=\"Tiempo de lectura\" \/>\n\t<meta name=\"twitter:data2\" content=\"1 minuto\" \/>\n<script type=\"application\/ld+json\" class=\"yoast-schema-graph\">{\"@context\":\"https:\/\/schema.org\",\"@graph\":[{\"@type\":\"NewsArticle\",\"@id\":\"https:\/\/www.celttv.com.ar\/index.php\/2019\/01\/26\/una-ambulancia-y-un-auto-protagonizaron-un-choque-en-la-rp-76-a-la-altura-del-abra-de-la-ventana-fotos\/#article\",\"isPartOf\":{\"@id\":\"https:\/\/www.celttv.com.ar\/index.php\/2019\/01\/26\/una-ambulancia-y-un-auto-protagonizaron-un-choque-en-la-rp-76-a-la-altura-del-abra-de-la-ventana-fotos\/\"},\"author\":{\"name\":\"ulises\",\"@id\":\"https:\/\/www.celttv.com.ar\/#\/schema\/person\/6d99c072dba59953809c81446e9d0ace\"},\"headline\":\"UNA AMBULANCIA Y UN AUTO PROTAGONIZARON UN CHOQUE EN LA RP 76 A LA ALTURA DEL ABRA DE LA VENTANA (FOTOS)\",\"datePublished\":\"2019-01-26T16:18:45+00:00\",\"dateModified\":\"2019-01-26T16:18:45+00:00\",\"mainEntityOfPage\":{\"@id\":\"https:\/\/www.celttv.com.ar\/index.php\/2019\/01\/26\/una-ambulancia-y-un-auto-protagonizaron-un-choque-en-la-rp-76-a-la-altura-del-abra-de-la-ventana-fotos\/\"},\"wordCount\":212,\"publisher\":{\"@id\":\"https:\/\/www.celttv.com.ar\/#organization\"},\"articleSection\":[\"Celt TV Noticias\",\"Comunidad\",\"Destacadas\",\"Policiales\"],\"inLanguage\":\"es\"},{\"@type\":\"WebPage\",\"@id\":\"https:\/\/www.celttv.com.ar\/index.php\/2019\/01\/26\/una-ambulancia-y-un-auto-protagonizaron-un-choque-en-la-rp-76-a-la-altura-del-abra-de-la-ventana-fotos\/\",\"url\":\"https:\/\/www.celttv.com.ar\/index.php\/2019\/01\/26\/una-ambulancia-y-un-auto-protagonizaron-un-choque-en-la-rp-76-a-la-altura-del-abra-de-la-ventana-fotos\/\",\"name\":\"UNA AMBULANCIA Y UN AUTO PROTAGONIZARON UN CHOQUE EN LA RP 76 A LA ALTURA DEL ABRA DE LA VENTANA (FOTOS) - CELTTV\",\"isPartOf\":{\"@id\":\"https:\/\/www.celttv.com.ar\/#website\"},\"datePublished\":\"2019-01-26T16:18:45+00:00\",\"dateModified\":\"2019-01-26T16:18:45+00:00\",\"description\":\"Sitio web de noticias de la localidad de Tornquist, provincia de Buenos Aires, Rep\u00fablica Argentina. Contenido propio originado por periodistas de CELTTV, el canal de TV local de la Cooperativa El\u00e9ctrica de Tornquist. Turismo, Pol\u00edtica, Sociedad, Deporte, Cultura y todo el contenido de inter\u00e9s general que la gente del pueblo y la regi\u00f3n debe conocer.\",\"breadcrumb\":{\"@id\":\"https:\/\/www.celttv.com.ar\/index.php\/2019\/01\/26\/una-ambulancia-y-un-auto-protagonizaron-un-choque-en-la-rp-76-a-la-altura-del-abra-de-la-ventana-fotos\/#breadcrumb\"},\"inLanguage\":\"es\",\"potentialAction\":[{\"@type\":\"ReadAction\",\"target\":[\"https:\/\/www.celttv.com.ar\/index.php\/2019\/01\/26\/una-ambulancia-y-un-auto-protagonizaron-un-choque-en-la-rp-76-a-la-altura-del-abra-de-la-ventana-fotos\/\"]}]},{\"@type\":\"BreadcrumbList\",\"@id\":\"https:\/\/www.celttv.com.ar\/index.php\/2019\/01\/26\/una-ambulancia-y-un-auto-protagonizaron-un-choque-en-la-rp-76-a-la-altura-del-abra-de-la-ventana-fotos\/#breadcrumb\",\"itemListElement\":[{\"@type\":\"ListItem\",\"position\":1,\"name\":\"Inicio\",\"item\":\"https:\/\/www.celttv.com.ar\/\"},{\"@type\":\"ListItem\",\"position\":2,\"name\":\"UNA AMBULANCIA Y UN AUTO PROTAGONIZARON UN CHOQUE EN LA RP 76 A LA ALTURA DEL ABRA DE LA VENTANA (FOTOS)\"}]},{\"@type\":\"WebSite\",\"@id\":\"https:\/\/www.celttv.com.ar\/#website\",\"url\":\"https:\/\/www.celttv.com.ar\/\",\"name\":\"CELTTV\",\"description\":\"Cooperativa El\u00e9ctrica de Tornquist\",\"publisher\":{\"@id\":\"https:\/\/www.celttv.com.ar\/#organization\"},\"potentialAction\":[{\"@type\":\"SearchAction\",\"target\":{\"@type\":\"EntryPoint\",\"urlTemplate\":\"https:\/\/www.celttv.com.ar\/?s={search_term_string}\"},\"query-input\":\"required name=search_term_string\"}],\"inLanguage\":\"es\"},{\"@type\":\"Organization\",\"@id\":\"https:\/\/www.celttv.com.ar\/#organization\",\"name\":\"CELTTV\",\"url\":\"https:\/\/www.celttv.com.ar\/\",\"sameAs\":[\"https:\/\/www.youtube.com\/channel\/UCz_oIt8Hig64Ub-EmcNPIhg\",\"https:\/\/www.facebook.com\/celtTV\/\"],\"logo\":{\"@type\":\"ImageObject\",\"inLanguage\":\"es\",\"@id\":\"https:\/\/www.celttv.com.ar\/#\/schema\/logo\/image\/\",\"url\":\"http:\/\/www.celttv.com.ar\/wp-content\/uploads\/2022\/08\/logo-1.png\",\"contentUrl\":\"http:\/\/www.celttv.com.ar\/wp-content\/uploads\/2022\/08\/logo-1.png\",\"width\":461,\"height\":159,\"caption\":\"CELTTV\"},\"image\":{\"@id\":\"https:\/\/www.celttv.com.ar\/#\/schema\/logo\/image\/\"}},{\"@type\":\"Person\",\"@id\":\"https:\/\/www.celttv.com.ar\/#\/schema\/person\/6d99c072dba59953809c81446e9d0ace\",\"name\":\"ulises\",\"image\":{\"@type\":\"ImageObject\",\"inLanguage\":\"es\",\"@id\":\"https:\/\/www.celttv.com.ar\/#\/schema\/person\/image\/\",\"url\":\"https:\/\/secure.gravatar.com\/avatar\/7f2c48bdc33b30088f941fb6082e555f2874c98e20cb159d7b92b50eadfce793?s=96&d=mm&r=g\",\"contentUrl\":\"https:\/\/secure.gravatar.com\/avatar\/7f2c48bdc33b30088f941fb6082e555f2874c98e20cb159d7b92b50eadfce793?s=96&d=mm&r=g\",\"caption\":\"ulises\"},\"sameAs\":[\"http:\/\/www.celttv.com.ar\"]}]}<\/script>\n<!-- \/ Yoast SEO plugin. -->","yoast_head_json":{"title":"UNA AMBULANCIA Y UN AUTO PROTAGONIZARON UN CHOQUE EN LA RP 76 A LA ALTURA DEL ABRA DE LA VENTANA (FOTOS) - CELTTV","description":"Sitio web de noticias de la localidad de Tornquist, provincia de Buenos Aires, Rep\u00fablica Argentina. Contenido propio originado por periodistas de CELTTV, el canal de TV local de la Cooperativa El\u00e9ctrica de Tornquist. Turismo, Pol\u00edtica, Sociedad, Deporte, Cultura y todo el contenido de inter\u00e9s general que la gente del pueblo y la regi\u00f3n debe conocer.","robots":{"index":"index","follow":"follow","max-snippet":"max-snippet:-1","max-image-preview":"max-image-preview:large","max-video-preview":"max-video-preview:-1"},"canonical":"https:\/\/www.celttv.com.ar\/index.php\/2019\/01\/26\/una-ambulancia-y-un-auto-protagonizaron-un-choque-en-la-rp-76-a-la-altura-del-abra-de-la-ventana-fotos\/","og_locale":"es_ES","og_type":"article","og_title":"UNA AMBULANCIA Y UN AUTO PROTAGONIZARON UN CHOQUE EN LA RP 76 A LA ALTURA DEL ABRA DE LA VENTANA (FOTOS) - CELTTV","og_description":"Sitio web de noticias de la localidad de Tornquist, provincia de Buenos Aires, Rep\u00fablica Argentina. Contenido propio originado por periodistas de CELTTV, el canal de TV local de la Cooperativa El\u00e9ctrica de Tornquist. Turismo, Pol\u00edtica, Sociedad, Deporte, Cultura y todo el contenido de inter\u00e9s general que la gente del pueblo y la regi\u00f3n debe conocer.","og_url":"https:\/\/www.celttv.com.ar\/index.php\/2019\/01\/26\/una-ambulancia-y-un-auto-protagonizaron-un-choque-en-la-rp-76-a-la-altura-del-abra-de-la-ventana-fotos\/","og_site_name":"CELTTV","article_publisher":"https:\/\/www.facebook.com\/celtTV\/","article_published_time":"2019-01-26T16:18:45+00:00","og_image":[{"width":1032,"height":774,"url":"https:\/\/www.celttv.com.ar\/wp-content\/uploads\/2019\/01\/IMG-20190126-WA0008.jpg","type":"image\/jpeg"}],"author":"ulises","twitter_card":"summary_large_image","twitter_misc":{"Escrito por":"ulises","Tiempo de lectura":"1 minuto"},"schema":{"@context":"https:\/\/schema.org","@graph":[{"@type":"NewsArticle","@id":"https:\/\/www.celttv.com.ar\/index.php\/2019\/01\/26\/una-ambulancia-y-un-auto-protagonizaron-un-choque-en-la-rp-76-a-la-altura-del-abra-de-la-ventana-fotos\/#article","isPartOf":{"@id":"https:\/\/www.celttv.com.ar\/index.php\/2019\/01\/26\/una-ambulancia-y-un-auto-protagonizaron-un-choque-en-la-rp-76-a-la-altura-del-abra-de-la-ventana-fotos\/"},"author":{"name":"ulises","@id":"https:\/\/www.celttv.com.ar\/#\/schema\/person\/6d99c072dba59953809c81446e9d0ace"},"headline":"UNA AMBULANCIA Y UN AUTO PROTAGONIZARON UN CHOQUE EN LA RP 76 A LA ALTURA DEL ABRA DE LA VENTANA (FOTOS)","datePublished":"2019-01-26T16:18:45+00:00","dateModified":"2019-01-26T16:18:45+00:00","mainEntityOfPage":{"@id":"https:\/\/www.celttv.com.ar\/index.php\/2019\/01\/26\/una-ambulancia-y-un-auto-protagonizaron-un-choque-en-la-rp-76-a-la-altura-del-abra-de-la-ventana-fotos\/"},"wordCount":212,"publisher":{"@id":"https:\/\/www.celttv.com.ar\/#organization"},"articleSection":["Celt TV Noticias","Comunidad","Destacadas","Policiales"],"inLanguage":"es"},{"@type":"WebPage","@id":"https:\/\/www.celttv.com.ar\/index.php\/2019\/01\/26\/una-ambulancia-y-un-auto-protagonizaron-un-choque-en-la-rp-76-a-la-altura-del-abra-de-la-ventana-fotos\/","url":"https:\/\/www.celttv.com.ar\/index.php\/2019\/01\/26\/una-ambulancia-y-un-auto-protagonizaron-un-choque-en-la-rp-76-a-la-altura-del-abra-de-la-ventana-fotos\/","name":"UNA AMBULANCIA Y UN AUTO PROTAGONIZARON UN CHOQUE EN LA RP 76 A LA ALTURA DEL ABRA DE LA VENTANA (FOTOS) - CELTTV","isPartOf":{"@id":"https:\/\/www.celttv.com.ar\/#website"},"datePublished":"2019-01-26T16:18:45+00:00","dateModified":"2019-01-26T16:18:45+00:00","description":"Sitio web de noticias de la localidad de Tornquist, provincia de Buenos Aires, Rep\u00fablica Argentina. Contenido propio originado por periodistas de CELTTV, el canal de TV local de la Cooperativa El\u00e9ctrica de Tornquist. Turismo, Pol\u00edtica, Sociedad, Deporte, Cultura y todo el contenido de inter\u00e9s general que la gente del pueblo y la regi\u00f3n debe conocer.","breadcrumb":{"@id":"https:\/\/www.celttv.com.ar\/index.php\/2019\/01\/26\/una-ambulancia-y-un-auto-protagonizaron-un-choque-en-la-rp-76-a-la-altura-del-abra-de-la-ventana-fotos\/#breadcrumb"},"inLanguage":"es","potentialAction":[{"@type":"ReadAction","target":["https:\/\/www.celttv.com.ar\/index.php\/2019\/01\/26\/una-ambulancia-y-un-auto-protagonizaron-un-choque-en-la-rp-76-a-la-altura-del-abra-de-la-ventana-fotos\/"]}]},{"@type":"BreadcrumbList","@id":"https:\/\/www.celttv.com.ar\/index.php\/2019\/01\/26\/una-ambulancia-y-un-auto-protagonizaron-un-choque-en-la-rp-76-a-la-altura-del-abra-de-la-ventana-fotos\/#breadcrumb","itemListElement":[{"@type":"ListItem","position":1,"name":"Inicio","item":"https:\/\/www.celttv.com.ar\/"},{"@type":"ListItem","position":2,"name":"UNA AMBULANCIA Y UN AUTO PROTAGONIZARON UN CHOQUE EN LA RP 76 A LA ALTURA DEL ABRA DE LA VENTANA (FOTOS)"}]},{"@type":"WebSite","@id":"https:\/\/www.celttv.com.ar\/#website","url":"https:\/\/www.celttv.com.ar\/","name":"CELTTV","description":"Cooperativa El\u00e9ctrica de Tornquist","publisher":{"@id":"https:\/\/www.celttv.com.ar\/#organization"},"potentialAction":[{"@type":"SearchAction","target":{"@type":"EntryPoint","urlTemplate":"https:\/\/www.celttv.com.ar\/?s={search_term_string}"},"query-input":"required name=search_term_string"}],"inLanguage":"es"},{"@type":"Organization","@id":"https:\/\/www.celttv.com.ar\/#organization","name":"CELTTV","url":"https:\/\/www.celttv.com.ar\/","sameAs":["https:\/\/www.youtube.com\/channel\/UCz_oIt8Hig64Ub-EmcNPIhg","https:\/\/www.facebook.com\/celtTV\/"],"logo":{"@type":"ImageObject","inLanguage":"es","@id":"https:\/\/www.celttv.com.ar\/#\/schema\/logo\/image\/","url":"http:\/\/www.celttv.com.ar\/wp-content\/uploads\/2022\/08\/logo-1.png","contentUrl":"http:\/\/www.celttv.com.ar\/wp-content\/uploads\/2022\/08\/logo-1.png","width":461,"height":159,"caption":"CELTTV"},"image":{"@id":"https:\/\/www.celttv.com.ar\/#\/schema\/logo\/image\/"}},{"@type":"Person","@id":"https:\/\/www.celttv.com.ar\/#\/schema\/person\/6d99c072dba59953809c81446e9d0ace","name":"ulises","image":{"@type":"ImageObject","inLanguage":"es","@id":"https:\/\/www.celttv.com.ar\/#\/schema\/person\/image\/","url":"https:\/\/secure.gravatar.com\/avatar\/7f2c48bdc33b30088f941fb6082e555f2874c98e20cb159d7b92b50eadfce793?s=96&d=mm&r=g","contentUrl":"https:\/\/secure.gravatar.com\/avatar\/7f2c48bdc33b30088f941fb6082e555f2874c98e20cb159d7b92b50eadfce793?s=96&d=mm&r=g","caption":"ulises"},"sameAs":["http:\/\/www.celttv.com.ar"]}]}},"_links":{"self":[{"href":"https:\/\/www.celttv.com.ar\/index.php\/wp-json\/wp\/v2\/posts\/39663","targetHints":{"allow":["GET"]}}],"collection":[{"href":"https:\/\/www.celttv.com.ar\/index.php\/wp-json\/wp\/v2\/posts"}],"about":[{"href":"https:\/\/www.celttv.com.ar\/index.php\/wp-json\/wp\/v2\/types\/post"}],"author":[{"embeddable":true,"href":"https:\/\/www.celttv.com.ar\/index.php\/wp-json\/wp\/v2\/users\/1"}],"replies":[{"embeddable":true,"href":"https:\/\/www.celttv.com.ar\/index.php\/wp-json\/wp\/v2\/comments?post=39663"}],"version-history":[{"count":0,"href":"https:\/\/www.celttv.com.ar\/index.php\/wp-json\/wp\/v2\/posts\/39663\/revisions"}],"wp:featuredmedia":[{"embeddable":true,"href":"https:\/\/www.celttv.com.ar\/index.php\/wp-json\/wp\/v2\/media\/39667"}],"wp:attachment":[{"href":"https:\/\/www.celttv.com.ar\/index.php\/wp-json\/wp\/v2\/media?parent=39663"}],"wp:term":[{"taxonomy":"category","embeddable":true,"href":"https:\/\/www.celttv.com.ar\/index.php\/wp-json\/wp\/v2\/categories?post=39663"},{"taxonomy":"post_tag","embeddable":true,"href":"https:\/\/www.celttv.com.ar\/index.php\/wp-json\/wp\/v2\/tags?post=39663"}],"curies":[{"name":"wp","href":"https:\/\/api.w.org\/{rel}","templated":true}]}}