{"id":39686,"date":"2019-01-28T15:07:33","date_gmt":"2019-01-28T15:07:33","guid":{"rendered":"http:\/\/www.celttv.com.ar\/?p=39686"},"modified":"2019-01-28T15:07:33","modified_gmt":"2019-01-28T15:07:33","slug":"bahia-blanca-confirman-el-tercer-caso-de-sindrome-uremico-hemolitico-en-lo-que-va-de-2019-informe-de-la-nueva","status":"publish","type":"post","link":"https:\/\/www.celttv.com.ar\/index.php\/2019\/01\/28\/bahia-blanca-confirman-el-tercer-caso-de-sindrome-uremico-hemolitico-en-lo-que-va-de-2019-informe-de-la-nueva\/","title":{"rendered":"Bah\u00eda Blanca: Confirman el tercer caso de S\u00edndrome Ur\u00e9mico Hemol\u00edtico en lo que va de 2019 (Informe de La Nueva)"},"content":{"rendered":"<section class=\"titulos\">\n<p class=\"fecha\">\n<\/section>\n<section>\n<div class=\"content-body\">\n<div class=\"multimedia-nota\">\n<div class=\"multimedia-foto\">\n<p><a id=\"foto-full\" class=\"foto-la-ciudad\"><\/a><img decoding=\"async\" class=\"img-responsive lazyautosizes lazyloaded\" src=\"https:\/\/px.cdn.lanueva.com\/012019\/1548686861076.jpg?&amp;ma=3&amp;cw=350&amp;ch=213\" sizes=\"655px\" srcset=\"https:\/\/px.cdn.lanueva.com\/012019\/1548686861076.jpg?&amp;ma=3&amp;cw=350&amp;ch=213 350w,https:\/\/px.cdn.lanueva.com\/012019\/1548686861076.jpg?&amp;ma=3&amp;cw=620&amp;ch=378 620w,https:\/\/px.cdn.lanueva.com\/012019\/1548686861076.jpg?&amp;ma=3&amp;cw=790&amp;ch=482 790w,https:\/\/px.cdn.lanueva.com\/012019\/1548686861076.jpg?&amp;ma=3&amp;cw=970&amp;ch=591 970w,https:\/\/px.cdn.lanueva.com\/012019\/1548686861076.jpg?&amp;ma=3&amp;cw=1170&amp;ch=713 1170w\" alt=\"Confirman el tercer caso de\u00a0S\u00edndrome Ur\u00e9mico Hemol\u00edtico en lo que va de 2019\" data-sizes=\"auto\" data-src=\"https:\/\/px.cdn.lanueva.com\/012019\/1548686861076.jpg?&amp;ma=3&amp;cw=350&amp;ch=213\" data-srcset=\"https:\/\/px.cdn.lanueva.com\/012019\/1548686861076.jpg?&amp;ma=3&amp;cw=350&amp;ch=213 350w,https:\/\/px.cdn.lanueva.com\/012019\/1548686861076.jpg?&amp;ma=3&amp;cw=620&amp;ch=378 620w,https:\/\/px.cdn.lanueva.com\/012019\/1548686861076.jpg?&amp;ma=3&amp;cw=790&amp;ch=482 790w,https:\/\/px.cdn.lanueva.com\/012019\/1548686861076.jpg?&amp;ma=3&amp;cw=970&amp;ch=591 970w,https:\/\/px.cdn.lanueva.com\/012019\/1548686861076.jpg?&amp;ma=3&amp;cw=1170&amp;ch=713 1170w\" \/>Foto: Archivo La Nueva.<\/p>\n<\/div>\n<div class=\"desarrollo width100\">\n<p>\u00a0 \u00a0Una nena est\u00e1 internada en el Hospital Italiano con S\u00edndrome Ur\u00e9mico Hemol\u00edtico, el tercer caso en lo que va del a\u00f1o.<\/p>\n<p>Seg\u00fan se inform\u00f3, la nena tiene 5 a\u00f1os y es de Pig\u00fc\u00e9.<\/p>\n<p>&#8220;Es el tercer caso que hemos tenido en estos pocos d\u00edas de enero. Los otros dos ya se han ido de alta: el primero fue de Viedma y el segundo de Bah\u00eda&#8221;, le dijo a\u00a0<em><strong>La Nueva.<\/strong><\/em>\u00a0el\u00a0presidente de Apresuh, Miguel \u00c1ngel Caracciolo.<\/p>\n<div class=\"teads-adCall\"><\/div>\n<p><strong>Recomendaciones a seguir cuando le dan el alta a un paciente con SUH<\/strong><\/p>\n<p>&#8211; Continuar con la dieta que recomiendan los especialistas.<\/p>\n<p>&#8211; Respetar los controles y las restricciones en la alimentaci\u00f3n.<\/p>\n<p>&#8211; Estudios correspondientes al grupo familiar para saber si alguno es portador sano y tiene la bacteria.<\/p>\n<p>Los primeros s\u00edntomas son fiebre, v\u00f3mito y diarrea, sangre en las heces, irritabilidad, debilidad y letargo.<\/p>\n<p><strong>S\u00edntomas del SUH<\/strong><\/p>\n<p>Los primeros s\u00edntomas son fiebre, v\u00f3mito y diarrea, sangre en las heces, irritabilidad, debilidad y letargo.<\/p>\n<p>Los s\u00edntomas posteriores son m\u00e1s graves: muy poca o nula orina, palidez, magulladuras, hemorragias debajo de la piel en forma de peque\u00f1os puntos rojos, coloraci\u00f3n amarillenta de la piel, disminuci\u00f3n del estado de conciencia y convulsiones.<\/p>\n<p><strong>M\u00e9todos de prevenci\u00f3n<\/strong><\/p>\n<p>Los consejos para evitar esta enfermedad apuntan a extremar los cuidados en los siguientes aspectos:<\/p>\n<p>-higiene personal, ya que el 70 % de los chicos no se lava las manos despu\u00e9s de ir al ba\u00f1o, seg\u00fan un informe,<\/p>\n<p>-lavado cuidadoso de frutas y verduras,<\/p>\n<p>-evitar la contaminaci\u00f3n cruzada crudo-cocido en la elaboraci\u00f3n de las comidas,<\/p>\n<p>-cocci\u00f3n de los alimentos a temperaturas que aseguren la destrucci\u00f3n de la bacteria.<\/p>\n<p>-aplicaci\u00f3n de controles en los puntos cr\u00edticos de elaboraci\u00f3n de alimentos,<\/p>\n<p>-higiene durante el faenamiento del ganado,<\/p>\n<p>-evitar el hacinamiento en comunidades cerradas,<\/p>\n<p>-no concurrencia a comunidades cerradas de personas con diagn\u00f3stico bacteriol\u00f3gico positivo,<\/p>\n<p>-evitar el uso de antimicrobianos y antidiarreicos, considerados factores de riesgo en la evoluci\u00f3n de diarrea a SUH.<\/p>\n<\/div>\n<\/div>\n<\/div>\n<\/section>\n","protected":false},"excerpt":{"rendered":"<p>Foto: Archivo La Nueva. \u00a0 \u00a0Una nena est\u00e1 internada en el Hospital Italiano con S\u00edndrome Ur\u00e9mico Hemol\u00edtico, el tercer caso en lo que va del a\u00f1o. Seg\u00fan se inform\u00f3, la nena tiene 5 a\u00f1os y es de Pig\u00fc\u00e9. &#8220;Es el tercer caso que hemos tenido en estos pocos d\u00edas de enero. Los otros dos ya [&hellip;]<\/p>\n","protected":false},"author":1,"featured_media":39687,"comment_status":"closed","ping_status":"open","sticky":false,"template":"","format":"standard","meta":{"footnotes":""},"categories":[54,55,52],"tags":[],"class_list":["post-39686","post","type-post","status-publish","format-standard","has-post-thumbnail","hentry","category-atencion-salud","category-celt-tv-noticias","category-destacadas"],"yoast_head":"<!-- This site is optimized with the Yoast SEO plugin v19.7.1 - https:\/\/yoast.com\/wordpress\/plugins\/seo\/ -->\n<title>Bah\u00eda Blanca: Confirman el tercer caso de S\u00edndrome Ur\u00e9mico Hemol\u00edtico en lo que va de 2019 (Informe de La Nueva) - CELTTV<\/title>\n<meta name=\"description\" content=\"Sitio web de noticias de la localidad de Tornquist, provincia de Buenos Aires, Rep\u00fablica Argentina. Contenido propio originado por periodistas de CELTTV, el canal de TV local de la Cooperativa El\u00e9ctrica de Tornquist. Turismo, Pol\u00edtica, Sociedad, Deporte, Cultura y todo el contenido de inter\u00e9s general que la gente del pueblo y la regi\u00f3n debe conocer.\" \/>\n<meta name=\"robots\" content=\"index, follow, max-snippet:-1, max-image-preview:large, max-video-preview:-1\" \/>\n<link rel=\"canonical\" href=\"https:\/\/www.celttv.com.ar\/index.php\/2019\/01\/28\/bahia-blanca-confirman-el-tercer-caso-de-sindrome-uremico-hemolitico-en-lo-que-va-de-2019-informe-de-la-nueva\/\" \/>\n<meta property=\"og:locale\" content=\"es_ES\" \/>\n<meta property=\"og:type\" content=\"article\" \/>\n<meta property=\"og:title\" content=\"Bah\u00eda Blanca: Confirman el tercer caso de S\u00edndrome Ur\u00e9mico Hemol\u00edtico en lo que va de 2019 (Informe de La Nueva) - CELTTV\" \/>\n<meta property=\"og:description\" content=\"Sitio web de noticias de la localidad de Tornquist, provincia de Buenos Aires, Rep\u00fablica Argentina. Contenido propio originado por periodistas de CELTTV, el canal de TV local de la Cooperativa El\u00e9ctrica de Tornquist. Turismo, Pol\u00edtica, Sociedad, Deporte, Cultura y todo el contenido de inter\u00e9s general que la gente del pueblo y la regi\u00f3n debe conocer.\" \/>\n<meta property=\"og:url\" content=\"https:\/\/www.celttv.com.ar\/index.php\/2019\/01\/28\/bahia-blanca-confirman-el-tercer-caso-de-sindrome-uremico-hemolitico-en-lo-que-va-de-2019-informe-de-la-nueva\/\" \/>\n<meta property=\"og:site_name\" content=\"CELTTV\" \/>\n<meta property=\"article:publisher\" content=\"https:\/\/www.facebook.com\/celtTV\/\" \/>\n<meta property=\"article:published_time\" content=\"2019-01-28T15:07:33+00:00\" \/>\n<meta property=\"og:image\" content=\"https:\/\/www.celttv.com.ar\/wp-content\/uploads\/2019\/01\/shu-300x210-1.png\" \/>\n\t<meta property=\"og:image:width\" content=\"300\" \/>\n\t<meta property=\"og:image:height\" content=\"210\" \/>\n\t<meta property=\"og:image:type\" content=\"image\/png\" \/>\n<meta name=\"author\" content=\"ulises\" \/>\n<meta name=\"twitter:card\" content=\"summary_large_image\" \/>\n<meta name=\"twitter:label1\" content=\"Escrito por\" \/>\n\t<meta name=\"twitter:data1\" content=\"ulises\" \/>\n\t<meta name=\"twitter:label2\" content=\"Tiempo de lectura\" \/>\n\t<meta name=\"twitter:data2\" content=\"2 minutos\" \/>\n<script type=\"application\/ld+json\" class=\"yoast-schema-graph\">{\"@context\":\"https:\/\/schema.org\",\"@graph\":[{\"@type\":\"NewsArticle\",\"@id\":\"https:\/\/www.celttv.com.ar\/index.php\/2019\/01\/28\/bahia-blanca-confirman-el-tercer-caso-de-sindrome-uremico-hemolitico-en-lo-que-va-de-2019-informe-de-la-nueva\/#article\",\"isPartOf\":{\"@id\":\"https:\/\/www.celttv.com.ar\/index.php\/2019\/01\/28\/bahia-blanca-confirman-el-tercer-caso-de-sindrome-uremico-hemolitico-en-lo-que-va-de-2019-informe-de-la-nueva\/\"},\"author\":{\"name\":\"ulises\",\"@id\":\"https:\/\/www.celttv.com.ar\/#\/schema\/person\/6d99c072dba59953809c81446e9d0ace\"},\"headline\":\"Bah\u00eda Blanca: Confirman el tercer caso de S\u00edndrome Ur\u00e9mico Hemol\u00edtico en lo que va de 2019 (Informe de La Nueva)\",\"datePublished\":\"2019-01-28T15:07:33+00:00\",\"dateModified\":\"2019-01-28T15:07:33+00:00\",\"mainEntityOfPage\":{\"@id\":\"https:\/\/www.celttv.com.ar\/index.php\/2019\/01\/28\/bahia-blanca-confirman-el-tercer-caso-de-sindrome-uremico-hemolitico-en-lo-que-va-de-2019-informe-de-la-nueva\/\"},\"wordCount\":378,\"publisher\":{\"@id\":\"https:\/\/www.celttv.com.ar\/#organization\"},\"articleSection\":[\"Atenci\u00f3n Salud\",\"Celt TV Noticias\",\"Destacadas\"],\"inLanguage\":\"es\"},{\"@type\":\"WebPage\",\"@id\":\"https:\/\/www.celttv.com.ar\/index.php\/2019\/01\/28\/bahia-blanca-confirman-el-tercer-caso-de-sindrome-uremico-hemolitico-en-lo-que-va-de-2019-informe-de-la-nueva\/\",\"url\":\"https:\/\/www.celttv.com.ar\/index.php\/2019\/01\/28\/bahia-blanca-confirman-el-tercer-caso-de-sindrome-uremico-hemolitico-en-lo-que-va-de-2019-informe-de-la-nueva\/\",\"name\":\"Bah\u00eda Blanca: Confirman el tercer caso de S\u00edndrome Ur\u00e9mico Hemol\u00edtico en lo que va de 2019 (Informe de La Nueva) - CELTTV\",\"isPartOf\":{\"@id\":\"https:\/\/www.celttv.com.ar\/#website\"},\"datePublished\":\"2019-01-28T15:07:33+00:00\",\"dateModified\":\"2019-01-28T15:07:33+00:00\",\"description\":\"Sitio web de noticias de la localidad de Tornquist, provincia de Buenos Aires, Rep\u00fablica Argentina. Contenido propio originado por periodistas de CELTTV, el canal de TV local de la Cooperativa El\u00e9ctrica de Tornquist. Turismo, Pol\u00edtica, Sociedad, Deporte, Cultura y todo el contenido de inter\u00e9s general que la gente del pueblo y la regi\u00f3n debe conocer.\",\"breadcrumb\":{\"@id\":\"https:\/\/www.celttv.com.ar\/index.php\/2019\/01\/28\/bahia-blanca-confirman-el-tercer-caso-de-sindrome-uremico-hemolitico-en-lo-que-va-de-2019-informe-de-la-nueva\/#breadcrumb\"},\"inLanguage\":\"es\",\"potentialAction\":[{\"@type\":\"ReadAction\",\"target\":[\"https:\/\/www.celttv.com.ar\/index.php\/2019\/01\/28\/bahia-blanca-confirman-el-tercer-caso-de-sindrome-uremico-hemolitico-en-lo-que-va-de-2019-informe-de-la-nueva\/\"]}]},{\"@type\":\"BreadcrumbList\",\"@id\":\"https:\/\/www.celttv.com.ar\/index.php\/2019\/01\/28\/bahia-blanca-confirman-el-tercer-caso-de-sindrome-uremico-hemolitico-en-lo-que-va-de-2019-informe-de-la-nueva\/#breadcrumb\",\"itemListElement\":[{\"@type\":\"ListItem\",\"position\":1,\"name\":\"Inicio\",\"item\":\"https:\/\/www.celttv.com.ar\/\"},{\"@type\":\"ListItem\",\"position\":2,\"name\":\"Bah\u00eda Blanca: Confirman el tercer caso de S\u00edndrome Ur\u00e9mico Hemol\u00edtico en lo que va de 2019 (Informe de La Nueva)\"}]},{\"@type\":\"WebSite\",\"@id\":\"https:\/\/www.celttv.com.ar\/#website\",\"url\":\"https:\/\/www.celttv.com.ar\/\",\"name\":\"CELTTV\",\"description\":\"Cooperativa El\u00e9ctrica de Tornquist\",\"publisher\":{\"@id\":\"https:\/\/www.celttv.com.ar\/#organization\"},\"potentialAction\":[{\"@type\":\"SearchAction\",\"target\":{\"@type\":\"EntryPoint\",\"urlTemplate\":\"https:\/\/www.celttv.com.ar\/?s={search_term_string}\"},\"query-input\":\"required name=search_term_string\"}],\"inLanguage\":\"es\"},{\"@type\":\"Organization\",\"@id\":\"https:\/\/www.celttv.com.ar\/#organization\",\"name\":\"CELTTV\",\"url\":\"https:\/\/www.celttv.com.ar\/\",\"sameAs\":[\"https:\/\/www.youtube.com\/channel\/UCz_oIt8Hig64Ub-EmcNPIhg\",\"https:\/\/www.facebook.com\/celtTV\/\"],\"logo\":{\"@type\":\"ImageObject\",\"inLanguage\":\"es\",\"@id\":\"https:\/\/www.celttv.com.ar\/#\/schema\/logo\/image\/\",\"url\":\"http:\/\/www.celttv.com.ar\/wp-content\/uploads\/2022\/08\/logo-1.png\",\"contentUrl\":\"http:\/\/www.celttv.com.ar\/wp-content\/uploads\/2022\/08\/logo-1.png\",\"width\":461,\"height\":159,\"caption\":\"CELTTV\"},\"image\":{\"@id\":\"https:\/\/www.celttv.com.ar\/#\/schema\/logo\/image\/\"}},{\"@type\":\"Person\",\"@id\":\"https:\/\/www.celttv.com.ar\/#\/schema\/person\/6d99c072dba59953809c81446e9d0ace\",\"name\":\"ulises\",\"image\":{\"@type\":\"ImageObject\",\"inLanguage\":\"es\",\"@id\":\"https:\/\/www.celttv.com.ar\/#\/schema\/person\/image\/\",\"url\":\"https:\/\/secure.gravatar.com\/avatar\/7f2c48bdc33b30088f941fb6082e555f2874c98e20cb159d7b92b50eadfce793?s=96&d=mm&r=g\",\"contentUrl\":\"https:\/\/secure.gravatar.com\/avatar\/7f2c48bdc33b30088f941fb6082e555f2874c98e20cb159d7b92b50eadfce793?s=96&d=mm&r=g\",\"caption\":\"ulises\"},\"sameAs\":[\"http:\/\/www.celttv.com.ar\"]}]}<\/script>\n<!-- \/ Yoast SEO plugin. -->","yoast_head_json":{"title":"Bah\u00eda Blanca: Confirman el tercer caso de S\u00edndrome Ur\u00e9mico Hemol\u00edtico en lo que va de 2019 (Informe de La Nueva) - CELTTV","description":"Sitio web de noticias de la localidad de Tornquist, provincia de Buenos Aires, Rep\u00fablica Argentina. Contenido propio originado por periodistas de CELTTV, el canal de TV local de la Cooperativa El\u00e9ctrica de Tornquist. Turismo, Pol\u00edtica, Sociedad, Deporte, Cultura y todo el contenido de inter\u00e9s general que la gente del pueblo y la regi\u00f3n debe conocer.","robots":{"index":"index","follow":"follow","max-snippet":"max-snippet:-1","max-image-preview":"max-image-preview:large","max-video-preview":"max-video-preview:-1"},"canonical":"https:\/\/www.celttv.com.ar\/index.php\/2019\/01\/28\/bahia-blanca-confirman-el-tercer-caso-de-sindrome-uremico-hemolitico-en-lo-que-va-de-2019-informe-de-la-nueva\/","og_locale":"es_ES","og_type":"article","og_title":"Bah\u00eda Blanca: Confirman el tercer caso de S\u00edndrome Ur\u00e9mico Hemol\u00edtico en lo que va de 2019 (Informe de La Nueva) - CELTTV","og_description":"Sitio web de noticias de la localidad de Tornquist, provincia de Buenos Aires, Rep\u00fablica Argentina. Contenido propio originado por periodistas de CELTTV, el canal de TV local de la Cooperativa El\u00e9ctrica de Tornquist. Turismo, Pol\u00edtica, Sociedad, Deporte, Cultura y todo el contenido de inter\u00e9s general que la gente del pueblo y la regi\u00f3n debe conocer.","og_url":"https:\/\/www.celttv.com.ar\/index.php\/2019\/01\/28\/bahia-blanca-confirman-el-tercer-caso-de-sindrome-uremico-hemolitico-en-lo-que-va-de-2019-informe-de-la-nueva\/","og_site_name":"CELTTV","article_publisher":"https:\/\/www.facebook.com\/celtTV\/","article_published_time":"2019-01-28T15:07:33+00:00","og_image":[{"width":300,"height":210,"url":"https:\/\/www.celttv.com.ar\/wp-content\/uploads\/2019\/01\/shu-300x210-1.png","type":"image\/png"}],"author":"ulises","twitter_card":"summary_large_image","twitter_misc":{"Escrito por":"ulises","Tiempo de lectura":"2 minutos"},"schema":{"@context":"https:\/\/schema.org","@graph":[{"@type":"NewsArticle","@id":"https:\/\/www.celttv.com.ar\/index.php\/2019\/01\/28\/bahia-blanca-confirman-el-tercer-caso-de-sindrome-uremico-hemolitico-en-lo-que-va-de-2019-informe-de-la-nueva\/#article","isPartOf":{"@id":"https:\/\/www.celttv.com.ar\/index.php\/2019\/01\/28\/bahia-blanca-confirman-el-tercer-caso-de-sindrome-uremico-hemolitico-en-lo-que-va-de-2019-informe-de-la-nueva\/"},"author":{"name":"ulises","@id":"https:\/\/www.celttv.com.ar\/#\/schema\/person\/6d99c072dba59953809c81446e9d0ace"},"headline":"Bah\u00eda Blanca: Confirman el tercer caso de S\u00edndrome Ur\u00e9mico Hemol\u00edtico en lo que va de 2019 (Informe de La Nueva)","datePublished":"2019-01-28T15:07:33+00:00","dateModified":"2019-01-28T15:07:33+00:00","mainEntityOfPage":{"@id":"https:\/\/www.celttv.com.ar\/index.php\/2019\/01\/28\/bahia-blanca-confirman-el-tercer-caso-de-sindrome-uremico-hemolitico-en-lo-que-va-de-2019-informe-de-la-nueva\/"},"wordCount":378,"publisher":{"@id":"https:\/\/www.celttv.com.ar\/#organization"},"articleSection":["Atenci\u00f3n Salud","Celt TV Noticias","Destacadas"],"inLanguage":"es"},{"@type":"WebPage","@id":"https:\/\/www.celttv.com.ar\/index.php\/2019\/01\/28\/bahia-blanca-confirman-el-tercer-caso-de-sindrome-uremico-hemolitico-en-lo-que-va-de-2019-informe-de-la-nueva\/","url":"https:\/\/www.celttv.com.ar\/index.php\/2019\/01\/28\/bahia-blanca-confirman-el-tercer-caso-de-sindrome-uremico-hemolitico-en-lo-que-va-de-2019-informe-de-la-nueva\/","name":"Bah\u00eda Blanca: Confirman el tercer caso de S\u00edndrome Ur\u00e9mico Hemol\u00edtico en lo que va de 2019 (Informe de La Nueva) - CELTTV","isPartOf":{"@id":"https:\/\/www.celttv.com.ar\/#website"},"datePublished":"2019-01-28T15:07:33+00:00","dateModified":"2019-01-28T15:07:33+00:00","description":"Sitio web de noticias de la localidad de Tornquist, provincia de Buenos Aires, Rep\u00fablica Argentina. Contenido propio originado por periodistas de CELTTV, el canal de TV local de la Cooperativa El\u00e9ctrica de Tornquist. Turismo, Pol\u00edtica, Sociedad, Deporte, Cultura y todo el contenido de inter\u00e9s general que la gente del pueblo y la regi\u00f3n debe conocer.","breadcrumb":{"@id":"https:\/\/www.celttv.com.ar\/index.php\/2019\/01\/28\/bahia-blanca-confirman-el-tercer-caso-de-sindrome-uremico-hemolitico-en-lo-que-va-de-2019-informe-de-la-nueva\/#breadcrumb"},"inLanguage":"es","potentialAction":[{"@type":"ReadAction","target":["https:\/\/www.celttv.com.ar\/index.php\/2019\/01\/28\/bahia-blanca-confirman-el-tercer-caso-de-sindrome-uremico-hemolitico-en-lo-que-va-de-2019-informe-de-la-nueva\/"]}]},{"@type":"BreadcrumbList","@id":"https:\/\/www.celttv.com.ar\/index.php\/2019\/01\/28\/bahia-blanca-confirman-el-tercer-caso-de-sindrome-uremico-hemolitico-en-lo-que-va-de-2019-informe-de-la-nueva\/#breadcrumb","itemListElement":[{"@type":"ListItem","position":1,"name":"Inicio","item":"https:\/\/www.celttv.com.ar\/"},{"@type":"ListItem","position":2,"name":"Bah\u00eda Blanca: Confirman el tercer caso de S\u00edndrome Ur\u00e9mico Hemol\u00edtico en lo que va de 2019 (Informe de La Nueva)"}]},{"@type":"WebSite","@id":"https:\/\/www.celttv.com.ar\/#website","url":"https:\/\/www.celttv.com.ar\/","name":"CELTTV","description":"Cooperativa El\u00e9ctrica de Tornquist","publisher":{"@id":"https:\/\/www.celttv.com.ar\/#organization"},"potentialAction":[{"@type":"SearchAction","target":{"@type":"EntryPoint","urlTemplate":"https:\/\/www.celttv.com.ar\/?s={search_term_string}"},"query-input":"required name=search_term_string"}],"inLanguage":"es"},{"@type":"Organization","@id":"https:\/\/www.celttv.com.ar\/#organization","name":"CELTTV","url":"https:\/\/www.celttv.com.ar\/","sameAs":["https:\/\/www.youtube.com\/channel\/UCz_oIt8Hig64Ub-EmcNPIhg","https:\/\/www.facebook.com\/celtTV\/"],"logo":{"@type":"ImageObject","inLanguage":"es","@id":"https:\/\/www.celttv.com.ar\/#\/schema\/logo\/image\/","url":"http:\/\/www.celttv.com.ar\/wp-content\/uploads\/2022\/08\/logo-1.png","contentUrl":"http:\/\/www.celttv.com.ar\/wp-content\/uploads\/2022\/08\/logo-1.png","width":461,"height":159,"caption":"CELTTV"},"image":{"@id":"https:\/\/www.celttv.com.ar\/#\/schema\/logo\/image\/"}},{"@type":"Person","@id":"https:\/\/www.celttv.com.ar\/#\/schema\/person\/6d99c072dba59953809c81446e9d0ace","name":"ulises","image":{"@type":"ImageObject","inLanguage":"es","@id":"https:\/\/www.celttv.com.ar\/#\/schema\/person\/image\/","url":"https:\/\/secure.gravatar.com\/avatar\/7f2c48bdc33b30088f941fb6082e555f2874c98e20cb159d7b92b50eadfce793?s=96&d=mm&r=g","contentUrl":"https:\/\/secure.gravatar.com\/avatar\/7f2c48bdc33b30088f941fb6082e555f2874c98e20cb159d7b92b50eadfce793?s=96&d=mm&r=g","caption":"ulises"},"sameAs":["http:\/\/www.celttv.com.ar"]}]}},"_links":{"self":[{"href":"https:\/\/www.celttv.com.ar\/index.php\/wp-json\/wp\/v2\/posts\/39686","targetHints":{"allow":["GET"]}}],"collection":[{"href":"https:\/\/www.celttv.com.ar\/index.php\/wp-json\/wp\/v2\/posts"}],"about":[{"href":"https:\/\/www.celttv.com.ar\/index.php\/wp-json\/wp\/v2\/types\/post"}],"author":[{"embeddable":true,"href":"https:\/\/www.celttv.com.ar\/index.php\/wp-json\/wp\/v2\/users\/1"}],"replies":[{"embeddable":true,"href":"https:\/\/www.celttv.com.ar\/index.php\/wp-json\/wp\/v2\/comments?post=39686"}],"version-history":[{"count":0,"href":"https:\/\/www.celttv.com.ar\/index.php\/wp-json\/wp\/v2\/posts\/39686\/revisions"}],"wp:featuredmedia":[{"embeddable":true,"href":"https:\/\/www.celttv.com.ar\/index.php\/wp-json\/wp\/v2\/media\/39687"}],"wp:attachment":[{"href":"https:\/\/www.celttv.com.ar\/index.php\/wp-json\/wp\/v2\/media?parent=39686"}],"wp:term":[{"taxonomy":"category","embeddable":true,"href":"https:\/\/www.celttv.com.ar\/index.php\/wp-json\/wp\/v2\/categories?post=39686"},{"taxonomy":"post_tag","embeddable":true,"href":"https:\/\/www.celttv.com.ar\/index.php\/wp-json\/wp\/v2\/tags?post=39686"}],"curies":[{"name":"wp","href":"https:\/\/api.w.org\/{rel}","templated":true}]}}