{"id":39693,"date":"2019-01-29T13:30:42","date_gmt":"2019-01-29T13:30:42","guid":{"rendered":"http:\/\/www.celttv.com.ar\/?p=39693"},"modified":"2019-01-29T13:30:42","modified_gmt":"2019-01-29T13:30:42","slug":"los-intendentes-radicales-ratificaron-su-respaldo-la-formula-maria-eugenia-vidal-daniel-salvador","status":"publish","type":"post","link":"https:\/\/www.celttv.com.ar\/index.php\/2019\/01\/29\/los-intendentes-radicales-ratificaron-su-respaldo-la-formula-maria-eugenia-vidal-daniel-salvador\/","title":{"rendered":"Los intendentes radicales ratificaron su respaldo a la f\u00f3rmula Mar\u00eda Eugenia Vidal-Daniel Salvador"},"content":{"rendered":"<section class=\"titulos\">\n<p class=\"fecha\">\n<\/section>\n<section>\n<div class=\"content-body\">\n<div class=\"multimedia-nota\">\n<div class=\"multimedia-foto\">\n<p><a id=\"foto-full\" class=\"foto-la-ciudad\"><\/a><img decoding=\"async\" class=\"img-responsive lazyautosizes lazyloaded\" src=\"https:\/\/px.cdn.lanueva.com\/012019\/1548708661479.jpg?&amp;ma=3&amp;cw=350&amp;ch=213\" sizes=\"655px\" srcset=\"https:\/\/px.cdn.lanueva.com\/012019\/1548708661479.jpg?&amp;ma=3&amp;cw=350&amp;ch=213 350w,https:\/\/px.cdn.lanueva.com\/012019\/1548708661479.jpg?&amp;ma=3&amp;cw=620&amp;ch=378 620w,https:\/\/px.cdn.lanueva.com\/012019\/1548708661479.jpg?&amp;ma=3&amp;cw=790&amp;ch=482 790w,https:\/\/px.cdn.lanueva.com\/012019\/1548708661479.jpg?&amp;ma=3&amp;cw=970&amp;ch=591 970w,https:\/\/px.cdn.lanueva.com\/012019\/1548708661479.jpg?&amp;ma=3&amp;cw=1170&amp;ch=713 1170w\" alt=\"Los intendentes radicales ratificaron su respaldo la f\u00f3rmula Mar\u00eda Eugenia Vidal-Daniel Salvador\" data-sizes=\"auto\" data-src=\"https:\/\/px.cdn.lanueva.com\/012019\/1548708661479.jpg?&amp;ma=3&amp;cw=350&amp;ch=213\" data-srcset=\"https:\/\/px.cdn.lanueva.com\/012019\/1548708661479.jpg?&amp;ma=3&amp;cw=350&amp;ch=213 350w,https:\/\/px.cdn.lanueva.com\/012019\/1548708661479.jpg?&amp;ma=3&amp;cw=620&amp;ch=378 620w,https:\/\/px.cdn.lanueva.com\/012019\/1548708661479.jpg?&amp;ma=3&amp;cw=790&amp;ch=482 790w,https:\/\/px.cdn.lanueva.com\/012019\/1548708661479.jpg?&amp;ma=3&amp;cw=970&amp;ch=591 970w,https:\/\/px.cdn.lanueva.com\/012019\/1548708661479.jpg?&amp;ma=3&amp;cw=1170&amp;ch=713 1170w\" \/>Foto: Prensa UCR.<\/p>\n<\/div>\n<div class=\"desarrollo width100\">\n<p>\u00a0 \u00a0El Foro de Intendentes Radicales se reuni\u00f3 hoy en Saladillo, desde donde ratific\u00f3 su respaldo a la f\u00f3rmula Mar\u00eda Eugenia Vidal-Daniel Salvador para encabezar la boleta de Cambiemos en los comicios de este a\u00f1o en la Provincia.<\/p>\n<p>\u201cSomos parte de este equipo que encabezan Mar\u00eda Eugenia Vidal y nuestro correligionario Daniel Salvador\u201d, enfatizaron en el documento, dejando entrever que no estar\u00edan dispuestos a aceptar otro compa\u00f1ero de f\u00f3rmula para la mandataria, especialmente si no viene de las filas del radicalismo.<\/p>\n<p>El documento fue firmado tras el encuentro que los jefes comunales mantuvieron en instalaciones de la Sociedad Rural de Saladillo.<\/p>\n<p>Seg\u00fan trascendi\u00f3, durante la reuni\u00f3n se debati\u00f3 sobre candidaturas, el posible desdoblamiento de las elecciones, el CUD de este a\u00f1o -los coeficientes que utilizar\u00e1 la Provincia para repartir la coparticipaci\u00f3n-, las primarias y la situaci\u00f3n de los municipios.<\/p>\n<p>\u201cLos intendentes radicales sabemos que estamos frente a un complejo desaf\u00edo de construcci\u00f3n pol\u00edtica en la Provincia de Buenos Aires, y que nuestro objetivo es mejorar la democracia, modernizar el funcionamiento del Estado y alinear la agenda p\u00fablica con las necesidades de los ciudadanos\u201d, enfatizaron en el documento final.<\/p>\n<p>Se\u00f1alaron que estos fundamentos son los que le han conferido a Cambiemos \u201cuna legitimidad que permite enfrentar las adversidades, que marca el rumbo de nuestra tarea y que nos genera sentido de pertenencia a un espacio de construcci\u00f3n colectiva, democr\u00e1tica y plural\u201d.<\/p>\n<p><img decoding=\"async\" src=\"https:\/\/px.cdn.lanueva.com\/012019\/1548708795110.jpg\" width=\"100%\" height=\"auto\" \/><\/p>\n<h6>Mar\u00eda Eugenia Vidal y su vice, Daniel Salvador.<\/h6>\n<p>Remarcaron tambi\u00e9n que se sienten parte del equipo que conducen Vidal y Salvador, y que van a seguir trabajando \u201cpor la reparaci\u00f3n institucional y la transformaci\u00f3n social\u201d de la provincia.<\/p>\n<p>\u201cEs por eso que necesitamos m\u00e1s Cambiemos, m\u00e1s radicalismo y m\u00e1s trabajo compartido\u201d, enfatizaron.<\/p>\n<p>\u201cEste es un a\u00f1o muy importante para los argentinos, un a\u00f1o de decisiones y compromisos. Los intendentes radicales ya decidimos. Decidimos seguir trabajando por la gobernadora y el vicegobernador de los bonaerenses\u201d, a\u00f1adieron.<\/p>\n<p>\u201cEllos son los dirigentes que encabezan nuestro proyecto pol\u00edtico, y por ellos estamos orgullosos del rol que jugamos para este equipo en cada una de nuestras localidades\u201d, completaron.<\/p>\n<p>Reconocieron, por \u00faltimo, que el cambio propuesto exige esfuerzos y sobrellevar algunos \u201csinsabores\u201d, pero que a\u00fan es posible \u201csostener un mensaje esperanzador\u201d.<\/p>\n<p>\u201cNuestro lugar es el de los intereses de los ciudadanos que padecen y sufren, pero que tambi\u00e9n conf\u00edan, porque nos ven trabajar juntos por la reparaci\u00f3n institucional y la transformaci\u00f3n social que la provincia de Buenos Aires merece\u201d, finalizaron.<\/p>\n<p>El documento fue firmado por unos 30 jefes comunales, entre los que se encontraban David Hirtz (Adolfo Alsina), Ra\u00fal Reyes (Coronel Dorrego), Mart\u00edn Randazzo (General La Madrid), Guillermo Pacheco (Pellegrini), Facundo Castelli (Puan), Jorge Hern\u00e1ndez (Salliquel\u00f3) y Sergio Bordoni (Tornquist).<\/p>\n<p><strong>FUENTE<\/strong>: LA NUEVA<\/p>\n<\/div>\n<\/div>\n<\/div>\n<\/section>\n","protected":false},"excerpt":{"rendered":"<p>Foto: Prensa UCR. \u00a0 \u00a0El Foro de Intendentes Radicales se reuni\u00f3 hoy en Saladillo, desde donde ratific\u00f3 su respaldo a la f\u00f3rmula Mar\u00eda Eugenia Vidal-Daniel Salvador para encabezar la boleta de Cambiemos en los comicios de este a\u00f1o en la Provincia. \u201cSomos parte de este equipo que encabezan Mar\u00eda Eugenia Vidal y nuestro correligionario Daniel [&hellip;]<\/p>\n","protected":false},"author":1,"featured_media":39694,"comment_status":"closed","ping_status":"open","sticky":false,"template":"","format":"standard","meta":{"footnotes":""},"categories":[55,51,52,53],"tags":[],"class_list":["post-39693","post","type-post","status-publish","format-standard","has-post-thumbnail","hentry","category-celt-tv-noticias","category-comunidad","category-destacadas","category-politica"],"yoast_head":"<!-- This site is optimized with the Yoast SEO plugin v19.7.1 - https:\/\/yoast.com\/wordpress\/plugins\/seo\/ -->\n<title>Los intendentes radicales ratificaron su respaldo a la f\u00f3rmula Mar\u00eda Eugenia Vidal-Daniel Salvador - CELTTV<\/title>\n<meta name=\"description\" content=\"Sitio web de noticias de la localidad de Tornquist, provincia de Buenos Aires, Rep\u00fablica Argentina. Contenido propio originado por periodistas de CELTTV, el canal de TV local de la Cooperativa El\u00e9ctrica de Tornquist. Turismo, Pol\u00edtica, Sociedad, Deporte, Cultura y todo el contenido de inter\u00e9s general que la gente del pueblo y la regi\u00f3n debe conocer.\" \/>\n<meta name=\"robots\" content=\"index, follow, max-snippet:-1, max-image-preview:large, max-video-preview:-1\" \/>\n<link rel=\"canonical\" href=\"https:\/\/www.celttv.com.ar\/index.php\/2019\/01\/29\/los-intendentes-radicales-ratificaron-su-respaldo-la-formula-maria-eugenia-vidal-daniel-salvador\/\" \/>\n<meta property=\"og:locale\" content=\"es_ES\" \/>\n<meta property=\"og:type\" content=\"article\" \/>\n<meta property=\"og:title\" content=\"Los intendentes radicales ratificaron su respaldo a la f\u00f3rmula Mar\u00eda Eugenia Vidal-Daniel Salvador - CELTTV\" \/>\n<meta property=\"og:description\" content=\"Sitio web de noticias de la localidad de Tornquist, provincia de Buenos Aires, Rep\u00fablica Argentina. Contenido propio originado por periodistas de CELTTV, el canal de TV local de la Cooperativa El\u00e9ctrica de Tornquist. Turismo, Pol\u00edtica, Sociedad, Deporte, Cultura y todo el contenido de inter\u00e9s general que la gente del pueblo y la regi\u00f3n debe conocer.\" \/>\n<meta property=\"og:url\" content=\"https:\/\/www.celttv.com.ar\/index.php\/2019\/01\/29\/los-intendentes-radicales-ratificaron-su-respaldo-la-formula-maria-eugenia-vidal-daniel-salvador\/\" \/>\n<meta property=\"og:site_name\" content=\"CELTTV\" \/>\n<meta property=\"article:publisher\" content=\"https:\/\/www.facebook.com\/celtTV\/\" \/>\n<meta property=\"article:published_time\" content=\"2019-01-29T13:30:42+00:00\" \/>\n<meta property=\"og:image\" content=\"https:\/\/www.celttv.com.ar\/wp-content\/uploads\/2019\/01\/1548708661479.jpg\" \/>\n\t<meta property=\"og:image:width\" content=\"620\" \/>\n\t<meta property=\"og:image:height\" content=\"378\" \/>\n\t<meta property=\"og:image:type\" content=\"image\/jpeg\" \/>\n<meta name=\"author\" content=\"ulises\" \/>\n<meta name=\"twitter:card\" content=\"summary_large_image\" \/>\n<meta name=\"twitter:label1\" content=\"Escrito por\" \/>\n\t<meta name=\"twitter:data1\" content=\"ulises\" \/>\n\t<meta name=\"twitter:label2\" content=\"Tiempo de lectura\" \/>\n\t<meta name=\"twitter:data2\" content=\"2 minutos\" \/>\n<script type=\"application\/ld+json\" class=\"yoast-schema-graph\">{\"@context\":\"https:\/\/schema.org\",\"@graph\":[{\"@type\":\"NewsArticle\",\"@id\":\"https:\/\/www.celttv.com.ar\/index.php\/2019\/01\/29\/los-intendentes-radicales-ratificaron-su-respaldo-la-formula-maria-eugenia-vidal-daniel-salvador\/#article\",\"isPartOf\":{\"@id\":\"https:\/\/www.celttv.com.ar\/index.php\/2019\/01\/29\/los-intendentes-radicales-ratificaron-su-respaldo-la-formula-maria-eugenia-vidal-daniel-salvador\/\"},\"author\":{\"name\":\"ulises\",\"@id\":\"https:\/\/www.celttv.com.ar\/#\/schema\/person\/6d99c072dba59953809c81446e9d0ace\"},\"headline\":\"Los intendentes radicales ratificaron su respaldo a la f\u00f3rmula Mar\u00eda Eugenia Vidal-Daniel Salvador\",\"datePublished\":\"2019-01-29T13:30:42+00:00\",\"dateModified\":\"2019-01-29T13:30:42+00:00\",\"mainEntityOfPage\":{\"@id\":\"https:\/\/www.celttv.com.ar\/index.php\/2019\/01\/29\/los-intendentes-radicales-ratificaron-su-respaldo-la-formula-maria-eugenia-vidal-daniel-salvador\/\"},\"wordCount\":501,\"publisher\":{\"@id\":\"https:\/\/www.celttv.com.ar\/#organization\"},\"articleSection\":[\"Celt TV Noticias\",\"Comunidad\",\"Destacadas\",\"Pol\u00edtica\"],\"inLanguage\":\"es\"},{\"@type\":\"WebPage\",\"@id\":\"https:\/\/www.celttv.com.ar\/index.php\/2019\/01\/29\/los-intendentes-radicales-ratificaron-su-respaldo-la-formula-maria-eugenia-vidal-daniel-salvador\/\",\"url\":\"https:\/\/www.celttv.com.ar\/index.php\/2019\/01\/29\/los-intendentes-radicales-ratificaron-su-respaldo-la-formula-maria-eugenia-vidal-daniel-salvador\/\",\"name\":\"Los intendentes radicales ratificaron su respaldo a la f\u00f3rmula Mar\u00eda Eugenia Vidal-Daniel Salvador - CELTTV\",\"isPartOf\":{\"@id\":\"https:\/\/www.celttv.com.ar\/#website\"},\"datePublished\":\"2019-01-29T13:30:42+00:00\",\"dateModified\":\"2019-01-29T13:30:42+00:00\",\"description\":\"Sitio web de noticias de la localidad de Tornquist, provincia de Buenos Aires, Rep\u00fablica Argentina. Contenido propio originado por periodistas de CELTTV, el canal de TV local de la Cooperativa El\u00e9ctrica de Tornquist. Turismo, Pol\u00edtica, Sociedad, Deporte, Cultura y todo el contenido de inter\u00e9s general que la gente del pueblo y la regi\u00f3n debe conocer.\",\"breadcrumb\":{\"@id\":\"https:\/\/www.celttv.com.ar\/index.php\/2019\/01\/29\/los-intendentes-radicales-ratificaron-su-respaldo-la-formula-maria-eugenia-vidal-daniel-salvador\/#breadcrumb\"},\"inLanguage\":\"es\",\"potentialAction\":[{\"@type\":\"ReadAction\",\"target\":[\"https:\/\/www.celttv.com.ar\/index.php\/2019\/01\/29\/los-intendentes-radicales-ratificaron-su-respaldo-la-formula-maria-eugenia-vidal-daniel-salvador\/\"]}]},{\"@type\":\"BreadcrumbList\",\"@id\":\"https:\/\/www.celttv.com.ar\/index.php\/2019\/01\/29\/los-intendentes-radicales-ratificaron-su-respaldo-la-formula-maria-eugenia-vidal-daniel-salvador\/#breadcrumb\",\"itemListElement\":[{\"@type\":\"ListItem\",\"position\":1,\"name\":\"Inicio\",\"item\":\"https:\/\/www.celttv.com.ar\/\"},{\"@type\":\"ListItem\",\"position\":2,\"name\":\"Los intendentes radicales ratificaron su respaldo a la f\u00f3rmula Mar\u00eda Eugenia Vidal-Daniel Salvador\"}]},{\"@type\":\"WebSite\",\"@id\":\"https:\/\/www.celttv.com.ar\/#website\",\"url\":\"https:\/\/www.celttv.com.ar\/\",\"name\":\"CELTTV\",\"description\":\"Cooperativa El\u00e9ctrica de Tornquist\",\"publisher\":{\"@id\":\"https:\/\/www.celttv.com.ar\/#organization\"},\"potentialAction\":[{\"@type\":\"SearchAction\",\"target\":{\"@type\":\"EntryPoint\",\"urlTemplate\":\"https:\/\/www.celttv.com.ar\/?s={search_term_string}\"},\"query-input\":\"required name=search_term_string\"}],\"inLanguage\":\"es\"},{\"@type\":\"Organization\",\"@id\":\"https:\/\/www.celttv.com.ar\/#organization\",\"name\":\"CELTTV\",\"url\":\"https:\/\/www.celttv.com.ar\/\",\"sameAs\":[\"https:\/\/www.youtube.com\/channel\/UCz_oIt8Hig64Ub-EmcNPIhg\",\"https:\/\/www.facebook.com\/celtTV\/\"],\"logo\":{\"@type\":\"ImageObject\",\"inLanguage\":\"es\",\"@id\":\"https:\/\/www.celttv.com.ar\/#\/schema\/logo\/image\/\",\"url\":\"http:\/\/www.celttv.com.ar\/wp-content\/uploads\/2022\/08\/logo-1.png\",\"contentUrl\":\"http:\/\/www.celttv.com.ar\/wp-content\/uploads\/2022\/08\/logo-1.png\",\"width\":461,\"height\":159,\"caption\":\"CELTTV\"},\"image\":{\"@id\":\"https:\/\/www.celttv.com.ar\/#\/schema\/logo\/image\/\"}},{\"@type\":\"Person\",\"@id\":\"https:\/\/www.celttv.com.ar\/#\/schema\/person\/6d99c072dba59953809c81446e9d0ace\",\"name\":\"ulises\",\"image\":{\"@type\":\"ImageObject\",\"inLanguage\":\"es\",\"@id\":\"https:\/\/www.celttv.com.ar\/#\/schema\/person\/image\/\",\"url\":\"https:\/\/secure.gravatar.com\/avatar\/7f2c48bdc33b30088f941fb6082e555f2874c98e20cb159d7b92b50eadfce793?s=96&d=mm&r=g\",\"contentUrl\":\"https:\/\/secure.gravatar.com\/avatar\/7f2c48bdc33b30088f941fb6082e555f2874c98e20cb159d7b92b50eadfce793?s=96&d=mm&r=g\",\"caption\":\"ulises\"},\"sameAs\":[\"http:\/\/www.celttv.com.ar\"]}]}<\/script>\n<!-- \/ Yoast SEO plugin. -->","yoast_head_json":{"title":"Los intendentes radicales ratificaron su respaldo a la f\u00f3rmula Mar\u00eda Eugenia Vidal-Daniel Salvador - CELTTV","description":"Sitio web de noticias de la localidad de Tornquist, provincia de Buenos Aires, Rep\u00fablica Argentina. Contenido propio originado por periodistas de CELTTV, el canal de TV local de la Cooperativa El\u00e9ctrica de Tornquist. Turismo, Pol\u00edtica, Sociedad, Deporte, Cultura y todo el contenido de inter\u00e9s general que la gente del pueblo y la regi\u00f3n debe conocer.","robots":{"index":"index","follow":"follow","max-snippet":"max-snippet:-1","max-image-preview":"max-image-preview:large","max-video-preview":"max-video-preview:-1"},"canonical":"https:\/\/www.celttv.com.ar\/index.php\/2019\/01\/29\/los-intendentes-radicales-ratificaron-su-respaldo-la-formula-maria-eugenia-vidal-daniel-salvador\/","og_locale":"es_ES","og_type":"article","og_title":"Los intendentes radicales ratificaron su respaldo a la f\u00f3rmula Mar\u00eda Eugenia Vidal-Daniel Salvador - CELTTV","og_description":"Sitio web de noticias de la localidad de Tornquist, provincia de Buenos Aires, Rep\u00fablica Argentina. Contenido propio originado por periodistas de CELTTV, el canal de TV local de la Cooperativa El\u00e9ctrica de Tornquist. Turismo, Pol\u00edtica, Sociedad, Deporte, Cultura y todo el contenido de inter\u00e9s general que la gente del pueblo y la regi\u00f3n debe conocer.","og_url":"https:\/\/www.celttv.com.ar\/index.php\/2019\/01\/29\/los-intendentes-radicales-ratificaron-su-respaldo-la-formula-maria-eugenia-vidal-daniel-salvador\/","og_site_name":"CELTTV","article_publisher":"https:\/\/www.facebook.com\/celtTV\/","article_published_time":"2019-01-29T13:30:42+00:00","og_image":[{"width":620,"height":378,"url":"https:\/\/www.celttv.com.ar\/wp-content\/uploads\/2019\/01\/1548708661479.jpg","type":"image\/jpeg"}],"author":"ulises","twitter_card":"summary_large_image","twitter_misc":{"Escrito por":"ulises","Tiempo de lectura":"2 minutos"},"schema":{"@context":"https:\/\/schema.org","@graph":[{"@type":"NewsArticle","@id":"https:\/\/www.celttv.com.ar\/index.php\/2019\/01\/29\/los-intendentes-radicales-ratificaron-su-respaldo-la-formula-maria-eugenia-vidal-daniel-salvador\/#article","isPartOf":{"@id":"https:\/\/www.celttv.com.ar\/index.php\/2019\/01\/29\/los-intendentes-radicales-ratificaron-su-respaldo-la-formula-maria-eugenia-vidal-daniel-salvador\/"},"author":{"name":"ulises","@id":"https:\/\/www.celttv.com.ar\/#\/schema\/person\/6d99c072dba59953809c81446e9d0ace"},"headline":"Los intendentes radicales ratificaron su respaldo a la f\u00f3rmula Mar\u00eda Eugenia Vidal-Daniel Salvador","datePublished":"2019-01-29T13:30:42+00:00","dateModified":"2019-01-29T13:30:42+00:00","mainEntityOfPage":{"@id":"https:\/\/www.celttv.com.ar\/index.php\/2019\/01\/29\/los-intendentes-radicales-ratificaron-su-respaldo-la-formula-maria-eugenia-vidal-daniel-salvador\/"},"wordCount":501,"publisher":{"@id":"https:\/\/www.celttv.com.ar\/#organization"},"articleSection":["Celt TV Noticias","Comunidad","Destacadas","Pol\u00edtica"],"inLanguage":"es"},{"@type":"WebPage","@id":"https:\/\/www.celttv.com.ar\/index.php\/2019\/01\/29\/los-intendentes-radicales-ratificaron-su-respaldo-la-formula-maria-eugenia-vidal-daniel-salvador\/","url":"https:\/\/www.celttv.com.ar\/index.php\/2019\/01\/29\/los-intendentes-radicales-ratificaron-su-respaldo-la-formula-maria-eugenia-vidal-daniel-salvador\/","name":"Los intendentes radicales ratificaron su respaldo a la f\u00f3rmula Mar\u00eda Eugenia Vidal-Daniel Salvador - CELTTV","isPartOf":{"@id":"https:\/\/www.celttv.com.ar\/#website"},"datePublished":"2019-01-29T13:30:42+00:00","dateModified":"2019-01-29T13:30:42+00:00","description":"Sitio web de noticias de la localidad de Tornquist, provincia de Buenos Aires, Rep\u00fablica Argentina. Contenido propio originado por periodistas de CELTTV, el canal de TV local de la Cooperativa El\u00e9ctrica de Tornquist. Turismo, Pol\u00edtica, Sociedad, Deporte, Cultura y todo el contenido de inter\u00e9s general que la gente del pueblo y la regi\u00f3n debe conocer.","breadcrumb":{"@id":"https:\/\/www.celttv.com.ar\/index.php\/2019\/01\/29\/los-intendentes-radicales-ratificaron-su-respaldo-la-formula-maria-eugenia-vidal-daniel-salvador\/#breadcrumb"},"inLanguage":"es","potentialAction":[{"@type":"ReadAction","target":["https:\/\/www.celttv.com.ar\/index.php\/2019\/01\/29\/los-intendentes-radicales-ratificaron-su-respaldo-la-formula-maria-eugenia-vidal-daniel-salvador\/"]}]},{"@type":"BreadcrumbList","@id":"https:\/\/www.celttv.com.ar\/index.php\/2019\/01\/29\/los-intendentes-radicales-ratificaron-su-respaldo-la-formula-maria-eugenia-vidal-daniel-salvador\/#breadcrumb","itemListElement":[{"@type":"ListItem","position":1,"name":"Inicio","item":"https:\/\/www.celttv.com.ar\/"},{"@type":"ListItem","position":2,"name":"Los intendentes radicales ratificaron su respaldo a la f\u00f3rmula Mar\u00eda Eugenia Vidal-Daniel Salvador"}]},{"@type":"WebSite","@id":"https:\/\/www.celttv.com.ar\/#website","url":"https:\/\/www.celttv.com.ar\/","name":"CELTTV","description":"Cooperativa El\u00e9ctrica de Tornquist","publisher":{"@id":"https:\/\/www.celttv.com.ar\/#organization"},"potentialAction":[{"@type":"SearchAction","target":{"@type":"EntryPoint","urlTemplate":"https:\/\/www.celttv.com.ar\/?s={search_term_string}"},"query-input":"required name=search_term_string"}],"inLanguage":"es"},{"@type":"Organization","@id":"https:\/\/www.celttv.com.ar\/#organization","name":"CELTTV","url":"https:\/\/www.celttv.com.ar\/","sameAs":["https:\/\/www.youtube.com\/channel\/UCz_oIt8Hig64Ub-EmcNPIhg","https:\/\/www.facebook.com\/celtTV\/"],"logo":{"@type":"ImageObject","inLanguage":"es","@id":"https:\/\/www.celttv.com.ar\/#\/schema\/logo\/image\/","url":"http:\/\/www.celttv.com.ar\/wp-content\/uploads\/2022\/08\/logo-1.png","contentUrl":"http:\/\/www.celttv.com.ar\/wp-content\/uploads\/2022\/08\/logo-1.png","width":461,"height":159,"caption":"CELTTV"},"image":{"@id":"https:\/\/www.celttv.com.ar\/#\/schema\/logo\/image\/"}},{"@type":"Person","@id":"https:\/\/www.celttv.com.ar\/#\/schema\/person\/6d99c072dba59953809c81446e9d0ace","name":"ulises","image":{"@type":"ImageObject","inLanguage":"es","@id":"https:\/\/www.celttv.com.ar\/#\/schema\/person\/image\/","url":"https:\/\/secure.gravatar.com\/avatar\/7f2c48bdc33b30088f941fb6082e555f2874c98e20cb159d7b92b50eadfce793?s=96&d=mm&r=g","contentUrl":"https:\/\/secure.gravatar.com\/avatar\/7f2c48bdc33b30088f941fb6082e555f2874c98e20cb159d7b92b50eadfce793?s=96&d=mm&r=g","caption":"ulises"},"sameAs":["http:\/\/www.celttv.com.ar"]}]}},"_links":{"self":[{"href":"https:\/\/www.celttv.com.ar\/index.php\/wp-json\/wp\/v2\/posts\/39693","targetHints":{"allow":["GET"]}}],"collection":[{"href":"https:\/\/www.celttv.com.ar\/index.php\/wp-json\/wp\/v2\/posts"}],"about":[{"href":"https:\/\/www.celttv.com.ar\/index.php\/wp-json\/wp\/v2\/types\/post"}],"author":[{"embeddable":true,"href":"https:\/\/www.celttv.com.ar\/index.php\/wp-json\/wp\/v2\/users\/1"}],"replies":[{"embeddable":true,"href":"https:\/\/www.celttv.com.ar\/index.php\/wp-json\/wp\/v2\/comments?post=39693"}],"version-history":[{"count":0,"href":"https:\/\/www.celttv.com.ar\/index.php\/wp-json\/wp\/v2\/posts\/39693\/revisions"}],"wp:featuredmedia":[{"embeddable":true,"href":"https:\/\/www.celttv.com.ar\/index.php\/wp-json\/wp\/v2\/media\/39694"}],"wp:attachment":[{"href":"https:\/\/www.celttv.com.ar\/index.php\/wp-json\/wp\/v2\/media?parent=39693"}],"wp:term":[{"taxonomy":"category","embeddable":true,"href":"https:\/\/www.celttv.com.ar\/index.php\/wp-json\/wp\/v2\/categories?post=39693"},{"taxonomy":"post_tag","embeddable":true,"href":"https:\/\/www.celttv.com.ar\/index.php\/wp-json\/wp\/v2\/tags?post=39693"}],"curies":[{"name":"wp","href":"https:\/\/api.w.org\/{rel}","templated":true}]}}