{"id":39791,"date":"2019-01-31T23:08:40","date_gmt":"2019-01-31T23:08:40","guid":{"rendered":"http:\/\/www.celttv.com.ar\/?p=39791"},"modified":"2019-01-31T23:08:40","modified_gmt":"2019-01-31T23:08:40","slug":"automoto-comenzo-la-pretemporada-con-octavio-araneta-como-dt-fotos","status":"publish","type":"post","link":"https:\/\/www.celttv.com.ar\/index.php\/2019\/01\/31\/automoto-comenzo-la-pretemporada-con-octavio-araneta-como-dt-fotos\/","title":{"rendered":"AUTOMOTO COMENZ\u00d3 LA PRETEMPORADA CON OCTAVIO ARANETA COMO DT (FOTOS)"},"content":{"rendered":"<p>CELTTV&#8212; El Club Automoto comenz\u00f3 su pretemporada de cara al campeonato 2019 que organiza la Liga Regional de F\u00fatbol de Coronel Su\u00e1rez, en el estadio Agust\u00edn Ruppel de la entidad azulgrana.<\/p>\n<p>De esta manera, comenz\u00f3 la era de Octavio Araneta, flamante t\u00e9cnico de Automoto, que despu\u00e9s de haber vestido dichos colores durante cinco temporadas en la Liga de Su\u00e1rez, ahora lo tiene como responsable del primer equipo.<\/p>\n<p>Para el inicio de los trabajos f\u00edsicos, estuvieron presentes jugadores de primera, reserva y quinta divisi\u00f3n, bajo el mando del preparador f\u00edsico Mauricio Kugler y la coordinaci\u00f3n de Juan Salazar.<\/p>\n<p>&#8220;Estoy muy contento de volver a este club, sin dudas pas\u00e9 los mejores cinco a\u00f1os de mi carrera futbol\u00edstica. Siempre estuve conectado con Automoto, lo he seguido por mis amigos que tengo en la instituci\u00f3n y tambi\u00e9n lo vine a ver en la final contra Sarmiento&#8221;, manifest\u00f3 Araneta, en sus primeras declaraciones como t\u00e9cnico azulgrana a los medios tornquistenses.<\/p>\n<p>&#8220;Vi muchos videos de Automoto y de los dem\u00e1s equipos de la liga para poder conocerlos. M\u00e1s all\u00e1 de los refuerzos que van a continuar en el club, estamos buscando otro delantero. De todas formas, tambi\u00e9n voy a mirar lo que tenemos en el club en otras posiciones tanto en reserva como en inferiores para evaluar la posibilidad de ayudarlos a crecer y ver si est\u00e1n para llegar a primera&#8221;, agreg\u00f3.<\/p>\n<p>Pr\u00f3ximamente video entrevista completa.<\/p>\n<p><a href=\"http:\/\/www.celttv.com.ar\/?attachment_id=39795\" rel=\"attachment wp-att-39795\"><img loading=\"lazy\" decoding=\"async\" class=\"alignleft size-medium wp-image-39795\" src=\"http:\/\/www.celttv.com.ar\/wp-content\/uploads\/2019\/01\/20190131_183159-780x439.jpg\" alt=\"\" width=\"780\" height=\"439\" \/><\/a> <a href=\"http:\/\/www.celttv.com.ar\/?attachment_id=39797\" rel=\"attachment wp-att-39797\"><img loading=\"lazy\" decoding=\"async\" class=\"alignleft size-medium wp-image-39797\" src=\"http:\/\/www.celttv.com.ar\/wp-content\/uploads\/2019\/01\/20190131_183245-780x439.jpg\" alt=\"\" width=\"780\" height=\"439\" \/><\/a> <a href=\"http:\/\/www.celttv.com.ar\/?attachment_id=39798\" rel=\"attachment wp-att-39798\"><img loading=\"lazy\" decoding=\"async\" class=\"alignleft size-medium wp-image-39798\" src=\"http:\/\/www.celttv.com.ar\/wp-content\/uploads\/2019\/01\/20190131_183307-780x439.jpg\" alt=\"\" width=\"780\" height=\"439\" \/><\/a> <a href=\"http:\/\/www.celttv.com.ar\/?attachment_id=39800\" rel=\"attachment wp-att-39800\"><img loading=\"lazy\" decoding=\"async\" class=\"alignleft size-medium wp-image-39800\" src=\"http:\/\/www.celttv.com.ar\/wp-content\/uploads\/2019\/01\/20190131_183320-780x439.jpg\" alt=\"\" width=\"780\" height=\"439\" \/><\/a> <a href=\"http:\/\/www.celttv.com.ar\/?attachment_id=39801\" rel=\"attachment wp-att-39801\"><img loading=\"lazy\" decoding=\"async\" class=\"alignleft size-medium wp-image-39801\" src=\"http:\/\/www.celttv.com.ar\/wp-content\/uploads\/2019\/01\/20190131_183334-780x439.jpg\" alt=\"\" width=\"780\" height=\"439\" \/><\/a> <a href=\"http:\/\/www.celttv.com.ar\/?attachment_id=39802\" rel=\"attachment wp-att-39802\"><img loading=\"lazy\" decoding=\"async\" class=\"alignleft size-medium wp-image-39802\" src=\"http:\/\/www.celttv.com.ar\/wp-content\/uploads\/2019\/01\/20190131_183339-780x439.jpg\" alt=\"\" width=\"780\" height=\"439\" \/><\/a> <a href=\"http:\/\/www.celttv.com.ar\/?attachment_id=39803\" rel=\"attachment wp-att-39803\"><img loading=\"lazy\" decoding=\"async\" class=\"alignleft size-medium wp-image-39803\" src=\"http:\/\/www.celttv.com.ar\/wp-content\/uploads\/2019\/01\/20190131_183521-780x439.jpg\" alt=\"\" width=\"780\" height=\"439\" \/><\/a> <a href=\"http:\/\/www.celttv.com.ar\/?attachment_id=39804\" rel=\"attachment wp-att-39804\"><img loading=\"lazy\" decoding=\"async\" class=\"alignleft size-medium wp-image-39804\" src=\"http:\/\/www.celttv.com.ar\/wp-content\/uploads\/2019\/01\/20190131_183524-780x439.jpg\" alt=\"\" width=\"780\" height=\"439\" \/><\/a> <a href=\"http:\/\/www.celttv.com.ar\/?attachment_id=39805\" rel=\"attachment wp-att-39805\"><img loading=\"lazy\" decoding=\"async\" class=\"alignleft size-medium wp-image-39805\" src=\"http:\/\/www.celttv.com.ar\/wp-content\/uploads\/2019\/01\/20190131_183529-780x439.jpg\" alt=\"\" width=\"780\" height=\"439\" \/><\/a> <a href=\"http:\/\/www.celttv.com.ar\/?attachment_id=39806\" rel=\"attachment wp-att-39806\"><img loading=\"lazy\" decoding=\"async\" class=\"alignleft size-medium wp-image-39806\" src=\"http:\/\/www.celttv.com.ar\/wp-content\/uploads\/2019\/01\/20190131_183656-780x439.jpg\" alt=\"\" width=\"780\" height=\"439\" \/><\/a> <a href=\"http:\/\/www.celttv.com.ar\/?attachment_id=39796\" rel=\"attachment wp-att-39796\"><img loading=\"lazy\" decoding=\"async\" class=\"alignleft size-medium wp-image-39796\" src=\"http:\/\/www.celttv.com.ar\/wp-content\/uploads\/2019\/01\/20190131_183221-780x439.jpg\" alt=\"\" width=\"780\" height=\"439\" \/><\/a><\/p>\n<p>&nbsp;<\/p>\n","protected":false},"excerpt":{"rendered":"<p>CELTTV&#8212; El Club Automoto comenz\u00f3 su pretemporada de cara al campeonato 2019 que organiza la Liga Regional de F\u00fatbol de Coronel Su\u00e1rez, en el estadio Agust\u00edn Ruppel de la entidad azulgrana. De esta manera, comenz\u00f3 la era de Octavio Araneta, flamante t\u00e9cnico de Automoto, que despu\u00e9s de haber vestido dichos colores durante cinco temporadas en [&hellip;]<\/p>\n","protected":false},"author":1,"featured_media":39806,"comment_status":"closed","ping_status":"open","sticky":false,"template":"","format":"standard","meta":{"footnotes":""},"categories":[55,60,52,63],"tags":[],"class_list":["post-39791","post","type-post","status-publish","format-standard","has-post-thumbnail","hentry","category-celt-tv-noticias","category-deporte","category-destacadas","category-magazine-sport"],"yoast_head":"<!-- This site is optimized with the Yoast SEO plugin v19.7.1 - https:\/\/yoast.com\/wordpress\/plugins\/seo\/ -->\n<title>AUTOMOTO COMENZ\u00d3 LA PRETEMPORADA CON OCTAVIO ARANETA COMO DT (FOTOS) - CELTTV<\/title>\n<meta name=\"description\" content=\"Sitio web de noticias de la localidad de Tornquist, provincia de Buenos Aires, Rep\u00fablica Argentina. Contenido propio originado por periodistas de CELTTV, el canal de TV local de la Cooperativa El\u00e9ctrica de Tornquist. Turismo, Pol\u00edtica, Sociedad, Deporte, Cultura y todo el contenido de inter\u00e9s general que la gente del pueblo y la regi\u00f3n debe conocer.\" \/>\n<meta name=\"robots\" content=\"index, follow, max-snippet:-1, max-image-preview:large, max-video-preview:-1\" \/>\n<link rel=\"canonical\" href=\"https:\/\/www.celttv.com.ar\/index.php\/2019\/01\/31\/automoto-comenzo-la-pretemporada-con-octavio-araneta-como-dt-fotos\/\" \/>\n<meta property=\"og:locale\" content=\"es_ES\" \/>\n<meta property=\"og:type\" content=\"article\" \/>\n<meta property=\"og:title\" content=\"AUTOMOTO COMENZ\u00d3 LA PRETEMPORADA CON OCTAVIO ARANETA COMO DT (FOTOS) - CELTTV\" \/>\n<meta property=\"og:description\" content=\"Sitio web de noticias de la localidad de Tornquist, provincia de Buenos Aires, Rep\u00fablica Argentina. Contenido propio originado por periodistas de CELTTV, el canal de TV local de la Cooperativa El\u00e9ctrica de Tornquist. Turismo, Pol\u00edtica, Sociedad, Deporte, Cultura y todo el contenido de inter\u00e9s general que la gente del pueblo y la regi\u00f3n debe conocer.\" \/>\n<meta property=\"og:url\" content=\"https:\/\/www.celttv.com.ar\/index.php\/2019\/01\/31\/automoto-comenzo-la-pretemporada-con-octavio-araneta-como-dt-fotos\/\" \/>\n<meta property=\"og:site_name\" content=\"CELTTV\" \/>\n<meta property=\"article:publisher\" content=\"https:\/\/www.facebook.com\/celtTV\/\" \/>\n<meta property=\"article:published_time\" content=\"2019-01-31T23:08:40+00:00\" \/>\n<meta property=\"og:image\" content=\"https:\/\/www.celttv.com.ar\/wp-content\/uploads\/2019\/01\/20190131_183656.jpg\" \/>\n\t<meta property=\"og:image:width\" content=\"1959\" \/>\n\t<meta property=\"og:image:height\" content=\"1102\" \/>\n\t<meta property=\"og:image:type\" content=\"image\/jpeg\" \/>\n<meta name=\"author\" content=\"ulises\" \/>\n<meta name=\"twitter:card\" content=\"summary_large_image\" \/>\n<meta name=\"twitter:label1\" content=\"Escrito por\" \/>\n\t<meta name=\"twitter:data1\" content=\"ulises\" \/>\n\t<meta name=\"twitter:label2\" content=\"Tiempo de lectura\" \/>\n\t<meta name=\"twitter:data2\" content=\"1 minuto\" \/>\n<script type=\"application\/ld+json\" class=\"yoast-schema-graph\">{\"@context\":\"https:\/\/schema.org\",\"@graph\":[{\"@type\":\"NewsArticle\",\"@id\":\"https:\/\/www.celttv.com.ar\/index.php\/2019\/01\/31\/automoto-comenzo-la-pretemporada-con-octavio-araneta-como-dt-fotos\/#article\",\"isPartOf\":{\"@id\":\"https:\/\/www.celttv.com.ar\/index.php\/2019\/01\/31\/automoto-comenzo-la-pretemporada-con-octavio-araneta-como-dt-fotos\/\"},\"author\":{\"name\":\"ulises\",\"@id\":\"https:\/\/www.celttv.com.ar\/#\/schema\/person\/6d99c072dba59953809c81446e9d0ace\"},\"headline\":\"AUTOMOTO COMENZ\u00d3 LA PRETEMPORADA CON OCTAVIO ARANETA COMO DT (FOTOS)\",\"datePublished\":\"2019-01-31T23:08:40+00:00\",\"dateModified\":\"2019-01-31T23:08:40+00:00\",\"mainEntityOfPage\":{\"@id\":\"https:\/\/www.celttv.com.ar\/index.php\/2019\/01\/31\/automoto-comenzo-la-pretemporada-con-octavio-araneta-como-dt-fotos\/\"},\"wordCount\":261,\"publisher\":{\"@id\":\"https:\/\/www.celttv.com.ar\/#organization\"},\"articleSection\":[\"Celt TV Noticias\",\"Deporte\",\"Destacadas\",\"Magazine Sport\"],\"inLanguage\":\"es\"},{\"@type\":\"WebPage\",\"@id\":\"https:\/\/www.celttv.com.ar\/index.php\/2019\/01\/31\/automoto-comenzo-la-pretemporada-con-octavio-araneta-como-dt-fotos\/\",\"url\":\"https:\/\/www.celttv.com.ar\/index.php\/2019\/01\/31\/automoto-comenzo-la-pretemporada-con-octavio-araneta-como-dt-fotos\/\",\"name\":\"AUTOMOTO COMENZ\u00d3 LA PRETEMPORADA CON OCTAVIO ARANETA COMO DT (FOTOS) - CELTTV\",\"isPartOf\":{\"@id\":\"https:\/\/www.celttv.com.ar\/#website\"},\"datePublished\":\"2019-01-31T23:08:40+00:00\",\"dateModified\":\"2019-01-31T23:08:40+00:00\",\"description\":\"Sitio web de noticias de la localidad de Tornquist, provincia de Buenos Aires, Rep\u00fablica Argentina. Contenido propio originado por periodistas de CELTTV, el canal de TV local de la Cooperativa El\u00e9ctrica de Tornquist. Turismo, Pol\u00edtica, Sociedad, Deporte, Cultura y todo el contenido de inter\u00e9s general que la gente del pueblo y la regi\u00f3n debe conocer.\",\"breadcrumb\":{\"@id\":\"https:\/\/www.celttv.com.ar\/index.php\/2019\/01\/31\/automoto-comenzo-la-pretemporada-con-octavio-araneta-como-dt-fotos\/#breadcrumb\"},\"inLanguage\":\"es\",\"potentialAction\":[{\"@type\":\"ReadAction\",\"target\":[\"https:\/\/www.celttv.com.ar\/index.php\/2019\/01\/31\/automoto-comenzo-la-pretemporada-con-octavio-araneta-como-dt-fotos\/\"]}]},{\"@type\":\"BreadcrumbList\",\"@id\":\"https:\/\/www.celttv.com.ar\/index.php\/2019\/01\/31\/automoto-comenzo-la-pretemporada-con-octavio-araneta-como-dt-fotos\/#breadcrumb\",\"itemListElement\":[{\"@type\":\"ListItem\",\"position\":1,\"name\":\"Inicio\",\"item\":\"https:\/\/www.celttv.com.ar\/\"},{\"@type\":\"ListItem\",\"position\":2,\"name\":\"AUTOMOTO COMENZ\u00d3 LA PRETEMPORADA CON OCTAVIO ARANETA COMO DT (FOTOS)\"}]},{\"@type\":\"WebSite\",\"@id\":\"https:\/\/www.celttv.com.ar\/#website\",\"url\":\"https:\/\/www.celttv.com.ar\/\",\"name\":\"CELTTV\",\"description\":\"Cooperativa El\u00e9ctrica de Tornquist\",\"publisher\":{\"@id\":\"https:\/\/www.celttv.com.ar\/#organization\"},\"potentialAction\":[{\"@type\":\"SearchAction\",\"target\":{\"@type\":\"EntryPoint\",\"urlTemplate\":\"https:\/\/www.celttv.com.ar\/?s={search_term_string}\"},\"query-input\":\"required name=search_term_string\"}],\"inLanguage\":\"es\"},{\"@type\":\"Organization\",\"@id\":\"https:\/\/www.celttv.com.ar\/#organization\",\"name\":\"CELTTV\",\"url\":\"https:\/\/www.celttv.com.ar\/\",\"sameAs\":[\"https:\/\/www.youtube.com\/channel\/UCz_oIt8Hig64Ub-EmcNPIhg\",\"https:\/\/www.facebook.com\/celtTV\/\"],\"logo\":{\"@type\":\"ImageObject\",\"inLanguage\":\"es\",\"@id\":\"https:\/\/www.celttv.com.ar\/#\/schema\/logo\/image\/\",\"url\":\"http:\/\/www.celttv.com.ar\/wp-content\/uploads\/2022\/08\/logo-1.png\",\"contentUrl\":\"http:\/\/www.celttv.com.ar\/wp-content\/uploads\/2022\/08\/logo-1.png\",\"width\":461,\"height\":159,\"caption\":\"CELTTV\"},\"image\":{\"@id\":\"https:\/\/www.celttv.com.ar\/#\/schema\/logo\/image\/\"}},{\"@type\":\"Person\",\"@id\":\"https:\/\/www.celttv.com.ar\/#\/schema\/person\/6d99c072dba59953809c81446e9d0ace\",\"name\":\"ulises\",\"image\":{\"@type\":\"ImageObject\",\"inLanguage\":\"es\",\"@id\":\"https:\/\/www.celttv.com.ar\/#\/schema\/person\/image\/\",\"url\":\"https:\/\/secure.gravatar.com\/avatar\/7f2c48bdc33b30088f941fb6082e555f2874c98e20cb159d7b92b50eadfce793?s=96&d=mm&r=g\",\"contentUrl\":\"https:\/\/secure.gravatar.com\/avatar\/7f2c48bdc33b30088f941fb6082e555f2874c98e20cb159d7b92b50eadfce793?s=96&d=mm&r=g\",\"caption\":\"ulises\"},\"sameAs\":[\"http:\/\/www.celttv.com.ar\"]}]}<\/script>\n<!-- \/ Yoast SEO plugin. -->","yoast_head_json":{"title":"AUTOMOTO COMENZ\u00d3 LA PRETEMPORADA CON OCTAVIO ARANETA COMO DT (FOTOS) - CELTTV","description":"Sitio web de noticias de la localidad de Tornquist, provincia de Buenos Aires, Rep\u00fablica Argentina. Contenido propio originado por periodistas de CELTTV, el canal de TV local de la Cooperativa El\u00e9ctrica de Tornquist. Turismo, Pol\u00edtica, Sociedad, Deporte, Cultura y todo el contenido de inter\u00e9s general que la gente del pueblo y la regi\u00f3n debe conocer.","robots":{"index":"index","follow":"follow","max-snippet":"max-snippet:-1","max-image-preview":"max-image-preview:large","max-video-preview":"max-video-preview:-1"},"canonical":"https:\/\/www.celttv.com.ar\/index.php\/2019\/01\/31\/automoto-comenzo-la-pretemporada-con-octavio-araneta-como-dt-fotos\/","og_locale":"es_ES","og_type":"article","og_title":"AUTOMOTO COMENZ\u00d3 LA PRETEMPORADA CON OCTAVIO ARANETA COMO DT (FOTOS) - CELTTV","og_description":"Sitio web de noticias de la localidad de Tornquist, provincia de Buenos Aires, Rep\u00fablica Argentina. Contenido propio originado por periodistas de CELTTV, el canal de TV local de la Cooperativa El\u00e9ctrica de Tornquist. Turismo, Pol\u00edtica, Sociedad, Deporte, Cultura y todo el contenido de inter\u00e9s general que la gente del pueblo y la regi\u00f3n debe conocer.","og_url":"https:\/\/www.celttv.com.ar\/index.php\/2019\/01\/31\/automoto-comenzo-la-pretemporada-con-octavio-araneta-como-dt-fotos\/","og_site_name":"CELTTV","article_publisher":"https:\/\/www.facebook.com\/celtTV\/","article_published_time":"2019-01-31T23:08:40+00:00","og_image":[{"width":1959,"height":1102,"url":"https:\/\/www.celttv.com.ar\/wp-content\/uploads\/2019\/01\/20190131_183656.jpg","type":"image\/jpeg"}],"author":"ulises","twitter_card":"summary_large_image","twitter_misc":{"Escrito por":"ulises","Tiempo de lectura":"1 minuto"},"schema":{"@context":"https:\/\/schema.org","@graph":[{"@type":"NewsArticle","@id":"https:\/\/www.celttv.com.ar\/index.php\/2019\/01\/31\/automoto-comenzo-la-pretemporada-con-octavio-araneta-como-dt-fotos\/#article","isPartOf":{"@id":"https:\/\/www.celttv.com.ar\/index.php\/2019\/01\/31\/automoto-comenzo-la-pretemporada-con-octavio-araneta-como-dt-fotos\/"},"author":{"name":"ulises","@id":"https:\/\/www.celttv.com.ar\/#\/schema\/person\/6d99c072dba59953809c81446e9d0ace"},"headline":"AUTOMOTO COMENZ\u00d3 LA PRETEMPORADA CON OCTAVIO ARANETA COMO DT (FOTOS)","datePublished":"2019-01-31T23:08:40+00:00","dateModified":"2019-01-31T23:08:40+00:00","mainEntityOfPage":{"@id":"https:\/\/www.celttv.com.ar\/index.php\/2019\/01\/31\/automoto-comenzo-la-pretemporada-con-octavio-araneta-como-dt-fotos\/"},"wordCount":261,"publisher":{"@id":"https:\/\/www.celttv.com.ar\/#organization"},"articleSection":["Celt TV Noticias","Deporte","Destacadas","Magazine Sport"],"inLanguage":"es"},{"@type":"WebPage","@id":"https:\/\/www.celttv.com.ar\/index.php\/2019\/01\/31\/automoto-comenzo-la-pretemporada-con-octavio-araneta-como-dt-fotos\/","url":"https:\/\/www.celttv.com.ar\/index.php\/2019\/01\/31\/automoto-comenzo-la-pretemporada-con-octavio-araneta-como-dt-fotos\/","name":"AUTOMOTO COMENZ\u00d3 LA PRETEMPORADA CON OCTAVIO ARANETA COMO DT (FOTOS) - CELTTV","isPartOf":{"@id":"https:\/\/www.celttv.com.ar\/#website"},"datePublished":"2019-01-31T23:08:40+00:00","dateModified":"2019-01-31T23:08:40+00:00","description":"Sitio web de noticias de la localidad de Tornquist, provincia de Buenos Aires, Rep\u00fablica Argentina. Contenido propio originado por periodistas de CELTTV, el canal de TV local de la Cooperativa El\u00e9ctrica de Tornquist. Turismo, Pol\u00edtica, Sociedad, Deporte, Cultura y todo el contenido de inter\u00e9s general que la gente del pueblo y la regi\u00f3n debe conocer.","breadcrumb":{"@id":"https:\/\/www.celttv.com.ar\/index.php\/2019\/01\/31\/automoto-comenzo-la-pretemporada-con-octavio-araneta-como-dt-fotos\/#breadcrumb"},"inLanguage":"es","potentialAction":[{"@type":"ReadAction","target":["https:\/\/www.celttv.com.ar\/index.php\/2019\/01\/31\/automoto-comenzo-la-pretemporada-con-octavio-araneta-como-dt-fotos\/"]}]},{"@type":"BreadcrumbList","@id":"https:\/\/www.celttv.com.ar\/index.php\/2019\/01\/31\/automoto-comenzo-la-pretemporada-con-octavio-araneta-como-dt-fotos\/#breadcrumb","itemListElement":[{"@type":"ListItem","position":1,"name":"Inicio","item":"https:\/\/www.celttv.com.ar\/"},{"@type":"ListItem","position":2,"name":"AUTOMOTO COMENZ\u00d3 LA PRETEMPORADA CON OCTAVIO ARANETA COMO DT (FOTOS)"}]},{"@type":"WebSite","@id":"https:\/\/www.celttv.com.ar\/#website","url":"https:\/\/www.celttv.com.ar\/","name":"CELTTV","description":"Cooperativa El\u00e9ctrica de Tornquist","publisher":{"@id":"https:\/\/www.celttv.com.ar\/#organization"},"potentialAction":[{"@type":"SearchAction","target":{"@type":"EntryPoint","urlTemplate":"https:\/\/www.celttv.com.ar\/?s={search_term_string}"},"query-input":"required name=search_term_string"}],"inLanguage":"es"},{"@type":"Organization","@id":"https:\/\/www.celttv.com.ar\/#organization","name":"CELTTV","url":"https:\/\/www.celttv.com.ar\/","sameAs":["https:\/\/www.youtube.com\/channel\/UCz_oIt8Hig64Ub-EmcNPIhg","https:\/\/www.facebook.com\/celtTV\/"],"logo":{"@type":"ImageObject","inLanguage":"es","@id":"https:\/\/www.celttv.com.ar\/#\/schema\/logo\/image\/","url":"http:\/\/www.celttv.com.ar\/wp-content\/uploads\/2022\/08\/logo-1.png","contentUrl":"http:\/\/www.celttv.com.ar\/wp-content\/uploads\/2022\/08\/logo-1.png","width":461,"height":159,"caption":"CELTTV"},"image":{"@id":"https:\/\/www.celttv.com.ar\/#\/schema\/logo\/image\/"}},{"@type":"Person","@id":"https:\/\/www.celttv.com.ar\/#\/schema\/person\/6d99c072dba59953809c81446e9d0ace","name":"ulises","image":{"@type":"ImageObject","inLanguage":"es","@id":"https:\/\/www.celttv.com.ar\/#\/schema\/person\/image\/","url":"https:\/\/secure.gravatar.com\/avatar\/7f2c48bdc33b30088f941fb6082e555f2874c98e20cb159d7b92b50eadfce793?s=96&d=mm&r=g","contentUrl":"https:\/\/secure.gravatar.com\/avatar\/7f2c48bdc33b30088f941fb6082e555f2874c98e20cb159d7b92b50eadfce793?s=96&d=mm&r=g","caption":"ulises"},"sameAs":["http:\/\/www.celttv.com.ar"]}]}},"_links":{"self":[{"href":"https:\/\/www.celttv.com.ar\/index.php\/wp-json\/wp\/v2\/posts\/39791","targetHints":{"allow":["GET"]}}],"collection":[{"href":"https:\/\/www.celttv.com.ar\/index.php\/wp-json\/wp\/v2\/posts"}],"about":[{"href":"https:\/\/www.celttv.com.ar\/index.php\/wp-json\/wp\/v2\/types\/post"}],"author":[{"embeddable":true,"href":"https:\/\/www.celttv.com.ar\/index.php\/wp-json\/wp\/v2\/users\/1"}],"replies":[{"embeddable":true,"href":"https:\/\/www.celttv.com.ar\/index.php\/wp-json\/wp\/v2\/comments?post=39791"}],"version-history":[{"count":0,"href":"https:\/\/www.celttv.com.ar\/index.php\/wp-json\/wp\/v2\/posts\/39791\/revisions"}],"wp:featuredmedia":[{"embeddable":true,"href":"https:\/\/www.celttv.com.ar\/index.php\/wp-json\/wp\/v2\/media\/39806"}],"wp:attachment":[{"href":"https:\/\/www.celttv.com.ar\/index.php\/wp-json\/wp\/v2\/media?parent=39791"}],"wp:term":[{"taxonomy":"category","embeddable":true,"href":"https:\/\/www.celttv.com.ar\/index.php\/wp-json\/wp\/v2\/categories?post=39791"},{"taxonomy":"post_tag","embeddable":true,"href":"https:\/\/www.celttv.com.ar\/index.php\/wp-json\/wp\/v2\/tags?post=39791"}],"curies":[{"name":"wp","href":"https:\/\/api.w.org\/{rel}","templated":true}]}}