{"id":39808,"date":"2019-01-31T23:13:22","date_gmt":"2019-01-31T23:13:22","guid":{"rendered":"http:\/\/www.celttv.com.ar\/?p=39808"},"modified":"2019-01-31T23:13:22","modified_gmt":"2019-01-31T23:13:22","slug":"chocaron-dos-vehiculos-frente-al-ingreso-del-parque-provincial","status":"publish","type":"post","link":"https:\/\/www.celttv.com.ar\/index.php\/2019\/01\/31\/chocaron-dos-vehiculos-frente-al-ingreso-del-parque-provincial\/","title":{"rendered":"Chocaron dos veh\u00edculos frente al ingreso del Parque Provincial (Video)"},"content":{"rendered":"<div class=\"adelanto\">\n<p>CELT TV &#8211; Ocurri\u00f3 este jueves alrededor de las 17.30 hs. Por los golpes, dos mujeres fueron hospitalizadas.<\/p>\n<\/div>\n<div class=\"text\">\n<p>En la tarde de este jueves se produjo un accidente entre dos autos en la Ruta 76, frente al ingreso del Parque Provincial \u2018Ernesto Tornquist\u2019.<\/p>\n<p>All\u00ed colisionaron un autom\u00f3vil Gold Trend, patente AB 902 PK conducido por\u00a0<strong>Eduardo Regueira<\/strong>domiciliado en Buenos Aires, y un Renault Megane dominio GFM 670, al mando\u00a0<strong>Mat\u00edas Nicol\u00e1s Ferriol<\/strong>, de Pig\u00fc\u00e9.<\/p>\n<p>Regueira iba acompa\u00f1ado por\u00a0<strong>Mar\u00eda Susana Albeiro<\/strong>, mientras que Ferriol lo hac\u00eda junto a\u00a0<strong>Valentina Meier<\/strong>\u00a0y su hijo menor. Ambas mujeres fueron trasladadas al Hospital Municipal de nuestra ciudad por algunos golpes.<\/p>\n<p>Ambos veh\u00edculos quedaron detenidos fuera de la cinta asf\u00e1ltica, por lo que no fue necesario interrumpir el tr\u00e1nsito, aunque igualmente y a manera de precauci\u00f3n, la polic\u00eda coloc\u00f3 conos para que quienes transitaran por el lugar lo hagan con precauci\u00f3n.<\/p>\n<p>La mec\u00e1nica del accidente no trascendi\u00f3 oficialmente pero se estima que uno de los rodados intent\u00f3 doblar en U.<\/p>\n<p>Intervinieron Policia Comunal, inspectores municipales y fueron convocados los Bomberos de Tornquist, Villa Ventana y Sierra de la Ventana.<\/p>\n<p>COBERTURA: MIGUEL HERRADA y NT<\/p>\n<div class=\"jeg_video_container jeg_video_content\"><iframe loading=\"lazy\" title=\"2019 01 31 ACCIDENTE PARQUE PROVINCIAL\" width=\"500\" height=\"281\" src=\"https:\/\/www.youtube.com\/embed\/Xyu57z9hAXI?feature=oembed\" frameborder=\"0\" allow=\"accelerometer; autoplay; clipboard-write; encrypted-media; gyroscope; picture-in-picture; web-share\" referrerpolicy=\"strict-origin-when-cross-origin\" allowfullscreen><\/iframe><\/div>\n<\/div>\n<div><a href=\"http:\/\/www.celttv.com.ar\/?attachment_id=39814\" rel=\"attachment wp-att-39814\"><img loading=\"lazy\" decoding=\"async\" class=\"alignleft size-medium wp-image-39814\" src=\"http:\/\/www.celttv.com.ar\/wp-content\/uploads\/2019\/01\/imagen-10-780x585.jpg\" alt=\"\" width=\"780\" height=\"585\" \/><\/a> <a href=\"http:\/\/www.celttv.com.ar\/?attachment_id=39812\" rel=\"attachment wp-att-39812\"><img loading=\"lazy\" decoding=\"async\" class=\"alignleft size-medium wp-image-39812\" src=\"http:\/\/www.celttv.com.ar\/wp-content\/uploads\/2019\/01\/imagen-4-1-780x520.jpg\" alt=\"\" width=\"780\" height=\"520\" \/><\/a> <a href=\"http:\/\/www.celttv.com.ar\/?attachment_id=39811\" rel=\"attachment wp-att-39811\"><img loading=\"lazy\" decoding=\"async\" class=\"alignleft size-medium wp-image-39811\" src=\"http:\/\/www.celttv.com.ar\/wp-content\/uploads\/2019\/01\/imagen-3-1-780x520.jpg\" alt=\"\" width=\"780\" height=\"520\" \/><\/a> <a href=\"http:\/\/www.celttv.com.ar\/?attachment_id=39810\" rel=\"attachment wp-att-39810\"><img loading=\"lazy\" decoding=\"async\" class=\"alignleft size-medium wp-image-39810\" src=\"http:\/\/www.celttv.com.ar\/wp-content\/uploads\/2019\/01\/imagen-2-2-780x520.jpg\" alt=\"\" width=\"780\" height=\"520\" \/><\/a> <a href=\"http:\/\/www.celttv.com.ar\/?attachment_id=39809\" rel=\"attachment wp-att-39809\"><img loading=\"lazy\" decoding=\"async\" class=\"alignleft size-medium wp-image-39809\" src=\"http:\/\/www.celttv.com.ar\/wp-content\/uploads\/2019\/01\/imagen-1-1-585x780.jpg\" alt=\"\" width=\"585\" height=\"780\" \/><\/a><\/div>\n<div><\/div>\n","protected":false},"excerpt":{"rendered":"<p>CELT TV &#8211; Ocurri\u00f3 este jueves alrededor de las 17.30 hs. Por los golpes, dos mujeres fueron hospitalizadas. En la tarde de este jueves se produjo un accidente entre dos autos en la Ruta 76, frente al ingreso del Parque Provincial \u2018Ernesto Tornquist\u2019. All\u00ed colisionaron un autom\u00f3vil Gold Trend, patente AB 902 PK conducido por\u00a0Eduardo [&hellip;]<\/p>\n","protected":false},"author":1,"featured_media":0,"comment_status":"closed","ping_status":"open","sticky":false,"template":"","format":"standard","meta":{"footnotes":""},"categories":[55,51,52,61],"tags":[],"class_list":["post-39808","post","type-post","status-publish","format-standard","hentry","category-celt-tv-noticias","category-comunidad","category-destacadas","category-policiales"],"yoast_head":"<!-- This site is optimized with the Yoast SEO plugin v19.7.1 - https:\/\/yoast.com\/wordpress\/plugins\/seo\/ -->\n<title>Chocaron dos veh\u00edculos frente al ingreso del Parque Provincial (Video) - CELTTV<\/title>\n<meta name=\"description\" content=\"Sitio web de noticias de la localidad de Tornquist, provincia de Buenos Aires, Rep\u00fablica Argentina. Contenido propio originado por periodistas de CELTTV, el canal de TV local de la Cooperativa El\u00e9ctrica de Tornquist. Turismo, Pol\u00edtica, Sociedad, Deporte, Cultura y todo el contenido de inter\u00e9s general que la gente del pueblo y la regi\u00f3n debe conocer.\" \/>\n<meta name=\"robots\" content=\"index, follow, max-snippet:-1, max-image-preview:large, max-video-preview:-1\" \/>\n<link rel=\"canonical\" href=\"https:\/\/www.celttv.com.ar\/index.php\/2019\/01\/31\/chocaron-dos-vehiculos-frente-al-ingreso-del-parque-provincial\/\" \/>\n<meta property=\"og:locale\" content=\"es_ES\" \/>\n<meta property=\"og:type\" content=\"article\" \/>\n<meta property=\"og:title\" content=\"Chocaron dos veh\u00edculos frente al ingreso del Parque Provincial (Video) - CELTTV\" \/>\n<meta property=\"og:description\" content=\"Sitio web de noticias de la localidad de Tornquist, provincia de Buenos Aires, Rep\u00fablica Argentina. Contenido propio originado por periodistas de CELTTV, el canal de TV local de la Cooperativa El\u00e9ctrica de Tornquist. Turismo, Pol\u00edtica, Sociedad, Deporte, Cultura y todo el contenido de inter\u00e9s general que la gente del pueblo y la regi\u00f3n debe conocer.\" \/>\n<meta property=\"og:url\" content=\"https:\/\/www.celttv.com.ar\/index.php\/2019\/01\/31\/chocaron-dos-vehiculos-frente-al-ingreso-del-parque-provincial\/\" \/>\n<meta property=\"og:site_name\" content=\"CELTTV\" \/>\n<meta property=\"article:publisher\" content=\"https:\/\/www.facebook.com\/celtTV\/\" \/>\n<meta property=\"article:published_time\" content=\"2019-01-31T23:13:22+00:00\" \/>\n<meta property=\"og:image\" content=\"http:\/\/www.celttv.com.ar\/wp-content\/uploads\/2019\/01\/imagen-10-780x585.jpg\" \/>\n<meta name=\"author\" content=\"ulises\" \/>\n<meta name=\"twitter:card\" content=\"summary_large_image\" \/>\n<meta name=\"twitter:label1\" content=\"Escrito por\" \/>\n\t<meta name=\"twitter:data1\" content=\"ulises\" \/>\n\t<meta name=\"twitter:label2\" content=\"Tiempo de lectura\" \/>\n\t<meta name=\"twitter:data2\" content=\"1 minuto\" \/>\n<script type=\"application\/ld+json\" class=\"yoast-schema-graph\">{\"@context\":\"https:\/\/schema.org\",\"@graph\":[{\"@type\":\"NewsArticle\",\"@id\":\"https:\/\/www.celttv.com.ar\/index.php\/2019\/01\/31\/chocaron-dos-vehiculos-frente-al-ingreso-del-parque-provincial\/#article\",\"isPartOf\":{\"@id\":\"https:\/\/www.celttv.com.ar\/index.php\/2019\/01\/31\/chocaron-dos-vehiculos-frente-al-ingreso-del-parque-provincial\/\"},\"author\":{\"name\":\"ulises\",\"@id\":\"https:\/\/www.celttv.com.ar\/#\/schema\/person\/6d99c072dba59953809c81446e9d0ace\"},\"headline\":\"Chocaron dos veh\u00edculos frente al ingreso del Parque Provincial (Video)\",\"datePublished\":\"2019-01-31T23:13:22+00:00\",\"dateModified\":\"2019-01-31T23:13:22+00:00\",\"mainEntityOfPage\":{\"@id\":\"https:\/\/www.celttv.com.ar\/index.php\/2019\/01\/31\/chocaron-dos-vehiculos-frente-al-ingreso-del-parque-provincial\/\"},\"wordCount\":219,\"publisher\":{\"@id\":\"https:\/\/www.celttv.com.ar\/#organization\"},\"articleSection\":[\"Celt TV Noticias\",\"Comunidad\",\"Destacadas\",\"Policiales\"],\"inLanguage\":\"es\"},{\"@type\":\"WebPage\",\"@id\":\"https:\/\/www.celttv.com.ar\/index.php\/2019\/01\/31\/chocaron-dos-vehiculos-frente-al-ingreso-del-parque-provincial\/\",\"url\":\"https:\/\/www.celttv.com.ar\/index.php\/2019\/01\/31\/chocaron-dos-vehiculos-frente-al-ingreso-del-parque-provincial\/\",\"name\":\"Chocaron dos veh\u00edculos frente al ingreso del Parque Provincial (Video) - CELTTV\",\"isPartOf\":{\"@id\":\"https:\/\/www.celttv.com.ar\/#website\"},\"datePublished\":\"2019-01-31T23:13:22+00:00\",\"dateModified\":\"2019-01-31T23:13:22+00:00\",\"description\":\"Sitio web de noticias de la localidad de Tornquist, provincia de Buenos Aires, Rep\u00fablica Argentina. Contenido propio originado por periodistas de CELTTV, el canal de TV local de la Cooperativa El\u00e9ctrica de Tornquist. Turismo, Pol\u00edtica, Sociedad, Deporte, Cultura y todo el contenido de inter\u00e9s general que la gente del pueblo y la regi\u00f3n debe conocer.\",\"breadcrumb\":{\"@id\":\"https:\/\/www.celttv.com.ar\/index.php\/2019\/01\/31\/chocaron-dos-vehiculos-frente-al-ingreso-del-parque-provincial\/#breadcrumb\"},\"inLanguage\":\"es\",\"potentialAction\":[{\"@type\":\"ReadAction\",\"target\":[\"https:\/\/www.celttv.com.ar\/index.php\/2019\/01\/31\/chocaron-dos-vehiculos-frente-al-ingreso-del-parque-provincial\/\"]}]},{\"@type\":\"BreadcrumbList\",\"@id\":\"https:\/\/www.celttv.com.ar\/index.php\/2019\/01\/31\/chocaron-dos-vehiculos-frente-al-ingreso-del-parque-provincial\/#breadcrumb\",\"itemListElement\":[{\"@type\":\"ListItem\",\"position\":1,\"name\":\"Inicio\",\"item\":\"https:\/\/www.celttv.com.ar\/\"},{\"@type\":\"ListItem\",\"position\":2,\"name\":\"Chocaron dos veh\u00edculos frente al ingreso del Parque Provincial (Video)\"}]},{\"@type\":\"WebSite\",\"@id\":\"https:\/\/www.celttv.com.ar\/#website\",\"url\":\"https:\/\/www.celttv.com.ar\/\",\"name\":\"CELTTV\",\"description\":\"Cooperativa El\u00e9ctrica de Tornquist\",\"publisher\":{\"@id\":\"https:\/\/www.celttv.com.ar\/#organization\"},\"potentialAction\":[{\"@type\":\"SearchAction\",\"target\":{\"@type\":\"EntryPoint\",\"urlTemplate\":\"https:\/\/www.celttv.com.ar\/?s={search_term_string}\"},\"query-input\":\"required name=search_term_string\"}],\"inLanguage\":\"es\"},{\"@type\":\"Organization\",\"@id\":\"https:\/\/www.celttv.com.ar\/#organization\",\"name\":\"CELTTV\",\"url\":\"https:\/\/www.celttv.com.ar\/\",\"sameAs\":[\"https:\/\/www.youtube.com\/channel\/UCz_oIt8Hig64Ub-EmcNPIhg\",\"https:\/\/www.facebook.com\/celtTV\/\"],\"logo\":{\"@type\":\"ImageObject\",\"inLanguage\":\"es\",\"@id\":\"https:\/\/www.celttv.com.ar\/#\/schema\/logo\/image\/\",\"url\":\"http:\/\/www.celttv.com.ar\/wp-content\/uploads\/2022\/08\/logo-1.png\",\"contentUrl\":\"http:\/\/www.celttv.com.ar\/wp-content\/uploads\/2022\/08\/logo-1.png\",\"width\":461,\"height\":159,\"caption\":\"CELTTV\"},\"image\":{\"@id\":\"https:\/\/www.celttv.com.ar\/#\/schema\/logo\/image\/\"}},{\"@type\":\"Person\",\"@id\":\"https:\/\/www.celttv.com.ar\/#\/schema\/person\/6d99c072dba59953809c81446e9d0ace\",\"name\":\"ulises\",\"image\":{\"@type\":\"ImageObject\",\"inLanguage\":\"es\",\"@id\":\"https:\/\/www.celttv.com.ar\/#\/schema\/person\/image\/\",\"url\":\"https:\/\/secure.gravatar.com\/avatar\/7f2c48bdc33b30088f941fb6082e555f2874c98e20cb159d7b92b50eadfce793?s=96&d=mm&r=g\",\"contentUrl\":\"https:\/\/secure.gravatar.com\/avatar\/7f2c48bdc33b30088f941fb6082e555f2874c98e20cb159d7b92b50eadfce793?s=96&d=mm&r=g\",\"caption\":\"ulises\"},\"sameAs\":[\"http:\/\/www.celttv.com.ar\"]}]}<\/script>\n<!-- \/ Yoast SEO plugin. -->","yoast_head_json":{"title":"Chocaron dos veh\u00edculos frente al ingreso del Parque Provincial (Video) - CELTTV","description":"Sitio web de noticias de la localidad de Tornquist, provincia de Buenos Aires, Rep\u00fablica Argentina. Contenido propio originado por periodistas de CELTTV, el canal de TV local de la Cooperativa El\u00e9ctrica de Tornquist. Turismo, Pol\u00edtica, Sociedad, Deporte, Cultura y todo el contenido de inter\u00e9s general que la gente del pueblo y la regi\u00f3n debe conocer.","robots":{"index":"index","follow":"follow","max-snippet":"max-snippet:-1","max-image-preview":"max-image-preview:large","max-video-preview":"max-video-preview:-1"},"canonical":"https:\/\/www.celttv.com.ar\/index.php\/2019\/01\/31\/chocaron-dos-vehiculos-frente-al-ingreso-del-parque-provincial\/","og_locale":"es_ES","og_type":"article","og_title":"Chocaron dos veh\u00edculos frente al ingreso del Parque Provincial (Video) - CELTTV","og_description":"Sitio web de noticias de la localidad de Tornquist, provincia de Buenos Aires, Rep\u00fablica Argentina. Contenido propio originado por periodistas de CELTTV, el canal de TV local de la Cooperativa El\u00e9ctrica de Tornquist. Turismo, Pol\u00edtica, Sociedad, Deporte, Cultura y todo el contenido de inter\u00e9s general que la gente del pueblo y la regi\u00f3n debe conocer.","og_url":"https:\/\/www.celttv.com.ar\/index.php\/2019\/01\/31\/chocaron-dos-vehiculos-frente-al-ingreso-del-parque-provincial\/","og_site_name":"CELTTV","article_publisher":"https:\/\/www.facebook.com\/celtTV\/","article_published_time":"2019-01-31T23:13:22+00:00","og_image":[{"url":"http:\/\/www.celttv.com.ar\/wp-content\/uploads\/2019\/01\/imagen-10-780x585.jpg"}],"author":"ulises","twitter_card":"summary_large_image","twitter_misc":{"Escrito por":"ulises","Tiempo de lectura":"1 minuto"},"schema":{"@context":"https:\/\/schema.org","@graph":[{"@type":"NewsArticle","@id":"https:\/\/www.celttv.com.ar\/index.php\/2019\/01\/31\/chocaron-dos-vehiculos-frente-al-ingreso-del-parque-provincial\/#article","isPartOf":{"@id":"https:\/\/www.celttv.com.ar\/index.php\/2019\/01\/31\/chocaron-dos-vehiculos-frente-al-ingreso-del-parque-provincial\/"},"author":{"name":"ulises","@id":"https:\/\/www.celttv.com.ar\/#\/schema\/person\/6d99c072dba59953809c81446e9d0ace"},"headline":"Chocaron dos veh\u00edculos frente al ingreso del Parque Provincial (Video)","datePublished":"2019-01-31T23:13:22+00:00","dateModified":"2019-01-31T23:13:22+00:00","mainEntityOfPage":{"@id":"https:\/\/www.celttv.com.ar\/index.php\/2019\/01\/31\/chocaron-dos-vehiculos-frente-al-ingreso-del-parque-provincial\/"},"wordCount":219,"publisher":{"@id":"https:\/\/www.celttv.com.ar\/#organization"},"articleSection":["Celt TV Noticias","Comunidad","Destacadas","Policiales"],"inLanguage":"es"},{"@type":"WebPage","@id":"https:\/\/www.celttv.com.ar\/index.php\/2019\/01\/31\/chocaron-dos-vehiculos-frente-al-ingreso-del-parque-provincial\/","url":"https:\/\/www.celttv.com.ar\/index.php\/2019\/01\/31\/chocaron-dos-vehiculos-frente-al-ingreso-del-parque-provincial\/","name":"Chocaron dos veh\u00edculos frente al ingreso del Parque Provincial (Video) - CELTTV","isPartOf":{"@id":"https:\/\/www.celttv.com.ar\/#website"},"datePublished":"2019-01-31T23:13:22+00:00","dateModified":"2019-01-31T23:13:22+00:00","description":"Sitio web de noticias de la localidad de Tornquist, provincia de Buenos Aires, Rep\u00fablica Argentina. Contenido propio originado por periodistas de CELTTV, el canal de TV local de la Cooperativa El\u00e9ctrica de Tornquist. Turismo, Pol\u00edtica, Sociedad, Deporte, Cultura y todo el contenido de inter\u00e9s general que la gente del pueblo y la regi\u00f3n debe conocer.","breadcrumb":{"@id":"https:\/\/www.celttv.com.ar\/index.php\/2019\/01\/31\/chocaron-dos-vehiculos-frente-al-ingreso-del-parque-provincial\/#breadcrumb"},"inLanguage":"es","potentialAction":[{"@type":"ReadAction","target":["https:\/\/www.celttv.com.ar\/index.php\/2019\/01\/31\/chocaron-dos-vehiculos-frente-al-ingreso-del-parque-provincial\/"]}]},{"@type":"BreadcrumbList","@id":"https:\/\/www.celttv.com.ar\/index.php\/2019\/01\/31\/chocaron-dos-vehiculos-frente-al-ingreso-del-parque-provincial\/#breadcrumb","itemListElement":[{"@type":"ListItem","position":1,"name":"Inicio","item":"https:\/\/www.celttv.com.ar\/"},{"@type":"ListItem","position":2,"name":"Chocaron dos veh\u00edculos frente al ingreso del Parque Provincial (Video)"}]},{"@type":"WebSite","@id":"https:\/\/www.celttv.com.ar\/#website","url":"https:\/\/www.celttv.com.ar\/","name":"CELTTV","description":"Cooperativa El\u00e9ctrica de Tornquist","publisher":{"@id":"https:\/\/www.celttv.com.ar\/#organization"},"potentialAction":[{"@type":"SearchAction","target":{"@type":"EntryPoint","urlTemplate":"https:\/\/www.celttv.com.ar\/?s={search_term_string}"},"query-input":"required name=search_term_string"}],"inLanguage":"es"},{"@type":"Organization","@id":"https:\/\/www.celttv.com.ar\/#organization","name":"CELTTV","url":"https:\/\/www.celttv.com.ar\/","sameAs":["https:\/\/www.youtube.com\/channel\/UCz_oIt8Hig64Ub-EmcNPIhg","https:\/\/www.facebook.com\/celtTV\/"],"logo":{"@type":"ImageObject","inLanguage":"es","@id":"https:\/\/www.celttv.com.ar\/#\/schema\/logo\/image\/","url":"http:\/\/www.celttv.com.ar\/wp-content\/uploads\/2022\/08\/logo-1.png","contentUrl":"http:\/\/www.celttv.com.ar\/wp-content\/uploads\/2022\/08\/logo-1.png","width":461,"height":159,"caption":"CELTTV"},"image":{"@id":"https:\/\/www.celttv.com.ar\/#\/schema\/logo\/image\/"}},{"@type":"Person","@id":"https:\/\/www.celttv.com.ar\/#\/schema\/person\/6d99c072dba59953809c81446e9d0ace","name":"ulises","image":{"@type":"ImageObject","inLanguage":"es","@id":"https:\/\/www.celttv.com.ar\/#\/schema\/person\/image\/","url":"https:\/\/secure.gravatar.com\/avatar\/7f2c48bdc33b30088f941fb6082e555f2874c98e20cb159d7b92b50eadfce793?s=96&d=mm&r=g","contentUrl":"https:\/\/secure.gravatar.com\/avatar\/7f2c48bdc33b30088f941fb6082e555f2874c98e20cb159d7b92b50eadfce793?s=96&d=mm&r=g","caption":"ulises"},"sameAs":["http:\/\/www.celttv.com.ar"]}]}},"_links":{"self":[{"href":"https:\/\/www.celttv.com.ar\/index.php\/wp-json\/wp\/v2\/posts\/39808","targetHints":{"allow":["GET"]}}],"collection":[{"href":"https:\/\/www.celttv.com.ar\/index.php\/wp-json\/wp\/v2\/posts"}],"about":[{"href":"https:\/\/www.celttv.com.ar\/index.php\/wp-json\/wp\/v2\/types\/post"}],"author":[{"embeddable":true,"href":"https:\/\/www.celttv.com.ar\/index.php\/wp-json\/wp\/v2\/users\/1"}],"replies":[{"embeddable":true,"href":"https:\/\/www.celttv.com.ar\/index.php\/wp-json\/wp\/v2\/comments?post=39808"}],"version-history":[{"count":0,"href":"https:\/\/www.celttv.com.ar\/index.php\/wp-json\/wp\/v2\/posts\/39808\/revisions"}],"wp:attachment":[{"href":"https:\/\/www.celttv.com.ar\/index.php\/wp-json\/wp\/v2\/media?parent=39808"}],"wp:term":[{"taxonomy":"category","embeddable":true,"href":"https:\/\/www.celttv.com.ar\/index.php\/wp-json\/wp\/v2\/categories?post=39808"},{"taxonomy":"post_tag","embeddable":true,"href":"https:\/\/www.celttv.com.ar\/index.php\/wp-json\/wp\/v2\/tags?post=39808"}],"curies":[{"name":"wp","href":"https:\/\/api.w.org\/{rel}","templated":true}]}}