{"id":39818,"date":"2019-02-01T02:38:07","date_gmt":"2019-02-01T02:38:07","guid":{"rendered":"http:\/\/www.celttv.com.ar\/?p=39818"},"modified":"2019-02-01T02:38:07","modified_gmt":"2019-02-01T02:38:07","slug":"comenzo-la-era-del-colo-schumacher-en-el-club-union-t-fotos","status":"publish","type":"post","link":"https:\/\/www.celttv.com.ar\/index.php\/2019\/02\/01\/comenzo-la-era-del-colo-schumacher-en-el-club-union-t-fotos\/","title":{"rendered":"COMENZ\u00d3 LA ERA DEL &#8220;COLO&#8221; SCHUMACHER EN EL CLUB UNI\u00d3N (T) (FOTOS)"},"content":{"rendered":"<p>CELTTV&#8212; El Club Uni\u00f3n (T) present\u00f3 oficialmente a Horacio &#8220;Colo&#8221; Schumacher, como nuevo t\u00e9cnico del primer equipo, ante los planteles de primera, reserva y quinta divisi\u00f3n, en una reuni\u00f3n informal realizada en el campo de juego del &#8220;Juan Jos\u00e9 Bolletta&#8221;.<\/p>\n<p>El presidente de la entidad verde, Germ\u00e1n Pettinari, fue el responsable de presentar a Schumacher e informarle a los jugadores de qu\u00e9 manera se encarar\u00e1 el torneo 2019 de la Liga Regional de F\u00fatbol de Coronel Su\u00e1rez.<\/p>\n<p>A su vez, estuvieron presentes Ignacio Dello Russo, quien contin\u00faa como preparador f\u00edsico, y Carlos Graff, ahora en su nuevo rol de coordinador.<\/p>\n<p>&#8220;Es una buena posibilidad que se abre para m\u00ed, en un club que ya conozco, al igual que la liga. Vengo a sumarme a Uni\u00f3n y necesito del compromiso y el trabajo de todos los jugadores para poder encarar el a\u00f1o&#8221;, se\u00f1al\u00f3 Schumacher.<\/p>\n<p>&#8220;Ped\u00ed rodearme con gente del ri\u00f1on de la instituci\u00f3n porque es la mejor manera de poder trabajar y ganar tiempo en lo que se quiere realizar como proyecto para el resto del a\u00f1o. Le solicit\u00e9 a la comisi\u00f3n que sostenga los mismos refuerzos del a\u00f1o pasado, ya que el equipo viene haciendo las cosas muy bien y jugando instancias importantes&#8221;, agreg\u00f3.<\/p>\n<p>Pr\u00f3ximamente video entrevista completa.<\/p>\n<p><a href=\"http:\/\/www.celttv.com.ar\/?attachment_id=39826\" rel=\"attachment wp-att-39826\"><img loading=\"lazy\" decoding=\"async\" class=\"alignleft size-medium wp-image-39826\" src=\"http:\/\/www.celttv.com.ar\/wp-content\/uploads\/2019\/02\/20190131_202401-780x439.jpg\" alt=\"\" width=\"780\" height=\"439\" \/><\/a> <a href=\"http:\/\/www.celttv.com.ar\/?attachment_id=39827\" rel=\"attachment wp-att-39827\"><img loading=\"lazy\" decoding=\"async\" class=\"alignleft size-medium wp-image-39827\" src=\"http:\/\/www.celttv.com.ar\/wp-content\/uploads\/2019\/02\/20190131_202447-780x439.jpg\" alt=\"\" width=\"780\" height=\"439\" \/><\/a> <a href=\"http:\/\/www.celttv.com.ar\/?attachment_id=39824\" rel=\"attachment wp-att-39824\"><img loading=\"lazy\" decoding=\"async\" class=\"alignleft size-medium wp-image-39824\" src=\"http:\/\/www.celttv.com.ar\/wp-content\/uploads\/2019\/02\/20190131_202341-780x439.jpg\" alt=\"\" width=\"780\" height=\"439\" \/><\/a> <a href=\"http:\/\/www.celttv.com.ar\/?attachment_id=39823\" rel=\"attachment wp-att-39823\"><img loading=\"lazy\" decoding=\"async\" class=\"alignleft size-medium wp-image-39823\" src=\"http:\/\/www.celttv.com.ar\/wp-content\/uploads\/2019\/02\/20190131_202337-780x439.jpg\" alt=\"\" width=\"780\" height=\"439\" \/><\/a> <a href=\"http:\/\/www.celttv.com.ar\/?attachment_id=39822\" rel=\"attachment wp-att-39822\"><img loading=\"lazy\" decoding=\"async\" class=\"alignleft size-medium wp-image-39822\" src=\"http:\/\/www.celttv.com.ar\/wp-content\/uploads\/2019\/02\/20190131_202331-780x439.jpg\" alt=\"\" width=\"780\" height=\"439\" \/><\/a> <a href=\"http:\/\/www.celttv.com.ar\/?attachment_id=39821\" rel=\"attachment wp-att-39821\"><img loading=\"lazy\" decoding=\"async\" class=\"alignleft size-medium wp-image-39821\" src=\"http:\/\/www.celttv.com.ar\/wp-content\/uploads\/2019\/02\/20190131_202324-780x439.jpg\" alt=\"\" width=\"780\" height=\"439\" \/><\/a> <a href=\"http:\/\/www.celttv.com.ar\/?attachment_id=39820\" rel=\"attachment wp-att-39820\"><img loading=\"lazy\" decoding=\"async\" class=\"alignleft size-medium wp-image-39820\" src=\"http:\/\/www.celttv.com.ar\/wp-content\/uploads\/2019\/02\/20190131_202316-780x439.jpg\" alt=\"\" width=\"780\" height=\"439\" \/><\/a> <a href=\"http:\/\/www.celttv.com.ar\/?attachment_id=39819\" rel=\"attachment wp-att-39819\"><img loading=\"lazy\" decoding=\"async\" class=\"alignleft size-medium wp-image-39819\" src=\"http:\/\/www.celttv.com.ar\/wp-content\/uploads\/2019\/02\/20190131_202302-780x439.jpg\" alt=\"\" width=\"780\" height=\"439\" \/><\/a><\/p>\n","protected":false},"excerpt":{"rendered":"<p>CELTTV&#8212; El Club Uni\u00f3n (T) present\u00f3 oficialmente a Horacio &#8220;Colo&#8221; Schumacher, como nuevo t\u00e9cnico del primer equipo, ante los planteles de primera, reserva y quinta divisi\u00f3n, en una reuni\u00f3n informal realizada en el campo de juego del &#8220;Juan Jos\u00e9 Bolletta&#8221;. El presidente de la entidad verde, Germ\u00e1n Pettinari, fue el responsable de presentar a Schumacher [&hellip;]<\/p>\n","protected":false},"author":1,"featured_media":39829,"comment_status":"closed","ping_status":"open","sticky":false,"template":"","format":"standard","meta":{"footnotes":""},"categories":[55,60,52,63],"tags":[],"class_list":["post-39818","post","type-post","status-publish","format-standard","has-post-thumbnail","hentry","category-celt-tv-noticias","category-deporte","category-destacadas","category-magazine-sport"],"yoast_head":"<!-- This site is optimized with the Yoast SEO plugin v19.7.1 - https:\/\/yoast.com\/wordpress\/plugins\/seo\/ -->\n<title>COMENZ\u00d3 LA ERA DEL &quot;COLO&quot; SCHUMACHER EN EL CLUB UNI\u00d3N (T) (FOTOS) - CELTTV<\/title>\n<meta name=\"description\" content=\"Sitio web de noticias de la localidad de Tornquist, provincia de Buenos Aires, Rep\u00fablica Argentina. Contenido propio originado por periodistas de CELTTV, el canal de TV local de la Cooperativa El\u00e9ctrica de Tornquist. Turismo, Pol\u00edtica, Sociedad, Deporte, Cultura y todo el contenido de inter\u00e9s general que la gente del pueblo y la regi\u00f3n debe conocer.\" \/>\n<meta name=\"robots\" content=\"index, follow, max-snippet:-1, max-image-preview:large, max-video-preview:-1\" \/>\n<link rel=\"canonical\" href=\"https:\/\/www.celttv.com.ar\/index.php\/2019\/02\/01\/comenzo-la-era-del-colo-schumacher-en-el-club-union-t-fotos\/\" \/>\n<meta property=\"og:locale\" content=\"es_ES\" \/>\n<meta property=\"og:type\" content=\"article\" \/>\n<meta property=\"og:title\" content=\"COMENZ\u00d3 LA ERA DEL &quot;COLO&quot; SCHUMACHER EN EL CLUB UNI\u00d3N (T) (FOTOS) - CELTTV\" \/>\n<meta property=\"og:description\" content=\"Sitio web de noticias de la localidad de Tornquist, provincia de Buenos Aires, Rep\u00fablica Argentina. Contenido propio originado por periodistas de CELTTV, el canal de TV local de la Cooperativa El\u00e9ctrica de Tornquist. Turismo, Pol\u00edtica, Sociedad, Deporte, Cultura y todo el contenido de inter\u00e9s general que la gente del pueblo y la regi\u00f3n debe conocer.\" \/>\n<meta property=\"og:url\" content=\"https:\/\/www.celttv.com.ar\/index.php\/2019\/02\/01\/comenzo-la-era-del-colo-schumacher-en-el-club-union-t-fotos\/\" \/>\n<meta property=\"og:site_name\" content=\"CELTTV\" \/>\n<meta property=\"article:publisher\" content=\"https:\/\/www.facebook.com\/celtTV\/\" \/>\n<meta property=\"article:published_time\" content=\"2019-02-01T02:38:07+00:00\" \/>\n<meta property=\"og:image\" content=\"https:\/\/www.celttv.com.ar\/wp-content\/uploads\/2019\/02\/20190131_202550.jpg\" \/>\n\t<meta property=\"og:image:width\" content=\"1959\" \/>\n\t<meta property=\"og:image:height\" content=\"1102\" \/>\n\t<meta property=\"og:image:type\" content=\"image\/jpeg\" \/>\n<meta name=\"author\" content=\"ulises\" \/>\n<meta name=\"twitter:card\" content=\"summary_large_image\" \/>\n<meta name=\"twitter:label1\" content=\"Escrito por\" \/>\n\t<meta name=\"twitter:data1\" content=\"ulises\" \/>\n\t<meta name=\"twitter:label2\" content=\"Tiempo de lectura\" \/>\n\t<meta name=\"twitter:data2\" content=\"1 minuto\" \/>\n<script type=\"application\/ld+json\" class=\"yoast-schema-graph\">{\"@context\":\"https:\/\/schema.org\",\"@graph\":[{\"@type\":\"NewsArticle\",\"@id\":\"https:\/\/www.celttv.com.ar\/index.php\/2019\/02\/01\/comenzo-la-era-del-colo-schumacher-en-el-club-union-t-fotos\/#article\",\"isPartOf\":{\"@id\":\"https:\/\/www.celttv.com.ar\/index.php\/2019\/02\/01\/comenzo-la-era-del-colo-schumacher-en-el-club-union-t-fotos\/\"},\"author\":{\"name\":\"ulises\",\"@id\":\"https:\/\/www.celttv.com.ar\/#\/schema\/person\/6d99c072dba59953809c81446e9d0ace\"},\"headline\":\"COMENZ\u00d3 LA ERA DEL &#8220;COLO&#8221; SCHUMACHER EN EL CLUB UNI\u00d3N (T) (FOTOS)\",\"datePublished\":\"2019-02-01T02:38:07+00:00\",\"dateModified\":\"2019-02-01T02:38:07+00:00\",\"mainEntityOfPage\":{\"@id\":\"https:\/\/www.celttv.com.ar\/index.php\/2019\/02\/01\/comenzo-la-era-del-colo-schumacher-en-el-club-union-t-fotos\/\"},\"wordCount\":238,\"publisher\":{\"@id\":\"https:\/\/www.celttv.com.ar\/#organization\"},\"articleSection\":[\"Celt TV Noticias\",\"Deporte\",\"Destacadas\",\"Magazine Sport\"],\"inLanguage\":\"es\"},{\"@type\":\"WebPage\",\"@id\":\"https:\/\/www.celttv.com.ar\/index.php\/2019\/02\/01\/comenzo-la-era-del-colo-schumacher-en-el-club-union-t-fotos\/\",\"url\":\"https:\/\/www.celttv.com.ar\/index.php\/2019\/02\/01\/comenzo-la-era-del-colo-schumacher-en-el-club-union-t-fotos\/\",\"name\":\"COMENZ\u00d3 LA ERA DEL \\\"COLO\\\" SCHUMACHER EN EL CLUB UNI\u00d3N (T) (FOTOS) - CELTTV\",\"isPartOf\":{\"@id\":\"https:\/\/www.celttv.com.ar\/#website\"},\"datePublished\":\"2019-02-01T02:38:07+00:00\",\"dateModified\":\"2019-02-01T02:38:07+00:00\",\"description\":\"Sitio web de noticias de la localidad de Tornquist, provincia de Buenos Aires, Rep\u00fablica Argentina. Contenido propio originado por periodistas de CELTTV, el canal de TV local de la Cooperativa El\u00e9ctrica de Tornquist. Turismo, Pol\u00edtica, Sociedad, Deporte, Cultura y todo el contenido de inter\u00e9s general que la gente del pueblo y la regi\u00f3n debe conocer.\",\"breadcrumb\":{\"@id\":\"https:\/\/www.celttv.com.ar\/index.php\/2019\/02\/01\/comenzo-la-era-del-colo-schumacher-en-el-club-union-t-fotos\/#breadcrumb\"},\"inLanguage\":\"es\",\"potentialAction\":[{\"@type\":\"ReadAction\",\"target\":[\"https:\/\/www.celttv.com.ar\/index.php\/2019\/02\/01\/comenzo-la-era-del-colo-schumacher-en-el-club-union-t-fotos\/\"]}]},{\"@type\":\"BreadcrumbList\",\"@id\":\"https:\/\/www.celttv.com.ar\/index.php\/2019\/02\/01\/comenzo-la-era-del-colo-schumacher-en-el-club-union-t-fotos\/#breadcrumb\",\"itemListElement\":[{\"@type\":\"ListItem\",\"position\":1,\"name\":\"Inicio\",\"item\":\"https:\/\/www.celttv.com.ar\/\"},{\"@type\":\"ListItem\",\"position\":2,\"name\":\"COMENZ\u00d3 LA ERA DEL &#8220;COLO&#8221; SCHUMACHER EN EL CLUB UNI\u00d3N (T) (FOTOS)\"}]},{\"@type\":\"WebSite\",\"@id\":\"https:\/\/www.celttv.com.ar\/#website\",\"url\":\"https:\/\/www.celttv.com.ar\/\",\"name\":\"CELTTV\",\"description\":\"Cooperativa El\u00e9ctrica de Tornquist\",\"publisher\":{\"@id\":\"https:\/\/www.celttv.com.ar\/#organization\"},\"potentialAction\":[{\"@type\":\"SearchAction\",\"target\":{\"@type\":\"EntryPoint\",\"urlTemplate\":\"https:\/\/www.celttv.com.ar\/?s={search_term_string}\"},\"query-input\":\"required name=search_term_string\"}],\"inLanguage\":\"es\"},{\"@type\":\"Organization\",\"@id\":\"https:\/\/www.celttv.com.ar\/#organization\",\"name\":\"CELTTV\",\"url\":\"https:\/\/www.celttv.com.ar\/\",\"sameAs\":[\"https:\/\/www.youtube.com\/channel\/UCz_oIt8Hig64Ub-EmcNPIhg\",\"https:\/\/www.facebook.com\/celtTV\/\"],\"logo\":{\"@type\":\"ImageObject\",\"inLanguage\":\"es\",\"@id\":\"https:\/\/www.celttv.com.ar\/#\/schema\/logo\/image\/\",\"url\":\"http:\/\/www.celttv.com.ar\/wp-content\/uploads\/2022\/08\/logo-1.png\",\"contentUrl\":\"http:\/\/www.celttv.com.ar\/wp-content\/uploads\/2022\/08\/logo-1.png\",\"width\":461,\"height\":159,\"caption\":\"CELTTV\"},\"image\":{\"@id\":\"https:\/\/www.celttv.com.ar\/#\/schema\/logo\/image\/\"}},{\"@type\":\"Person\",\"@id\":\"https:\/\/www.celttv.com.ar\/#\/schema\/person\/6d99c072dba59953809c81446e9d0ace\",\"name\":\"ulises\",\"image\":{\"@type\":\"ImageObject\",\"inLanguage\":\"es\",\"@id\":\"https:\/\/www.celttv.com.ar\/#\/schema\/person\/image\/\",\"url\":\"https:\/\/secure.gravatar.com\/avatar\/7f2c48bdc33b30088f941fb6082e555f2874c98e20cb159d7b92b50eadfce793?s=96&d=mm&r=g\",\"contentUrl\":\"https:\/\/secure.gravatar.com\/avatar\/7f2c48bdc33b30088f941fb6082e555f2874c98e20cb159d7b92b50eadfce793?s=96&d=mm&r=g\",\"caption\":\"ulises\"},\"sameAs\":[\"http:\/\/www.celttv.com.ar\"]}]}<\/script>\n<!-- \/ Yoast SEO plugin. -->","yoast_head_json":{"title":"COMENZ\u00d3 LA ERA DEL \"COLO\" SCHUMACHER EN EL CLUB UNI\u00d3N (T) (FOTOS) - CELTTV","description":"Sitio web de noticias de la localidad de Tornquist, provincia de Buenos Aires, Rep\u00fablica Argentina. Contenido propio originado por periodistas de CELTTV, el canal de TV local de la Cooperativa El\u00e9ctrica de Tornquist. Turismo, Pol\u00edtica, Sociedad, Deporte, Cultura y todo el contenido de inter\u00e9s general que la gente del pueblo y la regi\u00f3n debe conocer.","robots":{"index":"index","follow":"follow","max-snippet":"max-snippet:-1","max-image-preview":"max-image-preview:large","max-video-preview":"max-video-preview:-1"},"canonical":"https:\/\/www.celttv.com.ar\/index.php\/2019\/02\/01\/comenzo-la-era-del-colo-schumacher-en-el-club-union-t-fotos\/","og_locale":"es_ES","og_type":"article","og_title":"COMENZ\u00d3 LA ERA DEL \"COLO\" SCHUMACHER EN EL CLUB UNI\u00d3N (T) (FOTOS) - CELTTV","og_description":"Sitio web de noticias de la localidad de Tornquist, provincia de Buenos Aires, Rep\u00fablica Argentina. Contenido propio originado por periodistas de CELTTV, el canal de TV local de la Cooperativa El\u00e9ctrica de Tornquist. Turismo, Pol\u00edtica, Sociedad, Deporte, Cultura y todo el contenido de inter\u00e9s general que la gente del pueblo y la regi\u00f3n debe conocer.","og_url":"https:\/\/www.celttv.com.ar\/index.php\/2019\/02\/01\/comenzo-la-era-del-colo-schumacher-en-el-club-union-t-fotos\/","og_site_name":"CELTTV","article_publisher":"https:\/\/www.facebook.com\/celtTV\/","article_published_time":"2019-02-01T02:38:07+00:00","og_image":[{"width":1959,"height":1102,"url":"https:\/\/www.celttv.com.ar\/wp-content\/uploads\/2019\/02\/20190131_202550.jpg","type":"image\/jpeg"}],"author":"ulises","twitter_card":"summary_large_image","twitter_misc":{"Escrito por":"ulises","Tiempo de lectura":"1 minuto"},"schema":{"@context":"https:\/\/schema.org","@graph":[{"@type":"NewsArticle","@id":"https:\/\/www.celttv.com.ar\/index.php\/2019\/02\/01\/comenzo-la-era-del-colo-schumacher-en-el-club-union-t-fotos\/#article","isPartOf":{"@id":"https:\/\/www.celttv.com.ar\/index.php\/2019\/02\/01\/comenzo-la-era-del-colo-schumacher-en-el-club-union-t-fotos\/"},"author":{"name":"ulises","@id":"https:\/\/www.celttv.com.ar\/#\/schema\/person\/6d99c072dba59953809c81446e9d0ace"},"headline":"COMENZ\u00d3 LA ERA DEL &#8220;COLO&#8221; SCHUMACHER EN EL CLUB UNI\u00d3N (T) (FOTOS)","datePublished":"2019-02-01T02:38:07+00:00","dateModified":"2019-02-01T02:38:07+00:00","mainEntityOfPage":{"@id":"https:\/\/www.celttv.com.ar\/index.php\/2019\/02\/01\/comenzo-la-era-del-colo-schumacher-en-el-club-union-t-fotos\/"},"wordCount":238,"publisher":{"@id":"https:\/\/www.celttv.com.ar\/#organization"},"articleSection":["Celt TV Noticias","Deporte","Destacadas","Magazine Sport"],"inLanguage":"es"},{"@type":"WebPage","@id":"https:\/\/www.celttv.com.ar\/index.php\/2019\/02\/01\/comenzo-la-era-del-colo-schumacher-en-el-club-union-t-fotos\/","url":"https:\/\/www.celttv.com.ar\/index.php\/2019\/02\/01\/comenzo-la-era-del-colo-schumacher-en-el-club-union-t-fotos\/","name":"COMENZ\u00d3 LA ERA DEL \"COLO\" SCHUMACHER EN EL CLUB UNI\u00d3N (T) (FOTOS) - CELTTV","isPartOf":{"@id":"https:\/\/www.celttv.com.ar\/#website"},"datePublished":"2019-02-01T02:38:07+00:00","dateModified":"2019-02-01T02:38:07+00:00","description":"Sitio web de noticias de la localidad de Tornquist, provincia de Buenos Aires, Rep\u00fablica Argentina. Contenido propio originado por periodistas de CELTTV, el canal de TV local de la Cooperativa El\u00e9ctrica de Tornquist. Turismo, Pol\u00edtica, Sociedad, Deporte, Cultura y todo el contenido de inter\u00e9s general que la gente del pueblo y la regi\u00f3n debe conocer.","breadcrumb":{"@id":"https:\/\/www.celttv.com.ar\/index.php\/2019\/02\/01\/comenzo-la-era-del-colo-schumacher-en-el-club-union-t-fotos\/#breadcrumb"},"inLanguage":"es","potentialAction":[{"@type":"ReadAction","target":["https:\/\/www.celttv.com.ar\/index.php\/2019\/02\/01\/comenzo-la-era-del-colo-schumacher-en-el-club-union-t-fotos\/"]}]},{"@type":"BreadcrumbList","@id":"https:\/\/www.celttv.com.ar\/index.php\/2019\/02\/01\/comenzo-la-era-del-colo-schumacher-en-el-club-union-t-fotos\/#breadcrumb","itemListElement":[{"@type":"ListItem","position":1,"name":"Inicio","item":"https:\/\/www.celttv.com.ar\/"},{"@type":"ListItem","position":2,"name":"COMENZ\u00d3 LA ERA DEL &#8220;COLO&#8221; SCHUMACHER EN EL CLUB UNI\u00d3N (T) (FOTOS)"}]},{"@type":"WebSite","@id":"https:\/\/www.celttv.com.ar\/#website","url":"https:\/\/www.celttv.com.ar\/","name":"CELTTV","description":"Cooperativa El\u00e9ctrica de Tornquist","publisher":{"@id":"https:\/\/www.celttv.com.ar\/#organization"},"potentialAction":[{"@type":"SearchAction","target":{"@type":"EntryPoint","urlTemplate":"https:\/\/www.celttv.com.ar\/?s={search_term_string}"},"query-input":"required name=search_term_string"}],"inLanguage":"es"},{"@type":"Organization","@id":"https:\/\/www.celttv.com.ar\/#organization","name":"CELTTV","url":"https:\/\/www.celttv.com.ar\/","sameAs":["https:\/\/www.youtube.com\/channel\/UCz_oIt8Hig64Ub-EmcNPIhg","https:\/\/www.facebook.com\/celtTV\/"],"logo":{"@type":"ImageObject","inLanguage":"es","@id":"https:\/\/www.celttv.com.ar\/#\/schema\/logo\/image\/","url":"http:\/\/www.celttv.com.ar\/wp-content\/uploads\/2022\/08\/logo-1.png","contentUrl":"http:\/\/www.celttv.com.ar\/wp-content\/uploads\/2022\/08\/logo-1.png","width":461,"height":159,"caption":"CELTTV"},"image":{"@id":"https:\/\/www.celttv.com.ar\/#\/schema\/logo\/image\/"}},{"@type":"Person","@id":"https:\/\/www.celttv.com.ar\/#\/schema\/person\/6d99c072dba59953809c81446e9d0ace","name":"ulises","image":{"@type":"ImageObject","inLanguage":"es","@id":"https:\/\/www.celttv.com.ar\/#\/schema\/person\/image\/","url":"https:\/\/secure.gravatar.com\/avatar\/7f2c48bdc33b30088f941fb6082e555f2874c98e20cb159d7b92b50eadfce793?s=96&d=mm&r=g","contentUrl":"https:\/\/secure.gravatar.com\/avatar\/7f2c48bdc33b30088f941fb6082e555f2874c98e20cb159d7b92b50eadfce793?s=96&d=mm&r=g","caption":"ulises"},"sameAs":["http:\/\/www.celttv.com.ar"]}]}},"_links":{"self":[{"href":"https:\/\/www.celttv.com.ar\/index.php\/wp-json\/wp\/v2\/posts\/39818","targetHints":{"allow":["GET"]}}],"collection":[{"href":"https:\/\/www.celttv.com.ar\/index.php\/wp-json\/wp\/v2\/posts"}],"about":[{"href":"https:\/\/www.celttv.com.ar\/index.php\/wp-json\/wp\/v2\/types\/post"}],"author":[{"embeddable":true,"href":"https:\/\/www.celttv.com.ar\/index.php\/wp-json\/wp\/v2\/users\/1"}],"replies":[{"embeddable":true,"href":"https:\/\/www.celttv.com.ar\/index.php\/wp-json\/wp\/v2\/comments?post=39818"}],"version-history":[{"count":0,"href":"https:\/\/www.celttv.com.ar\/index.php\/wp-json\/wp\/v2\/posts\/39818\/revisions"}],"wp:featuredmedia":[{"embeddable":true,"href":"https:\/\/www.celttv.com.ar\/index.php\/wp-json\/wp\/v2\/media\/39829"}],"wp:attachment":[{"href":"https:\/\/www.celttv.com.ar\/index.php\/wp-json\/wp\/v2\/media?parent=39818"}],"wp:term":[{"taxonomy":"category","embeddable":true,"href":"https:\/\/www.celttv.com.ar\/index.php\/wp-json\/wp\/v2\/categories?post=39818"},{"taxonomy":"post_tag","embeddable":true,"href":"https:\/\/www.celttv.com.ar\/index.php\/wp-json\/wp\/v2\/tags?post=39818"}],"curies":[{"name":"wp","href":"https:\/\/api.w.org\/{rel}","templated":true}]}}