{"id":39837,"date":"2019-02-01T13:32:17","date_gmt":"2019-02-01T13:32:17","guid":{"rendered":"http:\/\/www.celttv.com.ar\/?p=39837"},"modified":"2019-02-01T13:32:17","modified_gmt":"2019-02-01T13:32:17","slug":"la-secretaria-de-obras-publicas-se-refirio-a-distintas-obras-que-se-estan-realizando-en-el-distrito-videos-entrevistas","status":"publish","type":"post","link":"https:\/\/www.celttv.com.ar\/index.php\/2019\/02\/01\/la-secretaria-de-obras-publicas-se-refirio-a-distintas-obras-que-se-estan-realizando-en-el-distrito-videos-entrevistas\/","title":{"rendered":"LA SECRETARIA DE OBRAS P\u00daBLICAS SE REFIRI\u00d3 A DISTINTAS OBRAS QUE SE EST\u00c1N REALIZANDO EN EL DISTRITO (VIDEOS ENTREVISTAS)"},"content":{"rendered":"<p>CELTTV&#8212; La secretaria de Obras y Servicios P\u00fablico del municipio de Tornquist, ingeniera Gisela Lencinas, se refiri\u00f3 a las distintas obras que se est\u00e1n llevando adelante en distintas localidades del distrito.<\/p>\n<p>Viviendas, ampliaciones, reparaciones y proyectos, que involucran a localidades como Chasic\u00f3, Saldungaray, Tornquist y Sierra de la Ventana, fueron algunas de las declaraciones vertidas por la funcionaria.<\/p>\n<div class=\"jeg_video_container jeg_video_content\"><iframe loading=\"lazy\" title=\"2019 01 30 GISELA LENCINAS 1 PLAZA\" width=\"500\" height=\"281\" src=\"https:\/\/www.youtube.com\/embed\/is-RdLSqpkU?feature=oembed\" frameborder=\"0\" allow=\"accelerometer; autoplay; clipboard-write; encrypted-media; gyroscope; picture-in-picture; web-share\" referrerpolicy=\"strict-origin-when-cross-origin\" allowfullscreen><\/iframe><\/div>\n<div class=\"jeg_video_container jeg_video_content\"><iframe loading=\"lazy\" title=\"2019 01 30 GISELA LENCINAS 2 VIVIENDAS\" width=\"500\" height=\"281\" src=\"https:\/\/www.youtube.com\/embed\/IVAMRxkYg3g?feature=oembed\" frameborder=\"0\" allow=\"accelerometer; autoplay; clipboard-write; encrypted-media; gyroscope; picture-in-picture; web-share\" referrerpolicy=\"strict-origin-when-cross-origin\" allowfullscreen><\/iframe><\/div>\n<div class=\"jeg_video_container jeg_video_content\"><iframe loading=\"lazy\" title=\"2019 01 30 GISELA LENCINAS 3 AMPLIACION UNIDAD SANITARIA DE SIERRA\" width=\"500\" height=\"281\" src=\"https:\/\/www.youtube.com\/embed\/AVxNaPUtxUM?feature=oembed\" frameborder=\"0\" allow=\"accelerometer; autoplay; clipboard-write; encrypted-media; gyroscope; picture-in-picture; web-share\" referrerpolicy=\"strict-origin-when-cross-origin\" allowfullscreen><\/iframe><\/div>\n<div class=\"jeg_video_container jeg_video_content\"><iframe loading=\"lazy\" title=\"2019 01 30 GISELA LENCINAS 4 AMPLIACION Y REPARACION HTAL MUNICIPAL\" width=\"500\" height=\"281\" src=\"https:\/\/www.youtube.com\/embed\/GaBwoOk1DSE?feature=oembed\" frameborder=\"0\" allow=\"accelerometer; autoplay; clipboard-write; encrypted-media; gyroscope; picture-in-picture; web-share\" referrerpolicy=\"strict-origin-when-cross-origin\" allowfullscreen><\/iframe><\/div>\n<div class=\"jeg_video_container jeg_video_content\"><iframe loading=\"lazy\" title=\"2019 01 30 GISELA LENCINAS 5 PERFORACION EN SALDUNGARAY\" width=\"500\" height=\"281\" src=\"https:\/\/www.youtube.com\/embed\/Ea-oTFGpQ34?feature=oembed\" frameborder=\"0\" allow=\"accelerometer; autoplay; clipboard-write; encrypted-media; gyroscope; picture-in-picture; web-share\" referrerpolicy=\"strict-origin-when-cross-origin\" allowfullscreen><\/iframe><\/div>\n<div class=\"jeg_video_container jeg_video_content\"><iframe loading=\"lazy\" title=\"2019 01 30 GISELA LENCINAS 6 SOBRE LA RED DE AGUA EN TORNQUIST\" width=\"500\" height=\"281\" src=\"https:\/\/www.youtube.com\/embed\/4OluNtjVf-A?feature=oembed\" frameborder=\"0\" allow=\"accelerometer; autoplay; clipboard-write; encrypted-media; gyroscope; picture-in-picture; web-share\" referrerpolicy=\"strict-origin-when-cross-origin\" allowfullscreen><\/iframe><\/div>\n","protected":false},"excerpt":{"rendered":"<p>CELTTV&#8212; La secretaria de Obras y Servicios P\u00fablico del municipio de Tornquist, ingeniera Gisela Lencinas, se refiri\u00f3 a las distintas obras que se est\u00e1n llevando adelante en distintas localidades del distrito. Viviendas, ampliaciones, reparaciones y proyectos, que involucran a localidades como Chasic\u00f3, Saldungaray, Tornquist y Sierra de la Ventana, fueron algunas de las declaraciones vertidas [&hellip;]<\/p>\n","protected":false},"author":1,"featured_media":39838,"comment_status":"closed","ping_status":"open","sticky":false,"template":"","format":"standard","meta":{"footnotes":""},"categories":[55,51,52],"tags":[],"class_list":["post-39837","post","type-post","status-publish","format-standard","has-post-thumbnail","hentry","category-celt-tv-noticias","category-comunidad","category-destacadas"],"yoast_head":"<!-- This site is optimized with the Yoast SEO plugin v19.7.1 - https:\/\/yoast.com\/wordpress\/plugins\/seo\/ -->\n<title>LA SECRETARIA DE OBRAS P\u00daBLICAS SE REFIRI\u00d3 A DISTINTAS OBRAS QUE SE EST\u00c1N REALIZANDO EN EL DISTRITO (VIDEOS ENTREVISTAS) - CELTTV<\/title>\n<meta name=\"description\" content=\"Sitio web de noticias de la localidad de Tornquist, provincia de Buenos Aires, Rep\u00fablica Argentina. Contenido propio originado por periodistas de CELTTV, el canal de TV local de la Cooperativa El\u00e9ctrica de Tornquist. Turismo, Pol\u00edtica, Sociedad, Deporte, Cultura y todo el contenido de inter\u00e9s general que la gente del pueblo y la regi\u00f3n debe conocer.\" \/>\n<meta name=\"robots\" content=\"index, follow, max-snippet:-1, max-image-preview:large, max-video-preview:-1\" \/>\n<link rel=\"canonical\" href=\"https:\/\/www.celttv.com.ar\/index.php\/2019\/02\/01\/la-secretaria-de-obras-publicas-se-refirio-a-distintas-obras-que-se-estan-realizando-en-el-distrito-videos-entrevistas\/\" \/>\n<meta property=\"og:locale\" content=\"es_ES\" \/>\n<meta property=\"og:type\" content=\"article\" \/>\n<meta property=\"og:title\" content=\"LA SECRETARIA DE OBRAS P\u00daBLICAS SE REFIRI\u00d3 A DISTINTAS OBRAS QUE SE EST\u00c1N REALIZANDO EN EL DISTRITO (VIDEOS ENTREVISTAS) - CELTTV\" \/>\n<meta property=\"og:description\" content=\"Sitio web de noticias de la localidad de Tornquist, provincia de Buenos Aires, Rep\u00fablica Argentina. Contenido propio originado por periodistas de CELTTV, el canal de TV local de la Cooperativa El\u00e9ctrica de Tornquist. Turismo, Pol\u00edtica, Sociedad, Deporte, Cultura y todo el contenido de inter\u00e9s general que la gente del pueblo y la regi\u00f3n debe conocer.\" \/>\n<meta property=\"og:url\" content=\"https:\/\/www.celttv.com.ar\/index.php\/2019\/02\/01\/la-secretaria-de-obras-publicas-se-refirio-a-distintas-obras-que-se-estan-realizando-en-el-distrito-videos-entrevistas\/\" \/>\n<meta property=\"og:site_name\" content=\"CELTTV\" \/>\n<meta property=\"article:publisher\" content=\"https:\/\/www.facebook.com\/celtTV\/\" \/>\n<meta property=\"article:published_time\" content=\"2019-02-01T13:32:17+00:00\" \/>\n<meta property=\"og:image\" content=\"https:\/\/www.celttv.com.ar\/wp-content\/uploads\/2019\/02\/IMG-20190130-WA0001.jpg\" \/>\n\t<meta property=\"og:image:width\" content=\"1032\" \/>\n\t<meta property=\"og:image:height\" content=\"774\" \/>\n\t<meta property=\"og:image:type\" content=\"image\/jpeg\" \/>\n<meta name=\"author\" content=\"ulises\" \/>\n<meta name=\"twitter:card\" content=\"summary_large_image\" \/>\n<meta name=\"twitter:label1\" content=\"Escrito por\" \/>\n\t<meta name=\"twitter:data1\" content=\"ulises\" \/>\n\t<meta name=\"twitter:label2\" content=\"Tiempo de lectura\" \/>\n\t<meta name=\"twitter:data2\" content=\"1 minuto\" \/>\n<script type=\"application\/ld+json\" class=\"yoast-schema-graph\">{\"@context\":\"https:\/\/schema.org\",\"@graph\":[{\"@type\":\"NewsArticle\",\"@id\":\"https:\/\/www.celttv.com.ar\/index.php\/2019\/02\/01\/la-secretaria-de-obras-publicas-se-refirio-a-distintas-obras-que-se-estan-realizando-en-el-distrito-videos-entrevistas\/#article\",\"isPartOf\":{\"@id\":\"https:\/\/www.celttv.com.ar\/index.php\/2019\/02\/01\/la-secretaria-de-obras-publicas-se-refirio-a-distintas-obras-que-se-estan-realizando-en-el-distrito-videos-entrevistas\/\"},\"author\":{\"name\":\"ulises\",\"@id\":\"https:\/\/www.celttv.com.ar\/#\/schema\/person\/6d99c072dba59953809c81446e9d0ace\"},\"headline\":\"LA SECRETARIA DE OBRAS P\u00daBLICAS SE REFIRI\u00d3 A DISTINTAS OBRAS QUE SE EST\u00c1N REALIZANDO EN EL DISTRITO (VIDEOS ENTREVISTAS)\",\"datePublished\":\"2019-02-01T13:32:17+00:00\",\"dateModified\":\"2019-02-01T13:32:17+00:00\",\"mainEntityOfPage\":{\"@id\":\"https:\/\/www.celttv.com.ar\/index.php\/2019\/02\/01\/la-secretaria-de-obras-publicas-se-refirio-a-distintas-obras-que-se-estan-realizando-en-el-distrito-videos-entrevistas\/\"},\"wordCount\":125,\"publisher\":{\"@id\":\"https:\/\/www.celttv.com.ar\/#organization\"},\"articleSection\":[\"Celt TV Noticias\",\"Comunidad\",\"Destacadas\"],\"inLanguage\":\"es\"},{\"@type\":\"WebPage\",\"@id\":\"https:\/\/www.celttv.com.ar\/index.php\/2019\/02\/01\/la-secretaria-de-obras-publicas-se-refirio-a-distintas-obras-que-se-estan-realizando-en-el-distrito-videos-entrevistas\/\",\"url\":\"https:\/\/www.celttv.com.ar\/index.php\/2019\/02\/01\/la-secretaria-de-obras-publicas-se-refirio-a-distintas-obras-que-se-estan-realizando-en-el-distrito-videos-entrevistas\/\",\"name\":\"LA SECRETARIA DE OBRAS P\u00daBLICAS SE REFIRI\u00d3 A DISTINTAS OBRAS QUE SE EST\u00c1N REALIZANDO EN EL DISTRITO (VIDEOS ENTREVISTAS) - CELTTV\",\"isPartOf\":{\"@id\":\"https:\/\/www.celttv.com.ar\/#website\"},\"datePublished\":\"2019-02-01T13:32:17+00:00\",\"dateModified\":\"2019-02-01T13:32:17+00:00\",\"description\":\"Sitio web de noticias de la localidad de Tornquist, provincia de Buenos Aires, Rep\u00fablica Argentina. Contenido propio originado por periodistas de CELTTV, el canal de TV local de la Cooperativa El\u00e9ctrica de Tornquist. Turismo, Pol\u00edtica, Sociedad, Deporte, Cultura y todo el contenido de inter\u00e9s general que la gente del pueblo y la regi\u00f3n debe conocer.\",\"breadcrumb\":{\"@id\":\"https:\/\/www.celttv.com.ar\/index.php\/2019\/02\/01\/la-secretaria-de-obras-publicas-se-refirio-a-distintas-obras-que-se-estan-realizando-en-el-distrito-videos-entrevistas\/#breadcrumb\"},\"inLanguage\":\"es\",\"potentialAction\":[{\"@type\":\"ReadAction\",\"target\":[\"https:\/\/www.celttv.com.ar\/index.php\/2019\/02\/01\/la-secretaria-de-obras-publicas-se-refirio-a-distintas-obras-que-se-estan-realizando-en-el-distrito-videos-entrevistas\/\"]}]},{\"@type\":\"BreadcrumbList\",\"@id\":\"https:\/\/www.celttv.com.ar\/index.php\/2019\/02\/01\/la-secretaria-de-obras-publicas-se-refirio-a-distintas-obras-que-se-estan-realizando-en-el-distrito-videos-entrevistas\/#breadcrumb\",\"itemListElement\":[{\"@type\":\"ListItem\",\"position\":1,\"name\":\"Inicio\",\"item\":\"https:\/\/www.celttv.com.ar\/\"},{\"@type\":\"ListItem\",\"position\":2,\"name\":\"LA SECRETARIA DE OBRAS P\u00daBLICAS SE REFIRI\u00d3 A DISTINTAS OBRAS QUE SE EST\u00c1N REALIZANDO EN EL DISTRITO (VIDEOS ENTREVISTAS)\"}]},{\"@type\":\"WebSite\",\"@id\":\"https:\/\/www.celttv.com.ar\/#website\",\"url\":\"https:\/\/www.celttv.com.ar\/\",\"name\":\"CELTTV\",\"description\":\"Cooperativa El\u00e9ctrica de Tornquist\",\"publisher\":{\"@id\":\"https:\/\/www.celttv.com.ar\/#organization\"},\"potentialAction\":[{\"@type\":\"SearchAction\",\"target\":{\"@type\":\"EntryPoint\",\"urlTemplate\":\"https:\/\/www.celttv.com.ar\/?s={search_term_string}\"},\"query-input\":\"required name=search_term_string\"}],\"inLanguage\":\"es\"},{\"@type\":\"Organization\",\"@id\":\"https:\/\/www.celttv.com.ar\/#organization\",\"name\":\"CELTTV\",\"url\":\"https:\/\/www.celttv.com.ar\/\",\"sameAs\":[\"https:\/\/www.youtube.com\/channel\/UCz_oIt8Hig64Ub-EmcNPIhg\",\"https:\/\/www.facebook.com\/celtTV\/\"],\"logo\":{\"@type\":\"ImageObject\",\"inLanguage\":\"es\",\"@id\":\"https:\/\/www.celttv.com.ar\/#\/schema\/logo\/image\/\",\"url\":\"http:\/\/www.celttv.com.ar\/wp-content\/uploads\/2022\/08\/logo-1.png\",\"contentUrl\":\"http:\/\/www.celttv.com.ar\/wp-content\/uploads\/2022\/08\/logo-1.png\",\"width\":461,\"height\":159,\"caption\":\"CELTTV\"},\"image\":{\"@id\":\"https:\/\/www.celttv.com.ar\/#\/schema\/logo\/image\/\"}},{\"@type\":\"Person\",\"@id\":\"https:\/\/www.celttv.com.ar\/#\/schema\/person\/6d99c072dba59953809c81446e9d0ace\",\"name\":\"ulises\",\"image\":{\"@type\":\"ImageObject\",\"inLanguage\":\"es\",\"@id\":\"https:\/\/www.celttv.com.ar\/#\/schema\/person\/image\/\",\"url\":\"https:\/\/secure.gravatar.com\/avatar\/7f2c48bdc33b30088f941fb6082e555f2874c98e20cb159d7b92b50eadfce793?s=96&d=mm&r=g\",\"contentUrl\":\"https:\/\/secure.gravatar.com\/avatar\/7f2c48bdc33b30088f941fb6082e555f2874c98e20cb159d7b92b50eadfce793?s=96&d=mm&r=g\",\"caption\":\"ulises\"},\"sameAs\":[\"http:\/\/www.celttv.com.ar\"]}]}<\/script>\n<!-- \/ Yoast SEO plugin. -->","yoast_head_json":{"title":"LA SECRETARIA DE OBRAS P\u00daBLICAS SE REFIRI\u00d3 A DISTINTAS OBRAS QUE SE EST\u00c1N REALIZANDO EN EL DISTRITO (VIDEOS ENTREVISTAS) - CELTTV","description":"Sitio web de noticias de la localidad de Tornquist, provincia de Buenos Aires, Rep\u00fablica Argentina. Contenido propio originado por periodistas de CELTTV, el canal de TV local de la Cooperativa El\u00e9ctrica de Tornquist. Turismo, Pol\u00edtica, Sociedad, Deporte, Cultura y todo el contenido de inter\u00e9s general que la gente del pueblo y la regi\u00f3n debe conocer.","robots":{"index":"index","follow":"follow","max-snippet":"max-snippet:-1","max-image-preview":"max-image-preview:large","max-video-preview":"max-video-preview:-1"},"canonical":"https:\/\/www.celttv.com.ar\/index.php\/2019\/02\/01\/la-secretaria-de-obras-publicas-se-refirio-a-distintas-obras-que-se-estan-realizando-en-el-distrito-videos-entrevistas\/","og_locale":"es_ES","og_type":"article","og_title":"LA SECRETARIA DE OBRAS P\u00daBLICAS SE REFIRI\u00d3 A DISTINTAS OBRAS QUE SE EST\u00c1N REALIZANDO EN EL DISTRITO (VIDEOS ENTREVISTAS) - CELTTV","og_description":"Sitio web de noticias de la localidad de Tornquist, provincia de Buenos Aires, Rep\u00fablica Argentina. Contenido propio originado por periodistas de CELTTV, el canal de TV local de la Cooperativa El\u00e9ctrica de Tornquist. Turismo, Pol\u00edtica, Sociedad, Deporte, Cultura y todo el contenido de inter\u00e9s general que la gente del pueblo y la regi\u00f3n debe conocer.","og_url":"https:\/\/www.celttv.com.ar\/index.php\/2019\/02\/01\/la-secretaria-de-obras-publicas-se-refirio-a-distintas-obras-que-se-estan-realizando-en-el-distrito-videos-entrevistas\/","og_site_name":"CELTTV","article_publisher":"https:\/\/www.facebook.com\/celtTV\/","article_published_time":"2019-02-01T13:32:17+00:00","og_image":[{"width":1032,"height":774,"url":"https:\/\/www.celttv.com.ar\/wp-content\/uploads\/2019\/02\/IMG-20190130-WA0001.jpg","type":"image\/jpeg"}],"author":"ulises","twitter_card":"summary_large_image","twitter_misc":{"Escrito por":"ulises","Tiempo de lectura":"1 minuto"},"schema":{"@context":"https:\/\/schema.org","@graph":[{"@type":"NewsArticle","@id":"https:\/\/www.celttv.com.ar\/index.php\/2019\/02\/01\/la-secretaria-de-obras-publicas-se-refirio-a-distintas-obras-que-se-estan-realizando-en-el-distrito-videos-entrevistas\/#article","isPartOf":{"@id":"https:\/\/www.celttv.com.ar\/index.php\/2019\/02\/01\/la-secretaria-de-obras-publicas-se-refirio-a-distintas-obras-que-se-estan-realizando-en-el-distrito-videos-entrevistas\/"},"author":{"name":"ulises","@id":"https:\/\/www.celttv.com.ar\/#\/schema\/person\/6d99c072dba59953809c81446e9d0ace"},"headline":"LA SECRETARIA DE OBRAS P\u00daBLICAS SE REFIRI\u00d3 A DISTINTAS OBRAS QUE SE EST\u00c1N REALIZANDO EN EL DISTRITO (VIDEOS ENTREVISTAS)","datePublished":"2019-02-01T13:32:17+00:00","dateModified":"2019-02-01T13:32:17+00:00","mainEntityOfPage":{"@id":"https:\/\/www.celttv.com.ar\/index.php\/2019\/02\/01\/la-secretaria-de-obras-publicas-se-refirio-a-distintas-obras-que-se-estan-realizando-en-el-distrito-videos-entrevistas\/"},"wordCount":125,"publisher":{"@id":"https:\/\/www.celttv.com.ar\/#organization"},"articleSection":["Celt TV Noticias","Comunidad","Destacadas"],"inLanguage":"es"},{"@type":"WebPage","@id":"https:\/\/www.celttv.com.ar\/index.php\/2019\/02\/01\/la-secretaria-de-obras-publicas-se-refirio-a-distintas-obras-que-se-estan-realizando-en-el-distrito-videos-entrevistas\/","url":"https:\/\/www.celttv.com.ar\/index.php\/2019\/02\/01\/la-secretaria-de-obras-publicas-se-refirio-a-distintas-obras-que-se-estan-realizando-en-el-distrito-videos-entrevistas\/","name":"LA SECRETARIA DE OBRAS P\u00daBLICAS SE REFIRI\u00d3 A DISTINTAS OBRAS QUE SE EST\u00c1N REALIZANDO EN EL DISTRITO (VIDEOS ENTREVISTAS) - CELTTV","isPartOf":{"@id":"https:\/\/www.celttv.com.ar\/#website"},"datePublished":"2019-02-01T13:32:17+00:00","dateModified":"2019-02-01T13:32:17+00:00","description":"Sitio web de noticias de la localidad de Tornquist, provincia de Buenos Aires, Rep\u00fablica Argentina. Contenido propio originado por periodistas de CELTTV, el canal de TV local de la Cooperativa El\u00e9ctrica de Tornquist. Turismo, Pol\u00edtica, Sociedad, Deporte, Cultura y todo el contenido de inter\u00e9s general que la gente del pueblo y la regi\u00f3n debe conocer.","breadcrumb":{"@id":"https:\/\/www.celttv.com.ar\/index.php\/2019\/02\/01\/la-secretaria-de-obras-publicas-se-refirio-a-distintas-obras-que-se-estan-realizando-en-el-distrito-videos-entrevistas\/#breadcrumb"},"inLanguage":"es","potentialAction":[{"@type":"ReadAction","target":["https:\/\/www.celttv.com.ar\/index.php\/2019\/02\/01\/la-secretaria-de-obras-publicas-se-refirio-a-distintas-obras-que-se-estan-realizando-en-el-distrito-videos-entrevistas\/"]}]},{"@type":"BreadcrumbList","@id":"https:\/\/www.celttv.com.ar\/index.php\/2019\/02\/01\/la-secretaria-de-obras-publicas-se-refirio-a-distintas-obras-que-se-estan-realizando-en-el-distrito-videos-entrevistas\/#breadcrumb","itemListElement":[{"@type":"ListItem","position":1,"name":"Inicio","item":"https:\/\/www.celttv.com.ar\/"},{"@type":"ListItem","position":2,"name":"LA SECRETARIA DE OBRAS P\u00daBLICAS SE REFIRI\u00d3 A DISTINTAS OBRAS QUE SE EST\u00c1N REALIZANDO EN EL DISTRITO (VIDEOS ENTREVISTAS)"}]},{"@type":"WebSite","@id":"https:\/\/www.celttv.com.ar\/#website","url":"https:\/\/www.celttv.com.ar\/","name":"CELTTV","description":"Cooperativa El\u00e9ctrica de Tornquist","publisher":{"@id":"https:\/\/www.celttv.com.ar\/#organization"},"potentialAction":[{"@type":"SearchAction","target":{"@type":"EntryPoint","urlTemplate":"https:\/\/www.celttv.com.ar\/?s={search_term_string}"},"query-input":"required name=search_term_string"}],"inLanguage":"es"},{"@type":"Organization","@id":"https:\/\/www.celttv.com.ar\/#organization","name":"CELTTV","url":"https:\/\/www.celttv.com.ar\/","sameAs":["https:\/\/www.youtube.com\/channel\/UCz_oIt8Hig64Ub-EmcNPIhg","https:\/\/www.facebook.com\/celtTV\/"],"logo":{"@type":"ImageObject","inLanguage":"es","@id":"https:\/\/www.celttv.com.ar\/#\/schema\/logo\/image\/","url":"http:\/\/www.celttv.com.ar\/wp-content\/uploads\/2022\/08\/logo-1.png","contentUrl":"http:\/\/www.celttv.com.ar\/wp-content\/uploads\/2022\/08\/logo-1.png","width":461,"height":159,"caption":"CELTTV"},"image":{"@id":"https:\/\/www.celttv.com.ar\/#\/schema\/logo\/image\/"}},{"@type":"Person","@id":"https:\/\/www.celttv.com.ar\/#\/schema\/person\/6d99c072dba59953809c81446e9d0ace","name":"ulises","image":{"@type":"ImageObject","inLanguage":"es","@id":"https:\/\/www.celttv.com.ar\/#\/schema\/person\/image\/","url":"https:\/\/secure.gravatar.com\/avatar\/7f2c48bdc33b30088f941fb6082e555f2874c98e20cb159d7b92b50eadfce793?s=96&d=mm&r=g","contentUrl":"https:\/\/secure.gravatar.com\/avatar\/7f2c48bdc33b30088f941fb6082e555f2874c98e20cb159d7b92b50eadfce793?s=96&d=mm&r=g","caption":"ulises"},"sameAs":["http:\/\/www.celttv.com.ar"]}]}},"_links":{"self":[{"href":"https:\/\/www.celttv.com.ar\/index.php\/wp-json\/wp\/v2\/posts\/39837","targetHints":{"allow":["GET"]}}],"collection":[{"href":"https:\/\/www.celttv.com.ar\/index.php\/wp-json\/wp\/v2\/posts"}],"about":[{"href":"https:\/\/www.celttv.com.ar\/index.php\/wp-json\/wp\/v2\/types\/post"}],"author":[{"embeddable":true,"href":"https:\/\/www.celttv.com.ar\/index.php\/wp-json\/wp\/v2\/users\/1"}],"replies":[{"embeddable":true,"href":"https:\/\/www.celttv.com.ar\/index.php\/wp-json\/wp\/v2\/comments?post=39837"}],"version-history":[{"count":0,"href":"https:\/\/www.celttv.com.ar\/index.php\/wp-json\/wp\/v2\/posts\/39837\/revisions"}],"wp:featuredmedia":[{"embeddable":true,"href":"https:\/\/www.celttv.com.ar\/index.php\/wp-json\/wp\/v2\/media\/39838"}],"wp:attachment":[{"href":"https:\/\/www.celttv.com.ar\/index.php\/wp-json\/wp\/v2\/media?parent=39837"}],"wp:term":[{"taxonomy":"category","embeddable":true,"href":"https:\/\/www.celttv.com.ar\/index.php\/wp-json\/wp\/v2\/categories?post=39837"},{"taxonomy":"post_tag","embeddable":true,"href":"https:\/\/www.celttv.com.ar\/index.php\/wp-json\/wp\/v2\/tags?post=39837"}],"curies":[{"name":"wp","href":"https:\/\/api.w.org\/{rel}","templated":true}]}}