{"id":39849,"date":"2019-02-01T14:42:39","date_gmt":"2019-02-01T14:42:39","guid":{"rendered":"http:\/\/www.celttv.com.ar\/?p=39849"},"modified":"2019-02-01T14:42:39","modified_gmt":"2019-02-01T14:42:39","slug":"aunque-el-fuego-esta-controlado-en-cerros-de-pringles-aun-continuan-los-trabajos","status":"publish","type":"post","link":"https:\/\/www.celttv.com.ar\/index.php\/2019\/02\/01\/aunque-el-fuego-esta-controlado-en-cerros-de-pringles-aun-continuan-los-trabajos\/","title":{"rendered":"Aunque el fuego est\u00e1 controlado en cerros de Pringles, a\u00fan contin\u00faan los trabajos"},"content":{"rendered":"<p>Hay nueve dotaciones de bomberos trabajando en el vecino distrito. Hablamos con el Jefe del Cuartel Fabi\u00e1n Rossi.<br \/>\nEn di\u00e1logo con nuestro medio el Jefe del cuerpo de bomberos de Coronel Pringles, Fabi\u00e1n Rossi afirm\u00f3 que pese a que el fuego est\u00e1 controlado en Cerros de Coronel Pringles, se contin\u00faa trabajando con varias dotaciones de la regi\u00f3n.<span id=\"more-28603\"><\/span><br \/>\nRecordemos que el fuego se inici\u00f3 a causa de la ca\u00edda de un rayo en un establecimiento cercano a la ruta 51.<\/p>\n<p>\u201cAyer a la tarde un rayo volvi\u00f3 a prender y cuando llegamos vi la magnitud del incendio, ten\u00eda varios flancos y tuvimos la colaboraci\u00f3n de Villa ventana, Tornquist que gracias a Mart\u00edn Haag env\u00edo personal. Tambi\u00e9n fueron de Dorrego, Cabildo, Ventana, Saldungaray, Pringles, Su\u00e1rez y Pig\u00fce.\u201d Indic\u00f3 Rossi.<\/p>\n<p>\u201cHab\u00eda un cerro de por medio y no ten\u00edamos pasada, est\u00e1bamos a unos 38 kil\u00f3metros para dar la vuelta y pudimos empezar a sofocar; ahora(En este momento) hab\u00eda un peque\u00f1o frente que ya lo estaban controlando y dej\u00e9 gente en guardia de cenizas\u201d<\/p>\n<p>\u201cEl incendio se ubica entre Capozo y la Estancia Santa Marta, est\u00e1 ubicado en el cuartel 4, comenz\u00f3 cerca de la ruta 51; se ingresa a ese sector por una escuelita. El fuego se propag\u00f3 por arriba de los cerros. Tuvimos suerte que hab\u00eda girasoles bien verdes. Hubo gente arriba del Cerro trabajando, cuando llegaron todos los cuarteles pudimos sofocar la parte m\u00e1s grande que era la cabeza del fuego.\u201d<\/p>\n<p>Respecto a la participaci\u00f3n del avi\u00f3n hidratante<\/p>\n<p>\u201cTodav\u00eda no actu\u00f3, Martin, (Haag) me lo ofreci\u00f3 adem\u00e1s de el avi\u00f3n de reconocimiento, pero vamos a esperar hasta el mediod\u00eda y ver si se complica, sobrevolar la zona y tomar otra decisi\u00f3n.Por ahora el fuego esta controlado, una vez que est\u00e9 sofocado, unas 48 horas despu\u00e9s de guardia ceniza ah\u00ed voy a dar por extinguido\u201d.Fuego controlado no significa que este apagado. Hoy el pron\u00f3stico da poco viento asi que se podr\u00eda volar con los aviones, tenemos varias a favor\u201d culmin\u00f3 Rossi.<\/p>\n<p>FUENTE: www.noticiasradioreflejos.com.ar<\/p>\n","protected":false},"excerpt":{"rendered":"<p>Hay nueve dotaciones de bomberos trabajando en el vecino distrito. Hablamos con el Jefe del Cuartel Fabi\u00e1n Rossi. En di\u00e1logo con nuestro medio el Jefe del cuerpo de bomberos de Coronel Pringles, Fabi\u00e1n Rossi afirm\u00f3 que pese a que el fuego est\u00e1 controlado en Cerros de Coronel Pringles, se contin\u00faa trabajando con varias dotaciones de [&hellip;]<\/p>\n","protected":false},"author":1,"featured_media":39850,"comment_status":"closed","ping_status":"open","sticky":false,"template":"","format":"standard","meta":{"footnotes":""},"categories":[55,51,52],"tags":[],"class_list":["post-39849","post","type-post","status-publish","format-standard","has-post-thumbnail","hentry","category-celt-tv-noticias","category-comunidad","category-destacadas"],"yoast_head":"<!-- This site is optimized with the Yoast SEO plugin v19.7.1 - https:\/\/yoast.com\/wordpress\/plugins\/seo\/ -->\n<title>Aunque el fuego est\u00e1 controlado en cerros de Pringles, a\u00fan contin\u00faan los trabajos - CELTTV<\/title>\n<meta name=\"description\" content=\"Sitio web de noticias de la localidad de Tornquist, provincia de Buenos Aires, Rep\u00fablica Argentina. Contenido propio originado por periodistas de CELTTV, el canal de TV local de la Cooperativa El\u00e9ctrica de Tornquist. Turismo, Pol\u00edtica, Sociedad, Deporte, Cultura y todo el contenido de inter\u00e9s general que la gente del pueblo y la regi\u00f3n debe conocer.\" \/>\n<meta name=\"robots\" content=\"index, follow, max-snippet:-1, max-image-preview:large, max-video-preview:-1\" \/>\n<link rel=\"canonical\" href=\"https:\/\/www.celttv.com.ar\/index.php\/2019\/02\/01\/aunque-el-fuego-esta-controlado-en-cerros-de-pringles-aun-continuan-los-trabajos\/\" \/>\n<meta property=\"og:locale\" content=\"es_ES\" \/>\n<meta property=\"og:type\" content=\"article\" \/>\n<meta property=\"og:title\" content=\"Aunque el fuego est\u00e1 controlado en cerros de Pringles, a\u00fan contin\u00faan los trabajos - CELTTV\" \/>\n<meta property=\"og:description\" content=\"Sitio web de noticias de la localidad de Tornquist, provincia de Buenos Aires, Rep\u00fablica Argentina. Contenido propio originado por periodistas de CELTTV, el canal de TV local de la Cooperativa El\u00e9ctrica de Tornquist. Turismo, Pol\u00edtica, Sociedad, Deporte, Cultura y todo el contenido de inter\u00e9s general que la gente del pueblo y la regi\u00f3n debe conocer.\" \/>\n<meta property=\"og:url\" content=\"https:\/\/www.celttv.com.ar\/index.php\/2019\/02\/01\/aunque-el-fuego-esta-controlado-en-cerros-de-pringles-aun-continuan-los-trabajos\/\" \/>\n<meta property=\"og:site_name\" content=\"CELTTV\" \/>\n<meta property=\"article:publisher\" content=\"https:\/\/www.facebook.com\/celtTV\/\" \/>\n<meta property=\"article:published_time\" content=\"2019-02-01T14:42:39+00:00\" \/>\n<meta property=\"og:image\" content=\"https:\/\/www.celttv.com.ar\/wp-content\/uploads\/2019\/02\/tsqnzxop1kkihc5058ip.jpg\" \/>\n\t<meta property=\"og:image:width\" content=\"768\" \/>\n\t<meta property=\"og:image:height\" content=\"383\" \/>\n\t<meta property=\"og:image:type\" content=\"image\/jpeg\" \/>\n<meta name=\"author\" content=\"ulises\" \/>\n<meta name=\"twitter:card\" content=\"summary_large_image\" \/>\n<meta name=\"twitter:label1\" content=\"Escrito por\" \/>\n\t<meta name=\"twitter:data1\" content=\"ulises\" \/>\n\t<meta name=\"twitter:label2\" content=\"Tiempo de lectura\" \/>\n\t<meta name=\"twitter:data2\" content=\"2 minutos\" \/>\n<script type=\"application\/ld+json\" class=\"yoast-schema-graph\">{\"@context\":\"https:\/\/schema.org\",\"@graph\":[{\"@type\":\"NewsArticle\",\"@id\":\"https:\/\/www.celttv.com.ar\/index.php\/2019\/02\/01\/aunque-el-fuego-esta-controlado-en-cerros-de-pringles-aun-continuan-los-trabajos\/#article\",\"isPartOf\":{\"@id\":\"https:\/\/www.celttv.com.ar\/index.php\/2019\/02\/01\/aunque-el-fuego-esta-controlado-en-cerros-de-pringles-aun-continuan-los-trabajos\/\"},\"author\":{\"name\":\"ulises\",\"@id\":\"https:\/\/www.celttv.com.ar\/#\/schema\/person\/6d99c072dba59953809c81446e9d0ace\"},\"headline\":\"Aunque el fuego est\u00e1 controlado en cerros de Pringles, a\u00fan contin\u00faan los trabajos\",\"datePublished\":\"2019-02-01T14:42:39+00:00\",\"dateModified\":\"2019-02-01T14:42:39+00:00\",\"mainEntityOfPage\":{\"@id\":\"https:\/\/www.celttv.com.ar\/index.php\/2019\/02\/01\/aunque-el-fuego-esta-controlado-en-cerros-de-pringles-aun-continuan-los-trabajos\/\"},\"wordCount\":378,\"publisher\":{\"@id\":\"https:\/\/www.celttv.com.ar\/#organization\"},\"articleSection\":[\"Celt TV Noticias\",\"Comunidad\",\"Destacadas\"],\"inLanguage\":\"es\"},{\"@type\":\"WebPage\",\"@id\":\"https:\/\/www.celttv.com.ar\/index.php\/2019\/02\/01\/aunque-el-fuego-esta-controlado-en-cerros-de-pringles-aun-continuan-los-trabajos\/\",\"url\":\"https:\/\/www.celttv.com.ar\/index.php\/2019\/02\/01\/aunque-el-fuego-esta-controlado-en-cerros-de-pringles-aun-continuan-los-trabajos\/\",\"name\":\"Aunque el fuego est\u00e1 controlado en cerros de Pringles, a\u00fan contin\u00faan los trabajos - CELTTV\",\"isPartOf\":{\"@id\":\"https:\/\/www.celttv.com.ar\/#website\"},\"datePublished\":\"2019-02-01T14:42:39+00:00\",\"dateModified\":\"2019-02-01T14:42:39+00:00\",\"description\":\"Sitio web de noticias de la localidad de Tornquist, provincia de Buenos Aires, Rep\u00fablica Argentina. Contenido propio originado por periodistas de CELTTV, el canal de TV local de la Cooperativa El\u00e9ctrica de Tornquist. Turismo, Pol\u00edtica, Sociedad, Deporte, Cultura y todo el contenido de inter\u00e9s general que la gente del pueblo y la regi\u00f3n debe conocer.\",\"breadcrumb\":{\"@id\":\"https:\/\/www.celttv.com.ar\/index.php\/2019\/02\/01\/aunque-el-fuego-esta-controlado-en-cerros-de-pringles-aun-continuan-los-trabajos\/#breadcrumb\"},\"inLanguage\":\"es\",\"potentialAction\":[{\"@type\":\"ReadAction\",\"target\":[\"https:\/\/www.celttv.com.ar\/index.php\/2019\/02\/01\/aunque-el-fuego-esta-controlado-en-cerros-de-pringles-aun-continuan-los-trabajos\/\"]}]},{\"@type\":\"BreadcrumbList\",\"@id\":\"https:\/\/www.celttv.com.ar\/index.php\/2019\/02\/01\/aunque-el-fuego-esta-controlado-en-cerros-de-pringles-aun-continuan-los-trabajos\/#breadcrumb\",\"itemListElement\":[{\"@type\":\"ListItem\",\"position\":1,\"name\":\"Inicio\",\"item\":\"https:\/\/www.celttv.com.ar\/\"},{\"@type\":\"ListItem\",\"position\":2,\"name\":\"Aunque el fuego est\u00e1 controlado en cerros de Pringles, a\u00fan contin\u00faan los trabajos\"}]},{\"@type\":\"WebSite\",\"@id\":\"https:\/\/www.celttv.com.ar\/#website\",\"url\":\"https:\/\/www.celttv.com.ar\/\",\"name\":\"CELTTV\",\"description\":\"Cooperativa El\u00e9ctrica de Tornquist\",\"publisher\":{\"@id\":\"https:\/\/www.celttv.com.ar\/#organization\"},\"potentialAction\":[{\"@type\":\"SearchAction\",\"target\":{\"@type\":\"EntryPoint\",\"urlTemplate\":\"https:\/\/www.celttv.com.ar\/?s={search_term_string}\"},\"query-input\":\"required name=search_term_string\"}],\"inLanguage\":\"es\"},{\"@type\":\"Organization\",\"@id\":\"https:\/\/www.celttv.com.ar\/#organization\",\"name\":\"CELTTV\",\"url\":\"https:\/\/www.celttv.com.ar\/\",\"sameAs\":[\"https:\/\/www.youtube.com\/channel\/UCz_oIt8Hig64Ub-EmcNPIhg\",\"https:\/\/www.facebook.com\/celtTV\/\"],\"logo\":{\"@type\":\"ImageObject\",\"inLanguage\":\"es\",\"@id\":\"https:\/\/www.celttv.com.ar\/#\/schema\/logo\/image\/\",\"url\":\"http:\/\/www.celttv.com.ar\/wp-content\/uploads\/2022\/08\/logo-1.png\",\"contentUrl\":\"http:\/\/www.celttv.com.ar\/wp-content\/uploads\/2022\/08\/logo-1.png\",\"width\":461,\"height\":159,\"caption\":\"CELTTV\"},\"image\":{\"@id\":\"https:\/\/www.celttv.com.ar\/#\/schema\/logo\/image\/\"}},{\"@type\":\"Person\",\"@id\":\"https:\/\/www.celttv.com.ar\/#\/schema\/person\/6d99c072dba59953809c81446e9d0ace\",\"name\":\"ulises\",\"image\":{\"@type\":\"ImageObject\",\"inLanguage\":\"es\",\"@id\":\"https:\/\/www.celttv.com.ar\/#\/schema\/person\/image\/\",\"url\":\"https:\/\/secure.gravatar.com\/avatar\/7f2c48bdc33b30088f941fb6082e555f2874c98e20cb159d7b92b50eadfce793?s=96&d=mm&r=g\",\"contentUrl\":\"https:\/\/secure.gravatar.com\/avatar\/7f2c48bdc33b30088f941fb6082e555f2874c98e20cb159d7b92b50eadfce793?s=96&d=mm&r=g\",\"caption\":\"ulises\"},\"sameAs\":[\"http:\/\/www.celttv.com.ar\"]}]}<\/script>\n<!-- \/ Yoast SEO plugin. -->","yoast_head_json":{"title":"Aunque el fuego est\u00e1 controlado en cerros de Pringles, a\u00fan contin\u00faan los trabajos - CELTTV","description":"Sitio web de noticias de la localidad de Tornquist, provincia de Buenos Aires, Rep\u00fablica Argentina. Contenido propio originado por periodistas de CELTTV, el canal de TV local de la Cooperativa El\u00e9ctrica de Tornquist. Turismo, Pol\u00edtica, Sociedad, Deporte, Cultura y todo el contenido de inter\u00e9s general que la gente del pueblo y la regi\u00f3n debe conocer.","robots":{"index":"index","follow":"follow","max-snippet":"max-snippet:-1","max-image-preview":"max-image-preview:large","max-video-preview":"max-video-preview:-1"},"canonical":"https:\/\/www.celttv.com.ar\/index.php\/2019\/02\/01\/aunque-el-fuego-esta-controlado-en-cerros-de-pringles-aun-continuan-los-trabajos\/","og_locale":"es_ES","og_type":"article","og_title":"Aunque el fuego est\u00e1 controlado en cerros de Pringles, a\u00fan contin\u00faan los trabajos - CELTTV","og_description":"Sitio web de noticias de la localidad de Tornquist, provincia de Buenos Aires, Rep\u00fablica Argentina. Contenido propio originado por periodistas de CELTTV, el canal de TV local de la Cooperativa El\u00e9ctrica de Tornquist. Turismo, Pol\u00edtica, Sociedad, Deporte, Cultura y todo el contenido de inter\u00e9s general que la gente del pueblo y la regi\u00f3n debe conocer.","og_url":"https:\/\/www.celttv.com.ar\/index.php\/2019\/02\/01\/aunque-el-fuego-esta-controlado-en-cerros-de-pringles-aun-continuan-los-trabajos\/","og_site_name":"CELTTV","article_publisher":"https:\/\/www.facebook.com\/celtTV\/","article_published_time":"2019-02-01T14:42:39+00:00","og_image":[{"width":768,"height":383,"url":"https:\/\/www.celttv.com.ar\/wp-content\/uploads\/2019\/02\/tsqnzxop1kkihc5058ip.jpg","type":"image\/jpeg"}],"author":"ulises","twitter_card":"summary_large_image","twitter_misc":{"Escrito por":"ulises","Tiempo de lectura":"2 minutos"},"schema":{"@context":"https:\/\/schema.org","@graph":[{"@type":"NewsArticle","@id":"https:\/\/www.celttv.com.ar\/index.php\/2019\/02\/01\/aunque-el-fuego-esta-controlado-en-cerros-de-pringles-aun-continuan-los-trabajos\/#article","isPartOf":{"@id":"https:\/\/www.celttv.com.ar\/index.php\/2019\/02\/01\/aunque-el-fuego-esta-controlado-en-cerros-de-pringles-aun-continuan-los-trabajos\/"},"author":{"name":"ulises","@id":"https:\/\/www.celttv.com.ar\/#\/schema\/person\/6d99c072dba59953809c81446e9d0ace"},"headline":"Aunque el fuego est\u00e1 controlado en cerros de Pringles, a\u00fan contin\u00faan los trabajos","datePublished":"2019-02-01T14:42:39+00:00","dateModified":"2019-02-01T14:42:39+00:00","mainEntityOfPage":{"@id":"https:\/\/www.celttv.com.ar\/index.php\/2019\/02\/01\/aunque-el-fuego-esta-controlado-en-cerros-de-pringles-aun-continuan-los-trabajos\/"},"wordCount":378,"publisher":{"@id":"https:\/\/www.celttv.com.ar\/#organization"},"articleSection":["Celt TV Noticias","Comunidad","Destacadas"],"inLanguage":"es"},{"@type":"WebPage","@id":"https:\/\/www.celttv.com.ar\/index.php\/2019\/02\/01\/aunque-el-fuego-esta-controlado-en-cerros-de-pringles-aun-continuan-los-trabajos\/","url":"https:\/\/www.celttv.com.ar\/index.php\/2019\/02\/01\/aunque-el-fuego-esta-controlado-en-cerros-de-pringles-aun-continuan-los-trabajos\/","name":"Aunque el fuego est\u00e1 controlado en cerros de Pringles, a\u00fan contin\u00faan los trabajos - CELTTV","isPartOf":{"@id":"https:\/\/www.celttv.com.ar\/#website"},"datePublished":"2019-02-01T14:42:39+00:00","dateModified":"2019-02-01T14:42:39+00:00","description":"Sitio web de noticias de la localidad de Tornquist, provincia de Buenos Aires, Rep\u00fablica Argentina. Contenido propio originado por periodistas de CELTTV, el canal de TV local de la Cooperativa El\u00e9ctrica de Tornquist. Turismo, Pol\u00edtica, Sociedad, Deporte, Cultura y todo el contenido de inter\u00e9s general que la gente del pueblo y la regi\u00f3n debe conocer.","breadcrumb":{"@id":"https:\/\/www.celttv.com.ar\/index.php\/2019\/02\/01\/aunque-el-fuego-esta-controlado-en-cerros-de-pringles-aun-continuan-los-trabajos\/#breadcrumb"},"inLanguage":"es","potentialAction":[{"@type":"ReadAction","target":["https:\/\/www.celttv.com.ar\/index.php\/2019\/02\/01\/aunque-el-fuego-esta-controlado-en-cerros-de-pringles-aun-continuan-los-trabajos\/"]}]},{"@type":"BreadcrumbList","@id":"https:\/\/www.celttv.com.ar\/index.php\/2019\/02\/01\/aunque-el-fuego-esta-controlado-en-cerros-de-pringles-aun-continuan-los-trabajos\/#breadcrumb","itemListElement":[{"@type":"ListItem","position":1,"name":"Inicio","item":"https:\/\/www.celttv.com.ar\/"},{"@type":"ListItem","position":2,"name":"Aunque el fuego est\u00e1 controlado en cerros de Pringles, a\u00fan contin\u00faan los trabajos"}]},{"@type":"WebSite","@id":"https:\/\/www.celttv.com.ar\/#website","url":"https:\/\/www.celttv.com.ar\/","name":"CELTTV","description":"Cooperativa El\u00e9ctrica de Tornquist","publisher":{"@id":"https:\/\/www.celttv.com.ar\/#organization"},"potentialAction":[{"@type":"SearchAction","target":{"@type":"EntryPoint","urlTemplate":"https:\/\/www.celttv.com.ar\/?s={search_term_string}"},"query-input":"required name=search_term_string"}],"inLanguage":"es"},{"@type":"Organization","@id":"https:\/\/www.celttv.com.ar\/#organization","name":"CELTTV","url":"https:\/\/www.celttv.com.ar\/","sameAs":["https:\/\/www.youtube.com\/channel\/UCz_oIt8Hig64Ub-EmcNPIhg","https:\/\/www.facebook.com\/celtTV\/"],"logo":{"@type":"ImageObject","inLanguage":"es","@id":"https:\/\/www.celttv.com.ar\/#\/schema\/logo\/image\/","url":"http:\/\/www.celttv.com.ar\/wp-content\/uploads\/2022\/08\/logo-1.png","contentUrl":"http:\/\/www.celttv.com.ar\/wp-content\/uploads\/2022\/08\/logo-1.png","width":461,"height":159,"caption":"CELTTV"},"image":{"@id":"https:\/\/www.celttv.com.ar\/#\/schema\/logo\/image\/"}},{"@type":"Person","@id":"https:\/\/www.celttv.com.ar\/#\/schema\/person\/6d99c072dba59953809c81446e9d0ace","name":"ulises","image":{"@type":"ImageObject","inLanguage":"es","@id":"https:\/\/www.celttv.com.ar\/#\/schema\/person\/image\/","url":"https:\/\/secure.gravatar.com\/avatar\/7f2c48bdc33b30088f941fb6082e555f2874c98e20cb159d7b92b50eadfce793?s=96&d=mm&r=g","contentUrl":"https:\/\/secure.gravatar.com\/avatar\/7f2c48bdc33b30088f941fb6082e555f2874c98e20cb159d7b92b50eadfce793?s=96&d=mm&r=g","caption":"ulises"},"sameAs":["http:\/\/www.celttv.com.ar"]}]}},"_links":{"self":[{"href":"https:\/\/www.celttv.com.ar\/index.php\/wp-json\/wp\/v2\/posts\/39849","targetHints":{"allow":["GET"]}}],"collection":[{"href":"https:\/\/www.celttv.com.ar\/index.php\/wp-json\/wp\/v2\/posts"}],"about":[{"href":"https:\/\/www.celttv.com.ar\/index.php\/wp-json\/wp\/v2\/types\/post"}],"author":[{"embeddable":true,"href":"https:\/\/www.celttv.com.ar\/index.php\/wp-json\/wp\/v2\/users\/1"}],"replies":[{"embeddable":true,"href":"https:\/\/www.celttv.com.ar\/index.php\/wp-json\/wp\/v2\/comments?post=39849"}],"version-history":[{"count":0,"href":"https:\/\/www.celttv.com.ar\/index.php\/wp-json\/wp\/v2\/posts\/39849\/revisions"}],"wp:featuredmedia":[{"embeddable":true,"href":"https:\/\/www.celttv.com.ar\/index.php\/wp-json\/wp\/v2\/media\/39850"}],"wp:attachment":[{"href":"https:\/\/www.celttv.com.ar\/index.php\/wp-json\/wp\/v2\/media?parent=39849"}],"wp:term":[{"taxonomy":"category","embeddable":true,"href":"https:\/\/www.celttv.com.ar\/index.php\/wp-json\/wp\/v2\/categories?post=39849"},{"taxonomy":"post_tag","embeddable":true,"href":"https:\/\/www.celttv.com.ar\/index.php\/wp-json\/wp\/v2\/tags?post=39849"}],"curies":[{"name":"wp","href":"https:\/\/api.w.org\/{rel}","templated":true}]}}