{"id":3988,"date":"2011-12-23T14:25:21","date_gmt":"2011-12-23T14:25:21","guid":{"rendered":"http:\/\/www.tvcnoticias.com.ar\/?p=3988"},"modified":"2011-12-23T14:25:21","modified_gmt":"2011-12-23T14:25:21","slug":"continuan-las-tareas-de-restauracion-en-el-basamento-del-edificio-palacio-municipal","status":"publish","type":"post","link":"https:\/\/www.celttv.com.ar\/index.php\/2011\/12\/23\/continuan-las-tareas-de-restauracion-en-el-basamento-del-edificio-palacio-municipal\/","title":{"rendered":"CONTINUAN LAS TAREAS DE RESTAURACION EN EL BASAMENTO DEL EDIFICIO PALACIO MUNICIPAL"},"content":{"rendered":"<p><img loading=\"lazy\" decoding=\"async\" class=\"aligncenter size-full wp-image-3989\" title=\"EDIFICIO 5 (Small)\" src=\"http:\/\/www.tvcnoticias.com.ar\/wp-content\/uploads\/2011\/12\/EDIFICIO-5-Small.jpg\" alt=\"\" width=\"360\" height=\"480\" \/><br \/>\n<img loading=\"lazy\" decoding=\"async\" class=\"aligncenter size-full wp-image-3990\" title=\"EDIFICIO 4 (Small)\" src=\"http:\/\/www.tvcnoticias.com.ar\/wp-content\/uploads\/2011\/12\/EDIFICIO-4-Small.jpg\" alt=\"\" width=\"640\" height=\"480\" \/><br \/>\n<img loading=\"lazy\" decoding=\"async\" class=\"aligncenter size-full wp-image-3991\" title=\"EDIFICIO 3 (Small)\" src=\"http:\/\/www.tvcnoticias.com.ar\/wp-content\/uploads\/2011\/12\/EDIFICIO-3-Small.jpg\" alt=\"\" width=\"640\" height=\"480\" \/><br \/>\n<img loading=\"lazy\" decoding=\"async\" class=\"aligncenter size-full wp-image-3992\" title=\"EDIFICIO 2 (Small)\" src=\"http:\/\/www.tvcnoticias.com.ar\/wp-content\/uploads\/2011\/12\/EDIFICIO-2-Small.jpg\" alt=\"\" width=\"360\" height=\"480\" \/><br \/>\n<img loading=\"lazy\" decoding=\"async\" class=\"aligncenter size-full wp-image-3993\" title=\"EDIFICIO 1 (Small)\" src=\"http:\/\/www.tvcnoticias.com.ar\/wp-content\/uploads\/2011\/12\/EDIFICIO-1-Small.jpg\" alt=\"\" width=\"360\" height=\"480\" \/><br \/>\nDurante el transcurso de la semana se dio por finalizada la primera etapa de obras vinculadas a la restauraci\u00f3n del basamento del Edificio Palacio Municipal.-<br \/>\nLas obras realizadas consistieron en trabajos de consolidaci\u00f3n, freno de los procesos de deterioro y preparaci\u00f3n de la superficie para la posterior aplicaci\u00f3n del nuevo enlucido de S\u00edmil Piedra Par\u00eds.-<br \/>\nA manera de resumen, puede informarse que las tareas realizadas fueron las siguientes:<br \/>\n&#8211; Tratamiento de los revoques y reposici\u00f3n de sectores en mal estado.-<br \/>\n&#8211; Tratamiento de grietas y fisuras.-<br \/>\n&#8211; Tratamiento de hierros expuestos.-<br \/>\n&#8211; Revoques en muros de carga sobre losas.-<br \/>\n&#8211; Reparaci\u00f3n de juntas de cemento sobre relieve fracturadas, en sectores de revestimiento de lajas del basamento.-\u00a0\u00a0\u00a0\u00a0<br \/>\nAsimismo, y como \u00faltimas tareas ejecutadas, se realizaron las canalizaciones necesarias para el posterior tendido de cableado el\u00e9ctrico, acorde al Proyecto de Iluminaci\u00f3n de la fachada del edificio elaborado por la Empresa Contratista, \u00edtem incluido en el Pliego de Bases y Condiciones objeto del proceso licitatorio realizado para la contrataci\u00f3n de estas obras.-<br \/>\nA manera de adelanto, puede mencionarse que el referido proyecto tiene como premisa realzar (a trav\u00e9s de la incorporaci\u00f3n de iluminaci\u00f3n general o localizada), aquellos sectores de la fachada del edificio que constituyen las principales singularidades que caracterizan a las obras del reconocido profesional Arq. Ing. Francisco Salamone y, en especial, a nuestro Edificio Palacio Municipal (molduras, linealidades y objetos destacados).-<br \/>\nCabe recordar que estas tareas fueron realizadas en el marco un Convenio firmado entre el Sr. Intendente Municipal Lic. Gustavo Trankels y la Subsecretar\u00eda de Desarrollo Urbano y Vivienda dependiente del Ministerio de Planificaci\u00f3n Federal, Inversi\u00f3n P\u00fablica y Servicios, en el marco del Programa de Mejoramiento Habitacional e Infraestructura B\u00e1sica II (PROMHIB II).-<\/p>\n","protected":false},"excerpt":{"rendered":"<p>Durante el transcurso de la semana se dio por finalizada la primera etapa de obras vinculadas a la restauraci\u00f3n del basamento del Edificio Palacio Municipal.- Las obras realizadas consistieron en trabajos de consolidaci\u00f3n, freno de los procesos de deterioro y preparaci\u00f3n de la superficie para la posterior aplicaci\u00f3n del nuevo enlucido de S\u00edmil Piedra Par\u00eds.- [&hellip;]<\/p>\n","protected":false},"author":1,"featured_media":0,"comment_status":"open","ping_status":"open","sticky":false,"template":"","format":"standard","meta":{"footnotes":""},"categories":[51,52,53],"tags":[],"class_list":["post-3988","post","type-post","status-publish","format-standard","hentry","category-comunidad","category-destacadas","category-politica"],"yoast_head":"<!-- This site is optimized with the Yoast SEO plugin v19.7.1 - https:\/\/yoast.com\/wordpress\/plugins\/seo\/ -->\n<title>CONTINUAN LAS TAREAS DE RESTAURACION EN EL BASAMENTO DEL EDIFICIO PALACIO MUNICIPAL - CELTTV<\/title>\n<meta name=\"description\" content=\"Sitio web de noticias de la localidad de Tornquist, provincia de Buenos Aires, Rep\u00fablica Argentina. Contenido propio originado por periodistas de CELTTV, el canal de TV local de la Cooperativa El\u00e9ctrica de Tornquist. Turismo, Pol\u00edtica, Sociedad, Deporte, Cultura y todo el contenido de inter\u00e9s general que la gente del pueblo y la regi\u00f3n debe conocer.\" \/>\n<meta name=\"robots\" content=\"index, follow, max-snippet:-1, max-image-preview:large, max-video-preview:-1\" \/>\n<link rel=\"canonical\" href=\"https:\/\/www.celttv.com.ar\/index.php\/2011\/12\/23\/continuan-las-tareas-de-restauracion-en-el-basamento-del-edificio-palacio-municipal\/\" \/>\n<meta property=\"og:locale\" content=\"es_ES\" \/>\n<meta property=\"og:type\" content=\"article\" \/>\n<meta property=\"og:title\" content=\"CONTINUAN LAS TAREAS DE RESTAURACION EN EL BASAMENTO DEL EDIFICIO PALACIO MUNICIPAL - CELTTV\" \/>\n<meta property=\"og:description\" content=\"Sitio web de noticias de la localidad de Tornquist, provincia de Buenos Aires, Rep\u00fablica Argentina. Contenido propio originado por periodistas de CELTTV, el canal de TV local de la Cooperativa El\u00e9ctrica de Tornquist. Turismo, Pol\u00edtica, Sociedad, Deporte, Cultura y todo el contenido de inter\u00e9s general que la gente del pueblo y la regi\u00f3n debe conocer.\" \/>\n<meta property=\"og:url\" content=\"https:\/\/www.celttv.com.ar\/index.php\/2011\/12\/23\/continuan-las-tareas-de-restauracion-en-el-basamento-del-edificio-palacio-municipal\/\" \/>\n<meta property=\"og:site_name\" content=\"CELTTV\" \/>\n<meta property=\"article:publisher\" content=\"https:\/\/www.facebook.com\/celtTV\/\" \/>\n<meta property=\"article:published_time\" content=\"2011-12-23T14:25:21+00:00\" \/>\n<meta property=\"og:image\" content=\"http:\/\/www.tvcnoticias.com.ar\/wp-content\/uploads\/2011\/12\/EDIFICIO-5-Small.jpg\" \/>\n<meta name=\"author\" content=\"ulises\" \/>\n<meta name=\"twitter:card\" content=\"summary_large_image\" \/>\n<meta name=\"twitter:label1\" content=\"Escrito por\" \/>\n\t<meta name=\"twitter:data1\" content=\"ulises\" \/>\n\t<meta name=\"twitter:label2\" content=\"Tiempo de lectura\" \/>\n\t<meta name=\"twitter:data2\" content=\"2 minutos\" \/>\n<script type=\"application\/ld+json\" class=\"yoast-schema-graph\">{\"@context\":\"https:\/\/schema.org\",\"@graph\":[{\"@type\":\"NewsArticle\",\"@id\":\"https:\/\/www.celttv.com.ar\/index.php\/2011\/12\/23\/continuan-las-tareas-de-restauracion-en-el-basamento-del-edificio-palacio-municipal\/#article\",\"isPartOf\":{\"@id\":\"https:\/\/www.celttv.com.ar\/index.php\/2011\/12\/23\/continuan-las-tareas-de-restauracion-en-el-basamento-del-edificio-palacio-municipal\/\"},\"author\":{\"name\":\"ulises\",\"@id\":\"https:\/\/www.celttv.com.ar\/#\/schema\/person\/6d99c072dba59953809c81446e9d0ace\"},\"headline\":\"CONTINUAN LAS TAREAS DE RESTAURACION EN EL BASAMENTO DEL EDIFICIO PALACIO MUNICIPAL\",\"datePublished\":\"2011-12-23T14:25:21+00:00\",\"dateModified\":\"2011-12-23T14:25:21+00:00\",\"mainEntityOfPage\":{\"@id\":\"https:\/\/www.celttv.com.ar\/index.php\/2011\/12\/23\/continuan-las-tareas-de-restauracion-en-el-basamento-del-edificio-palacio-municipal\/\"},\"wordCount\":323,\"commentCount\":0,\"publisher\":{\"@id\":\"https:\/\/www.celttv.com.ar\/#organization\"},\"articleSection\":[\"Comunidad\",\"Destacadas\",\"Pol\u00edtica\"],\"inLanguage\":\"es\"},{\"@type\":\"WebPage\",\"@id\":\"https:\/\/www.celttv.com.ar\/index.php\/2011\/12\/23\/continuan-las-tareas-de-restauracion-en-el-basamento-del-edificio-palacio-municipal\/\",\"url\":\"https:\/\/www.celttv.com.ar\/index.php\/2011\/12\/23\/continuan-las-tareas-de-restauracion-en-el-basamento-del-edificio-palacio-municipal\/\",\"name\":\"CONTINUAN LAS TAREAS DE RESTAURACION EN EL BASAMENTO DEL EDIFICIO PALACIO MUNICIPAL - CELTTV\",\"isPartOf\":{\"@id\":\"https:\/\/www.celttv.com.ar\/#website\"},\"datePublished\":\"2011-12-23T14:25:21+00:00\",\"dateModified\":\"2011-12-23T14:25:21+00:00\",\"description\":\"Sitio web de noticias de la localidad de Tornquist, provincia de Buenos Aires, Rep\u00fablica Argentina. Contenido propio originado por periodistas de CELTTV, el canal de TV local de la Cooperativa El\u00e9ctrica de Tornquist. Turismo, Pol\u00edtica, Sociedad, Deporte, Cultura y todo el contenido de inter\u00e9s general que la gente del pueblo y la regi\u00f3n debe conocer.\",\"breadcrumb\":{\"@id\":\"https:\/\/www.celttv.com.ar\/index.php\/2011\/12\/23\/continuan-las-tareas-de-restauracion-en-el-basamento-del-edificio-palacio-municipal\/#breadcrumb\"},\"inLanguage\":\"es\",\"potentialAction\":[{\"@type\":\"ReadAction\",\"target\":[\"https:\/\/www.celttv.com.ar\/index.php\/2011\/12\/23\/continuan-las-tareas-de-restauracion-en-el-basamento-del-edificio-palacio-municipal\/\"]}]},{\"@type\":\"BreadcrumbList\",\"@id\":\"https:\/\/www.celttv.com.ar\/index.php\/2011\/12\/23\/continuan-las-tareas-de-restauracion-en-el-basamento-del-edificio-palacio-municipal\/#breadcrumb\",\"itemListElement\":[{\"@type\":\"ListItem\",\"position\":1,\"name\":\"Inicio\",\"item\":\"https:\/\/www.celttv.com.ar\/\"},{\"@type\":\"ListItem\",\"position\":2,\"name\":\"CONTINUAN LAS TAREAS DE RESTAURACION EN EL BASAMENTO DEL EDIFICIO PALACIO MUNICIPAL\"}]},{\"@type\":\"WebSite\",\"@id\":\"https:\/\/www.celttv.com.ar\/#website\",\"url\":\"https:\/\/www.celttv.com.ar\/\",\"name\":\"CELTTV\",\"description\":\"Cooperativa El\u00e9ctrica de Tornquist\",\"publisher\":{\"@id\":\"https:\/\/www.celttv.com.ar\/#organization\"},\"potentialAction\":[{\"@type\":\"SearchAction\",\"target\":{\"@type\":\"EntryPoint\",\"urlTemplate\":\"https:\/\/www.celttv.com.ar\/?s={search_term_string}\"},\"query-input\":\"required name=search_term_string\"}],\"inLanguage\":\"es\"},{\"@type\":\"Organization\",\"@id\":\"https:\/\/www.celttv.com.ar\/#organization\",\"name\":\"CELTTV\",\"url\":\"https:\/\/www.celttv.com.ar\/\",\"sameAs\":[\"https:\/\/www.youtube.com\/channel\/UCz_oIt8Hig64Ub-EmcNPIhg\",\"https:\/\/www.facebook.com\/celtTV\/\"],\"logo\":{\"@type\":\"ImageObject\",\"inLanguage\":\"es\",\"@id\":\"https:\/\/www.celttv.com.ar\/#\/schema\/logo\/image\/\",\"url\":\"http:\/\/www.celttv.com.ar\/wp-content\/uploads\/2022\/08\/logo-1.png\",\"contentUrl\":\"http:\/\/www.celttv.com.ar\/wp-content\/uploads\/2022\/08\/logo-1.png\",\"width\":461,\"height\":159,\"caption\":\"CELTTV\"},\"image\":{\"@id\":\"https:\/\/www.celttv.com.ar\/#\/schema\/logo\/image\/\"}},{\"@type\":\"Person\",\"@id\":\"https:\/\/www.celttv.com.ar\/#\/schema\/person\/6d99c072dba59953809c81446e9d0ace\",\"name\":\"ulises\",\"image\":{\"@type\":\"ImageObject\",\"inLanguage\":\"es\",\"@id\":\"https:\/\/www.celttv.com.ar\/#\/schema\/person\/image\/\",\"url\":\"https:\/\/secure.gravatar.com\/avatar\/7f2c48bdc33b30088f941fb6082e555f2874c98e20cb159d7b92b50eadfce793?s=96&d=mm&r=g\",\"contentUrl\":\"https:\/\/secure.gravatar.com\/avatar\/7f2c48bdc33b30088f941fb6082e555f2874c98e20cb159d7b92b50eadfce793?s=96&d=mm&r=g\",\"caption\":\"ulises\"},\"sameAs\":[\"http:\/\/www.celttv.com.ar\"]}]}<\/script>\n<!-- \/ Yoast SEO plugin. -->","yoast_head_json":{"title":"CONTINUAN LAS TAREAS DE RESTAURACION EN EL BASAMENTO DEL EDIFICIO PALACIO MUNICIPAL - CELTTV","description":"Sitio web de noticias de la localidad de Tornquist, provincia de Buenos Aires, Rep\u00fablica Argentina. Contenido propio originado por periodistas de CELTTV, el canal de TV local de la Cooperativa El\u00e9ctrica de Tornquist. Turismo, Pol\u00edtica, Sociedad, Deporte, Cultura y todo el contenido de inter\u00e9s general que la gente del pueblo y la regi\u00f3n debe conocer.","robots":{"index":"index","follow":"follow","max-snippet":"max-snippet:-1","max-image-preview":"max-image-preview:large","max-video-preview":"max-video-preview:-1"},"canonical":"https:\/\/www.celttv.com.ar\/index.php\/2011\/12\/23\/continuan-las-tareas-de-restauracion-en-el-basamento-del-edificio-palacio-municipal\/","og_locale":"es_ES","og_type":"article","og_title":"CONTINUAN LAS TAREAS DE RESTAURACION EN EL BASAMENTO DEL EDIFICIO PALACIO MUNICIPAL - CELTTV","og_description":"Sitio web de noticias de la localidad de Tornquist, provincia de Buenos Aires, Rep\u00fablica Argentina. Contenido propio originado por periodistas de CELTTV, el canal de TV local de la Cooperativa El\u00e9ctrica de Tornquist. Turismo, Pol\u00edtica, Sociedad, Deporte, Cultura y todo el contenido de inter\u00e9s general que la gente del pueblo y la regi\u00f3n debe conocer.","og_url":"https:\/\/www.celttv.com.ar\/index.php\/2011\/12\/23\/continuan-las-tareas-de-restauracion-en-el-basamento-del-edificio-palacio-municipal\/","og_site_name":"CELTTV","article_publisher":"https:\/\/www.facebook.com\/celtTV\/","article_published_time":"2011-12-23T14:25:21+00:00","og_image":[{"url":"http:\/\/www.tvcnoticias.com.ar\/wp-content\/uploads\/2011\/12\/EDIFICIO-5-Small.jpg"}],"author":"ulises","twitter_card":"summary_large_image","twitter_misc":{"Escrito por":"ulises","Tiempo de lectura":"2 minutos"},"schema":{"@context":"https:\/\/schema.org","@graph":[{"@type":"NewsArticle","@id":"https:\/\/www.celttv.com.ar\/index.php\/2011\/12\/23\/continuan-las-tareas-de-restauracion-en-el-basamento-del-edificio-palacio-municipal\/#article","isPartOf":{"@id":"https:\/\/www.celttv.com.ar\/index.php\/2011\/12\/23\/continuan-las-tareas-de-restauracion-en-el-basamento-del-edificio-palacio-municipal\/"},"author":{"name":"ulises","@id":"https:\/\/www.celttv.com.ar\/#\/schema\/person\/6d99c072dba59953809c81446e9d0ace"},"headline":"CONTINUAN LAS TAREAS DE RESTAURACION EN EL BASAMENTO DEL EDIFICIO PALACIO MUNICIPAL","datePublished":"2011-12-23T14:25:21+00:00","dateModified":"2011-12-23T14:25:21+00:00","mainEntityOfPage":{"@id":"https:\/\/www.celttv.com.ar\/index.php\/2011\/12\/23\/continuan-las-tareas-de-restauracion-en-el-basamento-del-edificio-palacio-municipal\/"},"wordCount":323,"commentCount":0,"publisher":{"@id":"https:\/\/www.celttv.com.ar\/#organization"},"articleSection":["Comunidad","Destacadas","Pol\u00edtica"],"inLanguage":"es"},{"@type":"WebPage","@id":"https:\/\/www.celttv.com.ar\/index.php\/2011\/12\/23\/continuan-las-tareas-de-restauracion-en-el-basamento-del-edificio-palacio-municipal\/","url":"https:\/\/www.celttv.com.ar\/index.php\/2011\/12\/23\/continuan-las-tareas-de-restauracion-en-el-basamento-del-edificio-palacio-municipal\/","name":"CONTINUAN LAS TAREAS DE RESTAURACION EN EL BASAMENTO DEL EDIFICIO PALACIO MUNICIPAL - CELTTV","isPartOf":{"@id":"https:\/\/www.celttv.com.ar\/#website"},"datePublished":"2011-12-23T14:25:21+00:00","dateModified":"2011-12-23T14:25:21+00:00","description":"Sitio web de noticias de la localidad de Tornquist, provincia de Buenos Aires, Rep\u00fablica Argentina. Contenido propio originado por periodistas de CELTTV, el canal de TV local de la Cooperativa El\u00e9ctrica de Tornquist. Turismo, Pol\u00edtica, Sociedad, Deporte, Cultura y todo el contenido de inter\u00e9s general que la gente del pueblo y la regi\u00f3n debe conocer.","breadcrumb":{"@id":"https:\/\/www.celttv.com.ar\/index.php\/2011\/12\/23\/continuan-las-tareas-de-restauracion-en-el-basamento-del-edificio-palacio-municipal\/#breadcrumb"},"inLanguage":"es","potentialAction":[{"@type":"ReadAction","target":["https:\/\/www.celttv.com.ar\/index.php\/2011\/12\/23\/continuan-las-tareas-de-restauracion-en-el-basamento-del-edificio-palacio-municipal\/"]}]},{"@type":"BreadcrumbList","@id":"https:\/\/www.celttv.com.ar\/index.php\/2011\/12\/23\/continuan-las-tareas-de-restauracion-en-el-basamento-del-edificio-palacio-municipal\/#breadcrumb","itemListElement":[{"@type":"ListItem","position":1,"name":"Inicio","item":"https:\/\/www.celttv.com.ar\/"},{"@type":"ListItem","position":2,"name":"CONTINUAN LAS TAREAS DE RESTAURACION EN EL BASAMENTO DEL EDIFICIO PALACIO MUNICIPAL"}]},{"@type":"WebSite","@id":"https:\/\/www.celttv.com.ar\/#website","url":"https:\/\/www.celttv.com.ar\/","name":"CELTTV","description":"Cooperativa El\u00e9ctrica de Tornquist","publisher":{"@id":"https:\/\/www.celttv.com.ar\/#organization"},"potentialAction":[{"@type":"SearchAction","target":{"@type":"EntryPoint","urlTemplate":"https:\/\/www.celttv.com.ar\/?s={search_term_string}"},"query-input":"required name=search_term_string"}],"inLanguage":"es"},{"@type":"Organization","@id":"https:\/\/www.celttv.com.ar\/#organization","name":"CELTTV","url":"https:\/\/www.celttv.com.ar\/","sameAs":["https:\/\/www.youtube.com\/channel\/UCz_oIt8Hig64Ub-EmcNPIhg","https:\/\/www.facebook.com\/celtTV\/"],"logo":{"@type":"ImageObject","inLanguage":"es","@id":"https:\/\/www.celttv.com.ar\/#\/schema\/logo\/image\/","url":"http:\/\/www.celttv.com.ar\/wp-content\/uploads\/2022\/08\/logo-1.png","contentUrl":"http:\/\/www.celttv.com.ar\/wp-content\/uploads\/2022\/08\/logo-1.png","width":461,"height":159,"caption":"CELTTV"},"image":{"@id":"https:\/\/www.celttv.com.ar\/#\/schema\/logo\/image\/"}},{"@type":"Person","@id":"https:\/\/www.celttv.com.ar\/#\/schema\/person\/6d99c072dba59953809c81446e9d0ace","name":"ulises","image":{"@type":"ImageObject","inLanguage":"es","@id":"https:\/\/www.celttv.com.ar\/#\/schema\/person\/image\/","url":"https:\/\/secure.gravatar.com\/avatar\/7f2c48bdc33b30088f941fb6082e555f2874c98e20cb159d7b92b50eadfce793?s=96&d=mm&r=g","contentUrl":"https:\/\/secure.gravatar.com\/avatar\/7f2c48bdc33b30088f941fb6082e555f2874c98e20cb159d7b92b50eadfce793?s=96&d=mm&r=g","caption":"ulises"},"sameAs":["http:\/\/www.celttv.com.ar"]}]}},"_links":{"self":[{"href":"https:\/\/www.celttv.com.ar\/index.php\/wp-json\/wp\/v2\/posts\/3988","targetHints":{"allow":["GET"]}}],"collection":[{"href":"https:\/\/www.celttv.com.ar\/index.php\/wp-json\/wp\/v2\/posts"}],"about":[{"href":"https:\/\/www.celttv.com.ar\/index.php\/wp-json\/wp\/v2\/types\/post"}],"author":[{"embeddable":true,"href":"https:\/\/www.celttv.com.ar\/index.php\/wp-json\/wp\/v2\/users\/1"}],"replies":[{"embeddable":true,"href":"https:\/\/www.celttv.com.ar\/index.php\/wp-json\/wp\/v2\/comments?post=3988"}],"version-history":[{"count":0,"href":"https:\/\/www.celttv.com.ar\/index.php\/wp-json\/wp\/v2\/posts\/3988\/revisions"}],"wp:attachment":[{"href":"https:\/\/www.celttv.com.ar\/index.php\/wp-json\/wp\/v2\/media?parent=3988"}],"wp:term":[{"taxonomy":"category","embeddable":true,"href":"https:\/\/www.celttv.com.ar\/index.php\/wp-json\/wp\/v2\/categories?post=3988"},{"taxonomy":"post_tag","embeddable":true,"href":"https:\/\/www.celttv.com.ar\/index.php\/wp-json\/wp\/v2\/tags?post=3988"}],"curies":[{"name":"wp","href":"https:\/\/api.w.org\/{rel}","templated":true}]}}