{"id":39887,"date":"2019-02-04T23:54:34","date_gmt":"2019-02-04T23:54:34","guid":{"rendered":"http:\/\/www.celttv.com.ar\/?p=39887"},"modified":"2019-02-04T23:54:34","modified_gmt":"2019-02-04T23:54:34","slug":"ernesto-palenzona-fue-nuevamente-electo-presidente-de-la-liga-de-futbol","status":"publish","type":"post","link":"https:\/\/www.celttv.com.ar\/index.php\/2019\/02\/04\/ernesto-palenzona-fue-nuevamente-electo-presidente-de-la-liga-de-futbol\/","title":{"rendered":"Ernesto Palenzona fue nuevamente electo presidente de la Liga de F\u00fatbol"},"content":{"rendered":"<div class=\"adelanto\">\n<p>Para el 39\u00ba per\u00edodo al frente de la sede en Coronel Suarez.<\/p>\n<\/div>\n<div class=\"text\">\n<p>Ernesto Manuel Palenzona fue reelecto en forma un\u00e1nime como presidente de la Liga Regional de F\u00fatbol de Coronel Su\u00e1rez, con lo cual inici\u00f3 su 39\u00ba per\u00edodo como integrante de la mesa directiva, la mayor\u00eda de ellos como titular y del mismo modo continuar\u00e1n los mismos integrantes de la mesa chica y del Tribunal de Penas.<\/p>\n<p>En la asamblea celebrada en la v\u00edspera fueron aprobados sin objeciones la memoria, balance e inventario as\u00ed como el c\u00e1lculo de recursos para la presente temporada que tendr\u00e1 un 33% de incremento.<\/p>\n<p>Como es habitual se aprovech\u00f3 la ocasi\u00f3n para comenzar a debatir acerca de la forma de disputa del f\u00fatbol de esta temporada, y la \u00fanica certeza es que se pretende un certamen con un m\u00e1ximo de 30 fechas para culminar un a\u00f1o que se avizora complicado en lo econ\u00f3mico y con elecciones lo cual incrementar\u00e1 los fines de semana sin actividad.<\/p>\n<p>Fue desestimada una iniciativa de Tiro de Puan por ser demasiado extenso y Boca Jrs. present\u00f3 un proyecto con un Apertura en dos zonas geogr\u00e1ficas a una rueda y s\u00f3lo devolviendo local\u00eda en el cl\u00e1sico m\u00e1s una fecha extra de un partido interzonal con cuatro clasificados a los cruces, y un Clausura que puede ser devolviendo las local\u00edas del Apertura o por sorteo y otros cuatro clasificado por grupo a los cruces para determinar el otro finalista del a\u00f1o.<\/p>\n<p>El 11 o 12 de febrero volver\u00e1n a reunirse en la LRF y determinar\u00e1n la forma de disputa as\u00ed como la fecha de inicio y del mismo modo ocurrir\u00e1 con las formativas donde el titular liguista anticip\u00f3 que s\u00f3lo se jugar\u00e1 entre el 15 de marzo y el 15 de noviembre ya que fuera de esas fechas no se puede jugar entre las 11 hs. y las 17 hs.<\/p>\n<p><strong>COSTO POLICIAS<\/strong><\/p>\n<p>Uno de los aspectos que m\u00e1s preocupa a los clubes es el elevado costo del servicio adicional que presta la polic\u00eda en las canchas los domingos. Al respecto Palenzona cont\u00f3 que ven\u00eda de una reuni\u00f3n en La Plata convocado por el titular del APREVIDE dr. Juan M. Lugones, y que junto con otras Ligas le plantearon esta inquietud asumiendo dicho funcionario el compromiso de gestionar ante el ministro de Seguridad Cristian Ritondo la posibilidad de reducir la cantidad de efectivos en los distintos estadios.<\/p>\n<p>Fuente: Semanario Reflejos(Pigue)<\/p>\n<\/div>\n","protected":false},"excerpt":{"rendered":"<p>Para el 39\u00ba per\u00edodo al frente de la sede en Coronel Suarez. Ernesto Manuel Palenzona fue reelecto en forma un\u00e1nime como presidente de la Liga Regional de F\u00fatbol de Coronel Su\u00e1rez, con lo cual inici\u00f3 su 39\u00ba per\u00edodo como integrante de la mesa directiva, la mayor\u00eda de ellos como titular y del mismo modo continuar\u00e1n [&hellip;]<\/p>\n","protected":false},"author":1,"featured_media":39944,"comment_status":"closed","ping_status":"open","sticky":false,"template":"","format":"standard","meta":{"footnotes":""},"categories":[55,60,52,63],"tags":[],"class_list":["post-39887","post","type-post","status-publish","format-standard","has-post-thumbnail","hentry","category-celt-tv-noticias","category-deporte","category-destacadas","category-magazine-sport"],"yoast_head":"<!-- This site is optimized with the Yoast SEO plugin v19.7.1 - https:\/\/yoast.com\/wordpress\/plugins\/seo\/ -->\n<title>Ernesto Palenzona fue nuevamente electo presidente de la Liga de F\u00fatbol - CELTTV<\/title>\n<meta name=\"description\" content=\"Sitio web de noticias de la localidad de Tornquist, provincia de Buenos Aires, Rep\u00fablica Argentina. Contenido propio originado por periodistas de CELTTV, el canal de TV local de la Cooperativa El\u00e9ctrica de Tornquist. Turismo, Pol\u00edtica, Sociedad, Deporte, Cultura y todo el contenido de inter\u00e9s general que la gente del pueblo y la regi\u00f3n debe conocer.\" \/>\n<meta name=\"robots\" content=\"index, follow, max-snippet:-1, max-image-preview:large, max-video-preview:-1\" \/>\n<link rel=\"canonical\" href=\"https:\/\/www.celttv.com.ar\/index.php\/2019\/02\/04\/ernesto-palenzona-fue-nuevamente-electo-presidente-de-la-liga-de-futbol\/\" \/>\n<meta property=\"og:locale\" content=\"es_ES\" \/>\n<meta property=\"og:type\" content=\"article\" \/>\n<meta property=\"og:title\" content=\"Ernesto Palenzona fue nuevamente electo presidente de la Liga de F\u00fatbol - CELTTV\" \/>\n<meta property=\"og:description\" content=\"Sitio web de noticias de la localidad de Tornquist, provincia de Buenos Aires, Rep\u00fablica Argentina. Contenido propio originado por periodistas de CELTTV, el canal de TV local de la Cooperativa El\u00e9ctrica de Tornquist. Turismo, Pol\u00edtica, Sociedad, Deporte, Cultura y todo el contenido de inter\u00e9s general que la gente del pueblo y la regi\u00f3n debe conocer.\" \/>\n<meta property=\"og:url\" content=\"https:\/\/www.celttv.com.ar\/index.php\/2019\/02\/04\/ernesto-palenzona-fue-nuevamente-electo-presidente-de-la-liga-de-futbol\/\" \/>\n<meta property=\"og:site_name\" content=\"CELTTV\" \/>\n<meta property=\"article:publisher\" content=\"https:\/\/www.facebook.com\/celtTV\/\" \/>\n<meta property=\"article:published_time\" content=\"2019-02-04T23:54:34+00:00\" \/>\n<meta property=\"og:image\" content=\"https:\/\/www.celttv.com.ar\/wp-content\/uploads\/2019\/02\/descarga-4.jpg\" \/>\n\t<meta property=\"og:image:width\" content=\"224\" \/>\n\t<meta property=\"og:image:height\" content=\"225\" \/>\n\t<meta property=\"og:image:type\" content=\"image\/jpeg\" \/>\n<meta name=\"author\" content=\"ulises\" \/>\n<meta name=\"twitter:card\" content=\"summary_large_image\" \/>\n<meta name=\"twitter:label1\" content=\"Escrito por\" \/>\n\t<meta name=\"twitter:data1\" content=\"ulises\" \/>\n\t<meta name=\"twitter:label2\" content=\"Tiempo de lectura\" \/>\n\t<meta name=\"twitter:data2\" content=\"2 minutos\" \/>\n<script type=\"application\/ld+json\" class=\"yoast-schema-graph\">{\"@context\":\"https:\/\/schema.org\",\"@graph\":[{\"@type\":\"NewsArticle\",\"@id\":\"https:\/\/www.celttv.com.ar\/index.php\/2019\/02\/04\/ernesto-palenzona-fue-nuevamente-electo-presidente-de-la-liga-de-futbol\/#article\",\"isPartOf\":{\"@id\":\"https:\/\/www.celttv.com.ar\/index.php\/2019\/02\/04\/ernesto-palenzona-fue-nuevamente-electo-presidente-de-la-liga-de-futbol\/\"},\"author\":{\"name\":\"ulises\",\"@id\":\"https:\/\/www.celttv.com.ar\/#\/schema\/person\/6d99c072dba59953809c81446e9d0ace\"},\"headline\":\"Ernesto Palenzona fue nuevamente electo presidente de la Liga de F\u00fatbol\",\"datePublished\":\"2019-02-04T23:54:34+00:00\",\"dateModified\":\"2019-02-04T23:54:34+00:00\",\"mainEntityOfPage\":{\"@id\":\"https:\/\/www.celttv.com.ar\/index.php\/2019\/02\/04\/ernesto-palenzona-fue-nuevamente-electo-presidente-de-la-liga-de-futbol\/\"},\"wordCount\":428,\"publisher\":{\"@id\":\"https:\/\/www.celttv.com.ar\/#organization\"},\"articleSection\":[\"Celt TV Noticias\",\"Deporte\",\"Destacadas\",\"Magazine Sport\"],\"inLanguage\":\"es\"},{\"@type\":\"WebPage\",\"@id\":\"https:\/\/www.celttv.com.ar\/index.php\/2019\/02\/04\/ernesto-palenzona-fue-nuevamente-electo-presidente-de-la-liga-de-futbol\/\",\"url\":\"https:\/\/www.celttv.com.ar\/index.php\/2019\/02\/04\/ernesto-palenzona-fue-nuevamente-electo-presidente-de-la-liga-de-futbol\/\",\"name\":\"Ernesto Palenzona fue nuevamente electo presidente de la Liga de F\u00fatbol - CELTTV\",\"isPartOf\":{\"@id\":\"https:\/\/www.celttv.com.ar\/#website\"},\"datePublished\":\"2019-02-04T23:54:34+00:00\",\"dateModified\":\"2019-02-04T23:54:34+00:00\",\"description\":\"Sitio web de noticias de la localidad de Tornquist, provincia de Buenos Aires, Rep\u00fablica Argentina. Contenido propio originado por periodistas de CELTTV, el canal de TV local de la Cooperativa El\u00e9ctrica de Tornquist. Turismo, Pol\u00edtica, Sociedad, Deporte, Cultura y todo el contenido de inter\u00e9s general que la gente del pueblo y la regi\u00f3n debe conocer.\",\"breadcrumb\":{\"@id\":\"https:\/\/www.celttv.com.ar\/index.php\/2019\/02\/04\/ernesto-palenzona-fue-nuevamente-electo-presidente-de-la-liga-de-futbol\/#breadcrumb\"},\"inLanguage\":\"es\",\"potentialAction\":[{\"@type\":\"ReadAction\",\"target\":[\"https:\/\/www.celttv.com.ar\/index.php\/2019\/02\/04\/ernesto-palenzona-fue-nuevamente-electo-presidente-de-la-liga-de-futbol\/\"]}]},{\"@type\":\"BreadcrumbList\",\"@id\":\"https:\/\/www.celttv.com.ar\/index.php\/2019\/02\/04\/ernesto-palenzona-fue-nuevamente-electo-presidente-de-la-liga-de-futbol\/#breadcrumb\",\"itemListElement\":[{\"@type\":\"ListItem\",\"position\":1,\"name\":\"Inicio\",\"item\":\"https:\/\/www.celttv.com.ar\/\"},{\"@type\":\"ListItem\",\"position\":2,\"name\":\"Ernesto Palenzona fue nuevamente electo presidente de la Liga de F\u00fatbol\"}]},{\"@type\":\"WebSite\",\"@id\":\"https:\/\/www.celttv.com.ar\/#website\",\"url\":\"https:\/\/www.celttv.com.ar\/\",\"name\":\"CELTTV\",\"description\":\"Cooperativa El\u00e9ctrica de Tornquist\",\"publisher\":{\"@id\":\"https:\/\/www.celttv.com.ar\/#organization\"},\"potentialAction\":[{\"@type\":\"SearchAction\",\"target\":{\"@type\":\"EntryPoint\",\"urlTemplate\":\"https:\/\/www.celttv.com.ar\/?s={search_term_string}\"},\"query-input\":\"required name=search_term_string\"}],\"inLanguage\":\"es\"},{\"@type\":\"Organization\",\"@id\":\"https:\/\/www.celttv.com.ar\/#organization\",\"name\":\"CELTTV\",\"url\":\"https:\/\/www.celttv.com.ar\/\",\"sameAs\":[\"https:\/\/www.youtube.com\/channel\/UCz_oIt8Hig64Ub-EmcNPIhg\",\"https:\/\/www.facebook.com\/celtTV\/\"],\"logo\":{\"@type\":\"ImageObject\",\"inLanguage\":\"es\",\"@id\":\"https:\/\/www.celttv.com.ar\/#\/schema\/logo\/image\/\",\"url\":\"http:\/\/www.celttv.com.ar\/wp-content\/uploads\/2022\/08\/logo-1.png\",\"contentUrl\":\"http:\/\/www.celttv.com.ar\/wp-content\/uploads\/2022\/08\/logo-1.png\",\"width\":461,\"height\":159,\"caption\":\"CELTTV\"},\"image\":{\"@id\":\"https:\/\/www.celttv.com.ar\/#\/schema\/logo\/image\/\"}},{\"@type\":\"Person\",\"@id\":\"https:\/\/www.celttv.com.ar\/#\/schema\/person\/6d99c072dba59953809c81446e9d0ace\",\"name\":\"ulises\",\"image\":{\"@type\":\"ImageObject\",\"inLanguage\":\"es\",\"@id\":\"https:\/\/www.celttv.com.ar\/#\/schema\/person\/image\/\",\"url\":\"https:\/\/secure.gravatar.com\/avatar\/7f2c48bdc33b30088f941fb6082e555f2874c98e20cb159d7b92b50eadfce793?s=96&d=mm&r=g\",\"contentUrl\":\"https:\/\/secure.gravatar.com\/avatar\/7f2c48bdc33b30088f941fb6082e555f2874c98e20cb159d7b92b50eadfce793?s=96&d=mm&r=g\",\"caption\":\"ulises\"},\"sameAs\":[\"http:\/\/www.celttv.com.ar\"]}]}<\/script>\n<!-- \/ Yoast SEO plugin. -->","yoast_head_json":{"title":"Ernesto Palenzona fue nuevamente electo presidente de la Liga de F\u00fatbol - CELTTV","description":"Sitio web de noticias de la localidad de Tornquist, provincia de Buenos Aires, Rep\u00fablica Argentina. Contenido propio originado por periodistas de CELTTV, el canal de TV local de la Cooperativa El\u00e9ctrica de Tornquist. Turismo, Pol\u00edtica, Sociedad, Deporte, Cultura y todo el contenido de inter\u00e9s general que la gente del pueblo y la regi\u00f3n debe conocer.","robots":{"index":"index","follow":"follow","max-snippet":"max-snippet:-1","max-image-preview":"max-image-preview:large","max-video-preview":"max-video-preview:-1"},"canonical":"https:\/\/www.celttv.com.ar\/index.php\/2019\/02\/04\/ernesto-palenzona-fue-nuevamente-electo-presidente-de-la-liga-de-futbol\/","og_locale":"es_ES","og_type":"article","og_title":"Ernesto Palenzona fue nuevamente electo presidente de la Liga de F\u00fatbol - CELTTV","og_description":"Sitio web de noticias de la localidad de Tornquist, provincia de Buenos Aires, Rep\u00fablica Argentina. Contenido propio originado por periodistas de CELTTV, el canal de TV local de la Cooperativa El\u00e9ctrica de Tornquist. Turismo, Pol\u00edtica, Sociedad, Deporte, Cultura y todo el contenido de inter\u00e9s general que la gente del pueblo y la regi\u00f3n debe conocer.","og_url":"https:\/\/www.celttv.com.ar\/index.php\/2019\/02\/04\/ernesto-palenzona-fue-nuevamente-electo-presidente-de-la-liga-de-futbol\/","og_site_name":"CELTTV","article_publisher":"https:\/\/www.facebook.com\/celtTV\/","article_published_time":"2019-02-04T23:54:34+00:00","og_image":[{"width":224,"height":225,"url":"https:\/\/www.celttv.com.ar\/wp-content\/uploads\/2019\/02\/descarga-4.jpg","type":"image\/jpeg"}],"author":"ulises","twitter_card":"summary_large_image","twitter_misc":{"Escrito por":"ulises","Tiempo de lectura":"2 minutos"},"schema":{"@context":"https:\/\/schema.org","@graph":[{"@type":"NewsArticle","@id":"https:\/\/www.celttv.com.ar\/index.php\/2019\/02\/04\/ernesto-palenzona-fue-nuevamente-electo-presidente-de-la-liga-de-futbol\/#article","isPartOf":{"@id":"https:\/\/www.celttv.com.ar\/index.php\/2019\/02\/04\/ernesto-palenzona-fue-nuevamente-electo-presidente-de-la-liga-de-futbol\/"},"author":{"name":"ulises","@id":"https:\/\/www.celttv.com.ar\/#\/schema\/person\/6d99c072dba59953809c81446e9d0ace"},"headline":"Ernesto Palenzona fue nuevamente electo presidente de la Liga de F\u00fatbol","datePublished":"2019-02-04T23:54:34+00:00","dateModified":"2019-02-04T23:54:34+00:00","mainEntityOfPage":{"@id":"https:\/\/www.celttv.com.ar\/index.php\/2019\/02\/04\/ernesto-palenzona-fue-nuevamente-electo-presidente-de-la-liga-de-futbol\/"},"wordCount":428,"publisher":{"@id":"https:\/\/www.celttv.com.ar\/#organization"},"articleSection":["Celt TV Noticias","Deporte","Destacadas","Magazine Sport"],"inLanguage":"es"},{"@type":"WebPage","@id":"https:\/\/www.celttv.com.ar\/index.php\/2019\/02\/04\/ernesto-palenzona-fue-nuevamente-electo-presidente-de-la-liga-de-futbol\/","url":"https:\/\/www.celttv.com.ar\/index.php\/2019\/02\/04\/ernesto-palenzona-fue-nuevamente-electo-presidente-de-la-liga-de-futbol\/","name":"Ernesto Palenzona fue nuevamente electo presidente de la Liga de F\u00fatbol - CELTTV","isPartOf":{"@id":"https:\/\/www.celttv.com.ar\/#website"},"datePublished":"2019-02-04T23:54:34+00:00","dateModified":"2019-02-04T23:54:34+00:00","description":"Sitio web de noticias de la localidad de Tornquist, provincia de Buenos Aires, Rep\u00fablica Argentina. Contenido propio originado por periodistas de CELTTV, el canal de TV local de la Cooperativa El\u00e9ctrica de Tornquist. Turismo, Pol\u00edtica, Sociedad, Deporte, Cultura y todo el contenido de inter\u00e9s general que la gente del pueblo y la regi\u00f3n debe conocer.","breadcrumb":{"@id":"https:\/\/www.celttv.com.ar\/index.php\/2019\/02\/04\/ernesto-palenzona-fue-nuevamente-electo-presidente-de-la-liga-de-futbol\/#breadcrumb"},"inLanguage":"es","potentialAction":[{"@type":"ReadAction","target":["https:\/\/www.celttv.com.ar\/index.php\/2019\/02\/04\/ernesto-palenzona-fue-nuevamente-electo-presidente-de-la-liga-de-futbol\/"]}]},{"@type":"BreadcrumbList","@id":"https:\/\/www.celttv.com.ar\/index.php\/2019\/02\/04\/ernesto-palenzona-fue-nuevamente-electo-presidente-de-la-liga-de-futbol\/#breadcrumb","itemListElement":[{"@type":"ListItem","position":1,"name":"Inicio","item":"https:\/\/www.celttv.com.ar\/"},{"@type":"ListItem","position":2,"name":"Ernesto Palenzona fue nuevamente electo presidente de la Liga de F\u00fatbol"}]},{"@type":"WebSite","@id":"https:\/\/www.celttv.com.ar\/#website","url":"https:\/\/www.celttv.com.ar\/","name":"CELTTV","description":"Cooperativa El\u00e9ctrica de Tornquist","publisher":{"@id":"https:\/\/www.celttv.com.ar\/#organization"},"potentialAction":[{"@type":"SearchAction","target":{"@type":"EntryPoint","urlTemplate":"https:\/\/www.celttv.com.ar\/?s={search_term_string}"},"query-input":"required name=search_term_string"}],"inLanguage":"es"},{"@type":"Organization","@id":"https:\/\/www.celttv.com.ar\/#organization","name":"CELTTV","url":"https:\/\/www.celttv.com.ar\/","sameAs":["https:\/\/www.youtube.com\/channel\/UCz_oIt8Hig64Ub-EmcNPIhg","https:\/\/www.facebook.com\/celtTV\/"],"logo":{"@type":"ImageObject","inLanguage":"es","@id":"https:\/\/www.celttv.com.ar\/#\/schema\/logo\/image\/","url":"http:\/\/www.celttv.com.ar\/wp-content\/uploads\/2022\/08\/logo-1.png","contentUrl":"http:\/\/www.celttv.com.ar\/wp-content\/uploads\/2022\/08\/logo-1.png","width":461,"height":159,"caption":"CELTTV"},"image":{"@id":"https:\/\/www.celttv.com.ar\/#\/schema\/logo\/image\/"}},{"@type":"Person","@id":"https:\/\/www.celttv.com.ar\/#\/schema\/person\/6d99c072dba59953809c81446e9d0ace","name":"ulises","image":{"@type":"ImageObject","inLanguage":"es","@id":"https:\/\/www.celttv.com.ar\/#\/schema\/person\/image\/","url":"https:\/\/secure.gravatar.com\/avatar\/7f2c48bdc33b30088f941fb6082e555f2874c98e20cb159d7b92b50eadfce793?s=96&d=mm&r=g","contentUrl":"https:\/\/secure.gravatar.com\/avatar\/7f2c48bdc33b30088f941fb6082e555f2874c98e20cb159d7b92b50eadfce793?s=96&d=mm&r=g","caption":"ulises"},"sameAs":["http:\/\/www.celttv.com.ar"]}]}},"_links":{"self":[{"href":"https:\/\/www.celttv.com.ar\/index.php\/wp-json\/wp\/v2\/posts\/39887","targetHints":{"allow":["GET"]}}],"collection":[{"href":"https:\/\/www.celttv.com.ar\/index.php\/wp-json\/wp\/v2\/posts"}],"about":[{"href":"https:\/\/www.celttv.com.ar\/index.php\/wp-json\/wp\/v2\/types\/post"}],"author":[{"embeddable":true,"href":"https:\/\/www.celttv.com.ar\/index.php\/wp-json\/wp\/v2\/users\/1"}],"replies":[{"embeddable":true,"href":"https:\/\/www.celttv.com.ar\/index.php\/wp-json\/wp\/v2\/comments?post=39887"}],"version-history":[{"count":0,"href":"https:\/\/www.celttv.com.ar\/index.php\/wp-json\/wp\/v2\/posts\/39887\/revisions"}],"wp:featuredmedia":[{"embeddable":true,"href":"https:\/\/www.celttv.com.ar\/index.php\/wp-json\/wp\/v2\/media\/39944"}],"wp:attachment":[{"href":"https:\/\/www.celttv.com.ar\/index.php\/wp-json\/wp\/v2\/media?parent=39887"}],"wp:term":[{"taxonomy":"category","embeddable":true,"href":"https:\/\/www.celttv.com.ar\/index.php\/wp-json\/wp\/v2\/categories?post=39887"},{"taxonomy":"post_tag","embeddable":true,"href":"https:\/\/www.celttv.com.ar\/index.php\/wp-json\/wp\/v2\/tags?post=39887"}],"curies":[{"name":"wp","href":"https:\/\/api.w.org\/{rel}","templated":true}]}}