{"id":39893,"date":"2019-02-05T13:02:15","date_gmt":"2019-02-05T13:02:15","guid":{"rendered":"http:\/\/www.celttv.com.ar\/?p=39893"},"modified":"2019-02-05T13:02:15","modified_gmt":"2019-02-05T13:02:15","slug":"resurgen-las-historias-de-fantasmas-y-apariciones-en-las-ruinas-del-club-hotel-de-la-ventana","status":"publish","type":"post","link":"https:\/\/www.celttv.com.ar\/index.php\/2019\/02\/05\/resurgen-las-historias-de-fantasmas-y-apariciones-en-las-ruinas-del-club-hotel-de-la-ventana\/","title":{"rendered":"Resurgen las historias de fantasmas y apariciones en las ruinas del Club Hotel de la Ventana"},"content":{"rendered":"<p>El 26 de noviembre del 2012 publicamos en nuestro\u00a0<a href=\"http:\/\/26%20NOVIEMBRE%202012%20Fantasmas%20en%20las%20Ruinas%20del%20Club%20Hotel%20de%20Villa%20Ventana%20A%20ra%C3%ADz%20de%20las%20anteriores%20publicaciones%20donde%20turistas%20y%20habitantes%20de%20la%20Comarca%20de%20Sierra%20de%20la%20Ventana%20env%C3%ADan%20fotos%20con%20extra%C3%B1as%20im%C3%A1genes%20que%20aseguran%20algunos,%20se%20tratan%20de%20apariciones%20o%20fantasmas;%20nos%20lleg%C3%B3%20otra%20fotograf%C3%ADa%20que%20muestra%20unas%20misteriosas%20im%C3%A1genes%20en%20las%20ventanas%20de%20las%20ruinas%20del%20Ex%20Club%20Hotel%20de%20Villa%20Ventana.%20Estas%20fotos,%20seg%C3%BAn%20nuestro%20lector%20fueron%20tomadas%20durante%20la%20noche%20de%20la%20Fiesta%20de%20la%20Vendimia,%20realizada%20durante%20el%20mes%20de%20marzo%20en%20el%20lugar.%20Fiesta%20de%20la%20Vendimia%20Villa%20Ventana%20Otra%20foto%20rara%20,%20luego%20de%20mirarla%20detenidamente%20y%20d%C3%A1ndole%20distintos%20tonos%20para%20aclararla%20se%20nota%20una%20forma%20similar%20a%20dos%20rostros,%20las%20fotos%20fueron%20tomadas%20con%20una%20maquina%20fotogr%C3%A1fica%20com%C3%BAn%20de%20bajo%20precio,%20se%20notan%20al%20menos%202%20caras%20en%20la%20parte%20oscura%20de%20la%20ventana%20inferior.%20Amigos%20de%20la%20pagina%20lo%20dejo%20al%20criterio%20de%20los%20que%20realmente%20saben%20de%20fotograf%C3%ADa.%20Realmente%20uno%20se%20siente%20con%20escalofr%C3%ADos%20cuando%20sin%20darse%20cuenta%20toma%20una%20foto%20de%20este%20tipo.%20Las%20fotos%20las%20tomaron%20mis%20hijos%20y%20una%20familia%20amiga.%20Saluda%20atte%20Nestor\/\" target=\"_blank\" rel=\"noopener\">blog<\/a>, una nota que se titulaba \u201cFantasmas en las Ruinas del Club Hotel de Villa Ventana\u201d. En esa nota d\u00e1bamos testimonio de fotograf\u00edas que mostraban im\u00e1genes asombrosas en las ventanas de las ruinas, en una foto tomada por una turista durante la Fiesta de la Vendimia de ese a\u00f1o.<span id=\"more-28657\"><\/span><\/p>\n<p>Este fin de semana,\u00a0<strong>Fernando Quiroga<\/strong>, en un trabajo especial para\u00a0<strong>La Nueva<\/strong>, describe una historia de un viejo poblador brind\u00e1ndole un relato de terror, sobre una horrorosa experiencia de su infancia, trabajo que llam\u00f3\u00a0<a href=\"https:\/\/www.lanueva.com\/nota\/2019-2-3-6-30-10-memorias-de-nazis-y-fantasmas\"><strong>\u201cMemorias de Nazis y Fantasmas\u201d<\/strong><\/a>.<\/p>\n<p>A ra\u00edz de las anteriores\u00a0publicaciones donde turistas y habitantes de la Comarca de Sierra de la Ventana env\u00edan fotos con extra\u00f1as im\u00e1genes que aseguran algunos, se tratan de apariciones o fantasmas; nos lleg\u00f3 otra fotograf\u00eda que muestra unas misteriosas im\u00e1genes en las ventanas de las ruinas del Ex Club Hotel de Villa Ventana.<br \/>\nEstas fotos, seg\u00fan nuestro lector fueron tomadas durante la noche de la Fiesta de la Vendimia, realizada durante el mes de marzo en el lugar.<br \/>\nOtra foto rara , luego de mirarla detenidamente y d\u00e1ndole distintos tonos para aclararla se nota una forma similar a dos rostros, el de un ni\u00f1o o ni\u00f1a que por encima es observado por una ente o \u201cDemonio\u201d,\u00a0 las fotos fueron tomadas con una m\u00e1quina fotogr\u00e1fica com\u00fan de bajo precio, se notan al menos 2 caras en la parte oscura de la ventana inferior.<\/p>\n<p>Amigos de la p\u00e1gina\u00a0lo dejo al criterio de los que realmente saben de fotograf\u00eda. Realmente uno se siente con escalofr\u00edos cuando sin darse cuenta toma una foto de este tipo. Las fotos las tomaron mis hijos y una familia amiga.<\/p>\n<p>Saluda atte: Nestor \u201cTito\u201d Hansen Saldungaray \u2013<\/p>\n<p>FUENTE: Noticias Radio Reflejos.<\/p>\n<p><a href=\"http:\/\/www.celttv.com.ar\/?attachment_id=39941\" rel=\"attachment wp-att-39941\"><img loading=\"lazy\" decoding=\"async\" class=\"alignleft size-full wp-image-39941\" src=\"http:\/\/www.celttv.com.ar\/wp-content\/uploads\/2019\/02\/33107110828_fdca1c2f88_z.jpg\" alt=\"\" width=\"493\" height=\"640\" srcset=\"https:\/\/www.celttv.com.ar\/wp-content\/uploads\/2019\/02\/33107110828_fdca1c2f88_z.jpg 493w, https:\/\/www.celttv.com.ar\/wp-content\/uploads\/2019\/02\/33107110828_fdca1c2f88_z-231x300.jpg 231w\" sizes=\"auto, (max-width: 493px) 100vw, 493px\" \/><\/a> <a href=\"http:\/\/www.celttv.com.ar\/?attachment_id=39942\" rel=\"attachment wp-att-39942\"><img loading=\"lazy\" decoding=\"async\" class=\"alignleft size-full wp-image-39942\" src=\"http:\/\/www.celttv.com.ar\/wp-content\/uploads\/2019\/02\/Club-Hotel-con-flecha-640x437-1.jpg\" alt=\"\" width=\"640\" height=\"437\" srcset=\"https:\/\/www.celttv.com.ar\/wp-content\/uploads\/2019\/02\/Club-Hotel-con-flecha-640x437-1.jpg 640w, https:\/\/www.celttv.com.ar\/wp-content\/uploads\/2019\/02\/Club-Hotel-con-flecha-640x437-1-300x205.jpg 300w\" sizes=\"auto, (max-width: 640px) 100vw, 640px\" \/><\/a><\/p>\n<p><a href=\"http:\/\/www.celttv.com.ar\/?attachment_id=39895\" rel=\"attachment wp-att-39895\"><img loading=\"lazy\" decoding=\"async\" class=\"alignleft size-full wp-image-39895\" src=\"http:\/\/www.celttv.com.ar\/wp-content\/uploads\/2019\/02\/33107110828_fdca1c2f88_z.jpg\" alt=\"\" width=\"493\" height=\"640\" \/><\/a> <a href=\"http:\/\/www.celttv.com.ar\/?attachment_id=39896\" rel=\"attachment wp-att-39896\"><img loading=\"lazy\" decoding=\"async\" class=\"alignleft size-full wp-image-39896\" src=\"http:\/\/www.celttv.com.ar\/wp-content\/uploads\/2019\/02\/Club-Hotel-con-flecha-640x437-1.jpg\" alt=\"\" width=\"640\" height=\"437\" \/><\/a><\/p>\n","protected":false},"excerpt":{"rendered":"<p>El 26 de noviembre del 2012 publicamos en nuestro\u00a0blog, una nota que se titulaba \u201cFantasmas en las Ruinas del Club Hotel de Villa Ventana\u201d. En esa nota d\u00e1bamos testimonio de fotograf\u00edas que mostraban im\u00e1genes asombrosas en las ventanas de las ruinas, en una foto tomada por una turista durante la Fiesta de la Vendimia de [&hellip;]<\/p>\n","protected":false},"author":1,"featured_media":39940,"comment_status":"closed","ping_status":"open","sticky":false,"template":"","format":"standard","meta":{"footnotes":""},"categories":[55,51,52,58],"tags":[],"class_list":["post-39893","post","type-post","status-publish","format-standard","has-post-thumbnail","hentry","category-celt-tv-noticias","category-comunidad","category-destacadas","category-turismo"],"yoast_head":"<!-- This site is optimized with the Yoast SEO plugin v19.7.1 - https:\/\/yoast.com\/wordpress\/plugins\/seo\/ -->\n<title>Resurgen las historias de fantasmas y apariciones en las ruinas del Club Hotel de la Ventana - CELTTV<\/title>\n<meta name=\"description\" content=\"Sitio web de noticias de la localidad de Tornquist, provincia de Buenos Aires, Rep\u00fablica Argentina. Contenido propio originado por periodistas de CELTTV, el canal de TV local de la Cooperativa El\u00e9ctrica de Tornquist. Turismo, Pol\u00edtica, Sociedad, Deporte, Cultura y todo el contenido de inter\u00e9s general que la gente del pueblo y la regi\u00f3n debe conocer.\" \/>\n<meta name=\"robots\" content=\"index, follow, max-snippet:-1, max-image-preview:large, max-video-preview:-1\" \/>\n<link rel=\"canonical\" href=\"https:\/\/www.celttv.com.ar\/index.php\/2019\/02\/05\/resurgen-las-historias-de-fantasmas-y-apariciones-en-las-ruinas-del-club-hotel-de-la-ventana\/\" \/>\n<meta property=\"og:locale\" content=\"es_ES\" \/>\n<meta property=\"og:type\" content=\"article\" \/>\n<meta property=\"og:title\" content=\"Resurgen las historias de fantasmas y apariciones en las ruinas del Club Hotel de la Ventana - CELTTV\" \/>\n<meta property=\"og:description\" content=\"Sitio web de noticias de la localidad de Tornquist, provincia de Buenos Aires, Rep\u00fablica Argentina. Contenido propio originado por periodistas de CELTTV, el canal de TV local de la Cooperativa El\u00e9ctrica de Tornquist. Turismo, Pol\u00edtica, Sociedad, Deporte, Cultura y todo el contenido de inter\u00e9s general que la gente del pueblo y la regi\u00f3n debe conocer.\" \/>\n<meta property=\"og:url\" content=\"https:\/\/www.celttv.com.ar\/index.php\/2019\/02\/05\/resurgen-las-historias-de-fantasmas-y-apariciones-en-las-ruinas-del-club-hotel-de-la-ventana\/\" \/>\n<meta property=\"og:site_name\" content=\"CELTTV\" \/>\n<meta property=\"article:publisher\" content=\"https:\/\/www.facebook.com\/celtTV\/\" \/>\n<meta property=\"article:published_time\" content=\"2019-02-05T13:02:15+00:00\" \/>\n<meta property=\"og:image\" content=\"https:\/\/www.celttv.com.ar\/wp-content\/uploads\/2019\/02\/32041491877_2d6fa14a55_z.jpg\" \/>\n\t<meta property=\"og:image:width\" content=\"640\" \/>\n\t<meta property=\"og:image:height\" content=\"480\" \/>\n\t<meta property=\"og:image:type\" content=\"image\/jpeg\" \/>\n<meta name=\"author\" content=\"ulises\" \/>\n<meta name=\"twitter:card\" content=\"summary_large_image\" \/>\n<meta name=\"twitter:label1\" content=\"Escrito por\" \/>\n\t<meta name=\"twitter:data1\" content=\"ulises\" \/>\n\t<meta name=\"twitter:label2\" content=\"Tiempo de lectura\" \/>\n\t<meta name=\"twitter:data2\" content=\"2 minutos\" \/>\n<script type=\"application\/ld+json\" class=\"yoast-schema-graph\">{\"@context\":\"https:\/\/schema.org\",\"@graph\":[{\"@type\":\"NewsArticle\",\"@id\":\"https:\/\/www.celttv.com.ar\/index.php\/2019\/02\/05\/resurgen-las-historias-de-fantasmas-y-apariciones-en-las-ruinas-del-club-hotel-de-la-ventana\/#article\",\"isPartOf\":{\"@id\":\"https:\/\/www.celttv.com.ar\/index.php\/2019\/02\/05\/resurgen-las-historias-de-fantasmas-y-apariciones-en-las-ruinas-del-club-hotel-de-la-ventana\/\"},\"author\":{\"name\":\"ulises\",\"@id\":\"https:\/\/www.celttv.com.ar\/#\/schema\/person\/6d99c072dba59953809c81446e9d0ace\"},\"headline\":\"Resurgen las historias de fantasmas y apariciones en las ruinas del Club Hotel de la Ventana\",\"datePublished\":\"2019-02-05T13:02:15+00:00\",\"dateModified\":\"2019-02-05T13:02:15+00:00\",\"mainEntityOfPage\":{\"@id\":\"https:\/\/www.celttv.com.ar\/index.php\/2019\/02\/05\/resurgen-las-historias-de-fantasmas-y-apariciones-en-las-ruinas-del-club-hotel-de-la-ventana\/\"},\"wordCount\":325,\"publisher\":{\"@id\":\"https:\/\/www.celttv.com.ar\/#organization\"},\"articleSection\":[\"Celt TV Noticias\",\"Comunidad\",\"Destacadas\",\"Turismo\"],\"inLanguage\":\"es\"},{\"@type\":\"WebPage\",\"@id\":\"https:\/\/www.celttv.com.ar\/index.php\/2019\/02\/05\/resurgen-las-historias-de-fantasmas-y-apariciones-en-las-ruinas-del-club-hotel-de-la-ventana\/\",\"url\":\"https:\/\/www.celttv.com.ar\/index.php\/2019\/02\/05\/resurgen-las-historias-de-fantasmas-y-apariciones-en-las-ruinas-del-club-hotel-de-la-ventana\/\",\"name\":\"Resurgen las historias de fantasmas y apariciones en las ruinas del Club Hotel de la Ventana - CELTTV\",\"isPartOf\":{\"@id\":\"https:\/\/www.celttv.com.ar\/#website\"},\"datePublished\":\"2019-02-05T13:02:15+00:00\",\"dateModified\":\"2019-02-05T13:02:15+00:00\",\"description\":\"Sitio web de noticias de la localidad de Tornquist, provincia de Buenos Aires, Rep\u00fablica Argentina. Contenido propio originado por periodistas de CELTTV, el canal de TV local de la Cooperativa El\u00e9ctrica de Tornquist. Turismo, Pol\u00edtica, Sociedad, Deporte, Cultura y todo el contenido de inter\u00e9s general que la gente del pueblo y la regi\u00f3n debe conocer.\",\"breadcrumb\":{\"@id\":\"https:\/\/www.celttv.com.ar\/index.php\/2019\/02\/05\/resurgen-las-historias-de-fantasmas-y-apariciones-en-las-ruinas-del-club-hotel-de-la-ventana\/#breadcrumb\"},\"inLanguage\":\"es\",\"potentialAction\":[{\"@type\":\"ReadAction\",\"target\":[\"https:\/\/www.celttv.com.ar\/index.php\/2019\/02\/05\/resurgen-las-historias-de-fantasmas-y-apariciones-en-las-ruinas-del-club-hotel-de-la-ventana\/\"]}]},{\"@type\":\"BreadcrumbList\",\"@id\":\"https:\/\/www.celttv.com.ar\/index.php\/2019\/02\/05\/resurgen-las-historias-de-fantasmas-y-apariciones-en-las-ruinas-del-club-hotel-de-la-ventana\/#breadcrumb\",\"itemListElement\":[{\"@type\":\"ListItem\",\"position\":1,\"name\":\"Inicio\",\"item\":\"https:\/\/www.celttv.com.ar\/\"},{\"@type\":\"ListItem\",\"position\":2,\"name\":\"Resurgen las historias de fantasmas y apariciones en las ruinas del Club Hotel de la Ventana\"}]},{\"@type\":\"WebSite\",\"@id\":\"https:\/\/www.celttv.com.ar\/#website\",\"url\":\"https:\/\/www.celttv.com.ar\/\",\"name\":\"CELTTV\",\"description\":\"Cooperativa El\u00e9ctrica de Tornquist\",\"publisher\":{\"@id\":\"https:\/\/www.celttv.com.ar\/#organization\"},\"potentialAction\":[{\"@type\":\"SearchAction\",\"target\":{\"@type\":\"EntryPoint\",\"urlTemplate\":\"https:\/\/www.celttv.com.ar\/?s={search_term_string}\"},\"query-input\":\"required name=search_term_string\"}],\"inLanguage\":\"es\"},{\"@type\":\"Organization\",\"@id\":\"https:\/\/www.celttv.com.ar\/#organization\",\"name\":\"CELTTV\",\"url\":\"https:\/\/www.celttv.com.ar\/\",\"sameAs\":[\"https:\/\/www.youtube.com\/channel\/UCz_oIt8Hig64Ub-EmcNPIhg\",\"https:\/\/www.facebook.com\/celtTV\/\"],\"logo\":{\"@type\":\"ImageObject\",\"inLanguage\":\"es\",\"@id\":\"https:\/\/www.celttv.com.ar\/#\/schema\/logo\/image\/\",\"url\":\"http:\/\/www.celttv.com.ar\/wp-content\/uploads\/2022\/08\/logo-1.png\",\"contentUrl\":\"http:\/\/www.celttv.com.ar\/wp-content\/uploads\/2022\/08\/logo-1.png\",\"width\":461,\"height\":159,\"caption\":\"CELTTV\"},\"image\":{\"@id\":\"https:\/\/www.celttv.com.ar\/#\/schema\/logo\/image\/\"}},{\"@type\":\"Person\",\"@id\":\"https:\/\/www.celttv.com.ar\/#\/schema\/person\/6d99c072dba59953809c81446e9d0ace\",\"name\":\"ulises\",\"image\":{\"@type\":\"ImageObject\",\"inLanguage\":\"es\",\"@id\":\"https:\/\/www.celttv.com.ar\/#\/schema\/person\/image\/\",\"url\":\"https:\/\/secure.gravatar.com\/avatar\/7f2c48bdc33b30088f941fb6082e555f2874c98e20cb159d7b92b50eadfce793?s=96&d=mm&r=g\",\"contentUrl\":\"https:\/\/secure.gravatar.com\/avatar\/7f2c48bdc33b30088f941fb6082e555f2874c98e20cb159d7b92b50eadfce793?s=96&d=mm&r=g\",\"caption\":\"ulises\"},\"sameAs\":[\"http:\/\/www.celttv.com.ar\"]}]}<\/script>\n<!-- \/ Yoast SEO plugin. -->","yoast_head_json":{"title":"Resurgen las historias de fantasmas y apariciones en las ruinas del Club Hotel de la Ventana - CELTTV","description":"Sitio web de noticias de la localidad de Tornquist, provincia de Buenos Aires, Rep\u00fablica Argentina. Contenido propio originado por periodistas de CELTTV, el canal de TV local de la Cooperativa El\u00e9ctrica de Tornquist. Turismo, Pol\u00edtica, Sociedad, Deporte, Cultura y todo el contenido de inter\u00e9s general que la gente del pueblo y la regi\u00f3n debe conocer.","robots":{"index":"index","follow":"follow","max-snippet":"max-snippet:-1","max-image-preview":"max-image-preview:large","max-video-preview":"max-video-preview:-1"},"canonical":"https:\/\/www.celttv.com.ar\/index.php\/2019\/02\/05\/resurgen-las-historias-de-fantasmas-y-apariciones-en-las-ruinas-del-club-hotel-de-la-ventana\/","og_locale":"es_ES","og_type":"article","og_title":"Resurgen las historias de fantasmas y apariciones en las ruinas del Club Hotel de la Ventana - CELTTV","og_description":"Sitio web de noticias de la localidad de Tornquist, provincia de Buenos Aires, Rep\u00fablica Argentina. Contenido propio originado por periodistas de CELTTV, el canal de TV local de la Cooperativa El\u00e9ctrica de Tornquist. Turismo, Pol\u00edtica, Sociedad, Deporte, Cultura y todo el contenido de inter\u00e9s general que la gente del pueblo y la regi\u00f3n debe conocer.","og_url":"https:\/\/www.celttv.com.ar\/index.php\/2019\/02\/05\/resurgen-las-historias-de-fantasmas-y-apariciones-en-las-ruinas-del-club-hotel-de-la-ventana\/","og_site_name":"CELTTV","article_publisher":"https:\/\/www.facebook.com\/celtTV\/","article_published_time":"2019-02-05T13:02:15+00:00","og_image":[{"width":640,"height":480,"url":"https:\/\/www.celttv.com.ar\/wp-content\/uploads\/2019\/02\/32041491877_2d6fa14a55_z.jpg","type":"image\/jpeg"}],"author":"ulises","twitter_card":"summary_large_image","twitter_misc":{"Escrito por":"ulises","Tiempo de lectura":"2 minutos"},"schema":{"@context":"https:\/\/schema.org","@graph":[{"@type":"NewsArticle","@id":"https:\/\/www.celttv.com.ar\/index.php\/2019\/02\/05\/resurgen-las-historias-de-fantasmas-y-apariciones-en-las-ruinas-del-club-hotel-de-la-ventana\/#article","isPartOf":{"@id":"https:\/\/www.celttv.com.ar\/index.php\/2019\/02\/05\/resurgen-las-historias-de-fantasmas-y-apariciones-en-las-ruinas-del-club-hotel-de-la-ventana\/"},"author":{"name":"ulises","@id":"https:\/\/www.celttv.com.ar\/#\/schema\/person\/6d99c072dba59953809c81446e9d0ace"},"headline":"Resurgen las historias de fantasmas y apariciones en las ruinas del Club Hotel de la Ventana","datePublished":"2019-02-05T13:02:15+00:00","dateModified":"2019-02-05T13:02:15+00:00","mainEntityOfPage":{"@id":"https:\/\/www.celttv.com.ar\/index.php\/2019\/02\/05\/resurgen-las-historias-de-fantasmas-y-apariciones-en-las-ruinas-del-club-hotel-de-la-ventana\/"},"wordCount":325,"publisher":{"@id":"https:\/\/www.celttv.com.ar\/#organization"},"articleSection":["Celt TV Noticias","Comunidad","Destacadas","Turismo"],"inLanguage":"es"},{"@type":"WebPage","@id":"https:\/\/www.celttv.com.ar\/index.php\/2019\/02\/05\/resurgen-las-historias-de-fantasmas-y-apariciones-en-las-ruinas-del-club-hotel-de-la-ventana\/","url":"https:\/\/www.celttv.com.ar\/index.php\/2019\/02\/05\/resurgen-las-historias-de-fantasmas-y-apariciones-en-las-ruinas-del-club-hotel-de-la-ventana\/","name":"Resurgen las historias de fantasmas y apariciones en las ruinas del Club Hotel de la Ventana - CELTTV","isPartOf":{"@id":"https:\/\/www.celttv.com.ar\/#website"},"datePublished":"2019-02-05T13:02:15+00:00","dateModified":"2019-02-05T13:02:15+00:00","description":"Sitio web de noticias de la localidad de Tornquist, provincia de Buenos Aires, Rep\u00fablica Argentina. Contenido propio originado por periodistas de CELTTV, el canal de TV local de la Cooperativa El\u00e9ctrica de Tornquist. Turismo, Pol\u00edtica, Sociedad, Deporte, Cultura y todo el contenido de inter\u00e9s general que la gente del pueblo y la regi\u00f3n debe conocer.","breadcrumb":{"@id":"https:\/\/www.celttv.com.ar\/index.php\/2019\/02\/05\/resurgen-las-historias-de-fantasmas-y-apariciones-en-las-ruinas-del-club-hotel-de-la-ventana\/#breadcrumb"},"inLanguage":"es","potentialAction":[{"@type":"ReadAction","target":["https:\/\/www.celttv.com.ar\/index.php\/2019\/02\/05\/resurgen-las-historias-de-fantasmas-y-apariciones-en-las-ruinas-del-club-hotel-de-la-ventana\/"]}]},{"@type":"BreadcrumbList","@id":"https:\/\/www.celttv.com.ar\/index.php\/2019\/02\/05\/resurgen-las-historias-de-fantasmas-y-apariciones-en-las-ruinas-del-club-hotel-de-la-ventana\/#breadcrumb","itemListElement":[{"@type":"ListItem","position":1,"name":"Inicio","item":"https:\/\/www.celttv.com.ar\/"},{"@type":"ListItem","position":2,"name":"Resurgen las historias de fantasmas y apariciones en las ruinas del Club Hotel de la Ventana"}]},{"@type":"WebSite","@id":"https:\/\/www.celttv.com.ar\/#website","url":"https:\/\/www.celttv.com.ar\/","name":"CELTTV","description":"Cooperativa El\u00e9ctrica de Tornquist","publisher":{"@id":"https:\/\/www.celttv.com.ar\/#organization"},"potentialAction":[{"@type":"SearchAction","target":{"@type":"EntryPoint","urlTemplate":"https:\/\/www.celttv.com.ar\/?s={search_term_string}"},"query-input":"required name=search_term_string"}],"inLanguage":"es"},{"@type":"Organization","@id":"https:\/\/www.celttv.com.ar\/#organization","name":"CELTTV","url":"https:\/\/www.celttv.com.ar\/","sameAs":["https:\/\/www.youtube.com\/channel\/UCz_oIt8Hig64Ub-EmcNPIhg","https:\/\/www.facebook.com\/celtTV\/"],"logo":{"@type":"ImageObject","inLanguage":"es","@id":"https:\/\/www.celttv.com.ar\/#\/schema\/logo\/image\/","url":"http:\/\/www.celttv.com.ar\/wp-content\/uploads\/2022\/08\/logo-1.png","contentUrl":"http:\/\/www.celttv.com.ar\/wp-content\/uploads\/2022\/08\/logo-1.png","width":461,"height":159,"caption":"CELTTV"},"image":{"@id":"https:\/\/www.celttv.com.ar\/#\/schema\/logo\/image\/"}},{"@type":"Person","@id":"https:\/\/www.celttv.com.ar\/#\/schema\/person\/6d99c072dba59953809c81446e9d0ace","name":"ulises","image":{"@type":"ImageObject","inLanguage":"es","@id":"https:\/\/www.celttv.com.ar\/#\/schema\/person\/image\/","url":"https:\/\/secure.gravatar.com\/avatar\/7f2c48bdc33b30088f941fb6082e555f2874c98e20cb159d7b92b50eadfce793?s=96&d=mm&r=g","contentUrl":"https:\/\/secure.gravatar.com\/avatar\/7f2c48bdc33b30088f941fb6082e555f2874c98e20cb159d7b92b50eadfce793?s=96&d=mm&r=g","caption":"ulises"},"sameAs":["http:\/\/www.celttv.com.ar"]}]}},"_links":{"self":[{"href":"https:\/\/www.celttv.com.ar\/index.php\/wp-json\/wp\/v2\/posts\/39893","targetHints":{"allow":["GET"]}}],"collection":[{"href":"https:\/\/www.celttv.com.ar\/index.php\/wp-json\/wp\/v2\/posts"}],"about":[{"href":"https:\/\/www.celttv.com.ar\/index.php\/wp-json\/wp\/v2\/types\/post"}],"author":[{"embeddable":true,"href":"https:\/\/www.celttv.com.ar\/index.php\/wp-json\/wp\/v2\/users\/1"}],"replies":[{"embeddable":true,"href":"https:\/\/www.celttv.com.ar\/index.php\/wp-json\/wp\/v2\/comments?post=39893"}],"version-history":[{"count":0,"href":"https:\/\/www.celttv.com.ar\/index.php\/wp-json\/wp\/v2\/posts\/39893\/revisions"}],"wp:featuredmedia":[{"embeddable":true,"href":"https:\/\/www.celttv.com.ar\/index.php\/wp-json\/wp\/v2\/media\/39940"}],"wp:attachment":[{"href":"https:\/\/www.celttv.com.ar\/index.php\/wp-json\/wp\/v2\/media?parent=39893"}],"wp:term":[{"taxonomy":"category","embeddable":true,"href":"https:\/\/www.celttv.com.ar\/index.php\/wp-json\/wp\/v2\/categories?post=39893"},{"taxonomy":"post_tag","embeddable":true,"href":"https:\/\/www.celttv.com.ar\/index.php\/wp-json\/wp\/v2\/tags?post=39893"}],"curies":[{"name":"wp","href":"https:\/\/api.w.org\/{rel}","templated":true}]}}