{"id":39911,"date":"2019-02-05T15:19:00","date_gmt":"2019-02-05T15:19:00","guid":{"rendered":"http:\/\/www.celttv.com.ar\/?p=39911"},"modified":"2019-02-05T15:19:00","modified_gmt":"2019-02-05T15:19:00","slug":"comienzo-de-sesiones-ordinarias-en-el-consejo-escolar","status":"publish","type":"post","link":"https:\/\/www.celttv.com.ar\/index.php\/2019\/02\/05\/comienzo-de-sesiones-ordinarias-en-el-consejo-escolar\/","title":{"rendered":"Comienzo de sesiones ordinarias en el Consejo Escolar"},"content":{"rendered":"<div class=\"adelanto\">\n<p>Programada la reuni\u00f3n para el mi\u00e9rcoles 6 de Febrero.<\/p>\n<\/div>\n<div class=\"text\">\n<p>El Consejo Escolar informa a la comunidad que sesionar\u00e1 el d\u00eda Mi\u00e9rcoles 06\/02\/2019 a las 9:00 hs. en la sede de dicho organismo.<\/p>\n<p><strong>ORDEN DEL D\u00cdA<\/strong><\/p>\n<p>.-Correspondencia recibida y remitida<\/p>\n<p><strong>INFRAESTRUCTURA<\/strong><\/p>\n<p>Visitas a escuelas.<\/p>\n<p>S\u00edntesis de obras ejecutadas y en proceso:<\/p>\n<p>EP N\u00ba 21\/EES N\u00ba 5.Adjudicaci\u00f3n. Inicio de Obra<\/p>\n<p>JI N\u00ba 906. Proceso de licitaci\u00f3n.\/ Sistema de desag\u00fces cloacales.<\/p>\n<p>JI N\u00ba 909\/ EP N\u00ba 3: Finalizaci\u00f3n de obra<\/p>\n<p>EEE N\u00ba 501. Refacci\u00f3nde sanitarios.Avance de obra.<\/p>\n<p>EP N\u00ba 24. Sanitarios. Detalles de finalizaci\u00f3n de obra.<\/p>\n<p>EP N\u00ba 1. Sanitarios. Avance de obra.<\/p>\n<p>EP N\u00ba 8. Situaci\u00f3n dominial\/ Regularizaci\u00f3n obra de gas.<\/p>\n<p>EP N\u00ba 12. Reparaci\u00f3n de cubierta,\u00a0 recambio de cielorraso y pintura: Avance de obra.<\/p>\n<p>EP N\u00ba 13. Reparaci\u00f3n de cubierta, recambio de cielorraso y pintura: Avance\u00a0 de obra.<\/p>\n<p>EEST N\u00ba 1. Recambio de cubierta y canaletas. Finalizaci\u00f3n de obra<\/p>\n<p>Unidad acad\u00e9mica. Proyecto refacci\u00f3n\u00a0 del laboratorio.<\/p>\n<p>Luminarias. Segunda etapa. Pedido de informe al proveedor Vallejos Rodrigo.<\/p>\n<p>EES N\u00ba 4.Reparaci\u00f3n de cubiertas y recambio de cielorrasos: Avance de obra<\/p>\n<p>Pedido de presupuestos: Reparaci\u00f3n de cubiertas y recambio de cielorrasos: EP N\u00ba 1, EP N\u00ba 10, EP N\u00ba 24, EEE N\u00ba 502.<\/p>\n<p>CEPT N\u00ba 12- JI N\u00ba 903: Obra de gas<\/p>\n<p>EESA -Anexo 801Villa Ventana. Finalizaci\u00f3n obra de gas \/ Recambio de cubierta del Vivero<\/p>\n<p>JI 904: luminarias pedido de presupuesto.<\/p>\n<p><strong>TESORERIA<\/strong><\/p>\n<p>Autorizaciones por Fondo Compensador.<\/p>\n<p>Estado de cuentas a la fecha.<\/p>\n<p>Pago a proveedores.<\/p>\n<p>Rendiciones.<\/p>\n<p>Disposiciones 2018 Revisi\u00f3n y reordenamiento.<\/p>\n<p><strong>TRANSPORTE<\/strong><\/p>\n<p>N\u00f3mina de alumnos 2018\/2019<\/p>\n<p><strong>OTROS<\/strong><\/p>\n<p>&nbsp;<\/p>\n<p>Nueva delegada de infraestructura. Designaci\u00f3n<\/p>\n<p>Organizaci\u00f3n de trabajo: Nuevas pautas<\/p>\n<p>Padrinazgo JI 909. Disposici\u00f3n<\/p>\n<p>Altas y bajas patrimoniales 2018\/2019. Fechas de presentaci\u00f3n.<\/p>\n<p>&nbsp;<\/p>\n<\/div>\n","protected":false},"excerpt":{"rendered":"<p>Programada la reuni\u00f3n para el mi\u00e9rcoles 6 de Febrero. El Consejo Escolar informa a la comunidad que sesionar\u00e1 el d\u00eda Mi\u00e9rcoles 06\/02\/2019 a las 9:00 hs. en la sede de dicho organismo. ORDEN DEL D\u00cdA .-Correspondencia recibida y remitida INFRAESTRUCTURA Visitas a escuelas. S\u00edntesis de obras ejecutadas y en proceso: EP N\u00ba 21\/EES N\u00ba 5.Adjudicaci\u00f3n. [&hellip;]<\/p>\n","protected":false},"author":1,"featured_media":39937,"comment_status":"closed","ping_status":"open","sticky":false,"template":"","format":"standard","meta":{"footnotes":""},"categories":[55,51,52],"tags":[],"class_list":["post-39911","post","type-post","status-publish","format-standard","has-post-thumbnail","hentry","category-celt-tv-noticias","category-comunidad","category-destacadas"],"yoast_head":"<!-- This site is optimized with the Yoast SEO plugin v19.7.1 - https:\/\/yoast.com\/wordpress\/plugins\/seo\/ -->\n<title>Comienzo de sesiones ordinarias en el Consejo Escolar - CELTTV<\/title>\n<meta name=\"description\" content=\"Sitio web de noticias de la localidad de Tornquist, provincia de Buenos Aires, Rep\u00fablica Argentina. Contenido propio originado por periodistas de CELTTV, el canal de TV local de la Cooperativa El\u00e9ctrica de Tornquist. Turismo, Pol\u00edtica, Sociedad, Deporte, Cultura y todo el contenido de inter\u00e9s general que la gente del pueblo y la regi\u00f3n debe conocer.\" \/>\n<meta name=\"robots\" content=\"index, follow, max-snippet:-1, max-image-preview:large, max-video-preview:-1\" \/>\n<link rel=\"canonical\" href=\"https:\/\/www.celttv.com.ar\/index.php\/2019\/02\/05\/comienzo-de-sesiones-ordinarias-en-el-consejo-escolar\/\" \/>\n<meta property=\"og:locale\" content=\"es_ES\" \/>\n<meta property=\"og:type\" content=\"article\" \/>\n<meta property=\"og:title\" content=\"Comienzo de sesiones ordinarias en el Consejo Escolar - CELTTV\" \/>\n<meta property=\"og:description\" content=\"Sitio web de noticias de la localidad de Tornquist, provincia de Buenos Aires, Rep\u00fablica Argentina. Contenido propio originado por periodistas de CELTTV, el canal de TV local de la Cooperativa El\u00e9ctrica de Tornquist. Turismo, Pol\u00edtica, Sociedad, Deporte, Cultura y todo el contenido de inter\u00e9s general que la gente del pueblo y la regi\u00f3n debe conocer.\" \/>\n<meta property=\"og:url\" content=\"https:\/\/www.celttv.com.ar\/index.php\/2019\/02\/05\/comienzo-de-sesiones-ordinarias-en-el-consejo-escolar\/\" \/>\n<meta property=\"og:site_name\" content=\"CELTTV\" \/>\n<meta property=\"article:publisher\" content=\"https:\/\/www.facebook.com\/celtTV\/\" \/>\n<meta property=\"article:published_time\" content=\"2019-02-05T15:19:00+00:00\" \/>\n<meta property=\"og:image\" content=\"https:\/\/www.celttv.com.ar\/wp-content\/uploads\/2019\/02\/descarga-1.jpg\" \/>\n\t<meta property=\"og:image:width\" content=\"259\" \/>\n\t<meta property=\"og:image:height\" content=\"194\" \/>\n\t<meta property=\"og:image:type\" content=\"image\/jpeg\" \/>\n<meta name=\"author\" content=\"ulises\" \/>\n<meta name=\"twitter:card\" content=\"summary_large_image\" \/>\n<meta name=\"twitter:label1\" content=\"Escrito por\" \/>\n\t<meta name=\"twitter:data1\" content=\"ulises\" \/>\n\t<meta name=\"twitter:label2\" content=\"Tiempo de lectura\" \/>\n\t<meta name=\"twitter:data2\" content=\"1 minuto\" \/>\n<script type=\"application\/ld+json\" class=\"yoast-schema-graph\">{\"@context\":\"https:\/\/schema.org\",\"@graph\":[{\"@type\":\"NewsArticle\",\"@id\":\"https:\/\/www.celttv.com.ar\/index.php\/2019\/02\/05\/comienzo-de-sesiones-ordinarias-en-el-consejo-escolar\/#article\",\"isPartOf\":{\"@id\":\"https:\/\/www.celttv.com.ar\/index.php\/2019\/02\/05\/comienzo-de-sesiones-ordinarias-en-el-consejo-escolar\/\"},\"author\":{\"name\":\"ulises\",\"@id\":\"https:\/\/www.celttv.com.ar\/#\/schema\/person\/6d99c072dba59953809c81446e9d0ace\"},\"headline\":\"Comienzo de sesiones ordinarias en el Consejo Escolar\",\"datePublished\":\"2019-02-05T15:19:00+00:00\",\"dateModified\":\"2019-02-05T15:19:00+00:00\",\"mainEntityOfPage\":{\"@id\":\"https:\/\/www.celttv.com.ar\/index.php\/2019\/02\/05\/comienzo-de-sesiones-ordinarias-en-el-consejo-escolar\/\"},\"wordCount\":290,\"publisher\":{\"@id\":\"https:\/\/www.celttv.com.ar\/#organization\"},\"articleSection\":[\"Celt TV Noticias\",\"Comunidad\",\"Destacadas\"],\"inLanguage\":\"es\"},{\"@type\":\"WebPage\",\"@id\":\"https:\/\/www.celttv.com.ar\/index.php\/2019\/02\/05\/comienzo-de-sesiones-ordinarias-en-el-consejo-escolar\/\",\"url\":\"https:\/\/www.celttv.com.ar\/index.php\/2019\/02\/05\/comienzo-de-sesiones-ordinarias-en-el-consejo-escolar\/\",\"name\":\"Comienzo de sesiones ordinarias en el Consejo Escolar - CELTTV\",\"isPartOf\":{\"@id\":\"https:\/\/www.celttv.com.ar\/#website\"},\"datePublished\":\"2019-02-05T15:19:00+00:00\",\"dateModified\":\"2019-02-05T15:19:00+00:00\",\"description\":\"Sitio web de noticias de la localidad de Tornquist, provincia de Buenos Aires, Rep\u00fablica Argentina. Contenido propio originado por periodistas de CELTTV, el canal de TV local de la Cooperativa El\u00e9ctrica de Tornquist. Turismo, Pol\u00edtica, Sociedad, Deporte, Cultura y todo el contenido de inter\u00e9s general que la gente del pueblo y la regi\u00f3n debe conocer.\",\"breadcrumb\":{\"@id\":\"https:\/\/www.celttv.com.ar\/index.php\/2019\/02\/05\/comienzo-de-sesiones-ordinarias-en-el-consejo-escolar\/#breadcrumb\"},\"inLanguage\":\"es\",\"potentialAction\":[{\"@type\":\"ReadAction\",\"target\":[\"https:\/\/www.celttv.com.ar\/index.php\/2019\/02\/05\/comienzo-de-sesiones-ordinarias-en-el-consejo-escolar\/\"]}]},{\"@type\":\"BreadcrumbList\",\"@id\":\"https:\/\/www.celttv.com.ar\/index.php\/2019\/02\/05\/comienzo-de-sesiones-ordinarias-en-el-consejo-escolar\/#breadcrumb\",\"itemListElement\":[{\"@type\":\"ListItem\",\"position\":1,\"name\":\"Inicio\",\"item\":\"https:\/\/www.celttv.com.ar\/\"},{\"@type\":\"ListItem\",\"position\":2,\"name\":\"Comienzo de sesiones ordinarias en el Consejo Escolar\"}]},{\"@type\":\"WebSite\",\"@id\":\"https:\/\/www.celttv.com.ar\/#website\",\"url\":\"https:\/\/www.celttv.com.ar\/\",\"name\":\"CELTTV\",\"description\":\"Cooperativa El\u00e9ctrica de Tornquist\",\"publisher\":{\"@id\":\"https:\/\/www.celttv.com.ar\/#organization\"},\"potentialAction\":[{\"@type\":\"SearchAction\",\"target\":{\"@type\":\"EntryPoint\",\"urlTemplate\":\"https:\/\/www.celttv.com.ar\/?s={search_term_string}\"},\"query-input\":\"required name=search_term_string\"}],\"inLanguage\":\"es\"},{\"@type\":\"Organization\",\"@id\":\"https:\/\/www.celttv.com.ar\/#organization\",\"name\":\"CELTTV\",\"url\":\"https:\/\/www.celttv.com.ar\/\",\"sameAs\":[\"https:\/\/www.youtube.com\/channel\/UCz_oIt8Hig64Ub-EmcNPIhg\",\"https:\/\/www.facebook.com\/celtTV\/\"],\"logo\":{\"@type\":\"ImageObject\",\"inLanguage\":\"es\",\"@id\":\"https:\/\/www.celttv.com.ar\/#\/schema\/logo\/image\/\",\"url\":\"http:\/\/www.celttv.com.ar\/wp-content\/uploads\/2022\/08\/logo-1.png\",\"contentUrl\":\"http:\/\/www.celttv.com.ar\/wp-content\/uploads\/2022\/08\/logo-1.png\",\"width\":461,\"height\":159,\"caption\":\"CELTTV\"},\"image\":{\"@id\":\"https:\/\/www.celttv.com.ar\/#\/schema\/logo\/image\/\"}},{\"@type\":\"Person\",\"@id\":\"https:\/\/www.celttv.com.ar\/#\/schema\/person\/6d99c072dba59953809c81446e9d0ace\",\"name\":\"ulises\",\"image\":{\"@type\":\"ImageObject\",\"inLanguage\":\"es\",\"@id\":\"https:\/\/www.celttv.com.ar\/#\/schema\/person\/image\/\",\"url\":\"https:\/\/secure.gravatar.com\/avatar\/7f2c48bdc33b30088f941fb6082e555f2874c98e20cb159d7b92b50eadfce793?s=96&d=mm&r=g\",\"contentUrl\":\"https:\/\/secure.gravatar.com\/avatar\/7f2c48bdc33b30088f941fb6082e555f2874c98e20cb159d7b92b50eadfce793?s=96&d=mm&r=g\",\"caption\":\"ulises\"},\"sameAs\":[\"http:\/\/www.celttv.com.ar\"]}]}<\/script>\n<!-- \/ Yoast SEO plugin. -->","yoast_head_json":{"title":"Comienzo de sesiones ordinarias en el Consejo Escolar - CELTTV","description":"Sitio web de noticias de la localidad de Tornquist, provincia de Buenos Aires, Rep\u00fablica Argentina. Contenido propio originado por periodistas de CELTTV, el canal de TV local de la Cooperativa El\u00e9ctrica de Tornquist. Turismo, Pol\u00edtica, Sociedad, Deporte, Cultura y todo el contenido de inter\u00e9s general que la gente del pueblo y la regi\u00f3n debe conocer.","robots":{"index":"index","follow":"follow","max-snippet":"max-snippet:-1","max-image-preview":"max-image-preview:large","max-video-preview":"max-video-preview:-1"},"canonical":"https:\/\/www.celttv.com.ar\/index.php\/2019\/02\/05\/comienzo-de-sesiones-ordinarias-en-el-consejo-escolar\/","og_locale":"es_ES","og_type":"article","og_title":"Comienzo de sesiones ordinarias en el Consejo Escolar - CELTTV","og_description":"Sitio web de noticias de la localidad de Tornquist, provincia de Buenos Aires, Rep\u00fablica Argentina. Contenido propio originado por periodistas de CELTTV, el canal de TV local de la Cooperativa El\u00e9ctrica de Tornquist. Turismo, Pol\u00edtica, Sociedad, Deporte, Cultura y todo el contenido de inter\u00e9s general que la gente del pueblo y la regi\u00f3n debe conocer.","og_url":"https:\/\/www.celttv.com.ar\/index.php\/2019\/02\/05\/comienzo-de-sesiones-ordinarias-en-el-consejo-escolar\/","og_site_name":"CELTTV","article_publisher":"https:\/\/www.facebook.com\/celtTV\/","article_published_time":"2019-02-05T15:19:00+00:00","og_image":[{"width":259,"height":194,"url":"https:\/\/www.celttv.com.ar\/wp-content\/uploads\/2019\/02\/descarga-1.jpg","type":"image\/jpeg"}],"author":"ulises","twitter_card":"summary_large_image","twitter_misc":{"Escrito por":"ulises","Tiempo de lectura":"1 minuto"},"schema":{"@context":"https:\/\/schema.org","@graph":[{"@type":"NewsArticle","@id":"https:\/\/www.celttv.com.ar\/index.php\/2019\/02\/05\/comienzo-de-sesiones-ordinarias-en-el-consejo-escolar\/#article","isPartOf":{"@id":"https:\/\/www.celttv.com.ar\/index.php\/2019\/02\/05\/comienzo-de-sesiones-ordinarias-en-el-consejo-escolar\/"},"author":{"name":"ulises","@id":"https:\/\/www.celttv.com.ar\/#\/schema\/person\/6d99c072dba59953809c81446e9d0ace"},"headline":"Comienzo de sesiones ordinarias en el Consejo Escolar","datePublished":"2019-02-05T15:19:00+00:00","dateModified":"2019-02-05T15:19:00+00:00","mainEntityOfPage":{"@id":"https:\/\/www.celttv.com.ar\/index.php\/2019\/02\/05\/comienzo-de-sesiones-ordinarias-en-el-consejo-escolar\/"},"wordCount":290,"publisher":{"@id":"https:\/\/www.celttv.com.ar\/#organization"},"articleSection":["Celt TV Noticias","Comunidad","Destacadas"],"inLanguage":"es"},{"@type":"WebPage","@id":"https:\/\/www.celttv.com.ar\/index.php\/2019\/02\/05\/comienzo-de-sesiones-ordinarias-en-el-consejo-escolar\/","url":"https:\/\/www.celttv.com.ar\/index.php\/2019\/02\/05\/comienzo-de-sesiones-ordinarias-en-el-consejo-escolar\/","name":"Comienzo de sesiones ordinarias en el Consejo Escolar - CELTTV","isPartOf":{"@id":"https:\/\/www.celttv.com.ar\/#website"},"datePublished":"2019-02-05T15:19:00+00:00","dateModified":"2019-02-05T15:19:00+00:00","description":"Sitio web de noticias de la localidad de Tornquist, provincia de Buenos Aires, Rep\u00fablica Argentina. Contenido propio originado por periodistas de CELTTV, el canal de TV local de la Cooperativa El\u00e9ctrica de Tornquist. Turismo, Pol\u00edtica, Sociedad, Deporte, Cultura y todo el contenido de inter\u00e9s general que la gente del pueblo y la regi\u00f3n debe conocer.","breadcrumb":{"@id":"https:\/\/www.celttv.com.ar\/index.php\/2019\/02\/05\/comienzo-de-sesiones-ordinarias-en-el-consejo-escolar\/#breadcrumb"},"inLanguage":"es","potentialAction":[{"@type":"ReadAction","target":["https:\/\/www.celttv.com.ar\/index.php\/2019\/02\/05\/comienzo-de-sesiones-ordinarias-en-el-consejo-escolar\/"]}]},{"@type":"BreadcrumbList","@id":"https:\/\/www.celttv.com.ar\/index.php\/2019\/02\/05\/comienzo-de-sesiones-ordinarias-en-el-consejo-escolar\/#breadcrumb","itemListElement":[{"@type":"ListItem","position":1,"name":"Inicio","item":"https:\/\/www.celttv.com.ar\/"},{"@type":"ListItem","position":2,"name":"Comienzo de sesiones ordinarias en el Consejo Escolar"}]},{"@type":"WebSite","@id":"https:\/\/www.celttv.com.ar\/#website","url":"https:\/\/www.celttv.com.ar\/","name":"CELTTV","description":"Cooperativa El\u00e9ctrica de Tornquist","publisher":{"@id":"https:\/\/www.celttv.com.ar\/#organization"},"potentialAction":[{"@type":"SearchAction","target":{"@type":"EntryPoint","urlTemplate":"https:\/\/www.celttv.com.ar\/?s={search_term_string}"},"query-input":"required name=search_term_string"}],"inLanguage":"es"},{"@type":"Organization","@id":"https:\/\/www.celttv.com.ar\/#organization","name":"CELTTV","url":"https:\/\/www.celttv.com.ar\/","sameAs":["https:\/\/www.youtube.com\/channel\/UCz_oIt8Hig64Ub-EmcNPIhg","https:\/\/www.facebook.com\/celtTV\/"],"logo":{"@type":"ImageObject","inLanguage":"es","@id":"https:\/\/www.celttv.com.ar\/#\/schema\/logo\/image\/","url":"http:\/\/www.celttv.com.ar\/wp-content\/uploads\/2022\/08\/logo-1.png","contentUrl":"http:\/\/www.celttv.com.ar\/wp-content\/uploads\/2022\/08\/logo-1.png","width":461,"height":159,"caption":"CELTTV"},"image":{"@id":"https:\/\/www.celttv.com.ar\/#\/schema\/logo\/image\/"}},{"@type":"Person","@id":"https:\/\/www.celttv.com.ar\/#\/schema\/person\/6d99c072dba59953809c81446e9d0ace","name":"ulises","image":{"@type":"ImageObject","inLanguage":"es","@id":"https:\/\/www.celttv.com.ar\/#\/schema\/person\/image\/","url":"https:\/\/secure.gravatar.com\/avatar\/7f2c48bdc33b30088f941fb6082e555f2874c98e20cb159d7b92b50eadfce793?s=96&d=mm&r=g","contentUrl":"https:\/\/secure.gravatar.com\/avatar\/7f2c48bdc33b30088f941fb6082e555f2874c98e20cb159d7b92b50eadfce793?s=96&d=mm&r=g","caption":"ulises"},"sameAs":["http:\/\/www.celttv.com.ar"]}]}},"_links":{"self":[{"href":"https:\/\/www.celttv.com.ar\/index.php\/wp-json\/wp\/v2\/posts\/39911","targetHints":{"allow":["GET"]}}],"collection":[{"href":"https:\/\/www.celttv.com.ar\/index.php\/wp-json\/wp\/v2\/posts"}],"about":[{"href":"https:\/\/www.celttv.com.ar\/index.php\/wp-json\/wp\/v2\/types\/post"}],"author":[{"embeddable":true,"href":"https:\/\/www.celttv.com.ar\/index.php\/wp-json\/wp\/v2\/users\/1"}],"replies":[{"embeddable":true,"href":"https:\/\/www.celttv.com.ar\/index.php\/wp-json\/wp\/v2\/comments?post=39911"}],"version-history":[{"count":0,"href":"https:\/\/www.celttv.com.ar\/index.php\/wp-json\/wp\/v2\/posts\/39911\/revisions"}],"wp:featuredmedia":[{"embeddable":true,"href":"https:\/\/www.celttv.com.ar\/index.php\/wp-json\/wp\/v2\/media\/39937"}],"wp:attachment":[{"href":"https:\/\/www.celttv.com.ar\/index.php\/wp-json\/wp\/v2\/media?parent=39911"}],"wp:term":[{"taxonomy":"category","embeddable":true,"href":"https:\/\/www.celttv.com.ar\/index.php\/wp-json\/wp\/v2\/categories?post=39911"},{"taxonomy":"post_tag","embeddable":true,"href":"https:\/\/www.celttv.com.ar\/index.php\/wp-json\/wp\/v2\/tags?post=39911"}],"curies":[{"name":"wp","href":"https:\/\/api.w.org\/{rel}","templated":true}]}}