{"id":39921,"date":"2019-02-05T19:28:11","date_gmt":"2019-02-05T19:28:11","guid":{"rendered":"http:\/\/www.celttv.com.ar\/?p=39921"},"modified":"2019-02-05T19:28:11","modified_gmt":"2019-02-05T19:28:11","slug":"tres-heridos-fue-el-saldo-tras-el-choque-de-un-auto-contra-una-columna-de-alumbrado-en-la-rp-76-fotos","status":"publish","type":"post","link":"https:\/\/www.celttv.com.ar\/index.php\/2019\/02\/05\/tres-heridos-fue-el-saldo-tras-el-choque-de-un-auto-contra-una-columna-de-alumbrado-en-la-rp-76-fotos\/","title":{"rendered":"TRES HERIDOS FUE EL SALDO TRAS EL CHOQUE DE UN AUTO CONTRA UNA COLUMNA DE ALUMBRADO EN LA RP 76 (INFORME AMPLIADO)"},"content":{"rendered":"<p>CELTTV&#8212; Tres heridos de diferente consideraci\u00f3n, fue el saldo del choque de un auto que impact\u00f3 de manera lateral contra una de las columnas de alumbrado apostadas en el acceso a Tornquist por RP 76.<\/p>\n<p>El hecho ocurri\u00f3 a las 15, cuando el conductor de un Dodge 1500, perdi\u00f3 el contro del rodado iniciando un trompo sobre la cinta asf\u00e1ltica e impactando del lado del acompa\u00f1ante contra un poste de alumbrado, generando que el auto se doblara al medio.<\/p>\n<p>De acuerdo a los datos suministrados en el lugar, los tres ocupantes del veh\u00edculo son de Tornquist.<\/p>\n<p>Los j\u00f3venes fueron identificados como\u00a0Tobias Haag(15)\u00a0domiciliado en 25 de Mayo 240, conductor del rodado .\u00a0Marcelo Alejandro Storm(22)\u00a0con domicilio en Santiago Amarante 690 y\u00a0Maximiliano Mu\u00f1oz(16)\u00a0de General paz 700.<\/p>\n<p>Hagg, producto del\u00a0 accidente \u00a0sufri\u00f3 traumatismo de cr\u00e1neo severo con perdida de conocimiento, fue derivado al hospital municipal \u201cDr. Alberto Castro\u201d para posterior derivaci\u00f3n de urgencia al hospital Penna de Bah\u00eda Blanca.<\/p>\n<p>En el caso de Marcelo Alejandro Storm , quebradura de cadera y Maximiliano Mu\u00f1oz raspaduras en sus manos.<\/p>\n<p>Se instruyen actuaciones caratuladas LESIONES POR ACCIDENTE.<\/p>\n<p>Intervinieron en el lugar policia, bomberos voluntarios, inspecci\u00f3n, Hospital Municipal y personal de la Cooperativa El\u00e9ctrica.<\/p>\n<p>&nbsp;<\/p>\n<p><a href=\"http:\/\/www.celttv.com.ar\/?attachment_id=39924\" rel=\"attachment wp-att-39924\"><img loading=\"lazy\" decoding=\"async\" class=\"alignleft size-medium wp-image-39924\" src=\"http:\/\/www.celttv.com.ar\/wp-content\/uploads\/2019\/02\/20190205_152043-780x439.jpg\" alt=\"\" width=\"780\" height=\"439\" \/><\/a> <a href=\"http:\/\/www.celttv.com.ar\/?attachment_id=39928\" rel=\"attachment wp-att-39928\"><img loading=\"lazy\" decoding=\"async\" class=\"alignleft size-medium wp-image-39928\" src=\"http:\/\/www.celttv.com.ar\/wp-content\/uploads\/2019\/02\/20190205_152252-780x439.jpg\" alt=\"\" width=\"780\" height=\"439\" \/><\/a> <a href=\"http:\/\/www.celttv.com.ar\/?attachment_id=39927\" rel=\"attachment wp-att-39927\"><img loading=\"lazy\" decoding=\"async\" class=\"alignleft size-medium wp-image-39927\" src=\"http:\/\/www.celttv.com.ar\/wp-content\/uploads\/2019\/02\/20190205_152139-780x439.jpg\" alt=\"\" width=\"780\" height=\"439\" \/><\/a> <a href=\"http:\/\/www.celttv.com.ar\/?attachment_id=39926\" rel=\"attachment wp-att-39926\"><img loading=\"lazy\" decoding=\"async\" class=\"alignleft size-medium wp-image-39926\" src=\"http:\/\/www.celttv.com.ar\/wp-content\/uploads\/2019\/02\/20190205_152134-780x439.jpg\" alt=\"\" width=\"780\" height=\"439\" \/><\/a> <a href=\"http:\/\/www.celttv.com.ar\/?attachment_id=39934\" rel=\"attachment wp-att-39934\"><img loading=\"lazy\" decoding=\"async\" class=\"alignleft size-medium wp-image-39934\" src=\"http:\/\/www.celttv.com.ar\/wp-content\/uploads\/2019\/02\/20190205_153244-780x439.jpg\" alt=\"\" width=\"780\" height=\"439\" \/><\/a> <a href=\"http:\/\/www.celttv.com.ar\/?attachment_id=39933\" rel=\"attachment wp-att-39933\"><img loading=\"lazy\" decoding=\"async\" class=\"alignleft size-medium wp-image-39933\" src=\"http:\/\/www.celttv.com.ar\/wp-content\/uploads\/2019\/02\/20190205_152749-780x439.jpg\" alt=\"\" width=\"780\" height=\"439\" \/><\/a> <a href=\"http:\/\/www.celttv.com.ar\/?attachment_id=39931\" rel=\"attachment wp-att-39931\"><img loading=\"lazy\" decoding=\"async\" class=\"alignleft size-medium wp-image-39931\" src=\"http:\/\/www.celttv.com.ar\/wp-content\/uploads\/2019\/02\/20190205_152503-780x439.jpg\" alt=\"\" width=\"780\" height=\"439\" \/><\/a> <a href=\"http:\/\/www.celttv.com.ar\/?attachment_id=39932\" rel=\"attachment wp-att-39932\"><img loading=\"lazy\" decoding=\"async\" class=\"alignleft size-medium wp-image-39932\" src=\"http:\/\/www.celttv.com.ar\/wp-content\/uploads\/2019\/02\/20190205_152605-780x439.jpg\" alt=\"\" width=\"780\" height=\"439\" \/><\/a> <a href=\"http:\/\/www.celttv.com.ar\/?attachment_id=39930\" rel=\"attachment wp-att-39930\"><img loading=\"lazy\" decoding=\"async\" class=\"alignleft size-medium wp-image-39930\" src=\"http:\/\/www.celttv.com.ar\/wp-content\/uploads\/2019\/02\/20190205_152429-780x439.jpg\" alt=\"\" width=\"780\" height=\"439\" \/><\/a> <a href=\"http:\/\/www.celttv.com.ar\/?attachment_id=39929\" rel=\"attachment wp-att-39929\"><img loading=\"lazy\" decoding=\"async\" class=\"alignleft size-medium wp-image-39929\" src=\"http:\/\/www.celttv.com.ar\/wp-content\/uploads\/2019\/02\/20190205_152355-780x439.jpg\" alt=\"\" width=\"780\" height=\"439\" \/><\/a> <a href=\"http:\/\/www.celttv.com.ar\/?attachment_id=39925\" rel=\"attachment wp-att-39925\"><img loading=\"lazy\" decoding=\"async\" class=\"alignleft size-medium wp-image-39925\" src=\"http:\/\/www.celttv.com.ar\/wp-content\/uploads\/2019\/02\/20190205_152057-780x439.jpg\" alt=\"\" width=\"780\" height=\"439\" \/><\/a> <a href=\"http:\/\/www.celttv.com.ar\/?attachment_id=39923\" rel=\"attachment wp-att-39923\"><img loading=\"lazy\" decoding=\"async\" class=\"alignleft size-medium wp-image-39923\" src=\"http:\/\/www.celttv.com.ar\/wp-content\/uploads\/2019\/02\/20190205_152022-780x439.jpg\" alt=\"\" width=\"780\" height=\"439\" \/><\/a><\/p>\n","protected":false},"excerpt":{"rendered":"<p>CELTTV&#8212; Tres heridos de diferente consideraci\u00f3n, fue el saldo del choque de un auto que impact\u00f3 de manera lateral contra una de las columnas de alumbrado apostadas en el acceso a Tornquist por RP 76. El hecho ocurri\u00f3 a las 15, cuando el conductor de un Dodge 1500, perdi\u00f3 el contro del rodado iniciando un [&hellip;]<\/p>\n","protected":false},"author":1,"featured_media":39925,"comment_status":"closed","ping_status":"open","sticky":false,"template":"","format":"standard","meta":{"footnotes":""},"categories":[55,51,52,61],"tags":[],"class_list":["post-39921","post","type-post","status-publish","format-standard","has-post-thumbnail","hentry","category-celt-tv-noticias","category-comunidad","category-destacadas","category-policiales"],"yoast_head":"<!-- This site is optimized with the Yoast SEO plugin v19.7.1 - https:\/\/yoast.com\/wordpress\/plugins\/seo\/ -->\n<title>TRES HERIDOS FUE EL SALDO TRAS EL CHOQUE DE UN AUTO CONTRA UNA COLUMNA DE ALUMBRADO EN LA RP 76 (INFORME AMPLIADO) - CELTTV<\/title>\n<meta name=\"description\" content=\"Sitio web de noticias de la localidad de Tornquist, provincia de Buenos Aires, Rep\u00fablica Argentina. Contenido propio originado por periodistas de CELTTV, el canal de TV local de la Cooperativa El\u00e9ctrica de Tornquist. Turismo, Pol\u00edtica, Sociedad, Deporte, Cultura y todo el contenido de inter\u00e9s general que la gente del pueblo y la regi\u00f3n debe conocer.\" \/>\n<meta name=\"robots\" content=\"index, follow, max-snippet:-1, max-image-preview:large, max-video-preview:-1\" \/>\n<link rel=\"canonical\" href=\"https:\/\/www.celttv.com.ar\/index.php\/2019\/02\/05\/tres-heridos-fue-el-saldo-tras-el-choque-de-un-auto-contra-una-columna-de-alumbrado-en-la-rp-76-fotos\/\" \/>\n<meta property=\"og:locale\" content=\"es_ES\" \/>\n<meta property=\"og:type\" content=\"article\" \/>\n<meta property=\"og:title\" content=\"TRES HERIDOS FUE EL SALDO TRAS EL CHOQUE DE UN AUTO CONTRA UNA COLUMNA DE ALUMBRADO EN LA RP 76 (INFORME AMPLIADO) - CELTTV\" \/>\n<meta property=\"og:description\" content=\"Sitio web de noticias de la localidad de Tornquist, provincia de Buenos Aires, Rep\u00fablica Argentina. Contenido propio originado por periodistas de CELTTV, el canal de TV local de la Cooperativa El\u00e9ctrica de Tornquist. Turismo, Pol\u00edtica, Sociedad, Deporte, Cultura y todo el contenido de inter\u00e9s general que la gente del pueblo y la regi\u00f3n debe conocer.\" \/>\n<meta property=\"og:url\" content=\"https:\/\/www.celttv.com.ar\/index.php\/2019\/02\/05\/tres-heridos-fue-el-saldo-tras-el-choque-de-un-auto-contra-una-columna-de-alumbrado-en-la-rp-76-fotos\/\" \/>\n<meta property=\"og:site_name\" content=\"CELTTV\" \/>\n<meta property=\"article:publisher\" content=\"https:\/\/www.facebook.com\/celtTV\/\" \/>\n<meta property=\"article:published_time\" content=\"2019-02-05T19:28:11+00:00\" \/>\n<meta property=\"og:image\" content=\"https:\/\/www.celttv.com.ar\/wp-content\/uploads\/2019\/02\/20190205_152057.jpg\" \/>\n\t<meta property=\"og:image:width\" content=\"1959\" \/>\n\t<meta property=\"og:image:height\" content=\"1102\" \/>\n\t<meta property=\"og:image:type\" content=\"image\/jpeg\" \/>\n<meta name=\"author\" content=\"ulises\" \/>\n<meta name=\"twitter:card\" content=\"summary_large_image\" \/>\n<meta name=\"twitter:label1\" content=\"Escrito por\" \/>\n\t<meta name=\"twitter:data1\" content=\"ulises\" \/>\n\t<meta name=\"twitter:label2\" content=\"Tiempo de lectura\" \/>\n\t<meta name=\"twitter:data2\" content=\"1 minuto\" \/>\n<script type=\"application\/ld+json\" class=\"yoast-schema-graph\">{\"@context\":\"https:\/\/schema.org\",\"@graph\":[{\"@type\":\"NewsArticle\",\"@id\":\"https:\/\/www.celttv.com.ar\/index.php\/2019\/02\/05\/tres-heridos-fue-el-saldo-tras-el-choque-de-un-auto-contra-una-columna-de-alumbrado-en-la-rp-76-fotos\/#article\",\"isPartOf\":{\"@id\":\"https:\/\/www.celttv.com.ar\/index.php\/2019\/02\/05\/tres-heridos-fue-el-saldo-tras-el-choque-de-un-auto-contra-una-columna-de-alumbrado-en-la-rp-76-fotos\/\"},\"author\":{\"name\":\"ulises\",\"@id\":\"https:\/\/www.celttv.com.ar\/#\/schema\/person\/6d99c072dba59953809c81446e9d0ace\"},\"headline\":\"TRES HERIDOS FUE EL SALDO TRAS EL CHOQUE DE UN AUTO CONTRA UNA COLUMNA DE ALUMBRADO EN LA RP 76 (INFORME AMPLIADO)\",\"datePublished\":\"2019-02-05T19:28:11+00:00\",\"dateModified\":\"2019-02-05T19:28:11+00:00\",\"mainEntityOfPage\":{\"@id\":\"https:\/\/www.celttv.com.ar\/index.php\/2019\/02\/05\/tres-heridos-fue-el-saldo-tras-el-choque-de-un-auto-contra-una-columna-de-alumbrado-en-la-rp-76-fotos\/\"},\"wordCount\":227,\"publisher\":{\"@id\":\"https:\/\/www.celttv.com.ar\/#organization\"},\"articleSection\":[\"Celt TV Noticias\",\"Comunidad\",\"Destacadas\",\"Policiales\"],\"inLanguage\":\"es\"},{\"@type\":\"WebPage\",\"@id\":\"https:\/\/www.celttv.com.ar\/index.php\/2019\/02\/05\/tres-heridos-fue-el-saldo-tras-el-choque-de-un-auto-contra-una-columna-de-alumbrado-en-la-rp-76-fotos\/\",\"url\":\"https:\/\/www.celttv.com.ar\/index.php\/2019\/02\/05\/tres-heridos-fue-el-saldo-tras-el-choque-de-un-auto-contra-una-columna-de-alumbrado-en-la-rp-76-fotos\/\",\"name\":\"TRES HERIDOS FUE EL SALDO TRAS EL CHOQUE DE UN AUTO CONTRA UNA COLUMNA DE ALUMBRADO EN LA RP 76 (INFORME AMPLIADO) - CELTTV\",\"isPartOf\":{\"@id\":\"https:\/\/www.celttv.com.ar\/#website\"},\"datePublished\":\"2019-02-05T19:28:11+00:00\",\"dateModified\":\"2019-02-05T19:28:11+00:00\",\"description\":\"Sitio web de noticias de la localidad de Tornquist, provincia de Buenos Aires, Rep\u00fablica Argentina. Contenido propio originado por periodistas de CELTTV, el canal de TV local de la Cooperativa El\u00e9ctrica de Tornquist. Turismo, Pol\u00edtica, Sociedad, Deporte, Cultura y todo el contenido de inter\u00e9s general que la gente del pueblo y la regi\u00f3n debe conocer.\",\"breadcrumb\":{\"@id\":\"https:\/\/www.celttv.com.ar\/index.php\/2019\/02\/05\/tres-heridos-fue-el-saldo-tras-el-choque-de-un-auto-contra-una-columna-de-alumbrado-en-la-rp-76-fotos\/#breadcrumb\"},\"inLanguage\":\"es\",\"potentialAction\":[{\"@type\":\"ReadAction\",\"target\":[\"https:\/\/www.celttv.com.ar\/index.php\/2019\/02\/05\/tres-heridos-fue-el-saldo-tras-el-choque-de-un-auto-contra-una-columna-de-alumbrado-en-la-rp-76-fotos\/\"]}]},{\"@type\":\"BreadcrumbList\",\"@id\":\"https:\/\/www.celttv.com.ar\/index.php\/2019\/02\/05\/tres-heridos-fue-el-saldo-tras-el-choque-de-un-auto-contra-una-columna-de-alumbrado-en-la-rp-76-fotos\/#breadcrumb\",\"itemListElement\":[{\"@type\":\"ListItem\",\"position\":1,\"name\":\"Inicio\",\"item\":\"https:\/\/www.celttv.com.ar\/\"},{\"@type\":\"ListItem\",\"position\":2,\"name\":\"TRES HERIDOS FUE EL SALDO TRAS EL CHOQUE DE UN AUTO CONTRA UNA COLUMNA DE ALUMBRADO EN LA RP 76 (INFORME AMPLIADO)\"}]},{\"@type\":\"WebSite\",\"@id\":\"https:\/\/www.celttv.com.ar\/#website\",\"url\":\"https:\/\/www.celttv.com.ar\/\",\"name\":\"CELTTV\",\"description\":\"Cooperativa El\u00e9ctrica de Tornquist\",\"publisher\":{\"@id\":\"https:\/\/www.celttv.com.ar\/#organization\"},\"potentialAction\":[{\"@type\":\"SearchAction\",\"target\":{\"@type\":\"EntryPoint\",\"urlTemplate\":\"https:\/\/www.celttv.com.ar\/?s={search_term_string}\"},\"query-input\":\"required name=search_term_string\"}],\"inLanguage\":\"es\"},{\"@type\":\"Organization\",\"@id\":\"https:\/\/www.celttv.com.ar\/#organization\",\"name\":\"CELTTV\",\"url\":\"https:\/\/www.celttv.com.ar\/\",\"sameAs\":[\"https:\/\/www.youtube.com\/channel\/UCz_oIt8Hig64Ub-EmcNPIhg\",\"https:\/\/www.facebook.com\/celtTV\/\"],\"logo\":{\"@type\":\"ImageObject\",\"inLanguage\":\"es\",\"@id\":\"https:\/\/www.celttv.com.ar\/#\/schema\/logo\/image\/\",\"url\":\"http:\/\/www.celttv.com.ar\/wp-content\/uploads\/2022\/08\/logo-1.png\",\"contentUrl\":\"http:\/\/www.celttv.com.ar\/wp-content\/uploads\/2022\/08\/logo-1.png\",\"width\":461,\"height\":159,\"caption\":\"CELTTV\"},\"image\":{\"@id\":\"https:\/\/www.celttv.com.ar\/#\/schema\/logo\/image\/\"}},{\"@type\":\"Person\",\"@id\":\"https:\/\/www.celttv.com.ar\/#\/schema\/person\/6d99c072dba59953809c81446e9d0ace\",\"name\":\"ulises\",\"image\":{\"@type\":\"ImageObject\",\"inLanguage\":\"es\",\"@id\":\"https:\/\/www.celttv.com.ar\/#\/schema\/person\/image\/\",\"url\":\"https:\/\/secure.gravatar.com\/avatar\/7f2c48bdc33b30088f941fb6082e555f2874c98e20cb159d7b92b50eadfce793?s=96&d=mm&r=g\",\"contentUrl\":\"https:\/\/secure.gravatar.com\/avatar\/7f2c48bdc33b30088f941fb6082e555f2874c98e20cb159d7b92b50eadfce793?s=96&d=mm&r=g\",\"caption\":\"ulises\"},\"sameAs\":[\"http:\/\/www.celttv.com.ar\"]}]}<\/script>\n<!-- \/ Yoast SEO plugin. -->","yoast_head_json":{"title":"TRES HERIDOS FUE EL SALDO TRAS EL CHOQUE DE UN AUTO CONTRA UNA COLUMNA DE ALUMBRADO EN LA RP 76 (INFORME AMPLIADO) - CELTTV","description":"Sitio web de noticias de la localidad de Tornquist, provincia de Buenos Aires, Rep\u00fablica Argentina. Contenido propio originado por periodistas de CELTTV, el canal de TV local de la Cooperativa El\u00e9ctrica de Tornquist. Turismo, Pol\u00edtica, Sociedad, Deporte, Cultura y todo el contenido de inter\u00e9s general que la gente del pueblo y la regi\u00f3n debe conocer.","robots":{"index":"index","follow":"follow","max-snippet":"max-snippet:-1","max-image-preview":"max-image-preview:large","max-video-preview":"max-video-preview:-1"},"canonical":"https:\/\/www.celttv.com.ar\/index.php\/2019\/02\/05\/tres-heridos-fue-el-saldo-tras-el-choque-de-un-auto-contra-una-columna-de-alumbrado-en-la-rp-76-fotos\/","og_locale":"es_ES","og_type":"article","og_title":"TRES HERIDOS FUE EL SALDO TRAS EL CHOQUE DE UN AUTO CONTRA UNA COLUMNA DE ALUMBRADO EN LA RP 76 (INFORME AMPLIADO) - CELTTV","og_description":"Sitio web de noticias de la localidad de Tornquist, provincia de Buenos Aires, Rep\u00fablica Argentina. Contenido propio originado por periodistas de CELTTV, el canal de TV local de la Cooperativa El\u00e9ctrica de Tornquist. Turismo, Pol\u00edtica, Sociedad, Deporte, Cultura y todo el contenido de inter\u00e9s general que la gente del pueblo y la regi\u00f3n debe conocer.","og_url":"https:\/\/www.celttv.com.ar\/index.php\/2019\/02\/05\/tres-heridos-fue-el-saldo-tras-el-choque-de-un-auto-contra-una-columna-de-alumbrado-en-la-rp-76-fotos\/","og_site_name":"CELTTV","article_publisher":"https:\/\/www.facebook.com\/celtTV\/","article_published_time":"2019-02-05T19:28:11+00:00","og_image":[{"width":1959,"height":1102,"url":"https:\/\/www.celttv.com.ar\/wp-content\/uploads\/2019\/02\/20190205_152057.jpg","type":"image\/jpeg"}],"author":"ulises","twitter_card":"summary_large_image","twitter_misc":{"Escrito por":"ulises","Tiempo de lectura":"1 minuto"},"schema":{"@context":"https:\/\/schema.org","@graph":[{"@type":"NewsArticle","@id":"https:\/\/www.celttv.com.ar\/index.php\/2019\/02\/05\/tres-heridos-fue-el-saldo-tras-el-choque-de-un-auto-contra-una-columna-de-alumbrado-en-la-rp-76-fotos\/#article","isPartOf":{"@id":"https:\/\/www.celttv.com.ar\/index.php\/2019\/02\/05\/tres-heridos-fue-el-saldo-tras-el-choque-de-un-auto-contra-una-columna-de-alumbrado-en-la-rp-76-fotos\/"},"author":{"name":"ulises","@id":"https:\/\/www.celttv.com.ar\/#\/schema\/person\/6d99c072dba59953809c81446e9d0ace"},"headline":"TRES HERIDOS FUE EL SALDO TRAS EL CHOQUE DE UN AUTO CONTRA UNA COLUMNA DE ALUMBRADO EN LA RP 76 (INFORME AMPLIADO)","datePublished":"2019-02-05T19:28:11+00:00","dateModified":"2019-02-05T19:28:11+00:00","mainEntityOfPage":{"@id":"https:\/\/www.celttv.com.ar\/index.php\/2019\/02\/05\/tres-heridos-fue-el-saldo-tras-el-choque-de-un-auto-contra-una-columna-de-alumbrado-en-la-rp-76-fotos\/"},"wordCount":227,"publisher":{"@id":"https:\/\/www.celttv.com.ar\/#organization"},"articleSection":["Celt TV Noticias","Comunidad","Destacadas","Policiales"],"inLanguage":"es"},{"@type":"WebPage","@id":"https:\/\/www.celttv.com.ar\/index.php\/2019\/02\/05\/tres-heridos-fue-el-saldo-tras-el-choque-de-un-auto-contra-una-columna-de-alumbrado-en-la-rp-76-fotos\/","url":"https:\/\/www.celttv.com.ar\/index.php\/2019\/02\/05\/tres-heridos-fue-el-saldo-tras-el-choque-de-un-auto-contra-una-columna-de-alumbrado-en-la-rp-76-fotos\/","name":"TRES HERIDOS FUE EL SALDO TRAS EL CHOQUE DE UN AUTO CONTRA UNA COLUMNA DE ALUMBRADO EN LA RP 76 (INFORME AMPLIADO) - CELTTV","isPartOf":{"@id":"https:\/\/www.celttv.com.ar\/#website"},"datePublished":"2019-02-05T19:28:11+00:00","dateModified":"2019-02-05T19:28:11+00:00","description":"Sitio web de noticias de la localidad de Tornquist, provincia de Buenos Aires, Rep\u00fablica Argentina. Contenido propio originado por periodistas de CELTTV, el canal de TV local de la Cooperativa El\u00e9ctrica de Tornquist. Turismo, Pol\u00edtica, Sociedad, Deporte, Cultura y todo el contenido de inter\u00e9s general que la gente del pueblo y la regi\u00f3n debe conocer.","breadcrumb":{"@id":"https:\/\/www.celttv.com.ar\/index.php\/2019\/02\/05\/tres-heridos-fue-el-saldo-tras-el-choque-de-un-auto-contra-una-columna-de-alumbrado-en-la-rp-76-fotos\/#breadcrumb"},"inLanguage":"es","potentialAction":[{"@type":"ReadAction","target":["https:\/\/www.celttv.com.ar\/index.php\/2019\/02\/05\/tres-heridos-fue-el-saldo-tras-el-choque-de-un-auto-contra-una-columna-de-alumbrado-en-la-rp-76-fotos\/"]}]},{"@type":"BreadcrumbList","@id":"https:\/\/www.celttv.com.ar\/index.php\/2019\/02\/05\/tres-heridos-fue-el-saldo-tras-el-choque-de-un-auto-contra-una-columna-de-alumbrado-en-la-rp-76-fotos\/#breadcrumb","itemListElement":[{"@type":"ListItem","position":1,"name":"Inicio","item":"https:\/\/www.celttv.com.ar\/"},{"@type":"ListItem","position":2,"name":"TRES HERIDOS FUE EL SALDO TRAS EL CHOQUE DE UN AUTO CONTRA UNA COLUMNA DE ALUMBRADO EN LA RP 76 (INFORME AMPLIADO)"}]},{"@type":"WebSite","@id":"https:\/\/www.celttv.com.ar\/#website","url":"https:\/\/www.celttv.com.ar\/","name":"CELTTV","description":"Cooperativa El\u00e9ctrica de Tornquist","publisher":{"@id":"https:\/\/www.celttv.com.ar\/#organization"},"potentialAction":[{"@type":"SearchAction","target":{"@type":"EntryPoint","urlTemplate":"https:\/\/www.celttv.com.ar\/?s={search_term_string}"},"query-input":"required name=search_term_string"}],"inLanguage":"es"},{"@type":"Organization","@id":"https:\/\/www.celttv.com.ar\/#organization","name":"CELTTV","url":"https:\/\/www.celttv.com.ar\/","sameAs":["https:\/\/www.youtube.com\/channel\/UCz_oIt8Hig64Ub-EmcNPIhg","https:\/\/www.facebook.com\/celtTV\/"],"logo":{"@type":"ImageObject","inLanguage":"es","@id":"https:\/\/www.celttv.com.ar\/#\/schema\/logo\/image\/","url":"http:\/\/www.celttv.com.ar\/wp-content\/uploads\/2022\/08\/logo-1.png","contentUrl":"http:\/\/www.celttv.com.ar\/wp-content\/uploads\/2022\/08\/logo-1.png","width":461,"height":159,"caption":"CELTTV"},"image":{"@id":"https:\/\/www.celttv.com.ar\/#\/schema\/logo\/image\/"}},{"@type":"Person","@id":"https:\/\/www.celttv.com.ar\/#\/schema\/person\/6d99c072dba59953809c81446e9d0ace","name":"ulises","image":{"@type":"ImageObject","inLanguage":"es","@id":"https:\/\/www.celttv.com.ar\/#\/schema\/person\/image\/","url":"https:\/\/secure.gravatar.com\/avatar\/7f2c48bdc33b30088f941fb6082e555f2874c98e20cb159d7b92b50eadfce793?s=96&d=mm&r=g","contentUrl":"https:\/\/secure.gravatar.com\/avatar\/7f2c48bdc33b30088f941fb6082e555f2874c98e20cb159d7b92b50eadfce793?s=96&d=mm&r=g","caption":"ulises"},"sameAs":["http:\/\/www.celttv.com.ar"]}]}},"_links":{"self":[{"href":"https:\/\/www.celttv.com.ar\/index.php\/wp-json\/wp\/v2\/posts\/39921","targetHints":{"allow":["GET"]}}],"collection":[{"href":"https:\/\/www.celttv.com.ar\/index.php\/wp-json\/wp\/v2\/posts"}],"about":[{"href":"https:\/\/www.celttv.com.ar\/index.php\/wp-json\/wp\/v2\/types\/post"}],"author":[{"embeddable":true,"href":"https:\/\/www.celttv.com.ar\/index.php\/wp-json\/wp\/v2\/users\/1"}],"replies":[{"embeddable":true,"href":"https:\/\/www.celttv.com.ar\/index.php\/wp-json\/wp\/v2\/comments?post=39921"}],"version-history":[{"count":0,"href":"https:\/\/www.celttv.com.ar\/index.php\/wp-json\/wp\/v2\/posts\/39921\/revisions"}],"wp:featuredmedia":[{"embeddable":true,"href":"https:\/\/www.celttv.com.ar\/index.php\/wp-json\/wp\/v2\/media\/39925"}],"wp:attachment":[{"href":"https:\/\/www.celttv.com.ar\/index.php\/wp-json\/wp\/v2\/media?parent=39921"}],"wp:term":[{"taxonomy":"category","embeddable":true,"href":"https:\/\/www.celttv.com.ar\/index.php\/wp-json\/wp\/v2\/categories?post=39921"},{"taxonomy":"post_tag","embeddable":true,"href":"https:\/\/www.celttv.com.ar\/index.php\/wp-json\/wp\/v2\/tags?post=39921"}],"curies":[{"name":"wp","href":"https:\/\/api.w.org\/{rel}","templated":true}]}}