{"id":39981,"date":"2019-02-06T18:44:21","date_gmt":"2019-02-06T18:44:21","guid":{"rendered":"http:\/\/www.celttv.com.ar\/?p=39981"},"modified":"2019-02-06T18:44:21","modified_gmt":"2019-02-06T18:44:21","slug":"hechos-policiales-en-el-distrito","status":"publish","type":"post","link":"https:\/\/www.celttv.com.ar\/index.php\/2019\/02\/06\/hechos-policiales-en-el-distrito\/","title":{"rendered":"HECHOS POLICIALES EN EL DISTRITO"},"content":{"rendered":"<p>Se lleva a conocimiento de la comunidad que con fecha 02 de Febrero del corriente a\u00f1o en horas del mediod\u00eda, se da alerta respecto a la colisi\u00f3n de un veh\u00edculo contra poste de luz ubicado en la intersecci\u00f3n de esquinas Lavalle y Ruppel de este medio, respectivamente comision\u00e1ndose personal policial constatando en el lugar, un Ford Fairlane conducido por el se\u00f1or de nombres Leonardo Javier Varrotte, oriundo de Coronel Pringles de actuales 27 a\u00f1os de edad, quien hallase al volante ingiriendo bebidas alcoh\u00f3licas, es anoticiado respecto a la retenci\u00f3n preventiva del rodado por infringir la Ley de Transito Provincial (Ley 24.449). Varrotte comenz\u00f3 a tornarse agresivo para con los uniformados policiales profiriendo gritos e insultos contra los mismos, efectiviz\u00e1ndose la aprehensi\u00f3n del nombrado agresor por resultar a prima facie penalmente responsable de los delitos caratulados \u201cAmenazas, desobediencia y Resistencia a la Autoridad\u201d quedado alojado en los calabozos de la Estaci\u00f3n de Polic\u00eda Comunal Local a disposici\u00f3n de la Unidad Funcional de instrucci\u00f3n y Juicio Nro. 15 del Departamento Judicial Bah\u00eda Blanca, asimismo se procedi\u00f3 al secuestro del rodado involucrado con injerencia del Juzgado de Faltas Municipal local a cargo del Dr. Lanaro.,-<\/p>\n<p>Seguidamente tambi\u00e9n en el transcurso del \u00faltimo fin de semana con fecha 02 de Febrero siendo alrededor de las 20:50 horas desde el abonado de emergencias se da conocimiento a la Guardia de un accidente vehicular sobre intersecci\u00f3n de calles Ameghino y Belgrano de este medio, arribando al mismo personal policial constatando que producto de la colisi\u00f3n no habr\u00eda que lamentar v\u00edctimas al respecto y circunstancia los uniformados se hallaban recabando informaci\u00f3n de los ocupantes involucrados espont\u00e1neamente se presenta una persona de nombres Nicol\u00e1s Alejandro Acu\u00f1a de 23 a\u00f1os de edad quien refer\u00eda ser pariente de una de las partes accidentadas hall\u00e1ndose extremadamente exaltado con intenciones de producir una ri\u00f1a al afecto, produci\u00e9ndose en cuesti\u00f3n un forcejeo con los efectivos policiales quienes accionaban para que el mentado agresor deponga su actitud hostil debiendo optar por la aprehensi\u00f3n de Acu\u00f1a ya que resultare a prima facie penalmente responsable de los delitos caratulados \u201c Desobediencia y Resistencia a la autoridad\u201d quedando alojando en los calabozos de la Estaci\u00f3n de Polic\u00eda Comunal Local a disposici\u00f3n de la Unidad Funcional de Instrucci\u00f3n y Juicio nro. 15 del Departamento Judicial Bah\u00eda Blanca.-<\/p>\n<p>Ya con fecha 05 del corriente mes y a\u00f1o siendo alrededor de las 11:00 horas del mediod\u00eda personal dependiente de la Comisaria de la Mujer y Familia de Tornquist solicita refuerzos en el Hospital Municipal ya que hab\u00eda ingresado una femenina con recientes lesiones producto de violencia familiar por parte de su pareja, que minutos m\u00e1s tarde se hace presente en dicho nosocomio el se\u00f1or identificado como Ra\u00fal Mauricio R\u00edos de actuales 45 a\u00f1os de edad, (pareja de victima) con intenciones de entrevistarse con su mujer intentando ingresar a la habitaci\u00f3n de observaciones siendo persuadido verbalmente por los uniformados presentes en el hospital haciendo dicho agresor caso omiso a las \u00f3rdenes impartidas por el personal policial debido se procuraba que el mismo retirara del lugar a fin de evitar un mal mayor a los pormenores detallados, \u00a0procedi\u00e9ndose inmediatamente a la aprehensi\u00f3n del mentado Ra\u00fal Mauricio R\u00edos por resultar prima facie penalmente responsable del delito caratulado \u201cDesobediencia\u201d a disposici\u00f3n de la Unidad Funcional de Instructor y Juicio nro. 15 del Departamento Judicial Bah\u00eda Blanca.-<\/p>\n<p>Asimismo en la Localidad de Saldungaray el S\u00e1bado 2 del corriente efectivos policiales procedieron a la aprehensi\u00f3n del se\u00f1or Mart\u00ednez \u00c1ngel Alberto de 38 a\u00f1os de edad, por el delito de LESIONES, ra\u00edz llamado telef\u00f3nico al abonado de emergencias dando cuenta de conflicto familiar sobre domicilio de calle Juan Bautista Gil nro. 770 de dicha localidad, tomando conocimiento que recientemente habr\u00eda ingresado a la sala de primeros auxilios una persona con heridas de arma de fuego, arribando los efectivos policiales en el domicilio que precede constatan al mentado Mart\u00ednez \u00c1ngel Alberto portando arma de fuego tipo escopeta utilizada para herir a su hermano producto de una discusi\u00f3n quien a esa altura estaba siendo derivado rumbo a un centro de mayor complejidad de la ciudad de Bah\u00eda Blanca producto de las lesiones sufridas.- Se procedi\u00f3 al secuestro de una escopeta calibre 20 marca Sport-Man modelo 70 con cartucho en recamara, 13 cartuchos cal. 20 marca Orbea y 2 cartuchos cal. 20 percutados.-<\/p>\n<p>FIRMADO: SECRETARIA DE SEGURDAD TORNQUIST, 6 DE FEBRERO DE 2019.-<\/p>\n","protected":false},"excerpt":{"rendered":"<p>Se lleva a conocimiento de la comunidad que con fecha 02 de Febrero del corriente a\u00f1o en horas del mediod\u00eda, se da alerta respecto a la colisi\u00f3n de un veh\u00edculo contra poste de luz ubicado en la intersecci\u00f3n de esquinas Lavalle y Ruppel de este medio, respectivamente comision\u00e1ndose personal policial constatando en el lugar, un [&hellip;]<\/p>\n","protected":false},"author":1,"featured_media":39982,"comment_status":"closed","ping_status":"open","sticky":false,"template":"","format":"standard","meta":{"footnotes":""},"categories":[55,51,52,61],"tags":[],"class_list":["post-39981","post","type-post","status-publish","format-standard","has-post-thumbnail","hentry","category-celt-tv-noticias","category-comunidad","category-destacadas","category-policiales"],"yoast_head":"<!-- This site is optimized with the Yoast SEO plugin v19.7.1 - https:\/\/yoast.com\/wordpress\/plugins\/seo\/ -->\n<title>HECHOS POLICIALES EN EL DISTRITO - CELTTV<\/title>\n<meta name=\"description\" content=\"Sitio web de noticias de la localidad de Tornquist, provincia de Buenos Aires, Rep\u00fablica Argentina. Contenido propio originado por periodistas de CELTTV, el canal de TV local de la Cooperativa El\u00e9ctrica de Tornquist. Turismo, Pol\u00edtica, Sociedad, Deporte, Cultura y todo el contenido de inter\u00e9s general que la gente del pueblo y la regi\u00f3n debe conocer.\" \/>\n<meta name=\"robots\" content=\"index, follow, max-snippet:-1, max-image-preview:large, max-video-preview:-1\" \/>\n<link rel=\"canonical\" href=\"https:\/\/www.celttv.com.ar\/index.php\/2019\/02\/06\/hechos-policiales-en-el-distrito\/\" \/>\n<meta property=\"og:locale\" content=\"es_ES\" \/>\n<meta property=\"og:type\" content=\"article\" \/>\n<meta property=\"og:title\" content=\"HECHOS POLICIALES EN EL DISTRITO - CELTTV\" \/>\n<meta property=\"og:description\" content=\"Sitio web de noticias de la localidad de Tornquist, provincia de Buenos Aires, Rep\u00fablica Argentina. Contenido propio originado por periodistas de CELTTV, el canal de TV local de la Cooperativa El\u00e9ctrica de Tornquist. Turismo, Pol\u00edtica, Sociedad, Deporte, Cultura y todo el contenido de inter\u00e9s general que la gente del pueblo y la regi\u00f3n debe conocer.\" \/>\n<meta property=\"og:url\" content=\"https:\/\/www.celttv.com.ar\/index.php\/2019\/02\/06\/hechos-policiales-en-el-distrito\/\" \/>\n<meta property=\"og:site_name\" content=\"CELTTV\" \/>\n<meta property=\"article:publisher\" content=\"https:\/\/www.facebook.com\/celtTV\/\" \/>\n<meta property=\"article:published_time\" content=\"2019-02-06T18:44:21+00:00\" \/>\n<meta property=\"og:image\" content=\"https:\/\/www.celttv.com.ar\/wp-content\/uploads\/2019\/02\/descarga-6.jpg\" \/>\n\t<meta property=\"og:image:width\" content=\"295\" \/>\n\t<meta property=\"og:image:height\" content=\"171\" \/>\n\t<meta property=\"og:image:type\" content=\"image\/jpeg\" \/>\n<meta name=\"author\" content=\"ulises\" \/>\n<meta name=\"twitter:card\" content=\"summary_large_image\" \/>\n<meta name=\"twitter:label1\" content=\"Escrito por\" \/>\n\t<meta name=\"twitter:data1\" content=\"ulises\" \/>\n\t<meta name=\"twitter:label2\" content=\"Tiempo de lectura\" \/>\n\t<meta name=\"twitter:data2\" content=\"4 minutos\" \/>\n<script type=\"application\/ld+json\" class=\"yoast-schema-graph\">{\"@context\":\"https:\/\/schema.org\",\"@graph\":[{\"@type\":\"NewsArticle\",\"@id\":\"https:\/\/www.celttv.com.ar\/index.php\/2019\/02\/06\/hechos-policiales-en-el-distrito\/#article\",\"isPartOf\":{\"@id\":\"https:\/\/www.celttv.com.ar\/index.php\/2019\/02\/06\/hechos-policiales-en-el-distrito\/\"},\"author\":{\"name\":\"ulises\",\"@id\":\"https:\/\/www.celttv.com.ar\/#\/schema\/person\/6d99c072dba59953809c81446e9d0ace\"},\"headline\":\"HECHOS POLICIALES EN EL DISTRITO\",\"datePublished\":\"2019-02-06T18:44:21+00:00\",\"dateModified\":\"2019-02-06T18:44:21+00:00\",\"mainEntityOfPage\":{\"@id\":\"https:\/\/www.celttv.com.ar\/index.php\/2019\/02\/06\/hechos-policiales-en-el-distrito\/\"},\"wordCount\":774,\"publisher\":{\"@id\":\"https:\/\/www.celttv.com.ar\/#organization\"},\"articleSection\":[\"Celt TV Noticias\",\"Comunidad\",\"Destacadas\",\"Policiales\"],\"inLanguage\":\"es\"},{\"@type\":\"WebPage\",\"@id\":\"https:\/\/www.celttv.com.ar\/index.php\/2019\/02\/06\/hechos-policiales-en-el-distrito\/\",\"url\":\"https:\/\/www.celttv.com.ar\/index.php\/2019\/02\/06\/hechos-policiales-en-el-distrito\/\",\"name\":\"HECHOS POLICIALES EN EL DISTRITO - CELTTV\",\"isPartOf\":{\"@id\":\"https:\/\/www.celttv.com.ar\/#website\"},\"datePublished\":\"2019-02-06T18:44:21+00:00\",\"dateModified\":\"2019-02-06T18:44:21+00:00\",\"description\":\"Sitio web de noticias de la localidad de Tornquist, provincia de Buenos Aires, Rep\u00fablica Argentina. Contenido propio originado por periodistas de CELTTV, el canal de TV local de la Cooperativa El\u00e9ctrica de Tornquist. Turismo, Pol\u00edtica, Sociedad, Deporte, Cultura y todo el contenido de inter\u00e9s general que la gente del pueblo y la regi\u00f3n debe conocer.\",\"breadcrumb\":{\"@id\":\"https:\/\/www.celttv.com.ar\/index.php\/2019\/02\/06\/hechos-policiales-en-el-distrito\/#breadcrumb\"},\"inLanguage\":\"es\",\"potentialAction\":[{\"@type\":\"ReadAction\",\"target\":[\"https:\/\/www.celttv.com.ar\/index.php\/2019\/02\/06\/hechos-policiales-en-el-distrito\/\"]}]},{\"@type\":\"BreadcrumbList\",\"@id\":\"https:\/\/www.celttv.com.ar\/index.php\/2019\/02\/06\/hechos-policiales-en-el-distrito\/#breadcrumb\",\"itemListElement\":[{\"@type\":\"ListItem\",\"position\":1,\"name\":\"Inicio\",\"item\":\"https:\/\/www.celttv.com.ar\/\"},{\"@type\":\"ListItem\",\"position\":2,\"name\":\"HECHOS POLICIALES EN EL DISTRITO\"}]},{\"@type\":\"WebSite\",\"@id\":\"https:\/\/www.celttv.com.ar\/#website\",\"url\":\"https:\/\/www.celttv.com.ar\/\",\"name\":\"CELTTV\",\"description\":\"Cooperativa El\u00e9ctrica de Tornquist\",\"publisher\":{\"@id\":\"https:\/\/www.celttv.com.ar\/#organization\"},\"potentialAction\":[{\"@type\":\"SearchAction\",\"target\":{\"@type\":\"EntryPoint\",\"urlTemplate\":\"https:\/\/www.celttv.com.ar\/?s={search_term_string}\"},\"query-input\":\"required name=search_term_string\"}],\"inLanguage\":\"es\"},{\"@type\":\"Organization\",\"@id\":\"https:\/\/www.celttv.com.ar\/#organization\",\"name\":\"CELTTV\",\"url\":\"https:\/\/www.celttv.com.ar\/\",\"sameAs\":[\"https:\/\/www.youtube.com\/channel\/UCz_oIt8Hig64Ub-EmcNPIhg\",\"https:\/\/www.facebook.com\/celtTV\/\"],\"logo\":{\"@type\":\"ImageObject\",\"inLanguage\":\"es\",\"@id\":\"https:\/\/www.celttv.com.ar\/#\/schema\/logo\/image\/\",\"url\":\"http:\/\/www.celttv.com.ar\/wp-content\/uploads\/2022\/08\/logo-1.png\",\"contentUrl\":\"http:\/\/www.celttv.com.ar\/wp-content\/uploads\/2022\/08\/logo-1.png\",\"width\":461,\"height\":159,\"caption\":\"CELTTV\"},\"image\":{\"@id\":\"https:\/\/www.celttv.com.ar\/#\/schema\/logo\/image\/\"}},{\"@type\":\"Person\",\"@id\":\"https:\/\/www.celttv.com.ar\/#\/schema\/person\/6d99c072dba59953809c81446e9d0ace\",\"name\":\"ulises\",\"image\":{\"@type\":\"ImageObject\",\"inLanguage\":\"es\",\"@id\":\"https:\/\/www.celttv.com.ar\/#\/schema\/person\/image\/\",\"url\":\"https:\/\/secure.gravatar.com\/avatar\/7f2c48bdc33b30088f941fb6082e555f2874c98e20cb159d7b92b50eadfce793?s=96&d=mm&r=g\",\"contentUrl\":\"https:\/\/secure.gravatar.com\/avatar\/7f2c48bdc33b30088f941fb6082e555f2874c98e20cb159d7b92b50eadfce793?s=96&d=mm&r=g\",\"caption\":\"ulises\"},\"sameAs\":[\"http:\/\/www.celttv.com.ar\"]}]}<\/script>\n<!-- \/ Yoast SEO plugin. -->","yoast_head_json":{"title":"HECHOS POLICIALES EN EL DISTRITO - CELTTV","description":"Sitio web de noticias de la localidad de Tornquist, provincia de Buenos Aires, Rep\u00fablica Argentina. Contenido propio originado por periodistas de CELTTV, el canal de TV local de la Cooperativa El\u00e9ctrica de Tornquist. Turismo, Pol\u00edtica, Sociedad, Deporte, Cultura y todo el contenido de inter\u00e9s general que la gente del pueblo y la regi\u00f3n debe conocer.","robots":{"index":"index","follow":"follow","max-snippet":"max-snippet:-1","max-image-preview":"max-image-preview:large","max-video-preview":"max-video-preview:-1"},"canonical":"https:\/\/www.celttv.com.ar\/index.php\/2019\/02\/06\/hechos-policiales-en-el-distrito\/","og_locale":"es_ES","og_type":"article","og_title":"HECHOS POLICIALES EN EL DISTRITO - CELTTV","og_description":"Sitio web de noticias de la localidad de Tornquist, provincia de Buenos Aires, Rep\u00fablica Argentina. Contenido propio originado por periodistas de CELTTV, el canal de TV local de la Cooperativa El\u00e9ctrica de Tornquist. Turismo, Pol\u00edtica, Sociedad, Deporte, Cultura y todo el contenido de inter\u00e9s general que la gente del pueblo y la regi\u00f3n debe conocer.","og_url":"https:\/\/www.celttv.com.ar\/index.php\/2019\/02\/06\/hechos-policiales-en-el-distrito\/","og_site_name":"CELTTV","article_publisher":"https:\/\/www.facebook.com\/celtTV\/","article_published_time":"2019-02-06T18:44:21+00:00","og_image":[{"width":295,"height":171,"url":"https:\/\/www.celttv.com.ar\/wp-content\/uploads\/2019\/02\/descarga-6.jpg","type":"image\/jpeg"}],"author":"ulises","twitter_card":"summary_large_image","twitter_misc":{"Escrito por":"ulises","Tiempo de lectura":"4 minutos"},"schema":{"@context":"https:\/\/schema.org","@graph":[{"@type":"NewsArticle","@id":"https:\/\/www.celttv.com.ar\/index.php\/2019\/02\/06\/hechos-policiales-en-el-distrito\/#article","isPartOf":{"@id":"https:\/\/www.celttv.com.ar\/index.php\/2019\/02\/06\/hechos-policiales-en-el-distrito\/"},"author":{"name":"ulises","@id":"https:\/\/www.celttv.com.ar\/#\/schema\/person\/6d99c072dba59953809c81446e9d0ace"},"headline":"HECHOS POLICIALES EN EL DISTRITO","datePublished":"2019-02-06T18:44:21+00:00","dateModified":"2019-02-06T18:44:21+00:00","mainEntityOfPage":{"@id":"https:\/\/www.celttv.com.ar\/index.php\/2019\/02\/06\/hechos-policiales-en-el-distrito\/"},"wordCount":774,"publisher":{"@id":"https:\/\/www.celttv.com.ar\/#organization"},"articleSection":["Celt TV Noticias","Comunidad","Destacadas","Policiales"],"inLanguage":"es"},{"@type":"WebPage","@id":"https:\/\/www.celttv.com.ar\/index.php\/2019\/02\/06\/hechos-policiales-en-el-distrito\/","url":"https:\/\/www.celttv.com.ar\/index.php\/2019\/02\/06\/hechos-policiales-en-el-distrito\/","name":"HECHOS POLICIALES EN EL DISTRITO - CELTTV","isPartOf":{"@id":"https:\/\/www.celttv.com.ar\/#website"},"datePublished":"2019-02-06T18:44:21+00:00","dateModified":"2019-02-06T18:44:21+00:00","description":"Sitio web de noticias de la localidad de Tornquist, provincia de Buenos Aires, Rep\u00fablica Argentina. Contenido propio originado por periodistas de CELTTV, el canal de TV local de la Cooperativa El\u00e9ctrica de Tornquist. Turismo, Pol\u00edtica, Sociedad, Deporte, Cultura y todo el contenido de inter\u00e9s general que la gente del pueblo y la regi\u00f3n debe conocer.","breadcrumb":{"@id":"https:\/\/www.celttv.com.ar\/index.php\/2019\/02\/06\/hechos-policiales-en-el-distrito\/#breadcrumb"},"inLanguage":"es","potentialAction":[{"@type":"ReadAction","target":["https:\/\/www.celttv.com.ar\/index.php\/2019\/02\/06\/hechos-policiales-en-el-distrito\/"]}]},{"@type":"BreadcrumbList","@id":"https:\/\/www.celttv.com.ar\/index.php\/2019\/02\/06\/hechos-policiales-en-el-distrito\/#breadcrumb","itemListElement":[{"@type":"ListItem","position":1,"name":"Inicio","item":"https:\/\/www.celttv.com.ar\/"},{"@type":"ListItem","position":2,"name":"HECHOS POLICIALES EN EL DISTRITO"}]},{"@type":"WebSite","@id":"https:\/\/www.celttv.com.ar\/#website","url":"https:\/\/www.celttv.com.ar\/","name":"CELTTV","description":"Cooperativa El\u00e9ctrica de Tornquist","publisher":{"@id":"https:\/\/www.celttv.com.ar\/#organization"},"potentialAction":[{"@type":"SearchAction","target":{"@type":"EntryPoint","urlTemplate":"https:\/\/www.celttv.com.ar\/?s={search_term_string}"},"query-input":"required name=search_term_string"}],"inLanguage":"es"},{"@type":"Organization","@id":"https:\/\/www.celttv.com.ar\/#organization","name":"CELTTV","url":"https:\/\/www.celttv.com.ar\/","sameAs":["https:\/\/www.youtube.com\/channel\/UCz_oIt8Hig64Ub-EmcNPIhg","https:\/\/www.facebook.com\/celtTV\/"],"logo":{"@type":"ImageObject","inLanguage":"es","@id":"https:\/\/www.celttv.com.ar\/#\/schema\/logo\/image\/","url":"http:\/\/www.celttv.com.ar\/wp-content\/uploads\/2022\/08\/logo-1.png","contentUrl":"http:\/\/www.celttv.com.ar\/wp-content\/uploads\/2022\/08\/logo-1.png","width":461,"height":159,"caption":"CELTTV"},"image":{"@id":"https:\/\/www.celttv.com.ar\/#\/schema\/logo\/image\/"}},{"@type":"Person","@id":"https:\/\/www.celttv.com.ar\/#\/schema\/person\/6d99c072dba59953809c81446e9d0ace","name":"ulises","image":{"@type":"ImageObject","inLanguage":"es","@id":"https:\/\/www.celttv.com.ar\/#\/schema\/person\/image\/","url":"https:\/\/secure.gravatar.com\/avatar\/7f2c48bdc33b30088f941fb6082e555f2874c98e20cb159d7b92b50eadfce793?s=96&d=mm&r=g","contentUrl":"https:\/\/secure.gravatar.com\/avatar\/7f2c48bdc33b30088f941fb6082e555f2874c98e20cb159d7b92b50eadfce793?s=96&d=mm&r=g","caption":"ulises"},"sameAs":["http:\/\/www.celttv.com.ar"]}]}},"_links":{"self":[{"href":"https:\/\/www.celttv.com.ar\/index.php\/wp-json\/wp\/v2\/posts\/39981","targetHints":{"allow":["GET"]}}],"collection":[{"href":"https:\/\/www.celttv.com.ar\/index.php\/wp-json\/wp\/v2\/posts"}],"about":[{"href":"https:\/\/www.celttv.com.ar\/index.php\/wp-json\/wp\/v2\/types\/post"}],"author":[{"embeddable":true,"href":"https:\/\/www.celttv.com.ar\/index.php\/wp-json\/wp\/v2\/users\/1"}],"replies":[{"embeddable":true,"href":"https:\/\/www.celttv.com.ar\/index.php\/wp-json\/wp\/v2\/comments?post=39981"}],"version-history":[{"count":0,"href":"https:\/\/www.celttv.com.ar\/index.php\/wp-json\/wp\/v2\/posts\/39981\/revisions"}],"wp:featuredmedia":[{"embeddable":true,"href":"https:\/\/www.celttv.com.ar\/index.php\/wp-json\/wp\/v2\/media\/39982"}],"wp:attachment":[{"href":"https:\/\/www.celttv.com.ar\/index.php\/wp-json\/wp\/v2\/media?parent=39981"}],"wp:term":[{"taxonomy":"category","embeddable":true,"href":"https:\/\/www.celttv.com.ar\/index.php\/wp-json\/wp\/v2\/categories?post=39981"},{"taxonomy":"post_tag","embeddable":true,"href":"https:\/\/www.celttv.com.ar\/index.php\/wp-json\/wp\/v2\/tags?post=39981"}],"curies":[{"name":"wp","href":"https:\/\/api.w.org\/{rel}","templated":true}]}}