{"id":39984,"date":"2019-02-06T18:48:37","date_gmt":"2019-02-06T18:48:37","guid":{"rendered":"http:\/\/www.celttv.com.ar\/?p=39984"},"modified":"2019-02-06T18:48:37","modified_gmt":"2019-02-06T18:48:37","slug":"informe-estadistico-de-enero-en-la-comarca-serrana-amplio-informe","status":"publish","type":"post","link":"https:\/\/www.celttv.com.ar\/index.php\/2019\/02\/06\/informe-estadistico-de-enero-en-la-comarca-serrana-amplio-informe\/","title":{"rendered":"Informe estad\u00edstico de enero en la Comarca Serrana (Amplio informe)"},"content":{"rendered":"<p>La Secretar\u00eda de Turismo\u00a0 municipal da a conocer el informe estad\u00edstico del mes de Enero 2019, de la Comarca Sierras de la Ventana.<\/p>\n<p>En cuanto a <strong>ocupaci\u00f3n de alojamientos tur\u00edsticos<\/strong> en el mes de Enero 2019 la Comarca tuvo un 53% ocupaci\u00f3n. Siendo los fines de semana donde se registran los <strong>mayores porcentajes de ocupaci\u00f3n<\/strong>. La localidad de Sierra de la Ventana es\u00a0 la que registra el mayor porcentaje de ocupaci\u00f3n los fines de semana\u00a0 (Enero 2019: 80%ocupaci\u00f3n fines de semana) creciendo en un 6 % de ocupaci\u00f3n con respecto al a\u00f1o pasado. Destac\u00e1ndose el\u00a0 1\u00ba fin de semana con la Fiesta Provincial de Reyes Magos, donde la localidad de Sierra de la Ventana, alcanz\u00f3 el 100% ocupaci\u00f3n.<\/p>\n<p>La localidad de Villa Ventana es la que registra el <strong>mayor crecimiento del porcentaje de ocupaci\u00f3n<\/strong> de los fines de semana en comparaci\u00f3n al a\u00f1o 2018. En el a\u00f1o 2018, el porcentaje de ocupaci\u00f3n los fines de semana era del 64%, creciendo un 12% de ocupaci\u00f3n en este a\u00f1o (Fines de semana Enero 2019: 76% de ocupaci\u00f3n).<\/p>\n<p>A su vez, Villa Ventana, \u00a0es la que registra de las localidades tur\u00edsticas del Distrito de Tornquist, el mayor aumento del porcentaje de ocupaci\u00f3n en la 1\u00ba Quincena, pasando la 1\u00ba Quincena \u00a0de Enero 2018 de un 49% de ocupaci\u00f3n a un 58% de ocupaci\u00f3n en el mismo periodo del corriente a\u00f1o.<\/p>\n<p>La localidad de Tornquist es la que registra el menor porcentaje de ocupaci\u00f3n los fines de semana, siendo en el a\u00f1o 2019 un 53% de ocupaci\u00f3n, 10% ocupaci\u00f3n menos que el a\u00f1o anterior.<\/p>\n<p>En cuanto a la ocupaci\u00f3n en las semanas de Enero se mantiene estable al a\u00f1o anterior. Con un leve aumento en el 2019, de un 2% de ocupaci\u00f3n y 1% de ocupaci\u00f3n con respecto al a\u00f1o 2018, en Sierra de la Ventana y Villa Ventana respectivamente.<\/p>\n<p><em>* Dichos porcentajes de Ocupaci\u00f3n<\/em><em> se obtienen de una muestra estad\u00edstica entre alojamientos habilitados y no habilitados, consultando regularmente todas las semanas, en conjunto con la <\/em><em>Direcci\u00f3n de Turismo del Municipio de Tornquist y Departamento de Estad\u00edsticas Tur\u00edsticas de la\u00a0 Direcci\u00f3n de Desarrollo y Calidad Tur\u00edstica, de la Provincia de Buenos Aires.<\/em><\/p>\n<p>Con respecto a los <strong>ingresos de turistas por Oficinas de Informes Tur\u00edsticos<\/strong> se observa que Las Oficinas de Informes Tur\u00edsticos de Sierra de la Ventana y Villa Ventana, disminuyeron en los ingresos de turistas desde el a\u00f1o 2016 (para el mes de Enero)\u00a0 a la actualidad.<\/p>\n<p>Mientras que las Oficinas de Informes Tur\u00edsticos de Saldungaray y Tornquist en el a\u00f1o 2019 registraron aumentos de ingresos de turistas, en comparaci\u00f3n a Enero del a\u00f1o 2018.<\/p>\n<table>\n<tbody>\n<tr>\n<td width=\"146\"><strong>OFICINA DE INFORMES TUR\u00cdSTICOS<\/strong><\/td>\n<td width=\"146\"><strong>Enero 2016<\/strong><\/p>\n<p><strong>Turistas<\/strong><\/td>\n<td width=\"146\"><strong>Enero 2017<\/strong><\/p>\n<p><strong>Turistas<\/strong><\/td>\n<td width=\"127\"><strong>Enero 2018<\/strong><\/p>\n<p><strong>Turistas<\/strong><\/td>\n<td width=\"146\"><strong>Enero 2019<\/strong><\/p>\n<p><strong>Turistas<\/strong><\/td>\n<\/tr>\n<tr>\n<td width=\"146\"><em>Sierra de la Ventana<\/em><\/td>\n<td width=\"146\">13870<\/td>\n<td width=\"146\">11163<\/td>\n<td width=\"127\">8258<\/td>\n<td width=\"146\">9076<\/td>\n<\/tr>\n<tr>\n<td width=\"146\"><em>Villa Ventana<\/em><\/td>\n<td width=\"146\">7162<\/td>\n<td width=\"146\">5627<\/td>\n<td width=\"127\">3563<\/td>\n<td width=\"146\">2173<\/td>\n<\/tr>\n<tr>\n<td width=\"146\"><em>Tornquist<\/em><\/td>\n<td width=\"146\">1100<\/td>\n<td width=\"146\">1391<\/td>\n<td width=\"127\">1050<\/td>\n<td width=\"146\">1213<\/td>\n<\/tr>\n<tr>\n<td width=\"146\"><em>Saldungaray<\/em><\/td>\n<td width=\"146\">3505<\/td>\n<td width=\"146\">2085<\/td>\n<td width=\"127\">1505<\/td>\n<td width=\"146\">1970<\/td>\n<\/tr>\n<tr>\n<td width=\"146\"><strong>TOTAL<\/strong><\/td>\n<td width=\"146\"><strong>25637<\/strong><\/td>\n<td width=\"146\"><strong>20266<\/strong><\/td>\n<td width=\"127\"><strong>14376<\/strong><\/td>\n<td width=\"146\"><strong>14432<\/strong><\/td>\n<\/tr>\n<\/tbody>\n<\/table>\n<p>&nbsp;<\/p>\n<p><em>\u00a0<\/em><\/p>\n<p><em>\u00a0\u00a0\u00a0 Perfil del Turista en Oficina de Villa Ventana\u00a0\u00a0 &#8211; Enero 2019\u00a0\u00a0\u00a0 <\/em><\/p>\n<p>Sobre la procedencia del turista en el mes de Enero2019, GBA sigue siendo el principal destino emisor con el 32.81% del total, evidenciando un incremento del 3% respecto al 2018. Contin\u00faa CABA con el 25% (1 punto m\u00e1s respecto al a\u00f1o anterior) y le siguen resto de la Provincia de Buenos Aires con un 20% y otras provincias con un 11%. (Otras provincias: Santa Cruz, Misiones, Santa Fe, Chubut, Rio Negro, La Pampa, C\u00f3rdoba)<\/p>\n<p>En cuanto al tipo de alojamiento, el 78% de los turistas relevados eligieron \u201ccaba\u00f1as\u201d (30% m\u00e1s respecto al mismo periodo de 2018). El 11% se aloj\u00f3 en \u201ccamping\u201d mientras que el Hotel fue elegido por el 5% de los encuestados.<\/p>\n<p>La estad\u00eda promedio fue de 4 d\u00edas (al igual que en 2018). El 49.84% de los entrevistados, en la Oficina de Informes Tur\u00edsticos de Villa Ventana, eligi\u00f3 esa misma localidad para alojarse, mientras que el 38% se aloj\u00f3 en Sierra de la Ventana. Y un 8% no se aloj\u00f3 en la Comarca.<\/p>\n<p>En lo que refiere al medio de transporte, el 94% viene en veh\u00edculo particular, un 5% lo hizo en colectivo, y solo dos turistas vinieron en tren.<\/p>\n<p>&nbsp;<\/p>\n<p><em>\u00a0\u00a0\u00a0 Perfil del Turista en Oficina de Saldungaray\u00a0\u00a0 &#8211; Enero 2019\u00a0\u00a0\u00a0 <\/em><br \/>\nSobre la procedencia del turista en el mes de Enero2019, GBA sigue siendo el principal destino emisor con el 32% del total. Contin\u00faa Provincia de Buenos Aires con un 24% (4 puntos m\u00e1s respecto al a\u00f1o anterior) y le sigue CABA con 21% (9 puntos m\u00e1s que el a\u00f1o anterior). Otras provincias con un 14%. (otras provincias: La Pampa, R\u00edo Negro, Santa Fe, Chubut, Neuqu\u00e9n, C\u00f3rdoba, y en menor medida Santa Cruz, Chaco, Corrientes, Mendoza, San Juan, Santa Cruz y San Luis)<\/p>\n<p>En cuanto al tipo de alojamiento, el 36% de los turistas relevados eligieron \u201ccaba\u00f1as\u201d. El 19% se aloj\u00f3 en \u201ccamping\u201d mientras que el Hotel fue elegido por el 14% de los encuestados.<\/p>\n<p>La estad\u00eda promedio fue de 6 d\u00edas (al igual que en 2018). El 42% de los entrevistados, en la Oficina de Informes Tur\u00edsticos de Saldungaray, eligi\u00f3 Sierra de la Ventana para alojarse, un 16% eligi\u00f3\u00a0 Saldungaray y un\u00a0 8% se Villa Ventana. Mientras que un\u00a0 3%\u00a0 se aloj\u00f3 en Tornquist, San Andr\u00e9s de las Sierras y Ruta Provincial 76.<\/p>\n<p><em>\u00a0<\/em><\/p>\n<p><em>\u00a0\u00a0\u00a0 Perfil del Turista en Oficina de Tornquist\u00a0\u00a0 &#8211; Enero 2019\u00a0\u00a0\u00a0 <\/em><\/p>\n<p>Sobre la procedencia del turista en el mes de Enero2019, GBA (34%) y CABA (33%) son el principal destino emisor con el 67% del total, evidenciando un incremento del 45% respecto al 2018 (en el a\u00f1o 2018, fue resto de la provincia el principal destino emisor con un 66%). Contin\u00faa resto de la provincia con el 22% y le siguen otras provincias con un 11%.<\/p>\n<p>En cuanto al tipo de alojamiento, el 59% de los turistas relevados eligieron \u201ccaba\u00f1as\u201d (12% m\u00e1s respecto al mismo periodo de 2018). El 21% se aloj\u00f3 en \u201chotel\u201d mientras que \u201ccamping\u201d fue elegido por el 14% de los encuestados.<\/p>\n<p>La estad\u00eda de los turistas que pasaron por la Oficina de Informes Tur\u00edsticos de Tornquist fue m\u00e1s de 3 d\u00edas (al igual que en 2018). El 44% de los entrevistados, eligi\u00f3 Sierra de la Ventana para alojarse, mientras que el 30% se aloj\u00f3 en Villa Ventana. Y un 17% en Tornquist.<\/p>\n<p>En lo que refiere al medio de transporte, el 87% viene en veh\u00edculo particular, un 6% lo hizo en tren, un 5% en colectivo y 3 personas llegaron en avi\u00f3n hasta la localidad de Bah\u00eda Blanca.<\/p>\n<p>La Oficina de Informes Tur\u00edsticos de Tornquist tambi\u00e9n recab\u00f3 informaci\u00f3n de d\u00f3nde buscaron informaci\u00f3n, siendo Internet, el que obtuvo el mayor porcentaje en un 53%. Un 64% visit\u00f3 por primera vez la Comarca y un 36% de los turistas volvieron a elegir la Comarca. De los turistas que visitaron por primera vez la Comarca un\u00a0 12% eligieron este destino por recomendaci\u00f3n.<\/p>\n<p>&nbsp;<\/p>\n<p><em>Perfil del Turista en Oficina de Sierra de la Ventana\u00a0\u00a0 &#8211; Enero 2019\u00a0\u00a0\u00a0 <\/em><\/p>\n<p>Sobre la procedencia del turista en el mes de Enero2019, GBA y CABA sigue siendo el principal destino emisor con el 44% del total. Contin\u00faa la Provincia de Buenos Aires con el 25% y le sigue la Regi\u00f3n con un 13%.<\/p>\n<p>En cuanto al tipo de alojamiento, el 42% de los turistas relevados eligieron \u201ccaba\u00f1as\u201d. El 13% se aloj\u00f3 en \u201ccamping\u201d mientras que el Hotel fue elegido por el 10% de los encuestados. Mientras que un 18% de turistas no se alojaron en la Comarca.<\/p>\n<p>La estad\u00eda promedio fue de 3 d\u00edas.<\/p>\n<p>En lo que refiere al medio de transporte, el 92% viene en veh\u00edculo particular, un 5% lo hizo en colectivo, y un 1%\u00a0 vino en tren.<\/p>\n<p>&nbsp;<\/p>\n<p><em>*Dichos ingresos y perfil del turista se obtienen de encuestas de caracterizaci\u00f3n que realizan los Informantes Tur\u00edsticos en cada Oficina de Informes Tur\u00edsticos a cada turista que ingresa.<\/em><\/p>\n<p>&nbsp;<\/p>\n<p><em>Ingresos de turistas al Parque Provincial Ernesto Tornquist<\/em><\/p>\n<p>El Parque Provincial Ernesto Tornquist, \u00e1rea de trekking en las sierras, que alberga el Monumento Natural Cerro Ventana, en Enero 2019 el sector Base Cerro Bah\u00eda Blanca recibi\u00f3 5.208 turistas y la Base Cerro Ventana 5.439 (Total turistas Enero 2019 en el Parque Provincial Ernesto Tornquist: 10.647). Mientras que en Enero 2018 el sector Base Cerro Bah\u00eda Blanca recibi\u00f3 4.529 turistas y la Base Cerro Ventana 3.782. (Total turistas Enero 2018 en el Parque Provincial Ernesto Tornquist: 8.311).<\/p>\n<p><em>*Dichos datos se obtienen por registros que los Guardaparques realizan en las dos bases de ingreso al Parque Provincial Ernesto Tornquist.<\/em><\/p>\n<p><strong>\u00a0<\/strong><\/p>\n<p><em>\u00a0 <\/em><\/p>\n","protected":false},"excerpt":{"rendered":"<p>La Secretar\u00eda de Turismo\u00a0 municipal da a conocer el informe estad\u00edstico del mes de Enero 2019, de la Comarca Sierras de la Ventana. En cuanto a ocupaci\u00f3n de alojamientos tur\u00edsticos en el mes de Enero 2019 la Comarca tuvo un 53% ocupaci\u00f3n. Siendo los fines de semana donde se registran los mayores porcentajes de ocupaci\u00f3n. [&hellip;]<\/p>\n","protected":false},"author":1,"featured_media":39985,"comment_status":"closed","ping_status":"open","sticky":false,"template":"","format":"standard","meta":{"footnotes":""},"categories":[55,51,52,58],"tags":[],"class_list":["post-39984","post","type-post","status-publish","format-standard","has-post-thumbnail","hentry","category-celt-tv-noticias","category-comunidad","category-destacadas","category-turismo"],"yoast_head":"<!-- This site is optimized with the Yoast SEO plugin v19.7.1 - https:\/\/yoast.com\/wordpress\/plugins\/seo\/ -->\n<title>Informe estad\u00edstico de enero en la Comarca Serrana (Amplio informe) - CELTTV<\/title>\n<meta name=\"description\" content=\"Sitio web de noticias de la localidad de Tornquist, provincia de Buenos Aires, Rep\u00fablica Argentina. Contenido propio originado por periodistas de CELTTV, el canal de TV local de la Cooperativa El\u00e9ctrica de Tornquist. Turismo, Pol\u00edtica, Sociedad, Deporte, Cultura y todo el contenido de inter\u00e9s general que la gente del pueblo y la regi\u00f3n debe conocer.\" \/>\n<meta name=\"robots\" content=\"index, follow, max-snippet:-1, max-image-preview:large, max-video-preview:-1\" \/>\n<link rel=\"canonical\" href=\"https:\/\/www.celttv.com.ar\/index.php\/2019\/02\/06\/informe-estadistico-de-enero-en-la-comarca-serrana-amplio-informe\/\" \/>\n<meta property=\"og:locale\" content=\"es_ES\" \/>\n<meta property=\"og:type\" content=\"article\" \/>\n<meta property=\"og:title\" content=\"Informe estad\u00edstico de enero en la Comarca Serrana (Amplio informe) - CELTTV\" \/>\n<meta property=\"og:description\" content=\"Sitio web de noticias de la localidad de Tornquist, provincia de Buenos Aires, Rep\u00fablica Argentina. Contenido propio originado por periodistas de CELTTV, el canal de TV local de la Cooperativa El\u00e9ctrica de Tornquist. Turismo, Pol\u00edtica, Sociedad, Deporte, Cultura y todo el contenido de inter\u00e9s general que la gente del pueblo y la regi\u00f3n debe conocer.\" \/>\n<meta property=\"og:url\" content=\"https:\/\/www.celttv.com.ar\/index.php\/2019\/02\/06\/informe-estadistico-de-enero-en-la-comarca-serrana-amplio-informe\/\" \/>\n<meta property=\"og:site_name\" content=\"CELTTV\" \/>\n<meta property=\"article:publisher\" content=\"https:\/\/www.facebook.com\/celtTV\/\" \/>\n<meta property=\"article:published_time\" content=\"2019-02-06T18:48:37+00:00\" \/>\n<meta property=\"og:image\" content=\"https:\/\/www.celttv.com.ar\/wp-content\/uploads\/2019\/02\/descarga-1-1.jpg\" \/>\n\t<meta property=\"og:image:width\" content=\"298\" \/>\n\t<meta property=\"og:image:height\" content=\"169\" \/>\n\t<meta property=\"og:image:type\" content=\"image\/jpeg\" \/>\n<meta name=\"author\" content=\"ulises\" \/>\n<meta name=\"twitter:card\" content=\"summary_large_image\" \/>\n<meta name=\"twitter:label1\" content=\"Escrito por\" \/>\n\t<meta name=\"twitter:data1\" content=\"ulises\" \/>\n\t<meta name=\"twitter:label2\" content=\"Tiempo de lectura\" \/>\n\t<meta name=\"twitter:data2\" content=\"7 minutos\" \/>\n<script type=\"application\/ld+json\" class=\"yoast-schema-graph\">{\"@context\":\"https:\/\/schema.org\",\"@graph\":[{\"@type\":\"NewsArticle\",\"@id\":\"https:\/\/www.celttv.com.ar\/index.php\/2019\/02\/06\/informe-estadistico-de-enero-en-la-comarca-serrana-amplio-informe\/#article\",\"isPartOf\":{\"@id\":\"https:\/\/www.celttv.com.ar\/index.php\/2019\/02\/06\/informe-estadistico-de-enero-en-la-comarca-serrana-amplio-informe\/\"},\"author\":{\"name\":\"ulises\",\"@id\":\"https:\/\/www.celttv.com.ar\/#\/schema\/person\/6d99c072dba59953809c81446e9d0ace\"},\"headline\":\"Informe estad\u00edstico de enero en la Comarca Serrana (Amplio informe)\",\"datePublished\":\"2019-02-06T18:48:37+00:00\",\"dateModified\":\"2019-02-06T18:48:37+00:00\",\"mainEntityOfPage\":{\"@id\":\"https:\/\/www.celttv.com.ar\/index.php\/2019\/02\/06\/informe-estadistico-de-enero-en-la-comarca-serrana-amplio-informe\/\"},\"wordCount\":1368,\"publisher\":{\"@id\":\"https:\/\/www.celttv.com.ar\/#organization\"},\"articleSection\":[\"Celt TV Noticias\",\"Comunidad\",\"Destacadas\",\"Turismo\"],\"inLanguage\":\"es\"},{\"@type\":\"WebPage\",\"@id\":\"https:\/\/www.celttv.com.ar\/index.php\/2019\/02\/06\/informe-estadistico-de-enero-en-la-comarca-serrana-amplio-informe\/\",\"url\":\"https:\/\/www.celttv.com.ar\/index.php\/2019\/02\/06\/informe-estadistico-de-enero-en-la-comarca-serrana-amplio-informe\/\",\"name\":\"Informe estad\u00edstico de enero en la Comarca Serrana (Amplio informe) - CELTTV\",\"isPartOf\":{\"@id\":\"https:\/\/www.celttv.com.ar\/#website\"},\"datePublished\":\"2019-02-06T18:48:37+00:00\",\"dateModified\":\"2019-02-06T18:48:37+00:00\",\"description\":\"Sitio web de noticias de la localidad de Tornquist, provincia de Buenos Aires, Rep\u00fablica Argentina. Contenido propio originado por periodistas de CELTTV, el canal de TV local de la Cooperativa El\u00e9ctrica de Tornquist. Turismo, Pol\u00edtica, Sociedad, Deporte, Cultura y todo el contenido de inter\u00e9s general que la gente del pueblo y la regi\u00f3n debe conocer.\",\"breadcrumb\":{\"@id\":\"https:\/\/www.celttv.com.ar\/index.php\/2019\/02\/06\/informe-estadistico-de-enero-en-la-comarca-serrana-amplio-informe\/#breadcrumb\"},\"inLanguage\":\"es\",\"potentialAction\":[{\"@type\":\"ReadAction\",\"target\":[\"https:\/\/www.celttv.com.ar\/index.php\/2019\/02\/06\/informe-estadistico-de-enero-en-la-comarca-serrana-amplio-informe\/\"]}]},{\"@type\":\"BreadcrumbList\",\"@id\":\"https:\/\/www.celttv.com.ar\/index.php\/2019\/02\/06\/informe-estadistico-de-enero-en-la-comarca-serrana-amplio-informe\/#breadcrumb\",\"itemListElement\":[{\"@type\":\"ListItem\",\"position\":1,\"name\":\"Inicio\",\"item\":\"https:\/\/www.celttv.com.ar\/\"},{\"@type\":\"ListItem\",\"position\":2,\"name\":\"Informe estad\u00edstico de enero en la Comarca Serrana (Amplio informe)\"}]},{\"@type\":\"WebSite\",\"@id\":\"https:\/\/www.celttv.com.ar\/#website\",\"url\":\"https:\/\/www.celttv.com.ar\/\",\"name\":\"CELTTV\",\"description\":\"Cooperativa El\u00e9ctrica de Tornquist\",\"publisher\":{\"@id\":\"https:\/\/www.celttv.com.ar\/#organization\"},\"potentialAction\":[{\"@type\":\"SearchAction\",\"target\":{\"@type\":\"EntryPoint\",\"urlTemplate\":\"https:\/\/www.celttv.com.ar\/?s={search_term_string}\"},\"query-input\":\"required name=search_term_string\"}],\"inLanguage\":\"es\"},{\"@type\":\"Organization\",\"@id\":\"https:\/\/www.celttv.com.ar\/#organization\",\"name\":\"CELTTV\",\"url\":\"https:\/\/www.celttv.com.ar\/\",\"sameAs\":[\"https:\/\/www.youtube.com\/channel\/UCz_oIt8Hig64Ub-EmcNPIhg\",\"https:\/\/www.facebook.com\/celtTV\/\"],\"logo\":{\"@type\":\"ImageObject\",\"inLanguage\":\"es\",\"@id\":\"https:\/\/www.celttv.com.ar\/#\/schema\/logo\/image\/\",\"url\":\"http:\/\/www.celttv.com.ar\/wp-content\/uploads\/2022\/08\/logo-1.png\",\"contentUrl\":\"http:\/\/www.celttv.com.ar\/wp-content\/uploads\/2022\/08\/logo-1.png\",\"width\":461,\"height\":159,\"caption\":\"CELTTV\"},\"image\":{\"@id\":\"https:\/\/www.celttv.com.ar\/#\/schema\/logo\/image\/\"}},{\"@type\":\"Person\",\"@id\":\"https:\/\/www.celttv.com.ar\/#\/schema\/person\/6d99c072dba59953809c81446e9d0ace\",\"name\":\"ulises\",\"image\":{\"@type\":\"ImageObject\",\"inLanguage\":\"es\",\"@id\":\"https:\/\/www.celttv.com.ar\/#\/schema\/person\/image\/\",\"url\":\"https:\/\/secure.gravatar.com\/avatar\/7f2c48bdc33b30088f941fb6082e555f2874c98e20cb159d7b92b50eadfce793?s=96&d=mm&r=g\",\"contentUrl\":\"https:\/\/secure.gravatar.com\/avatar\/7f2c48bdc33b30088f941fb6082e555f2874c98e20cb159d7b92b50eadfce793?s=96&d=mm&r=g\",\"caption\":\"ulises\"},\"sameAs\":[\"http:\/\/www.celttv.com.ar\"]}]}<\/script>\n<!-- \/ Yoast SEO plugin. -->","yoast_head_json":{"title":"Informe estad\u00edstico de enero en la Comarca Serrana (Amplio informe) - CELTTV","description":"Sitio web de noticias de la localidad de Tornquist, provincia de Buenos Aires, Rep\u00fablica Argentina. Contenido propio originado por periodistas de CELTTV, el canal de TV local de la Cooperativa El\u00e9ctrica de Tornquist. Turismo, Pol\u00edtica, Sociedad, Deporte, Cultura y todo el contenido de inter\u00e9s general que la gente del pueblo y la regi\u00f3n debe conocer.","robots":{"index":"index","follow":"follow","max-snippet":"max-snippet:-1","max-image-preview":"max-image-preview:large","max-video-preview":"max-video-preview:-1"},"canonical":"https:\/\/www.celttv.com.ar\/index.php\/2019\/02\/06\/informe-estadistico-de-enero-en-la-comarca-serrana-amplio-informe\/","og_locale":"es_ES","og_type":"article","og_title":"Informe estad\u00edstico de enero en la Comarca Serrana (Amplio informe) - CELTTV","og_description":"Sitio web de noticias de la localidad de Tornquist, provincia de Buenos Aires, Rep\u00fablica Argentina. Contenido propio originado por periodistas de CELTTV, el canal de TV local de la Cooperativa El\u00e9ctrica de Tornquist. Turismo, Pol\u00edtica, Sociedad, Deporte, Cultura y todo el contenido de inter\u00e9s general que la gente del pueblo y la regi\u00f3n debe conocer.","og_url":"https:\/\/www.celttv.com.ar\/index.php\/2019\/02\/06\/informe-estadistico-de-enero-en-la-comarca-serrana-amplio-informe\/","og_site_name":"CELTTV","article_publisher":"https:\/\/www.facebook.com\/celtTV\/","article_published_time":"2019-02-06T18:48:37+00:00","og_image":[{"width":298,"height":169,"url":"https:\/\/www.celttv.com.ar\/wp-content\/uploads\/2019\/02\/descarga-1-1.jpg","type":"image\/jpeg"}],"author":"ulises","twitter_card":"summary_large_image","twitter_misc":{"Escrito por":"ulises","Tiempo de lectura":"7 minutos"},"schema":{"@context":"https:\/\/schema.org","@graph":[{"@type":"NewsArticle","@id":"https:\/\/www.celttv.com.ar\/index.php\/2019\/02\/06\/informe-estadistico-de-enero-en-la-comarca-serrana-amplio-informe\/#article","isPartOf":{"@id":"https:\/\/www.celttv.com.ar\/index.php\/2019\/02\/06\/informe-estadistico-de-enero-en-la-comarca-serrana-amplio-informe\/"},"author":{"name":"ulises","@id":"https:\/\/www.celttv.com.ar\/#\/schema\/person\/6d99c072dba59953809c81446e9d0ace"},"headline":"Informe estad\u00edstico de enero en la Comarca Serrana (Amplio informe)","datePublished":"2019-02-06T18:48:37+00:00","dateModified":"2019-02-06T18:48:37+00:00","mainEntityOfPage":{"@id":"https:\/\/www.celttv.com.ar\/index.php\/2019\/02\/06\/informe-estadistico-de-enero-en-la-comarca-serrana-amplio-informe\/"},"wordCount":1368,"publisher":{"@id":"https:\/\/www.celttv.com.ar\/#organization"},"articleSection":["Celt TV Noticias","Comunidad","Destacadas","Turismo"],"inLanguage":"es"},{"@type":"WebPage","@id":"https:\/\/www.celttv.com.ar\/index.php\/2019\/02\/06\/informe-estadistico-de-enero-en-la-comarca-serrana-amplio-informe\/","url":"https:\/\/www.celttv.com.ar\/index.php\/2019\/02\/06\/informe-estadistico-de-enero-en-la-comarca-serrana-amplio-informe\/","name":"Informe estad\u00edstico de enero en la Comarca Serrana (Amplio informe) - CELTTV","isPartOf":{"@id":"https:\/\/www.celttv.com.ar\/#website"},"datePublished":"2019-02-06T18:48:37+00:00","dateModified":"2019-02-06T18:48:37+00:00","description":"Sitio web de noticias de la localidad de Tornquist, provincia de Buenos Aires, Rep\u00fablica Argentina. Contenido propio originado por periodistas de CELTTV, el canal de TV local de la Cooperativa El\u00e9ctrica de Tornquist. Turismo, Pol\u00edtica, Sociedad, Deporte, Cultura y todo el contenido de inter\u00e9s general que la gente del pueblo y la regi\u00f3n debe conocer.","breadcrumb":{"@id":"https:\/\/www.celttv.com.ar\/index.php\/2019\/02\/06\/informe-estadistico-de-enero-en-la-comarca-serrana-amplio-informe\/#breadcrumb"},"inLanguage":"es","potentialAction":[{"@type":"ReadAction","target":["https:\/\/www.celttv.com.ar\/index.php\/2019\/02\/06\/informe-estadistico-de-enero-en-la-comarca-serrana-amplio-informe\/"]}]},{"@type":"BreadcrumbList","@id":"https:\/\/www.celttv.com.ar\/index.php\/2019\/02\/06\/informe-estadistico-de-enero-en-la-comarca-serrana-amplio-informe\/#breadcrumb","itemListElement":[{"@type":"ListItem","position":1,"name":"Inicio","item":"https:\/\/www.celttv.com.ar\/"},{"@type":"ListItem","position":2,"name":"Informe estad\u00edstico de enero en la Comarca Serrana (Amplio informe)"}]},{"@type":"WebSite","@id":"https:\/\/www.celttv.com.ar\/#website","url":"https:\/\/www.celttv.com.ar\/","name":"CELTTV","description":"Cooperativa El\u00e9ctrica de Tornquist","publisher":{"@id":"https:\/\/www.celttv.com.ar\/#organization"},"potentialAction":[{"@type":"SearchAction","target":{"@type":"EntryPoint","urlTemplate":"https:\/\/www.celttv.com.ar\/?s={search_term_string}"},"query-input":"required name=search_term_string"}],"inLanguage":"es"},{"@type":"Organization","@id":"https:\/\/www.celttv.com.ar\/#organization","name":"CELTTV","url":"https:\/\/www.celttv.com.ar\/","sameAs":["https:\/\/www.youtube.com\/channel\/UCz_oIt8Hig64Ub-EmcNPIhg","https:\/\/www.facebook.com\/celtTV\/"],"logo":{"@type":"ImageObject","inLanguage":"es","@id":"https:\/\/www.celttv.com.ar\/#\/schema\/logo\/image\/","url":"http:\/\/www.celttv.com.ar\/wp-content\/uploads\/2022\/08\/logo-1.png","contentUrl":"http:\/\/www.celttv.com.ar\/wp-content\/uploads\/2022\/08\/logo-1.png","width":461,"height":159,"caption":"CELTTV"},"image":{"@id":"https:\/\/www.celttv.com.ar\/#\/schema\/logo\/image\/"}},{"@type":"Person","@id":"https:\/\/www.celttv.com.ar\/#\/schema\/person\/6d99c072dba59953809c81446e9d0ace","name":"ulises","image":{"@type":"ImageObject","inLanguage":"es","@id":"https:\/\/www.celttv.com.ar\/#\/schema\/person\/image\/","url":"https:\/\/secure.gravatar.com\/avatar\/7f2c48bdc33b30088f941fb6082e555f2874c98e20cb159d7b92b50eadfce793?s=96&d=mm&r=g","contentUrl":"https:\/\/secure.gravatar.com\/avatar\/7f2c48bdc33b30088f941fb6082e555f2874c98e20cb159d7b92b50eadfce793?s=96&d=mm&r=g","caption":"ulises"},"sameAs":["http:\/\/www.celttv.com.ar"]}]}},"_links":{"self":[{"href":"https:\/\/www.celttv.com.ar\/index.php\/wp-json\/wp\/v2\/posts\/39984","targetHints":{"allow":["GET"]}}],"collection":[{"href":"https:\/\/www.celttv.com.ar\/index.php\/wp-json\/wp\/v2\/posts"}],"about":[{"href":"https:\/\/www.celttv.com.ar\/index.php\/wp-json\/wp\/v2\/types\/post"}],"author":[{"embeddable":true,"href":"https:\/\/www.celttv.com.ar\/index.php\/wp-json\/wp\/v2\/users\/1"}],"replies":[{"embeddable":true,"href":"https:\/\/www.celttv.com.ar\/index.php\/wp-json\/wp\/v2\/comments?post=39984"}],"version-history":[{"count":0,"href":"https:\/\/www.celttv.com.ar\/index.php\/wp-json\/wp\/v2\/posts\/39984\/revisions"}],"wp:featuredmedia":[{"embeddable":true,"href":"https:\/\/www.celttv.com.ar\/index.php\/wp-json\/wp\/v2\/media\/39985"}],"wp:attachment":[{"href":"https:\/\/www.celttv.com.ar\/index.php\/wp-json\/wp\/v2\/media?parent=39984"}],"wp:term":[{"taxonomy":"category","embeddable":true,"href":"https:\/\/www.celttv.com.ar\/index.php\/wp-json\/wp\/v2\/categories?post=39984"},{"taxonomy":"post_tag","embeddable":true,"href":"https:\/\/www.celttv.com.ar\/index.php\/wp-json\/wp\/v2\/tags?post=39984"}],"curies":[{"name":"wp","href":"https:\/\/api.w.org\/{rel}","templated":true}]}}