{"id":39997,"date":"2019-02-13T02:43:36","date_gmt":"2019-02-13T02:43:36","guid":{"rendered":"http:\/\/www.celttv.com.ar\/?p=39997"},"modified":"2019-02-13T02:43:36","modified_gmt":"2019-02-13T02:43:36","slug":"playa-de-luna-y-blanco-con-clima-caribeno","status":"publish","type":"post","link":"https:\/\/www.celttv.com.ar\/index.php\/2019\/02\/13\/playa-de-luna-y-blanco-con-clima-caribeno\/","title":{"rendered":"PLAYA DE LUNA Y BLANCO \u201cCon clima caribe\u00f1o\u201d"},"content":{"rendered":"<p>El pasado s\u00e1bado se vivi\u00f3 la 2da. edici\u00f3n de \u201cPlaya de Luna y Blanco\u201d en la playa de la comarca, donde la laguna besa tibiamente la arena.<\/p>\n<div>El clima acompa\u00f1\u00f3 muy bien, la luna observaba desde lejos, el color blanco fue protagonista total, como lo fue la familia (abuelos, hijos, nietos) y as\u00ed quinchos adornados, columnas, etc.<\/div>\n<div>Gastronom\u00eda playera, excelentes tragos caribe\u00f1os, cerveza artesanal, acompa\u00f1ados de m\u00fasica para la ocasi\u00f3n y la energ\u00eda bailable de Seba y Dana que hicieron moverse hasta el mas \u201ctronco\u201d.<\/div>\n<div>Sumado a los reconocidos DJs Luis Hermida y Julieta Adorno que hicieron que la fiesta se prolongue hasta la madrugada.<\/div>\n<div>Un exitoso acontecimiento que suma a la muy buena temporada que vive la villa tur\u00edstica.<\/div>\n<div><\/div>\n<div><\/div>\n<div>Sergio Bordoni Intendente Municipal<\/div>\n<div>\u201cUna noche distinta para los que nos gusta la laguna y mucha gente que ha venido de afuera a disfrutar de esta alternativa que cuenta con una buena organizaci\u00f3n\u201d Dijo Sergio Bordoni, Intendente Municipal<\/div>\n<div>\u201cLa jornada se present\u00f3 propicia desde el punto de vista clim\u00e1tico y se dieron todas las condiciones para redondear una buena fiesta\u201d\u00a0asegur\u00f3 el jefe comunal.<\/div>\n<div>Bordoni consider\u00f3 que es un evento que crece a\u00f1o a a\u00f1o y hay que ir por mas.\u00a0 \u201cest\u00e1 muy bueno que\u00a0 toda la gente participa y trata de ambientarse a lo que es la fiesta y, sumado a la organizaci\u00f3n, hace que la fiesta salga bien\u201d se\u00f1al\u00f3<\/div>\n<div>\u201cNi bien asumimos, en el 2015, sab\u00edamos que si quer\u00edamos tener a la laguna como una postal tur\u00edstica ten\u00edamos que invertir y eso es lo que estamos haciendo para que la laguna se incorpore a las propuestas tur\u00edsticas de la comarca. Hoy los caminos se mantienen medianamente bien y se aporta lo que se debe para que vaya para adelante y sin dudas va creciendo\u201d sostuvo Bordoni,<\/div>\n<div>\u201cLa laguna es un lugar ideal para desconectarse, para el descanso. El lugar brinda tranquilidad y seguridad para toda la familia. Una playa para que los chicos disfruten, caminas 70 u 80 mts. para que el agua te llegue a la altura de la cintura. Hay abuelos, padres y j\u00f3venes que han crecido visitando esta laguna\u201d dijo Bordoni.<\/div>\n<div>Refiri\u00e9ndose a la tranquilidad tambi\u00e9n mencion\u00f3 la instalaci\u00f3n de c\u00e1maras y de un cerco perimetral que contribuye a la seguridad del habitante lagunero y los ocasionales visitantes. \u201ctodo se suma y tenemos que seguir trabajando cada vez mas para que estos lugares se sigan conociendo\u201d\u00a0 concluy\u00f3<\/div>\n<div><\/div>\n<div><\/div>\n<div>Sonia Cabrera, integrante del grupo organizador del evento<\/div>\n<div>\u201cEs la energ\u00eda de toda la gente que apost\u00f3 a que este evento sea un \u00e9xito. Estuvimos hasta \u00faltimo momento mirando el pronostico del tiempo\u00a0 para que esto sea un \u00e9xito, y a la tardecita cuando se planch\u00f3 la laguna le agradecimos a Dios por una tarde y una noche espectacular\u00a0 y bien caribe\u00f1a\u201d dio Sonia,<\/div>\n<div>\u201cLas cuestiones clim\u00e1ticas uno no las puede manejar, pero insisto que en esto tuvo que ver la energ\u00eda de todos los que trabajamos sobre todo en los \u00faltimos d\u00edas y evidentemente la difusi\u00f3n que le dimos tuvo que ver y ha prendido en la gente\u201d se\u00f1al\u00f3 Sonia, quien augur\u00f3 por la continuidad de estos eventos y se\u00f1al\u00f3 al 8 de febrero de 2020 como fecha posible para la tercera edici\u00f3n.<\/div>\n<div>Refiri\u00e9ndose a Roberto Mutti, el autor intelectual de la idea de Playa de Blanco y Luna, Sonia dijo que \u201clo admiro un mont\u00f3n porque el nos da energ\u00eda a nosotros. El nos agradec\u00eda por esta movida pero yo le dec\u00eda que tenemos que tomar la posta y comprometer a nuestros hijos y amigos para que se sumen a trabajar. Son legados y como no tomar la idea de Roberto para hacerla realidad.\u201d dijo Sonia Cabrera.<\/div>\n<div><\/div>\n<div><\/div>\n<div>Guillermina Mutti, integrante del grupo organizador del evento<\/div>\n<div>\u201cTomamos la posta y lo seguimos haciendo\u201d dijo Guillermina Mutti quien confes\u00f3 haber hablado con quien correspond\u00eda para garantizar una jornada estupenda desde el punto de vista clim\u00e1tico.<\/div>\n<div>\u201cLe coment\u00e9\u00a0 a Sonia que hab\u00eda hablado con quien tenia que hablar para que el clima nos acompa\u00f1e\u201d se sonr\u00ede Guillermina.,<\/div>\n<div>\u201cEl clima de la laguna forma parte de su identidad y pas\u00f3 en la fiesta de reyes donde ten\u00edamos una tormenta encima que termin\u00f3 asoci\u00e1ndose al espect\u00e1culo y lentamente se fue corriendo\u201d destac\u00f3<\/div>\n<div>Tambi\u00e9n confirm\u00f3 la fecha del 8 de febrero del 2020 para la realizaci\u00f3n de la 3ra. edici\u00f3n de la Playa de Luna y Blanco y no descart\u00f3 la incorporaci\u00f3n de algunos condimentos especiales.. S\u00e1bado 8 de febrero 2020, noche de luna llena\u201d adelant\u00f3 Guillermina Mutti.<\/div>\n<div><\/div>\n<div><\/div>\n<div>Alberto \u201cTito\u201d Musso Presidente del Club de Pesca Tornquist<\/div>\n<div>\u201cEstamos muy contentos porque nos ha tocado una noche espl\u00e9ndida y la verdad es que ten\u00edamos un poco de dudas de como iba a estar el tiempo ,pero la verdad que qued\u00f3 una jornada espectacular y la respuesta de la gente ha sido muy buena\u201d dijo Tiito Musso.<\/div>\n<div>Musso consider\u00f3 que la propaganda realizada del evento jug\u00f3 un rol importante en la respuesta del p\u00fablico lagunero y no lagunero. \u201cTen\u00edamos nuestros temores, pero estamos muy felices con la respuesta de la gente, a pesar de la distancia que nosotros tenemos y que hay que recorrer para llegar a este lugar\u201d se\u00f1al\u00f3<\/div>\n<div>\u201cEsto nos genera una responsabilidad mas grande en seguir avanzando\u00a0 en mejorar el predio y brindar una mejor atenci\u00f3n al turista y en ese camino tenemos que seguir trabajando\u201d asegur\u00f3 el titular lagunero. quien tambi\u00e9n dio gracias por el comportamiento del clima que se asoci\u00f3 de manera inmejorable al evento.<\/div>\n<div>\u201cHay que felicitar al grupo de mujeres que est\u00e1 trabajando fuertemente para el club y eso hace que nos comprometamos cada vez mas en organizar eventos y mantener al club activo\u201d sostuvo el presidente lagunero.<\/div>\n<div>Por \u00faltimo Musso se hizo un espacio para agradecer al socio\u00a0 frentista, al turista y al Municipio de Tornquist<\/div>\n<div><\/div>\n<div>https:\/\/www.youtube.com\/watch?v=QTM0s5mX4KA<\/div>\n<div><\/div>\n","protected":false},"excerpt":{"rendered":"<p>El pasado s\u00e1bado se vivi\u00f3 la 2da. edici\u00f3n de \u201cPlaya de Luna y Blanco\u201d en la playa de la comarca, donde la laguna besa tibiamente la arena. El clima acompa\u00f1\u00f3 muy bien, la luna observaba desde lejos, el color blanco fue protagonista total, como lo fue la familia (abuelos, hijos, nietos) y as\u00ed quinchos adornados, [&hellip;]<\/p>\n","protected":false},"author":1,"featured_media":40006,"comment_status":"closed","ping_status":"open","sticky":false,"template":"","format":"standard","meta":{"footnotes":""},"categories":[55,52,58],"tags":[],"class_list":["post-39997","post","type-post","status-publish","format-standard","has-post-thumbnail","hentry","category-celt-tv-noticias","category-destacadas","category-turismo"],"yoast_head":"<!-- This site is optimized with the Yoast SEO plugin v19.7.1 - https:\/\/yoast.com\/wordpress\/plugins\/seo\/ -->\n<title>PLAYA DE LUNA Y BLANCO \u201cCon clima caribe\u00f1o\u201d - CELTTV<\/title>\n<meta name=\"description\" content=\"Sitio web de noticias de la localidad de Tornquist, provincia de Buenos Aires, Rep\u00fablica Argentina. Contenido propio originado por periodistas de CELTTV, el canal de TV local de la Cooperativa El\u00e9ctrica de Tornquist. Turismo, Pol\u00edtica, Sociedad, Deporte, Cultura y todo el contenido de inter\u00e9s general que la gente del pueblo y la regi\u00f3n debe conocer.\" \/>\n<meta name=\"robots\" content=\"index, follow, max-snippet:-1, max-image-preview:large, max-video-preview:-1\" \/>\n<link rel=\"canonical\" href=\"https:\/\/www.celttv.com.ar\/index.php\/2019\/02\/13\/playa-de-luna-y-blanco-con-clima-caribeno\/\" \/>\n<meta property=\"og:locale\" content=\"es_ES\" \/>\n<meta property=\"og:type\" content=\"article\" \/>\n<meta property=\"og:title\" content=\"PLAYA DE LUNA Y BLANCO \u201cCon clima caribe\u00f1o\u201d - CELTTV\" \/>\n<meta property=\"og:description\" content=\"Sitio web de noticias de la localidad de Tornquist, provincia de Buenos Aires, Rep\u00fablica Argentina. Contenido propio originado por periodistas de CELTTV, el canal de TV local de la Cooperativa El\u00e9ctrica de Tornquist. Turismo, Pol\u00edtica, Sociedad, Deporte, Cultura y todo el contenido de inter\u00e9s general que la gente del pueblo y la regi\u00f3n debe conocer.\" \/>\n<meta property=\"og:url\" content=\"https:\/\/www.celttv.com.ar\/index.php\/2019\/02\/13\/playa-de-luna-y-blanco-con-clima-caribeno\/\" \/>\n<meta property=\"og:site_name\" content=\"CELTTV\" \/>\n<meta property=\"article:publisher\" content=\"https:\/\/www.facebook.com\/celtTV\/\" \/>\n<meta property=\"article:published_time\" content=\"2019-02-13T02:43:36+00:00\" \/>\n<meta property=\"og:image\" content=\"https:\/\/www.celttv.com.ar\/wp-content\/uploads\/2019\/02\/descarga-8.jpg\" \/>\n\t<meta property=\"og:image:width\" content=\"275\" \/>\n\t<meta property=\"og:image:height\" content=\"183\" \/>\n\t<meta property=\"og:image:type\" content=\"image\/jpeg\" \/>\n<meta name=\"author\" content=\"ulises\" \/>\n<meta name=\"twitter:card\" content=\"summary_large_image\" \/>\n<meta name=\"twitter:label1\" content=\"Escrito por\" \/>\n\t<meta name=\"twitter:data1\" content=\"ulises\" \/>\n\t<meta name=\"twitter:label2\" content=\"Tiempo de lectura\" \/>\n\t<meta name=\"twitter:data2\" content=\"5 minutos\" \/>\n<script type=\"application\/ld+json\" class=\"yoast-schema-graph\">{\"@context\":\"https:\/\/schema.org\",\"@graph\":[{\"@type\":\"NewsArticle\",\"@id\":\"https:\/\/www.celttv.com.ar\/index.php\/2019\/02\/13\/playa-de-luna-y-blanco-con-clima-caribeno\/#article\",\"isPartOf\":{\"@id\":\"https:\/\/www.celttv.com.ar\/index.php\/2019\/02\/13\/playa-de-luna-y-blanco-con-clima-caribeno\/\"},\"author\":{\"name\":\"ulises\",\"@id\":\"https:\/\/www.celttv.com.ar\/#\/schema\/person\/6d99c072dba59953809c81446e9d0ace\"},\"headline\":\"PLAYA DE LUNA Y BLANCO \u201cCon clima caribe\u00f1o\u201d\",\"datePublished\":\"2019-02-13T02:43:36+00:00\",\"dateModified\":\"2019-02-13T02:43:36+00:00\",\"mainEntityOfPage\":{\"@id\":\"https:\/\/www.celttv.com.ar\/index.php\/2019\/02\/13\/playa-de-luna-y-blanco-con-clima-caribeno\/\"},\"wordCount\":1029,\"publisher\":{\"@id\":\"https:\/\/www.celttv.com.ar\/#organization\"},\"articleSection\":[\"Celt TV Noticias\",\"Destacadas\",\"Turismo\"],\"inLanguage\":\"es\"},{\"@type\":\"WebPage\",\"@id\":\"https:\/\/www.celttv.com.ar\/index.php\/2019\/02\/13\/playa-de-luna-y-blanco-con-clima-caribeno\/\",\"url\":\"https:\/\/www.celttv.com.ar\/index.php\/2019\/02\/13\/playa-de-luna-y-blanco-con-clima-caribeno\/\",\"name\":\"PLAYA DE LUNA Y BLANCO \u201cCon clima caribe\u00f1o\u201d - CELTTV\",\"isPartOf\":{\"@id\":\"https:\/\/www.celttv.com.ar\/#website\"},\"datePublished\":\"2019-02-13T02:43:36+00:00\",\"dateModified\":\"2019-02-13T02:43:36+00:00\",\"description\":\"Sitio web de noticias de la localidad de Tornquist, provincia de Buenos Aires, Rep\u00fablica Argentina. Contenido propio originado por periodistas de CELTTV, el canal de TV local de la Cooperativa El\u00e9ctrica de Tornquist. Turismo, Pol\u00edtica, Sociedad, Deporte, Cultura y todo el contenido de inter\u00e9s general que la gente del pueblo y la regi\u00f3n debe conocer.\",\"breadcrumb\":{\"@id\":\"https:\/\/www.celttv.com.ar\/index.php\/2019\/02\/13\/playa-de-luna-y-blanco-con-clima-caribeno\/#breadcrumb\"},\"inLanguage\":\"es\",\"potentialAction\":[{\"@type\":\"ReadAction\",\"target\":[\"https:\/\/www.celttv.com.ar\/index.php\/2019\/02\/13\/playa-de-luna-y-blanco-con-clima-caribeno\/\"]}]},{\"@type\":\"BreadcrumbList\",\"@id\":\"https:\/\/www.celttv.com.ar\/index.php\/2019\/02\/13\/playa-de-luna-y-blanco-con-clima-caribeno\/#breadcrumb\",\"itemListElement\":[{\"@type\":\"ListItem\",\"position\":1,\"name\":\"Inicio\",\"item\":\"https:\/\/www.celttv.com.ar\/\"},{\"@type\":\"ListItem\",\"position\":2,\"name\":\"PLAYA DE LUNA Y BLANCO \u201cCon clima caribe\u00f1o\u201d\"}]},{\"@type\":\"WebSite\",\"@id\":\"https:\/\/www.celttv.com.ar\/#website\",\"url\":\"https:\/\/www.celttv.com.ar\/\",\"name\":\"CELTTV\",\"description\":\"Cooperativa El\u00e9ctrica de Tornquist\",\"publisher\":{\"@id\":\"https:\/\/www.celttv.com.ar\/#organization\"},\"potentialAction\":[{\"@type\":\"SearchAction\",\"target\":{\"@type\":\"EntryPoint\",\"urlTemplate\":\"https:\/\/www.celttv.com.ar\/?s={search_term_string}\"},\"query-input\":\"required name=search_term_string\"}],\"inLanguage\":\"es\"},{\"@type\":\"Organization\",\"@id\":\"https:\/\/www.celttv.com.ar\/#organization\",\"name\":\"CELTTV\",\"url\":\"https:\/\/www.celttv.com.ar\/\",\"sameAs\":[\"https:\/\/www.youtube.com\/channel\/UCz_oIt8Hig64Ub-EmcNPIhg\",\"https:\/\/www.facebook.com\/celtTV\/\"],\"logo\":{\"@type\":\"ImageObject\",\"inLanguage\":\"es\",\"@id\":\"https:\/\/www.celttv.com.ar\/#\/schema\/logo\/image\/\",\"url\":\"http:\/\/www.celttv.com.ar\/wp-content\/uploads\/2022\/08\/logo-1.png\",\"contentUrl\":\"http:\/\/www.celttv.com.ar\/wp-content\/uploads\/2022\/08\/logo-1.png\",\"width\":461,\"height\":159,\"caption\":\"CELTTV\"},\"image\":{\"@id\":\"https:\/\/www.celttv.com.ar\/#\/schema\/logo\/image\/\"}},{\"@type\":\"Person\",\"@id\":\"https:\/\/www.celttv.com.ar\/#\/schema\/person\/6d99c072dba59953809c81446e9d0ace\",\"name\":\"ulises\",\"image\":{\"@type\":\"ImageObject\",\"inLanguage\":\"es\",\"@id\":\"https:\/\/www.celttv.com.ar\/#\/schema\/person\/image\/\",\"url\":\"https:\/\/secure.gravatar.com\/avatar\/7f2c48bdc33b30088f941fb6082e555f2874c98e20cb159d7b92b50eadfce793?s=96&d=mm&r=g\",\"contentUrl\":\"https:\/\/secure.gravatar.com\/avatar\/7f2c48bdc33b30088f941fb6082e555f2874c98e20cb159d7b92b50eadfce793?s=96&d=mm&r=g\",\"caption\":\"ulises\"},\"sameAs\":[\"http:\/\/www.celttv.com.ar\"]}]}<\/script>\n<!-- \/ Yoast SEO plugin. -->","yoast_head_json":{"title":"PLAYA DE LUNA Y BLANCO \u201cCon clima caribe\u00f1o\u201d - CELTTV","description":"Sitio web de noticias de la localidad de Tornquist, provincia de Buenos Aires, Rep\u00fablica Argentina. Contenido propio originado por periodistas de CELTTV, el canal de TV local de la Cooperativa El\u00e9ctrica de Tornquist. Turismo, Pol\u00edtica, Sociedad, Deporte, Cultura y todo el contenido de inter\u00e9s general que la gente del pueblo y la regi\u00f3n debe conocer.","robots":{"index":"index","follow":"follow","max-snippet":"max-snippet:-1","max-image-preview":"max-image-preview:large","max-video-preview":"max-video-preview:-1"},"canonical":"https:\/\/www.celttv.com.ar\/index.php\/2019\/02\/13\/playa-de-luna-y-blanco-con-clima-caribeno\/","og_locale":"es_ES","og_type":"article","og_title":"PLAYA DE LUNA Y BLANCO \u201cCon clima caribe\u00f1o\u201d - CELTTV","og_description":"Sitio web de noticias de la localidad de Tornquist, provincia de Buenos Aires, Rep\u00fablica Argentina. Contenido propio originado por periodistas de CELTTV, el canal de TV local de la Cooperativa El\u00e9ctrica de Tornquist. Turismo, Pol\u00edtica, Sociedad, Deporte, Cultura y todo el contenido de inter\u00e9s general que la gente del pueblo y la regi\u00f3n debe conocer.","og_url":"https:\/\/www.celttv.com.ar\/index.php\/2019\/02\/13\/playa-de-luna-y-blanco-con-clima-caribeno\/","og_site_name":"CELTTV","article_publisher":"https:\/\/www.facebook.com\/celtTV\/","article_published_time":"2019-02-13T02:43:36+00:00","og_image":[{"width":275,"height":183,"url":"https:\/\/www.celttv.com.ar\/wp-content\/uploads\/2019\/02\/descarga-8.jpg","type":"image\/jpeg"}],"author":"ulises","twitter_card":"summary_large_image","twitter_misc":{"Escrito por":"ulises","Tiempo de lectura":"5 minutos"},"schema":{"@context":"https:\/\/schema.org","@graph":[{"@type":"NewsArticle","@id":"https:\/\/www.celttv.com.ar\/index.php\/2019\/02\/13\/playa-de-luna-y-blanco-con-clima-caribeno\/#article","isPartOf":{"@id":"https:\/\/www.celttv.com.ar\/index.php\/2019\/02\/13\/playa-de-luna-y-blanco-con-clima-caribeno\/"},"author":{"name":"ulises","@id":"https:\/\/www.celttv.com.ar\/#\/schema\/person\/6d99c072dba59953809c81446e9d0ace"},"headline":"PLAYA DE LUNA Y BLANCO \u201cCon clima caribe\u00f1o\u201d","datePublished":"2019-02-13T02:43:36+00:00","dateModified":"2019-02-13T02:43:36+00:00","mainEntityOfPage":{"@id":"https:\/\/www.celttv.com.ar\/index.php\/2019\/02\/13\/playa-de-luna-y-blanco-con-clima-caribeno\/"},"wordCount":1029,"publisher":{"@id":"https:\/\/www.celttv.com.ar\/#organization"},"articleSection":["Celt TV Noticias","Destacadas","Turismo"],"inLanguage":"es"},{"@type":"WebPage","@id":"https:\/\/www.celttv.com.ar\/index.php\/2019\/02\/13\/playa-de-luna-y-blanco-con-clima-caribeno\/","url":"https:\/\/www.celttv.com.ar\/index.php\/2019\/02\/13\/playa-de-luna-y-blanco-con-clima-caribeno\/","name":"PLAYA DE LUNA Y BLANCO \u201cCon clima caribe\u00f1o\u201d - CELTTV","isPartOf":{"@id":"https:\/\/www.celttv.com.ar\/#website"},"datePublished":"2019-02-13T02:43:36+00:00","dateModified":"2019-02-13T02:43:36+00:00","description":"Sitio web de noticias de la localidad de Tornquist, provincia de Buenos Aires, Rep\u00fablica Argentina. Contenido propio originado por periodistas de CELTTV, el canal de TV local de la Cooperativa El\u00e9ctrica de Tornquist. Turismo, Pol\u00edtica, Sociedad, Deporte, Cultura y todo el contenido de inter\u00e9s general que la gente del pueblo y la regi\u00f3n debe conocer.","breadcrumb":{"@id":"https:\/\/www.celttv.com.ar\/index.php\/2019\/02\/13\/playa-de-luna-y-blanco-con-clima-caribeno\/#breadcrumb"},"inLanguage":"es","potentialAction":[{"@type":"ReadAction","target":["https:\/\/www.celttv.com.ar\/index.php\/2019\/02\/13\/playa-de-luna-y-blanco-con-clima-caribeno\/"]}]},{"@type":"BreadcrumbList","@id":"https:\/\/www.celttv.com.ar\/index.php\/2019\/02\/13\/playa-de-luna-y-blanco-con-clima-caribeno\/#breadcrumb","itemListElement":[{"@type":"ListItem","position":1,"name":"Inicio","item":"https:\/\/www.celttv.com.ar\/"},{"@type":"ListItem","position":2,"name":"PLAYA DE LUNA Y BLANCO \u201cCon clima caribe\u00f1o\u201d"}]},{"@type":"WebSite","@id":"https:\/\/www.celttv.com.ar\/#website","url":"https:\/\/www.celttv.com.ar\/","name":"CELTTV","description":"Cooperativa El\u00e9ctrica de Tornquist","publisher":{"@id":"https:\/\/www.celttv.com.ar\/#organization"},"potentialAction":[{"@type":"SearchAction","target":{"@type":"EntryPoint","urlTemplate":"https:\/\/www.celttv.com.ar\/?s={search_term_string}"},"query-input":"required name=search_term_string"}],"inLanguage":"es"},{"@type":"Organization","@id":"https:\/\/www.celttv.com.ar\/#organization","name":"CELTTV","url":"https:\/\/www.celttv.com.ar\/","sameAs":["https:\/\/www.youtube.com\/channel\/UCz_oIt8Hig64Ub-EmcNPIhg","https:\/\/www.facebook.com\/celtTV\/"],"logo":{"@type":"ImageObject","inLanguage":"es","@id":"https:\/\/www.celttv.com.ar\/#\/schema\/logo\/image\/","url":"http:\/\/www.celttv.com.ar\/wp-content\/uploads\/2022\/08\/logo-1.png","contentUrl":"http:\/\/www.celttv.com.ar\/wp-content\/uploads\/2022\/08\/logo-1.png","width":461,"height":159,"caption":"CELTTV"},"image":{"@id":"https:\/\/www.celttv.com.ar\/#\/schema\/logo\/image\/"}},{"@type":"Person","@id":"https:\/\/www.celttv.com.ar\/#\/schema\/person\/6d99c072dba59953809c81446e9d0ace","name":"ulises","image":{"@type":"ImageObject","inLanguage":"es","@id":"https:\/\/www.celttv.com.ar\/#\/schema\/person\/image\/","url":"https:\/\/secure.gravatar.com\/avatar\/7f2c48bdc33b30088f941fb6082e555f2874c98e20cb159d7b92b50eadfce793?s=96&d=mm&r=g","contentUrl":"https:\/\/secure.gravatar.com\/avatar\/7f2c48bdc33b30088f941fb6082e555f2874c98e20cb159d7b92b50eadfce793?s=96&d=mm&r=g","caption":"ulises"},"sameAs":["http:\/\/www.celttv.com.ar"]}]}},"_links":{"self":[{"href":"https:\/\/www.celttv.com.ar\/index.php\/wp-json\/wp\/v2\/posts\/39997","targetHints":{"allow":["GET"]}}],"collection":[{"href":"https:\/\/www.celttv.com.ar\/index.php\/wp-json\/wp\/v2\/posts"}],"about":[{"href":"https:\/\/www.celttv.com.ar\/index.php\/wp-json\/wp\/v2\/types\/post"}],"author":[{"embeddable":true,"href":"https:\/\/www.celttv.com.ar\/index.php\/wp-json\/wp\/v2\/users\/1"}],"replies":[{"embeddable":true,"href":"https:\/\/www.celttv.com.ar\/index.php\/wp-json\/wp\/v2\/comments?post=39997"}],"version-history":[{"count":0,"href":"https:\/\/www.celttv.com.ar\/index.php\/wp-json\/wp\/v2\/posts\/39997\/revisions"}],"wp:featuredmedia":[{"embeddable":true,"href":"https:\/\/www.celttv.com.ar\/index.php\/wp-json\/wp\/v2\/media\/40006"}],"wp:attachment":[{"href":"https:\/\/www.celttv.com.ar\/index.php\/wp-json\/wp\/v2\/media?parent=39997"}],"wp:term":[{"taxonomy":"category","embeddable":true,"href":"https:\/\/www.celttv.com.ar\/index.php\/wp-json\/wp\/v2\/categories?post=39997"},{"taxonomy":"post_tag","embeddable":true,"href":"https:\/\/www.celttv.com.ar\/index.php\/wp-json\/wp\/v2\/tags?post=39997"}],"curies":[{"name":"wp","href":"https:\/\/api.w.org\/{rel}","templated":true}]}}