{"id":40011,"date":"2019-02-21T14:42:48","date_gmt":"2019-02-21T14:42:48","guid":{"rendered":"http:\/\/www.celttv.com.ar\/?p=40011"},"modified":"2019-02-21T14:42:48","modified_gmt":"2019-02-21T14:42:48","slug":"saldungaray-contara-con-una-carrera-universitaria-por-primera-vez-en-su-historia-video-entrevista","status":"publish","type":"post","link":"https:\/\/www.celttv.com.ar\/index.php\/2019\/02\/21\/saldungaray-contara-con-una-carrera-universitaria-por-primera-vez-en-su-historia-video-entrevista\/","title":{"rendered":"Saldungaray contar\u00e1 con una carrera universitaria por primera vez en su historia (Video Entrevista)"},"content":{"rendered":"<p>El Secretario de Desarrollo Gonzalo Iparraguirre, el Director de Juventud Gerardo Bucchi y el Delegado de la Localidad de Saldungaray Dar\u00edo Cardoso; se reunieron con autoridades de la Universidad Provincial de Sudoeste, Instituto Terciario y Directores de las distintas instituciones educativas de la localidad, para avanzar con la implementaci\u00f3n del dictado de la carrera de Corredor y Martillero P<span class=\"text_exposed_show\">\u00fablico.<br \/>\nDurante el encuentro se delimitaron las distintas acciones para llevar a cabo el dictado de la carrera, que comenzar\u00e1 en el mes de marzo y tendr\u00e1 una duraci\u00f3n de tres a\u00f1os.<br \/>\nEstuvieron presentes Vico Frattini, director de la Unidad Acad\u00e9mica Ernesto Tornquist; Mar\u00eda In\u00e9s Spagnoli, Directora ES N\u00b0 4; Roc\u00edo V\u00e1zquez por el CENS, y por la UPSO Mauricio Per\u00f3n y Fernanda Bigliardi.<br \/>\nLos interesados podr\u00e1n preinscribirse a trav\u00e9s del siguiente link:\u00a0<a href=\"https:\/\/www.upso.edu.ar\/pasos-a-seguir-para-realizar-la-preinscripion\/?fbclid=IwAR3ITG1hXpR9QO2XD2oOwHzpiZnrCsoVXcNQSf-eTMqVQjFQnS9QUv9Of5g\" target=\"_blank\" rel=\"noopener nofollow\" data-ft=\"{&quot;tn&quot;:&quot;-U&quot;}\" data-lynx-mode=\"async\" data-lynx-uri=\"https:\/\/l.facebook.com\/l.php?u=https%3A%2F%2Fwww.upso.edu.ar%2Fpasos-a-seguir-para-realizar-la-preinscripion%2F%3Ffbclid%3DIwAR3ITG1hXpR9QO2XD2oOwHzpiZnrCsoVXcNQSf-eTMqVQjFQnS9QUv9Of5g&amp;h=AT1Od21uhA1hnwedmcZJSKrP2hb9l0WxpyiH01EIxvr7XdWo4qQQQrfYukEMaJWdRPKTWKuRrcwJR2Fbv1Eoa6UJRUtUACGqhC6W-08aCUgz7FcYmjlr4TmQI9kZZIpD5Ckcd7Gum4Yh4WEw9OEnHKdU2kg2k-6Lj3CBcrhsp_2mvPsx1uD9_ivpKcQDRq5VUvG_5Fku3aNWSvxx93IVMQfAby8quc-l_Zfit8LwZS0OhwZ5w_Mj1vCpxQim3pw-eLvGRb_5bhNTgd5NLDAjnYxpS7ADsc3HxspQP54CLURioH2xZ_zuCo96wlFPxJ1xh9EbaLenHSPX2ABXzxMnRIyGkhjd1-fJ0eqz91Ykxi3m3xo6cWzzvPcw32dcxaDPwoGuWF2Vwu2_9Zq8w9H_LDkw9dlSgpZFygSyTy-6cfnJjcC24IL9BWoo41uWjGkH7cC8wLyEfRG1EmZwdSOF3g7vD6vymaB96hyFqUGP7HMN0RleebLGhSbYhhRoCh358MHHRL3UmUb2hQ8kMwLG-J0v5dBwVk1HgpoOpsZoa-v2FLQ8xtCMh7fhdvaojsMxtBare7xk3FSXWmiDHvBb9LydoeWgQovt28fByTVbwi4J8xAGrjdEduS1uAcYsRvrULQV\">https:\/\/www.upso.edu.ar\/pasos-a-seguir-para-realizar-la-pr\u2026\/<\/a>\u00a0y conocer el plan de estudio.<\/span><\/p>\n<div class=\"jeg_video_container jeg_video_content\"><iframe loading=\"lazy\" title=\"2019 02 15 NUEVA CARRERA TERCIARIAEN SALDUNGARAY   VICO FRATINI\" width=\"500\" height=\"281\" src=\"https:\/\/www.youtube.com\/embed\/3_OMIqUE71M?feature=oembed\" frameborder=\"0\" allow=\"accelerometer; autoplay; clipboard-write; encrypted-media; gyroscope; picture-in-picture; web-share\" referrerpolicy=\"strict-origin-when-cross-origin\" allowfullscreen><\/iframe><\/div>\n","protected":false},"excerpt":{"rendered":"<p>El Secretario de Desarrollo Gonzalo Iparraguirre, el Director de Juventud Gerardo Bucchi y el Delegado de la Localidad de Saldungaray Dar\u00edo Cardoso; se reunieron con autoridades de la Universidad Provincial de Sudoeste, Instituto Terciario y Directores de las distintas instituciones educativas de la localidad, para avanzar con la implementaci\u00f3n del dictado de la carrera de [&hellip;]<\/p>\n","protected":false},"author":1,"featured_media":40013,"comment_status":"closed","ping_status":"open","sticky":false,"template":"","format":"standard","meta":{"footnotes":""},"categories":[55,51,52],"tags":[],"class_list":["post-40011","post","type-post","status-publish","format-standard","has-post-thumbnail","hentry","category-celt-tv-noticias","category-comunidad","category-destacadas"],"yoast_head":"<!-- This site is optimized with the Yoast SEO plugin v19.7.1 - https:\/\/yoast.com\/wordpress\/plugins\/seo\/ -->\n<title>Saldungaray contar\u00e1 con una carrera universitaria por primera vez en su historia (Video Entrevista) - CELTTV<\/title>\n<meta name=\"description\" content=\"Sitio web de noticias de la localidad de Tornquist, provincia de Buenos Aires, Rep\u00fablica Argentina. Contenido propio originado por periodistas de CELTTV, el canal de TV local de la Cooperativa El\u00e9ctrica de Tornquist. Turismo, Pol\u00edtica, Sociedad, Deporte, Cultura y todo el contenido de inter\u00e9s general que la gente del pueblo y la regi\u00f3n debe conocer.\" \/>\n<meta name=\"robots\" content=\"index, follow, max-snippet:-1, max-image-preview:large, max-video-preview:-1\" \/>\n<link rel=\"canonical\" href=\"https:\/\/www.celttv.com.ar\/index.php\/2019\/02\/21\/saldungaray-contara-con-una-carrera-universitaria-por-primera-vez-en-su-historia-video-entrevista\/\" \/>\n<meta property=\"og:locale\" content=\"es_ES\" \/>\n<meta property=\"og:type\" content=\"article\" \/>\n<meta property=\"og:title\" content=\"Saldungaray contar\u00e1 con una carrera universitaria por primera vez en su historia (Video Entrevista) - CELTTV\" \/>\n<meta property=\"og:description\" content=\"Sitio web de noticias de la localidad de Tornquist, provincia de Buenos Aires, Rep\u00fablica Argentina. Contenido propio originado por periodistas de CELTTV, el canal de TV local de la Cooperativa El\u00e9ctrica de Tornquist. Turismo, Pol\u00edtica, Sociedad, Deporte, Cultura y todo el contenido de inter\u00e9s general que la gente del pueblo y la regi\u00f3n debe conocer.\" \/>\n<meta property=\"og:url\" content=\"https:\/\/www.celttv.com.ar\/index.php\/2019\/02\/21\/saldungaray-contara-con-una-carrera-universitaria-por-primera-vez-en-su-historia-video-entrevista\/\" \/>\n<meta property=\"og:site_name\" content=\"CELTTV\" \/>\n<meta property=\"article:publisher\" content=\"https:\/\/www.facebook.com\/celtTV\/\" \/>\n<meta property=\"article:published_time\" content=\"2019-02-21T14:42:48+00:00\" \/>\n<meta property=\"og:image\" content=\"https:\/\/www.celttv.com.ar\/wp-content\/uploads\/2019\/02\/descarga-1-2.jpg\" \/>\n\t<meta property=\"og:image:width\" content=\"225\" \/>\n\t<meta property=\"og:image:height\" content=\"225\" \/>\n\t<meta property=\"og:image:type\" content=\"image\/jpeg\" \/>\n<meta name=\"author\" content=\"ulises\" \/>\n<meta name=\"twitter:card\" content=\"summary_large_image\" \/>\n<meta name=\"twitter:label1\" content=\"Escrito por\" \/>\n\t<meta name=\"twitter:data1\" content=\"ulises\" \/>\n\t<meta name=\"twitter:label2\" content=\"Tiempo de lectura\" \/>\n\t<meta name=\"twitter:data2\" content=\"1 minuto\" \/>\n<script type=\"application\/ld+json\" class=\"yoast-schema-graph\">{\"@context\":\"https:\/\/schema.org\",\"@graph\":[{\"@type\":\"NewsArticle\",\"@id\":\"https:\/\/www.celttv.com.ar\/index.php\/2019\/02\/21\/saldungaray-contara-con-una-carrera-universitaria-por-primera-vez-en-su-historia-video-entrevista\/#article\",\"isPartOf\":{\"@id\":\"https:\/\/www.celttv.com.ar\/index.php\/2019\/02\/21\/saldungaray-contara-con-una-carrera-universitaria-por-primera-vez-en-su-historia-video-entrevista\/\"},\"author\":{\"name\":\"ulises\",\"@id\":\"https:\/\/www.celttv.com.ar\/#\/schema\/person\/6d99c072dba59953809c81446e9d0ace\"},\"headline\":\"Saldungaray contar\u00e1 con una carrera universitaria por primera vez en su historia (Video Entrevista)\",\"datePublished\":\"2019-02-21T14:42:48+00:00\",\"dateModified\":\"2019-02-21T14:42:48+00:00\",\"mainEntityOfPage\":{\"@id\":\"https:\/\/www.celttv.com.ar\/index.php\/2019\/02\/21\/saldungaray-contara-con-una-carrera-universitaria-por-primera-vez-en-su-historia-video-entrevista\/\"},\"wordCount\":177,\"publisher\":{\"@id\":\"https:\/\/www.celttv.com.ar\/#organization\"},\"articleSection\":[\"Celt TV Noticias\",\"Comunidad\",\"Destacadas\"],\"inLanguage\":\"es\"},{\"@type\":\"WebPage\",\"@id\":\"https:\/\/www.celttv.com.ar\/index.php\/2019\/02\/21\/saldungaray-contara-con-una-carrera-universitaria-por-primera-vez-en-su-historia-video-entrevista\/\",\"url\":\"https:\/\/www.celttv.com.ar\/index.php\/2019\/02\/21\/saldungaray-contara-con-una-carrera-universitaria-por-primera-vez-en-su-historia-video-entrevista\/\",\"name\":\"Saldungaray contar\u00e1 con una carrera universitaria por primera vez en su historia (Video Entrevista) - CELTTV\",\"isPartOf\":{\"@id\":\"https:\/\/www.celttv.com.ar\/#website\"},\"datePublished\":\"2019-02-21T14:42:48+00:00\",\"dateModified\":\"2019-02-21T14:42:48+00:00\",\"description\":\"Sitio web de noticias de la localidad de Tornquist, provincia de Buenos Aires, Rep\u00fablica Argentina. Contenido propio originado por periodistas de CELTTV, el canal de TV local de la Cooperativa El\u00e9ctrica de Tornquist. Turismo, Pol\u00edtica, Sociedad, Deporte, Cultura y todo el contenido de inter\u00e9s general que la gente del pueblo y la regi\u00f3n debe conocer.\",\"breadcrumb\":{\"@id\":\"https:\/\/www.celttv.com.ar\/index.php\/2019\/02\/21\/saldungaray-contara-con-una-carrera-universitaria-por-primera-vez-en-su-historia-video-entrevista\/#breadcrumb\"},\"inLanguage\":\"es\",\"potentialAction\":[{\"@type\":\"ReadAction\",\"target\":[\"https:\/\/www.celttv.com.ar\/index.php\/2019\/02\/21\/saldungaray-contara-con-una-carrera-universitaria-por-primera-vez-en-su-historia-video-entrevista\/\"]}]},{\"@type\":\"BreadcrumbList\",\"@id\":\"https:\/\/www.celttv.com.ar\/index.php\/2019\/02\/21\/saldungaray-contara-con-una-carrera-universitaria-por-primera-vez-en-su-historia-video-entrevista\/#breadcrumb\",\"itemListElement\":[{\"@type\":\"ListItem\",\"position\":1,\"name\":\"Inicio\",\"item\":\"https:\/\/www.celttv.com.ar\/\"},{\"@type\":\"ListItem\",\"position\":2,\"name\":\"Saldungaray contar\u00e1 con una carrera universitaria por primera vez en su historia (Video Entrevista)\"}]},{\"@type\":\"WebSite\",\"@id\":\"https:\/\/www.celttv.com.ar\/#website\",\"url\":\"https:\/\/www.celttv.com.ar\/\",\"name\":\"CELTTV\",\"description\":\"Cooperativa El\u00e9ctrica de Tornquist\",\"publisher\":{\"@id\":\"https:\/\/www.celttv.com.ar\/#organization\"},\"potentialAction\":[{\"@type\":\"SearchAction\",\"target\":{\"@type\":\"EntryPoint\",\"urlTemplate\":\"https:\/\/www.celttv.com.ar\/?s={search_term_string}\"},\"query-input\":\"required name=search_term_string\"}],\"inLanguage\":\"es\"},{\"@type\":\"Organization\",\"@id\":\"https:\/\/www.celttv.com.ar\/#organization\",\"name\":\"CELTTV\",\"url\":\"https:\/\/www.celttv.com.ar\/\",\"sameAs\":[\"https:\/\/www.youtube.com\/channel\/UCz_oIt8Hig64Ub-EmcNPIhg\",\"https:\/\/www.facebook.com\/celtTV\/\"],\"logo\":{\"@type\":\"ImageObject\",\"inLanguage\":\"es\",\"@id\":\"https:\/\/www.celttv.com.ar\/#\/schema\/logo\/image\/\",\"url\":\"http:\/\/www.celttv.com.ar\/wp-content\/uploads\/2022\/08\/logo-1.png\",\"contentUrl\":\"http:\/\/www.celttv.com.ar\/wp-content\/uploads\/2022\/08\/logo-1.png\",\"width\":461,\"height\":159,\"caption\":\"CELTTV\"},\"image\":{\"@id\":\"https:\/\/www.celttv.com.ar\/#\/schema\/logo\/image\/\"}},{\"@type\":\"Person\",\"@id\":\"https:\/\/www.celttv.com.ar\/#\/schema\/person\/6d99c072dba59953809c81446e9d0ace\",\"name\":\"ulises\",\"image\":{\"@type\":\"ImageObject\",\"inLanguage\":\"es\",\"@id\":\"https:\/\/www.celttv.com.ar\/#\/schema\/person\/image\/\",\"url\":\"https:\/\/secure.gravatar.com\/avatar\/7f2c48bdc33b30088f941fb6082e555f2874c98e20cb159d7b92b50eadfce793?s=96&d=mm&r=g\",\"contentUrl\":\"https:\/\/secure.gravatar.com\/avatar\/7f2c48bdc33b30088f941fb6082e555f2874c98e20cb159d7b92b50eadfce793?s=96&d=mm&r=g\",\"caption\":\"ulises\"},\"sameAs\":[\"http:\/\/www.celttv.com.ar\"]}]}<\/script>\n<!-- \/ Yoast SEO plugin. -->","yoast_head_json":{"title":"Saldungaray contar\u00e1 con una carrera universitaria por primera vez en su historia (Video Entrevista) - CELTTV","description":"Sitio web de noticias de la localidad de Tornquist, provincia de Buenos Aires, Rep\u00fablica Argentina. Contenido propio originado por periodistas de CELTTV, el canal de TV local de la Cooperativa El\u00e9ctrica de Tornquist. Turismo, Pol\u00edtica, Sociedad, Deporte, Cultura y todo el contenido de inter\u00e9s general que la gente del pueblo y la regi\u00f3n debe conocer.","robots":{"index":"index","follow":"follow","max-snippet":"max-snippet:-1","max-image-preview":"max-image-preview:large","max-video-preview":"max-video-preview:-1"},"canonical":"https:\/\/www.celttv.com.ar\/index.php\/2019\/02\/21\/saldungaray-contara-con-una-carrera-universitaria-por-primera-vez-en-su-historia-video-entrevista\/","og_locale":"es_ES","og_type":"article","og_title":"Saldungaray contar\u00e1 con una carrera universitaria por primera vez en su historia (Video Entrevista) - CELTTV","og_description":"Sitio web de noticias de la localidad de Tornquist, provincia de Buenos Aires, Rep\u00fablica Argentina. Contenido propio originado por periodistas de CELTTV, el canal de TV local de la Cooperativa El\u00e9ctrica de Tornquist. Turismo, Pol\u00edtica, Sociedad, Deporte, Cultura y todo el contenido de inter\u00e9s general que la gente del pueblo y la regi\u00f3n debe conocer.","og_url":"https:\/\/www.celttv.com.ar\/index.php\/2019\/02\/21\/saldungaray-contara-con-una-carrera-universitaria-por-primera-vez-en-su-historia-video-entrevista\/","og_site_name":"CELTTV","article_publisher":"https:\/\/www.facebook.com\/celtTV\/","article_published_time":"2019-02-21T14:42:48+00:00","og_image":[{"width":225,"height":225,"url":"https:\/\/www.celttv.com.ar\/wp-content\/uploads\/2019\/02\/descarga-1-2.jpg","type":"image\/jpeg"}],"author":"ulises","twitter_card":"summary_large_image","twitter_misc":{"Escrito por":"ulises","Tiempo de lectura":"1 minuto"},"schema":{"@context":"https:\/\/schema.org","@graph":[{"@type":"NewsArticle","@id":"https:\/\/www.celttv.com.ar\/index.php\/2019\/02\/21\/saldungaray-contara-con-una-carrera-universitaria-por-primera-vez-en-su-historia-video-entrevista\/#article","isPartOf":{"@id":"https:\/\/www.celttv.com.ar\/index.php\/2019\/02\/21\/saldungaray-contara-con-una-carrera-universitaria-por-primera-vez-en-su-historia-video-entrevista\/"},"author":{"name":"ulises","@id":"https:\/\/www.celttv.com.ar\/#\/schema\/person\/6d99c072dba59953809c81446e9d0ace"},"headline":"Saldungaray contar\u00e1 con una carrera universitaria por primera vez en su historia (Video Entrevista)","datePublished":"2019-02-21T14:42:48+00:00","dateModified":"2019-02-21T14:42:48+00:00","mainEntityOfPage":{"@id":"https:\/\/www.celttv.com.ar\/index.php\/2019\/02\/21\/saldungaray-contara-con-una-carrera-universitaria-por-primera-vez-en-su-historia-video-entrevista\/"},"wordCount":177,"publisher":{"@id":"https:\/\/www.celttv.com.ar\/#organization"},"articleSection":["Celt TV Noticias","Comunidad","Destacadas"],"inLanguage":"es"},{"@type":"WebPage","@id":"https:\/\/www.celttv.com.ar\/index.php\/2019\/02\/21\/saldungaray-contara-con-una-carrera-universitaria-por-primera-vez-en-su-historia-video-entrevista\/","url":"https:\/\/www.celttv.com.ar\/index.php\/2019\/02\/21\/saldungaray-contara-con-una-carrera-universitaria-por-primera-vez-en-su-historia-video-entrevista\/","name":"Saldungaray contar\u00e1 con una carrera universitaria por primera vez en su historia (Video Entrevista) - CELTTV","isPartOf":{"@id":"https:\/\/www.celttv.com.ar\/#website"},"datePublished":"2019-02-21T14:42:48+00:00","dateModified":"2019-02-21T14:42:48+00:00","description":"Sitio web de noticias de la localidad de Tornquist, provincia de Buenos Aires, Rep\u00fablica Argentina. Contenido propio originado por periodistas de CELTTV, el canal de TV local de la Cooperativa El\u00e9ctrica de Tornquist. Turismo, Pol\u00edtica, Sociedad, Deporte, Cultura y todo el contenido de inter\u00e9s general que la gente del pueblo y la regi\u00f3n debe conocer.","breadcrumb":{"@id":"https:\/\/www.celttv.com.ar\/index.php\/2019\/02\/21\/saldungaray-contara-con-una-carrera-universitaria-por-primera-vez-en-su-historia-video-entrevista\/#breadcrumb"},"inLanguage":"es","potentialAction":[{"@type":"ReadAction","target":["https:\/\/www.celttv.com.ar\/index.php\/2019\/02\/21\/saldungaray-contara-con-una-carrera-universitaria-por-primera-vez-en-su-historia-video-entrevista\/"]}]},{"@type":"BreadcrumbList","@id":"https:\/\/www.celttv.com.ar\/index.php\/2019\/02\/21\/saldungaray-contara-con-una-carrera-universitaria-por-primera-vez-en-su-historia-video-entrevista\/#breadcrumb","itemListElement":[{"@type":"ListItem","position":1,"name":"Inicio","item":"https:\/\/www.celttv.com.ar\/"},{"@type":"ListItem","position":2,"name":"Saldungaray contar\u00e1 con una carrera universitaria por primera vez en su historia (Video Entrevista)"}]},{"@type":"WebSite","@id":"https:\/\/www.celttv.com.ar\/#website","url":"https:\/\/www.celttv.com.ar\/","name":"CELTTV","description":"Cooperativa El\u00e9ctrica de Tornquist","publisher":{"@id":"https:\/\/www.celttv.com.ar\/#organization"},"potentialAction":[{"@type":"SearchAction","target":{"@type":"EntryPoint","urlTemplate":"https:\/\/www.celttv.com.ar\/?s={search_term_string}"},"query-input":"required name=search_term_string"}],"inLanguage":"es"},{"@type":"Organization","@id":"https:\/\/www.celttv.com.ar\/#organization","name":"CELTTV","url":"https:\/\/www.celttv.com.ar\/","sameAs":["https:\/\/www.youtube.com\/channel\/UCz_oIt8Hig64Ub-EmcNPIhg","https:\/\/www.facebook.com\/celtTV\/"],"logo":{"@type":"ImageObject","inLanguage":"es","@id":"https:\/\/www.celttv.com.ar\/#\/schema\/logo\/image\/","url":"http:\/\/www.celttv.com.ar\/wp-content\/uploads\/2022\/08\/logo-1.png","contentUrl":"http:\/\/www.celttv.com.ar\/wp-content\/uploads\/2022\/08\/logo-1.png","width":461,"height":159,"caption":"CELTTV"},"image":{"@id":"https:\/\/www.celttv.com.ar\/#\/schema\/logo\/image\/"}},{"@type":"Person","@id":"https:\/\/www.celttv.com.ar\/#\/schema\/person\/6d99c072dba59953809c81446e9d0ace","name":"ulises","image":{"@type":"ImageObject","inLanguage":"es","@id":"https:\/\/www.celttv.com.ar\/#\/schema\/person\/image\/","url":"https:\/\/secure.gravatar.com\/avatar\/7f2c48bdc33b30088f941fb6082e555f2874c98e20cb159d7b92b50eadfce793?s=96&d=mm&r=g","contentUrl":"https:\/\/secure.gravatar.com\/avatar\/7f2c48bdc33b30088f941fb6082e555f2874c98e20cb159d7b92b50eadfce793?s=96&d=mm&r=g","caption":"ulises"},"sameAs":["http:\/\/www.celttv.com.ar"]}]}},"_links":{"self":[{"href":"https:\/\/www.celttv.com.ar\/index.php\/wp-json\/wp\/v2\/posts\/40011","targetHints":{"allow":["GET"]}}],"collection":[{"href":"https:\/\/www.celttv.com.ar\/index.php\/wp-json\/wp\/v2\/posts"}],"about":[{"href":"https:\/\/www.celttv.com.ar\/index.php\/wp-json\/wp\/v2\/types\/post"}],"author":[{"embeddable":true,"href":"https:\/\/www.celttv.com.ar\/index.php\/wp-json\/wp\/v2\/users\/1"}],"replies":[{"embeddable":true,"href":"https:\/\/www.celttv.com.ar\/index.php\/wp-json\/wp\/v2\/comments?post=40011"}],"version-history":[{"count":0,"href":"https:\/\/www.celttv.com.ar\/index.php\/wp-json\/wp\/v2\/posts\/40011\/revisions"}],"wp:featuredmedia":[{"embeddable":true,"href":"https:\/\/www.celttv.com.ar\/index.php\/wp-json\/wp\/v2\/media\/40013"}],"wp:attachment":[{"href":"https:\/\/www.celttv.com.ar\/index.php\/wp-json\/wp\/v2\/media?parent=40011"}],"wp:term":[{"taxonomy":"category","embeddable":true,"href":"https:\/\/www.celttv.com.ar\/index.php\/wp-json\/wp\/v2\/categories?post=40011"},{"taxonomy":"post_tag","embeddable":true,"href":"https:\/\/www.celttv.com.ar\/index.php\/wp-json\/wp\/v2\/tags?post=40011"}],"curies":[{"name":"wp","href":"https:\/\/api.w.org\/{rel}","templated":true}]}}