{"id":4008,"date":"2011-12-24T15:56:03","date_gmt":"2011-12-24T15:56:03","guid":{"rendered":"http:\/\/www.tvcnoticias.com.ar\/?p=4008"},"modified":"2011-12-24T15:56:03","modified_gmt":"2011-12-24T15:56:03","slug":"algunas-reflexiones-sobre-papel-prensa","status":"publish","type":"post","link":"https:\/\/www.celttv.com.ar\/index.php\/2011\/12\/24\/algunas-reflexiones-sobre-papel-prensa\/","title":{"rendered":"ALGUNAS REFLEXIONES SOBRE PAPEL PRENSA"},"content":{"rendered":"<p>ALGUNAS REFLEXIONES SOBRE PAPEL PRENSA<br \/>\nLas condiciones estructurales para un peri\u00f3dico regional<br \/>\nPor Nahum Mirad<br \/>\nDebieron endeudarse; se cooperativizaron tras quebrar; sobreviven a duras penas, sin poder agregar p\u00e1ginas ni diversificarse; o directamente cerraron. La otra historia indicar\u00e1 que despu\u00e9s de 30 a\u00f1os de este esquema, debieron vender a grupos econ\u00f3micos con capacidad de compra, entre ellos los propietarios de Papel Prensa.<br \/>\n(Ansol).- La existencia de medios regionales, de alcance local o zonal, muchos de ellos centenarios, permaneci\u00f3 invisibilizada hasta no hace mucho tiempo atr\u00e1s para incluso para los propios gobiernos nacionales, pero su aporte al desarrollo comunitario y las econom\u00eda regionales es incuestionable. Sin ir m\u00e1s lejos, el debate sobre la distribuci\u00f3n de la pauta publicitaria del Estado debe necesariamente interpretar esta notoria postergaci\u00f3n.<br \/>\nCuando se deja de mirar emprendimientos individuales y se visualiza un sistema global que realiza la importante funci\u00f3n social de otorgar y circular relatos, distribuir conocimiento, incorporar o dejar afuera visiones, garantizar Derechos Humanos y adem\u00e1s se observa que en ese sistema tiene actores que tienen la capacidad no solo de comunicar, sino de definir las posibilidades del resto, se visualiza el impacto que tiene un sistema de medios concentrado tanto empresarial como geogr\u00e1ficamente en el desarrollo integral y federal de un pa\u00eds.<br \/>\nSeg\u00fan sostiene el constitucionalista Julio Miguel Rodr\u00edguez Villafa\u00f1e: \u201cEn el pa\u00eds hay cientos de diarios, peri\u00f3dicos y revistas organizados como peque\u00f1as y medianas empresas comerciales (pymes) o cooperativas. Tambi\u00e9n hay publicaciones institucionales de sindicatos, clubes, dem\u00e1s instituciones de la sociedad civil, que deben imprimir en papeles caros porque ni siquiera est\u00e1 en su posibilidad intentar comprar papel para peri\u00f3dicos\u201d.<br \/>\nEstas publicaciones, producto del esfuerzo por superar la concentraci\u00f3n, le dan voz a diferentes problem\u00e1ticas, sectores sociales, barrios, localidades, ciudades y regiones del pa\u00eds. Tambi\u00e9n ayudan a preservar identidades culturales y garantizan que se puedan ejercer derechos humanos b\u00e1sicos, como los de informaci\u00f3n, comunicaci\u00f3n, educaci\u00f3n, recreaci\u00f3n, la salud, participaci\u00f3n democr\u00e1tica, control de gesti\u00f3n gubernamental, formaci\u00f3n de opini\u00f3n p\u00fablica, entre otros. Asimismo, generan fuentes de trabajo y dinamizan la econom\u00eda del lugar.<br \/>\nUna observaci\u00f3n no menor. Si una empresa (o grupo empresario) vende un insumo que debe usar el resto de los emprendimientos, los segundos son parte de la cadena de valor de la primera. De cada peso que facturan los peri\u00f3dicos no propietarios de Papel Prensa, centavos van a La Naci\u00f3n y Clar\u00edn v\u00eda Papel Prensa. Se entabla as\u00ed una situaci\u00f3n donde incluso en zonas donde los medios regionales est\u00e1n consolidados, en determinada proporci\u00f3n realizan el negocio de grandes empresas enclavadas en Capital Federal.<br \/>\nOtro impacto de los medios regionales sobre el desarrollo local: muchos negocios o empresas locales no tienen la capacidad econ\u00f3mica o la necesidad de publicitar en grandes medios nacionales, los bienes o servicios que ofrecen. De no existir medios locales, no podr\u00edan hacerse conocer o lo tendr\u00edan que efectuar abonando montos innecesarios.<br \/>\nNahum Mirad es periodista del diario Comercio y Justicia, de C\u00f3rdoba.<\/p>\n","protected":false},"excerpt":{"rendered":"<p>ALGUNAS REFLEXIONES SOBRE PAPEL PRENSA Las condiciones estructurales para un peri\u00f3dico regional Por Nahum Mirad Debieron endeudarse; se cooperativizaron tras quebrar; sobreviven a duras penas, sin poder agregar p\u00e1ginas ni diversificarse; o directamente cerraron. La otra historia indicar\u00e1 que despu\u00e9s de 30 a\u00f1os de este esquema, debieron vender a grupos econ\u00f3micos con capacidad de compra, [&hellip;]<\/p>\n","protected":false},"author":1,"featured_media":0,"comment_status":"closed","ping_status":"open","sticky":false,"template":"","format":"standard","meta":{"footnotes":""},"categories":[95],"tags":[],"class_list":["post-4008","post","type-post","status-publish","format-standard","hentry","category-opiniones"],"yoast_head":"<!-- This site is optimized with the Yoast SEO plugin v19.7.1 - https:\/\/yoast.com\/wordpress\/plugins\/seo\/ -->\n<title>ALGUNAS REFLEXIONES SOBRE PAPEL PRENSA - CELTTV<\/title>\n<meta name=\"description\" content=\"Sitio web de noticias de la localidad de Tornquist, provincia de Buenos Aires, Rep\u00fablica Argentina. Contenido propio originado por periodistas de CELTTV, el canal de TV local de la Cooperativa El\u00e9ctrica de Tornquist. Turismo, Pol\u00edtica, Sociedad, Deporte, Cultura y todo el contenido de inter\u00e9s general que la gente del pueblo y la regi\u00f3n debe conocer.\" \/>\n<meta name=\"robots\" content=\"index, follow, max-snippet:-1, max-image-preview:large, max-video-preview:-1\" \/>\n<link rel=\"canonical\" href=\"https:\/\/www.celttv.com.ar\/index.php\/2011\/12\/24\/algunas-reflexiones-sobre-papel-prensa\/\" \/>\n<meta property=\"og:locale\" content=\"es_ES\" \/>\n<meta property=\"og:type\" content=\"article\" \/>\n<meta property=\"og:title\" content=\"ALGUNAS REFLEXIONES SOBRE PAPEL PRENSA - CELTTV\" \/>\n<meta property=\"og:description\" content=\"Sitio web de noticias de la localidad de Tornquist, provincia de Buenos Aires, Rep\u00fablica Argentina. Contenido propio originado por periodistas de CELTTV, el canal de TV local de la Cooperativa El\u00e9ctrica de Tornquist. Turismo, Pol\u00edtica, Sociedad, Deporte, Cultura y todo el contenido de inter\u00e9s general que la gente del pueblo y la regi\u00f3n debe conocer.\" \/>\n<meta property=\"og:url\" content=\"https:\/\/www.celttv.com.ar\/index.php\/2011\/12\/24\/algunas-reflexiones-sobre-papel-prensa\/\" \/>\n<meta property=\"og:site_name\" content=\"CELTTV\" \/>\n<meta property=\"article:publisher\" content=\"https:\/\/www.facebook.com\/celtTV\/\" \/>\n<meta property=\"article:published_time\" content=\"2011-12-24T15:56:03+00:00\" \/>\n<meta name=\"author\" content=\"ulises\" \/>\n<meta name=\"twitter:card\" content=\"summary_large_image\" \/>\n<meta name=\"twitter:label1\" content=\"Escrito por\" \/>\n\t<meta name=\"twitter:data1\" content=\"ulises\" \/>\n\t<meta name=\"twitter:label2\" content=\"Tiempo de lectura\" \/>\n\t<meta name=\"twitter:data2\" content=\"3 minutos\" \/>\n<script type=\"application\/ld+json\" class=\"yoast-schema-graph\">{\"@context\":\"https:\/\/schema.org\",\"@graph\":[{\"@type\":\"NewsArticle\",\"@id\":\"https:\/\/www.celttv.com.ar\/index.php\/2011\/12\/24\/algunas-reflexiones-sobre-papel-prensa\/#article\",\"isPartOf\":{\"@id\":\"https:\/\/www.celttv.com.ar\/index.php\/2011\/12\/24\/algunas-reflexiones-sobre-papel-prensa\/\"},\"author\":{\"name\":\"ulises\",\"@id\":\"https:\/\/www.celttv.com.ar\/#\/schema\/person\/6d99c072dba59953809c81446e9d0ace\"},\"headline\":\"ALGUNAS REFLEXIONES SOBRE PAPEL PRENSA\",\"datePublished\":\"2011-12-24T15:56:03+00:00\",\"dateModified\":\"2011-12-24T15:56:03+00:00\",\"mainEntityOfPage\":{\"@id\":\"https:\/\/www.celttv.com.ar\/index.php\/2011\/12\/24\/algunas-reflexiones-sobre-papel-prensa\/\"},\"wordCount\":540,\"publisher\":{\"@id\":\"https:\/\/www.celttv.com.ar\/#organization\"},\"articleSection\":[\"Opiniones\"],\"inLanguage\":\"es\"},{\"@type\":\"WebPage\",\"@id\":\"https:\/\/www.celttv.com.ar\/index.php\/2011\/12\/24\/algunas-reflexiones-sobre-papel-prensa\/\",\"url\":\"https:\/\/www.celttv.com.ar\/index.php\/2011\/12\/24\/algunas-reflexiones-sobre-papel-prensa\/\",\"name\":\"ALGUNAS REFLEXIONES SOBRE PAPEL PRENSA - CELTTV\",\"isPartOf\":{\"@id\":\"https:\/\/www.celttv.com.ar\/#website\"},\"datePublished\":\"2011-12-24T15:56:03+00:00\",\"dateModified\":\"2011-12-24T15:56:03+00:00\",\"description\":\"Sitio web de noticias de la localidad de Tornquist, provincia de Buenos Aires, Rep\u00fablica Argentina. Contenido propio originado por periodistas de CELTTV, el canal de TV local de la Cooperativa El\u00e9ctrica de Tornquist. Turismo, Pol\u00edtica, Sociedad, Deporte, Cultura y todo el contenido de inter\u00e9s general que la gente del pueblo y la regi\u00f3n debe conocer.\",\"breadcrumb\":{\"@id\":\"https:\/\/www.celttv.com.ar\/index.php\/2011\/12\/24\/algunas-reflexiones-sobre-papel-prensa\/#breadcrumb\"},\"inLanguage\":\"es\",\"potentialAction\":[{\"@type\":\"ReadAction\",\"target\":[\"https:\/\/www.celttv.com.ar\/index.php\/2011\/12\/24\/algunas-reflexiones-sobre-papel-prensa\/\"]}]},{\"@type\":\"BreadcrumbList\",\"@id\":\"https:\/\/www.celttv.com.ar\/index.php\/2011\/12\/24\/algunas-reflexiones-sobre-papel-prensa\/#breadcrumb\",\"itemListElement\":[{\"@type\":\"ListItem\",\"position\":1,\"name\":\"Inicio\",\"item\":\"https:\/\/www.celttv.com.ar\/\"},{\"@type\":\"ListItem\",\"position\":2,\"name\":\"ALGUNAS REFLEXIONES SOBRE PAPEL PRENSA\"}]},{\"@type\":\"WebSite\",\"@id\":\"https:\/\/www.celttv.com.ar\/#website\",\"url\":\"https:\/\/www.celttv.com.ar\/\",\"name\":\"CELTTV\",\"description\":\"Cooperativa El\u00e9ctrica de Tornquist\",\"publisher\":{\"@id\":\"https:\/\/www.celttv.com.ar\/#organization\"},\"potentialAction\":[{\"@type\":\"SearchAction\",\"target\":{\"@type\":\"EntryPoint\",\"urlTemplate\":\"https:\/\/www.celttv.com.ar\/?s={search_term_string}\"},\"query-input\":\"required name=search_term_string\"}],\"inLanguage\":\"es\"},{\"@type\":\"Organization\",\"@id\":\"https:\/\/www.celttv.com.ar\/#organization\",\"name\":\"CELTTV\",\"url\":\"https:\/\/www.celttv.com.ar\/\",\"sameAs\":[\"https:\/\/www.youtube.com\/channel\/UCz_oIt8Hig64Ub-EmcNPIhg\",\"https:\/\/www.facebook.com\/celtTV\/\"],\"logo\":{\"@type\":\"ImageObject\",\"inLanguage\":\"es\",\"@id\":\"https:\/\/www.celttv.com.ar\/#\/schema\/logo\/image\/\",\"url\":\"http:\/\/www.celttv.com.ar\/wp-content\/uploads\/2022\/08\/logo-1.png\",\"contentUrl\":\"http:\/\/www.celttv.com.ar\/wp-content\/uploads\/2022\/08\/logo-1.png\",\"width\":461,\"height\":159,\"caption\":\"CELTTV\"},\"image\":{\"@id\":\"https:\/\/www.celttv.com.ar\/#\/schema\/logo\/image\/\"}},{\"@type\":\"Person\",\"@id\":\"https:\/\/www.celttv.com.ar\/#\/schema\/person\/6d99c072dba59953809c81446e9d0ace\",\"name\":\"ulises\",\"image\":{\"@type\":\"ImageObject\",\"inLanguage\":\"es\",\"@id\":\"https:\/\/www.celttv.com.ar\/#\/schema\/person\/image\/\",\"url\":\"https:\/\/secure.gravatar.com\/avatar\/7f2c48bdc33b30088f941fb6082e555f2874c98e20cb159d7b92b50eadfce793?s=96&d=mm&r=g\",\"contentUrl\":\"https:\/\/secure.gravatar.com\/avatar\/7f2c48bdc33b30088f941fb6082e555f2874c98e20cb159d7b92b50eadfce793?s=96&d=mm&r=g\",\"caption\":\"ulises\"},\"sameAs\":[\"http:\/\/www.celttv.com.ar\"]}]}<\/script>\n<!-- \/ Yoast SEO plugin. -->","yoast_head_json":{"title":"ALGUNAS REFLEXIONES SOBRE PAPEL PRENSA - CELTTV","description":"Sitio web de noticias de la localidad de Tornquist, provincia de Buenos Aires, Rep\u00fablica Argentina. Contenido propio originado por periodistas de CELTTV, el canal de TV local de la Cooperativa El\u00e9ctrica de Tornquist. Turismo, Pol\u00edtica, Sociedad, Deporte, Cultura y todo el contenido de inter\u00e9s general que la gente del pueblo y la regi\u00f3n debe conocer.","robots":{"index":"index","follow":"follow","max-snippet":"max-snippet:-1","max-image-preview":"max-image-preview:large","max-video-preview":"max-video-preview:-1"},"canonical":"https:\/\/www.celttv.com.ar\/index.php\/2011\/12\/24\/algunas-reflexiones-sobre-papel-prensa\/","og_locale":"es_ES","og_type":"article","og_title":"ALGUNAS REFLEXIONES SOBRE PAPEL PRENSA - CELTTV","og_description":"Sitio web de noticias de la localidad de Tornquist, provincia de Buenos Aires, Rep\u00fablica Argentina. Contenido propio originado por periodistas de CELTTV, el canal de TV local de la Cooperativa El\u00e9ctrica de Tornquist. Turismo, Pol\u00edtica, Sociedad, Deporte, Cultura y todo el contenido de inter\u00e9s general que la gente del pueblo y la regi\u00f3n debe conocer.","og_url":"https:\/\/www.celttv.com.ar\/index.php\/2011\/12\/24\/algunas-reflexiones-sobre-papel-prensa\/","og_site_name":"CELTTV","article_publisher":"https:\/\/www.facebook.com\/celtTV\/","article_published_time":"2011-12-24T15:56:03+00:00","author":"ulises","twitter_card":"summary_large_image","twitter_misc":{"Escrito por":"ulises","Tiempo de lectura":"3 minutos"},"schema":{"@context":"https:\/\/schema.org","@graph":[{"@type":"NewsArticle","@id":"https:\/\/www.celttv.com.ar\/index.php\/2011\/12\/24\/algunas-reflexiones-sobre-papel-prensa\/#article","isPartOf":{"@id":"https:\/\/www.celttv.com.ar\/index.php\/2011\/12\/24\/algunas-reflexiones-sobre-papel-prensa\/"},"author":{"name":"ulises","@id":"https:\/\/www.celttv.com.ar\/#\/schema\/person\/6d99c072dba59953809c81446e9d0ace"},"headline":"ALGUNAS REFLEXIONES SOBRE PAPEL PRENSA","datePublished":"2011-12-24T15:56:03+00:00","dateModified":"2011-12-24T15:56:03+00:00","mainEntityOfPage":{"@id":"https:\/\/www.celttv.com.ar\/index.php\/2011\/12\/24\/algunas-reflexiones-sobre-papel-prensa\/"},"wordCount":540,"publisher":{"@id":"https:\/\/www.celttv.com.ar\/#organization"},"articleSection":["Opiniones"],"inLanguage":"es"},{"@type":"WebPage","@id":"https:\/\/www.celttv.com.ar\/index.php\/2011\/12\/24\/algunas-reflexiones-sobre-papel-prensa\/","url":"https:\/\/www.celttv.com.ar\/index.php\/2011\/12\/24\/algunas-reflexiones-sobre-papel-prensa\/","name":"ALGUNAS REFLEXIONES SOBRE PAPEL PRENSA - CELTTV","isPartOf":{"@id":"https:\/\/www.celttv.com.ar\/#website"},"datePublished":"2011-12-24T15:56:03+00:00","dateModified":"2011-12-24T15:56:03+00:00","description":"Sitio web de noticias de la localidad de Tornquist, provincia de Buenos Aires, Rep\u00fablica Argentina. Contenido propio originado por periodistas de CELTTV, el canal de TV local de la Cooperativa El\u00e9ctrica de Tornquist. Turismo, Pol\u00edtica, Sociedad, Deporte, Cultura y todo el contenido de inter\u00e9s general que la gente del pueblo y la regi\u00f3n debe conocer.","breadcrumb":{"@id":"https:\/\/www.celttv.com.ar\/index.php\/2011\/12\/24\/algunas-reflexiones-sobre-papel-prensa\/#breadcrumb"},"inLanguage":"es","potentialAction":[{"@type":"ReadAction","target":["https:\/\/www.celttv.com.ar\/index.php\/2011\/12\/24\/algunas-reflexiones-sobre-papel-prensa\/"]}]},{"@type":"BreadcrumbList","@id":"https:\/\/www.celttv.com.ar\/index.php\/2011\/12\/24\/algunas-reflexiones-sobre-papel-prensa\/#breadcrumb","itemListElement":[{"@type":"ListItem","position":1,"name":"Inicio","item":"https:\/\/www.celttv.com.ar\/"},{"@type":"ListItem","position":2,"name":"ALGUNAS REFLEXIONES SOBRE PAPEL PRENSA"}]},{"@type":"WebSite","@id":"https:\/\/www.celttv.com.ar\/#website","url":"https:\/\/www.celttv.com.ar\/","name":"CELTTV","description":"Cooperativa El\u00e9ctrica de Tornquist","publisher":{"@id":"https:\/\/www.celttv.com.ar\/#organization"},"potentialAction":[{"@type":"SearchAction","target":{"@type":"EntryPoint","urlTemplate":"https:\/\/www.celttv.com.ar\/?s={search_term_string}"},"query-input":"required name=search_term_string"}],"inLanguage":"es"},{"@type":"Organization","@id":"https:\/\/www.celttv.com.ar\/#organization","name":"CELTTV","url":"https:\/\/www.celttv.com.ar\/","sameAs":["https:\/\/www.youtube.com\/channel\/UCz_oIt8Hig64Ub-EmcNPIhg","https:\/\/www.facebook.com\/celtTV\/"],"logo":{"@type":"ImageObject","inLanguage":"es","@id":"https:\/\/www.celttv.com.ar\/#\/schema\/logo\/image\/","url":"http:\/\/www.celttv.com.ar\/wp-content\/uploads\/2022\/08\/logo-1.png","contentUrl":"http:\/\/www.celttv.com.ar\/wp-content\/uploads\/2022\/08\/logo-1.png","width":461,"height":159,"caption":"CELTTV"},"image":{"@id":"https:\/\/www.celttv.com.ar\/#\/schema\/logo\/image\/"}},{"@type":"Person","@id":"https:\/\/www.celttv.com.ar\/#\/schema\/person\/6d99c072dba59953809c81446e9d0ace","name":"ulises","image":{"@type":"ImageObject","inLanguage":"es","@id":"https:\/\/www.celttv.com.ar\/#\/schema\/person\/image\/","url":"https:\/\/secure.gravatar.com\/avatar\/7f2c48bdc33b30088f941fb6082e555f2874c98e20cb159d7b92b50eadfce793?s=96&d=mm&r=g","contentUrl":"https:\/\/secure.gravatar.com\/avatar\/7f2c48bdc33b30088f941fb6082e555f2874c98e20cb159d7b92b50eadfce793?s=96&d=mm&r=g","caption":"ulises"},"sameAs":["http:\/\/www.celttv.com.ar"]}]}},"_links":{"self":[{"href":"https:\/\/www.celttv.com.ar\/index.php\/wp-json\/wp\/v2\/posts\/4008","targetHints":{"allow":["GET"]}}],"collection":[{"href":"https:\/\/www.celttv.com.ar\/index.php\/wp-json\/wp\/v2\/posts"}],"about":[{"href":"https:\/\/www.celttv.com.ar\/index.php\/wp-json\/wp\/v2\/types\/post"}],"author":[{"embeddable":true,"href":"https:\/\/www.celttv.com.ar\/index.php\/wp-json\/wp\/v2\/users\/1"}],"replies":[{"embeddable":true,"href":"https:\/\/www.celttv.com.ar\/index.php\/wp-json\/wp\/v2\/comments?post=4008"}],"version-history":[{"count":0,"href":"https:\/\/www.celttv.com.ar\/index.php\/wp-json\/wp\/v2\/posts\/4008\/revisions"}],"wp:attachment":[{"href":"https:\/\/www.celttv.com.ar\/index.php\/wp-json\/wp\/v2\/media?parent=4008"}],"wp:term":[{"taxonomy":"category","embeddable":true,"href":"https:\/\/www.celttv.com.ar\/index.php\/wp-json\/wp\/v2\/categories?post=4008"},{"taxonomy":"post_tag","embeddable":true,"href":"https:\/\/www.celttv.com.ar\/index.php\/wp-json\/wp\/v2\/tags?post=4008"}],"curies":[{"name":"wp","href":"https:\/\/api.w.org\/{rel}","templated":true}]}}