{"id":40085,"date":"2019-02-25T14:03:44","date_gmt":"2019-02-25T14:03:44","guid":{"rendered":"http:\/\/www.celttv.com.ar\/?p=40085"},"modified":"2019-02-25T14:03:44","modified_gmt":"2019-02-25T14:03:44","slug":"el-gobierno-bonaerense-y-los-docentes-vuelven-a-reunirse-por-la-negociacion-paritaria","status":"publish","type":"post","link":"https:\/\/www.celttv.com.ar\/index.php\/2019\/02\/25\/el-gobierno-bonaerense-y-los-docentes-vuelven-a-reunirse-por-la-negociacion-paritaria\/","title":{"rendered":"El Gobierno bonaerense y los docentes vuelven a reunirse por la negociaci\u00f3n paritaria"},"content":{"rendered":"<p><strong>La administraci\u00f3n de Mar\u00eda Eugenia Vidal pretende ajustar los salarios seg\u00fan el \u00cdndice de Precios al Consumidor, pero los gremios rechazan esa idea.<\/strong><\/p>\n<p>El Gobierno bonaerense y el Frente de Unidad Docente (FUD) volver\u00e1n a reunirse esta tarde para intentar un avance en las negociaciones paritarias que comenzaron hace 10 d\u00edas.<\/p>\n<p>La administraci\u00f3n de Mar\u00eda Eugenia Vidal convoc\u00f3 a los gremios docentes bonaerenses a una nueva reuni\u00f3n a las 16 en el ministerio de Econom\u00eda, en calle 45 entre 7 y 8, pero no dispondr\u00e1 de una nueva oferta.<\/p>\n<p>El ofrecimiento de la gesti\u00f3n Vidal apunta a ajustar los salarios de los maestros durante todo el a\u00f1o seg\u00fan el \u00cdndice de Precios al Consumidor (IPC) que revela mes a mes el Indec, pero los gremios rechazan esta idea.<\/p>\n<p>El punto central del rechazo est\u00e1 en que la oferta no contempla el poder adquisitivo perdido por los maestros el a\u00f1o pasado, cuando Vidal otorg\u00f3 un incremento de s\u00f3lo 32 % contra una inflaci\u00f3n del 47,6 %.<\/p>\n<p>Fuentes de la gobernaci\u00f3n bonaerense anticiparon a\u00a0<em>NA\u00a0<\/em>que no habr\u00e1 una nueva oferta salarial para los docentes dado que las arcas provinciales no est\u00e1n en condiciones de pagar m\u00e1s all\u00e1 de la inflaci\u00f3n.<\/p>\n<p>Por ello, para alcanzar un acuerdo, los docentes deber\u00edan aceptar que todo lo perdido durante 2018 en materia de poder de compra ya no ser\u00e1 recuperado, al menos a lo largo de este a\u00f1o.<\/p>\n<p>Los gremios tambi\u00e9n plantean una serie de situaciones que tienen que ver con problem\u00e1ticas que se dan en el sistema educativo, como por ejemplo los serios problemas edilicios en las escuelas. (NA)<\/p>\n","protected":false},"excerpt":{"rendered":"<p>La administraci\u00f3n de Mar\u00eda Eugenia Vidal pretende ajustar los salarios seg\u00fan el \u00cdndice de Precios al Consumidor, pero los gremios rechazan esa idea. El Gobierno bonaerense y el Frente de Unidad Docente (FUD) volver\u00e1n a reunirse esta tarde para intentar un avance en las negociaciones paritarias que comenzaron hace 10 d\u00edas. La administraci\u00f3n de Mar\u00eda [&hellip;]<\/p>\n","protected":false},"author":1,"featured_media":40086,"comment_status":"closed","ping_status":"open","sticky":false,"template":"","format":"standard","meta":{"footnotes":""},"categories":[55,51,52],"tags":[],"class_list":["post-40085","post","type-post","status-publish","format-standard","has-post-thumbnail","hentry","category-celt-tv-noticias","category-comunidad","category-destacadas"],"yoast_head":"<!-- This site is optimized with the Yoast SEO plugin v19.7.1 - https:\/\/yoast.com\/wordpress\/plugins\/seo\/ -->\n<title>El Gobierno bonaerense y los docentes vuelven a reunirse por la negociaci\u00f3n paritaria - CELTTV<\/title>\n<meta name=\"description\" content=\"Sitio web de noticias de la localidad de Tornquist, provincia de Buenos Aires, Rep\u00fablica Argentina. Contenido propio originado por periodistas de CELTTV, el canal de TV local de la Cooperativa El\u00e9ctrica de Tornquist. Turismo, Pol\u00edtica, Sociedad, Deporte, Cultura y todo el contenido de inter\u00e9s general que la gente del pueblo y la regi\u00f3n debe conocer.\" \/>\n<meta name=\"robots\" content=\"index, follow, max-snippet:-1, max-image-preview:large, max-video-preview:-1\" \/>\n<link rel=\"canonical\" href=\"https:\/\/www.celttv.com.ar\/index.php\/2019\/02\/25\/el-gobierno-bonaerense-y-los-docentes-vuelven-a-reunirse-por-la-negociacion-paritaria\/\" \/>\n<meta property=\"og:locale\" content=\"es_ES\" \/>\n<meta property=\"og:type\" content=\"article\" \/>\n<meta property=\"og:title\" content=\"El Gobierno bonaerense y los docentes vuelven a reunirse por la negociaci\u00f3n paritaria - CELTTV\" \/>\n<meta property=\"og:description\" content=\"Sitio web de noticias de la localidad de Tornquist, provincia de Buenos Aires, Rep\u00fablica Argentina. Contenido propio originado por periodistas de CELTTV, el canal de TV local de la Cooperativa El\u00e9ctrica de Tornquist. Turismo, Pol\u00edtica, Sociedad, Deporte, Cultura y todo el contenido de inter\u00e9s general que la gente del pueblo y la regi\u00f3n debe conocer.\" \/>\n<meta property=\"og:url\" content=\"https:\/\/www.celttv.com.ar\/index.php\/2019\/02\/25\/el-gobierno-bonaerense-y-los-docentes-vuelven-a-reunirse-por-la-negociacion-paritaria\/\" \/>\n<meta property=\"og:site_name\" content=\"CELTTV\" \/>\n<meta property=\"article:publisher\" content=\"https:\/\/www.facebook.com\/celtTV\/\" \/>\n<meta property=\"article:published_time\" content=\"2019-02-25T14:03:44+00:00\" \/>\n<meta property=\"og:image\" content=\"https:\/\/www.celttv.com.ar\/wp-content\/uploads\/2019\/02\/1551102286915.jpg\" \/>\n\t<meta property=\"og:image:width\" content=\"1500\" \/>\n\t<meta property=\"og:image:height\" content=\"843\" \/>\n\t<meta property=\"og:image:type\" content=\"image\/jpeg\" \/>\n<meta name=\"author\" content=\"ulises\" \/>\n<meta name=\"twitter:card\" content=\"summary_large_image\" \/>\n<meta name=\"twitter:label1\" content=\"Escrito por\" \/>\n\t<meta name=\"twitter:data1\" content=\"ulises\" \/>\n\t<meta name=\"twitter:label2\" content=\"Tiempo de lectura\" \/>\n\t<meta name=\"twitter:data2\" content=\"1 minuto\" \/>\n<script type=\"application\/ld+json\" class=\"yoast-schema-graph\">{\"@context\":\"https:\/\/schema.org\",\"@graph\":[{\"@type\":\"NewsArticle\",\"@id\":\"https:\/\/www.celttv.com.ar\/index.php\/2019\/02\/25\/el-gobierno-bonaerense-y-los-docentes-vuelven-a-reunirse-por-la-negociacion-paritaria\/#article\",\"isPartOf\":{\"@id\":\"https:\/\/www.celttv.com.ar\/index.php\/2019\/02\/25\/el-gobierno-bonaerense-y-los-docentes-vuelven-a-reunirse-por-la-negociacion-paritaria\/\"},\"author\":{\"name\":\"ulises\",\"@id\":\"https:\/\/www.celttv.com.ar\/#\/schema\/person\/6d99c072dba59953809c81446e9d0ace\"},\"headline\":\"El Gobierno bonaerense y los docentes vuelven a reunirse por la negociaci\u00f3n paritaria\",\"datePublished\":\"2019-02-25T14:03:44+00:00\",\"dateModified\":\"2019-02-25T14:03:44+00:00\",\"mainEntityOfPage\":{\"@id\":\"https:\/\/www.celttv.com.ar\/index.php\/2019\/02\/25\/el-gobierno-bonaerense-y-los-docentes-vuelven-a-reunirse-por-la-negociacion-paritaria\/\"},\"wordCount\":292,\"publisher\":{\"@id\":\"https:\/\/www.celttv.com.ar\/#organization\"},\"articleSection\":[\"Celt TV Noticias\",\"Comunidad\",\"Destacadas\"],\"inLanguage\":\"es\"},{\"@type\":\"WebPage\",\"@id\":\"https:\/\/www.celttv.com.ar\/index.php\/2019\/02\/25\/el-gobierno-bonaerense-y-los-docentes-vuelven-a-reunirse-por-la-negociacion-paritaria\/\",\"url\":\"https:\/\/www.celttv.com.ar\/index.php\/2019\/02\/25\/el-gobierno-bonaerense-y-los-docentes-vuelven-a-reunirse-por-la-negociacion-paritaria\/\",\"name\":\"El Gobierno bonaerense y los docentes vuelven a reunirse por la negociaci\u00f3n paritaria - CELTTV\",\"isPartOf\":{\"@id\":\"https:\/\/www.celttv.com.ar\/#website\"},\"datePublished\":\"2019-02-25T14:03:44+00:00\",\"dateModified\":\"2019-02-25T14:03:44+00:00\",\"description\":\"Sitio web de noticias de la localidad de Tornquist, provincia de Buenos Aires, Rep\u00fablica Argentina. Contenido propio originado por periodistas de CELTTV, el canal de TV local de la Cooperativa El\u00e9ctrica de Tornquist. Turismo, Pol\u00edtica, Sociedad, Deporte, Cultura y todo el contenido de inter\u00e9s general que la gente del pueblo y la regi\u00f3n debe conocer.\",\"breadcrumb\":{\"@id\":\"https:\/\/www.celttv.com.ar\/index.php\/2019\/02\/25\/el-gobierno-bonaerense-y-los-docentes-vuelven-a-reunirse-por-la-negociacion-paritaria\/#breadcrumb\"},\"inLanguage\":\"es\",\"potentialAction\":[{\"@type\":\"ReadAction\",\"target\":[\"https:\/\/www.celttv.com.ar\/index.php\/2019\/02\/25\/el-gobierno-bonaerense-y-los-docentes-vuelven-a-reunirse-por-la-negociacion-paritaria\/\"]}]},{\"@type\":\"BreadcrumbList\",\"@id\":\"https:\/\/www.celttv.com.ar\/index.php\/2019\/02\/25\/el-gobierno-bonaerense-y-los-docentes-vuelven-a-reunirse-por-la-negociacion-paritaria\/#breadcrumb\",\"itemListElement\":[{\"@type\":\"ListItem\",\"position\":1,\"name\":\"Inicio\",\"item\":\"https:\/\/www.celttv.com.ar\/\"},{\"@type\":\"ListItem\",\"position\":2,\"name\":\"El Gobierno bonaerense y los docentes vuelven a reunirse por la negociaci\u00f3n paritaria\"}]},{\"@type\":\"WebSite\",\"@id\":\"https:\/\/www.celttv.com.ar\/#website\",\"url\":\"https:\/\/www.celttv.com.ar\/\",\"name\":\"CELTTV\",\"description\":\"Cooperativa El\u00e9ctrica de Tornquist\",\"publisher\":{\"@id\":\"https:\/\/www.celttv.com.ar\/#organization\"},\"potentialAction\":[{\"@type\":\"SearchAction\",\"target\":{\"@type\":\"EntryPoint\",\"urlTemplate\":\"https:\/\/www.celttv.com.ar\/?s={search_term_string}\"},\"query-input\":\"required name=search_term_string\"}],\"inLanguage\":\"es\"},{\"@type\":\"Organization\",\"@id\":\"https:\/\/www.celttv.com.ar\/#organization\",\"name\":\"CELTTV\",\"url\":\"https:\/\/www.celttv.com.ar\/\",\"sameAs\":[\"https:\/\/www.youtube.com\/channel\/UCz_oIt8Hig64Ub-EmcNPIhg\",\"https:\/\/www.facebook.com\/celtTV\/\"],\"logo\":{\"@type\":\"ImageObject\",\"inLanguage\":\"es\",\"@id\":\"https:\/\/www.celttv.com.ar\/#\/schema\/logo\/image\/\",\"url\":\"http:\/\/www.celttv.com.ar\/wp-content\/uploads\/2022\/08\/logo-1.png\",\"contentUrl\":\"http:\/\/www.celttv.com.ar\/wp-content\/uploads\/2022\/08\/logo-1.png\",\"width\":461,\"height\":159,\"caption\":\"CELTTV\"},\"image\":{\"@id\":\"https:\/\/www.celttv.com.ar\/#\/schema\/logo\/image\/\"}},{\"@type\":\"Person\",\"@id\":\"https:\/\/www.celttv.com.ar\/#\/schema\/person\/6d99c072dba59953809c81446e9d0ace\",\"name\":\"ulises\",\"image\":{\"@type\":\"ImageObject\",\"inLanguage\":\"es\",\"@id\":\"https:\/\/www.celttv.com.ar\/#\/schema\/person\/image\/\",\"url\":\"https:\/\/secure.gravatar.com\/avatar\/7f2c48bdc33b30088f941fb6082e555f2874c98e20cb159d7b92b50eadfce793?s=96&d=mm&r=g\",\"contentUrl\":\"https:\/\/secure.gravatar.com\/avatar\/7f2c48bdc33b30088f941fb6082e555f2874c98e20cb159d7b92b50eadfce793?s=96&d=mm&r=g\",\"caption\":\"ulises\"},\"sameAs\":[\"http:\/\/www.celttv.com.ar\"]}]}<\/script>\n<!-- \/ Yoast SEO plugin. -->","yoast_head_json":{"title":"El Gobierno bonaerense y los docentes vuelven a reunirse por la negociaci\u00f3n paritaria - CELTTV","description":"Sitio web de noticias de la localidad de Tornquist, provincia de Buenos Aires, Rep\u00fablica Argentina. Contenido propio originado por periodistas de CELTTV, el canal de TV local de la Cooperativa El\u00e9ctrica de Tornquist. Turismo, Pol\u00edtica, Sociedad, Deporte, Cultura y todo el contenido de inter\u00e9s general que la gente del pueblo y la regi\u00f3n debe conocer.","robots":{"index":"index","follow":"follow","max-snippet":"max-snippet:-1","max-image-preview":"max-image-preview:large","max-video-preview":"max-video-preview:-1"},"canonical":"https:\/\/www.celttv.com.ar\/index.php\/2019\/02\/25\/el-gobierno-bonaerense-y-los-docentes-vuelven-a-reunirse-por-la-negociacion-paritaria\/","og_locale":"es_ES","og_type":"article","og_title":"El Gobierno bonaerense y los docentes vuelven a reunirse por la negociaci\u00f3n paritaria - CELTTV","og_description":"Sitio web de noticias de la localidad de Tornquist, provincia de Buenos Aires, Rep\u00fablica Argentina. Contenido propio originado por periodistas de CELTTV, el canal de TV local de la Cooperativa El\u00e9ctrica de Tornquist. Turismo, Pol\u00edtica, Sociedad, Deporte, Cultura y todo el contenido de inter\u00e9s general que la gente del pueblo y la regi\u00f3n debe conocer.","og_url":"https:\/\/www.celttv.com.ar\/index.php\/2019\/02\/25\/el-gobierno-bonaerense-y-los-docentes-vuelven-a-reunirse-por-la-negociacion-paritaria\/","og_site_name":"CELTTV","article_publisher":"https:\/\/www.facebook.com\/celtTV\/","article_published_time":"2019-02-25T14:03:44+00:00","og_image":[{"width":1500,"height":843,"url":"https:\/\/www.celttv.com.ar\/wp-content\/uploads\/2019\/02\/1551102286915.jpg","type":"image\/jpeg"}],"author":"ulises","twitter_card":"summary_large_image","twitter_misc":{"Escrito por":"ulises","Tiempo de lectura":"1 minuto"},"schema":{"@context":"https:\/\/schema.org","@graph":[{"@type":"NewsArticle","@id":"https:\/\/www.celttv.com.ar\/index.php\/2019\/02\/25\/el-gobierno-bonaerense-y-los-docentes-vuelven-a-reunirse-por-la-negociacion-paritaria\/#article","isPartOf":{"@id":"https:\/\/www.celttv.com.ar\/index.php\/2019\/02\/25\/el-gobierno-bonaerense-y-los-docentes-vuelven-a-reunirse-por-la-negociacion-paritaria\/"},"author":{"name":"ulises","@id":"https:\/\/www.celttv.com.ar\/#\/schema\/person\/6d99c072dba59953809c81446e9d0ace"},"headline":"El Gobierno bonaerense y los docentes vuelven a reunirse por la negociaci\u00f3n paritaria","datePublished":"2019-02-25T14:03:44+00:00","dateModified":"2019-02-25T14:03:44+00:00","mainEntityOfPage":{"@id":"https:\/\/www.celttv.com.ar\/index.php\/2019\/02\/25\/el-gobierno-bonaerense-y-los-docentes-vuelven-a-reunirse-por-la-negociacion-paritaria\/"},"wordCount":292,"publisher":{"@id":"https:\/\/www.celttv.com.ar\/#organization"},"articleSection":["Celt TV Noticias","Comunidad","Destacadas"],"inLanguage":"es"},{"@type":"WebPage","@id":"https:\/\/www.celttv.com.ar\/index.php\/2019\/02\/25\/el-gobierno-bonaerense-y-los-docentes-vuelven-a-reunirse-por-la-negociacion-paritaria\/","url":"https:\/\/www.celttv.com.ar\/index.php\/2019\/02\/25\/el-gobierno-bonaerense-y-los-docentes-vuelven-a-reunirse-por-la-negociacion-paritaria\/","name":"El Gobierno bonaerense y los docentes vuelven a reunirse por la negociaci\u00f3n paritaria - CELTTV","isPartOf":{"@id":"https:\/\/www.celttv.com.ar\/#website"},"datePublished":"2019-02-25T14:03:44+00:00","dateModified":"2019-02-25T14:03:44+00:00","description":"Sitio web de noticias de la localidad de Tornquist, provincia de Buenos Aires, Rep\u00fablica Argentina. Contenido propio originado por periodistas de CELTTV, el canal de TV local de la Cooperativa El\u00e9ctrica de Tornquist. Turismo, Pol\u00edtica, Sociedad, Deporte, Cultura y todo el contenido de inter\u00e9s general que la gente del pueblo y la regi\u00f3n debe conocer.","breadcrumb":{"@id":"https:\/\/www.celttv.com.ar\/index.php\/2019\/02\/25\/el-gobierno-bonaerense-y-los-docentes-vuelven-a-reunirse-por-la-negociacion-paritaria\/#breadcrumb"},"inLanguage":"es","potentialAction":[{"@type":"ReadAction","target":["https:\/\/www.celttv.com.ar\/index.php\/2019\/02\/25\/el-gobierno-bonaerense-y-los-docentes-vuelven-a-reunirse-por-la-negociacion-paritaria\/"]}]},{"@type":"BreadcrumbList","@id":"https:\/\/www.celttv.com.ar\/index.php\/2019\/02\/25\/el-gobierno-bonaerense-y-los-docentes-vuelven-a-reunirse-por-la-negociacion-paritaria\/#breadcrumb","itemListElement":[{"@type":"ListItem","position":1,"name":"Inicio","item":"https:\/\/www.celttv.com.ar\/"},{"@type":"ListItem","position":2,"name":"El Gobierno bonaerense y los docentes vuelven a reunirse por la negociaci\u00f3n paritaria"}]},{"@type":"WebSite","@id":"https:\/\/www.celttv.com.ar\/#website","url":"https:\/\/www.celttv.com.ar\/","name":"CELTTV","description":"Cooperativa El\u00e9ctrica de Tornquist","publisher":{"@id":"https:\/\/www.celttv.com.ar\/#organization"},"potentialAction":[{"@type":"SearchAction","target":{"@type":"EntryPoint","urlTemplate":"https:\/\/www.celttv.com.ar\/?s={search_term_string}"},"query-input":"required name=search_term_string"}],"inLanguage":"es"},{"@type":"Organization","@id":"https:\/\/www.celttv.com.ar\/#organization","name":"CELTTV","url":"https:\/\/www.celttv.com.ar\/","sameAs":["https:\/\/www.youtube.com\/channel\/UCz_oIt8Hig64Ub-EmcNPIhg","https:\/\/www.facebook.com\/celtTV\/"],"logo":{"@type":"ImageObject","inLanguage":"es","@id":"https:\/\/www.celttv.com.ar\/#\/schema\/logo\/image\/","url":"http:\/\/www.celttv.com.ar\/wp-content\/uploads\/2022\/08\/logo-1.png","contentUrl":"http:\/\/www.celttv.com.ar\/wp-content\/uploads\/2022\/08\/logo-1.png","width":461,"height":159,"caption":"CELTTV"},"image":{"@id":"https:\/\/www.celttv.com.ar\/#\/schema\/logo\/image\/"}},{"@type":"Person","@id":"https:\/\/www.celttv.com.ar\/#\/schema\/person\/6d99c072dba59953809c81446e9d0ace","name":"ulises","image":{"@type":"ImageObject","inLanguage":"es","@id":"https:\/\/www.celttv.com.ar\/#\/schema\/person\/image\/","url":"https:\/\/secure.gravatar.com\/avatar\/7f2c48bdc33b30088f941fb6082e555f2874c98e20cb159d7b92b50eadfce793?s=96&d=mm&r=g","contentUrl":"https:\/\/secure.gravatar.com\/avatar\/7f2c48bdc33b30088f941fb6082e555f2874c98e20cb159d7b92b50eadfce793?s=96&d=mm&r=g","caption":"ulises"},"sameAs":["http:\/\/www.celttv.com.ar"]}]}},"_links":{"self":[{"href":"https:\/\/www.celttv.com.ar\/index.php\/wp-json\/wp\/v2\/posts\/40085","targetHints":{"allow":["GET"]}}],"collection":[{"href":"https:\/\/www.celttv.com.ar\/index.php\/wp-json\/wp\/v2\/posts"}],"about":[{"href":"https:\/\/www.celttv.com.ar\/index.php\/wp-json\/wp\/v2\/types\/post"}],"author":[{"embeddable":true,"href":"https:\/\/www.celttv.com.ar\/index.php\/wp-json\/wp\/v2\/users\/1"}],"replies":[{"embeddable":true,"href":"https:\/\/www.celttv.com.ar\/index.php\/wp-json\/wp\/v2\/comments?post=40085"}],"version-history":[{"count":0,"href":"https:\/\/www.celttv.com.ar\/index.php\/wp-json\/wp\/v2\/posts\/40085\/revisions"}],"wp:featuredmedia":[{"embeddable":true,"href":"https:\/\/www.celttv.com.ar\/index.php\/wp-json\/wp\/v2\/media\/40086"}],"wp:attachment":[{"href":"https:\/\/www.celttv.com.ar\/index.php\/wp-json\/wp\/v2\/media?parent=40085"}],"wp:term":[{"taxonomy":"category","embeddable":true,"href":"https:\/\/www.celttv.com.ar\/index.php\/wp-json\/wp\/v2\/categories?post=40085"},{"taxonomy":"post_tag","embeddable":true,"href":"https:\/\/www.celttv.com.ar\/index.php\/wp-json\/wp\/v2\/tags?post=40085"}],"curies":[{"name":"wp","href":"https:\/\/api.w.org\/{rel}","templated":true}]}}