{"id":40088,"date":"2019-02-25T14:13:19","date_gmt":"2019-02-25T14:13:19","guid":{"rendered":"http:\/\/www.celttv.com.ar\/?p=40088"},"modified":"2019-02-25T14:13:19","modified_gmt":"2019-02-25T14:13:19","slug":"la-upso-abre-sus-puertas-a-la-ensenanaza-de-energias-renovables","status":"publish","type":"post","link":"https:\/\/www.celttv.com.ar\/index.php\/2019\/02\/25\/la-upso-abre-sus-puertas-a-la-ensenanaza-de-energias-renovables\/","title":{"rendered":"La UPSO abre sus puertas a la ense\u00f1anaza de energ\u00edas renovables (Informe de La Nueva)"},"content":{"rendered":"<p><strong>Este a\u00f1o se comenzar\u00e1n a dictar una tecnicatura en Punta Alta y un curso de formaci\u00f3n profesional para la instalaci\u00f3n domiciliaria, en una sede a determinar. Hay tiempo hasta fin de mes para inscribirse en la cursada.<\/strong><\/p>\n<p><strong>Hern\u00e1n Guercio<\/strong>\u00a0\/\u00a0hguercio@lanueva.com<\/p>\n<p>Con la necesaria y esperada incursi\u00f3n en el dictado de cursos y carreras vinculados a las energ\u00edas renovables, la Universidad Provincial del Sudoeste se apresta a comenzar el ciclo 2019 con presencia en 18 localidades de nuestra regi\u00f3n y una veintena de propuestas educativas.<\/p>\n<p>A pocos d\u00edas del cierre de las inscripciones para un nuevo ciclo lectivo, uno de los datos que resaltan es un notorio aumento en la cantidad de inscritos, cuesti\u00f3n que se puede asignar a la variada oferta educativa pero que -se sabe- est\u00e1 directamente vinculada al acontecer econ\u00f3mico nacional.<\/p>\n<p>\u201cEs un fen\u00f3meno c\u00edclico -reconoce a\u00a0<strong>La Nueva.<\/strong>\u00a0el rector de la UPSO, Hern\u00e1n Vigier-. Este crecimiento en la cantidad de nuevos alumnos lo hemos visto en otros a\u00f1os en que se aprieta m\u00e1s el bolsillo, relacionado con una menor migraci\u00f3n de estudiantes desde la zona hacia las grandes ciudades. Entendemos que este a\u00f1o se va a notar nuevamente\u201d.<\/p>\n<p>Al respecto, aclar\u00f3 que si bien hay que esperar los n\u00fameros finales, existe la posibilidad de que el fen\u00f3meno no se repita en todas las sedes, ya que en esta cuesti\u00f3n tambi\u00e9n talla la oferta disponible en cada localidad.<\/p>\n<p>\u201cSi uno va mirando el promedio, estamos bastante bien en comparaci\u00f3n con otros a\u00f1os. Se le puede atribuir a una cuesti\u00f3n c\u00edclica, pero la otra cara es que hemos andado bien con la selecci\u00f3n de carreras\u201d, afirm\u00f3.<\/p>\n<p>Vigier sostuvo estar \u201cm\u00e1s que conforme\u201d con el desarrollo de las inscripciones y destac\u00f3 los avances realizados en el dictado de carreras vinculadas con las energ\u00edas renovables, como la articulaci\u00f3n con escuelas t\u00e9cnicas de la regi\u00f3n para que algunas materias no deban cursarse y se den como aprobadas.<\/p>\n<p>\u201cLos contenidos que se ven en las escuelas t\u00e9cnicas superan a los de nuestras materias introductorias. Adem\u00e1s, hemos creado un ciclo de formaci\u00f3n profesional sobre instalaci\u00f3n de energ\u00edas renovables en el hogar\u201d, aclar\u00f3.<\/p>\n<p>Este curso, que reci\u00e9n se anunciar\u00e1 en forma oficial una vez que comience la cursada universitaria, ser\u00e1 de nivel III; es decir, para aquellos que cuenten con el secundario completo.<\/p>\n<p>En total, ser\u00e1 una cursada intensiva de 500 horas de duraci\u00f3n, con una parte conceptual que se dictar\u00e1 en forma virtual, mientras que la pr\u00e1ctica ser\u00e1 presencial en una sede a determinar.<\/p>\n<p><strong>Observatorio<\/strong><\/p>\n<p>Vigier asegur\u00f3 que despu\u00e9s de un par de a\u00f1os de funcionamiento del Observatorio de Estad\u00edsticas Regionales -un proyecto que se realiza en conjunto con la UNS y los municipios de la regi\u00f3n-, el balance es positivo.<\/p>\n<p>\u201cEs un proyecto que se ha ido asentando y se ha consolidado. A futuro, tenemos ciertas ideas, como generar alg\u00fan indicador de actividad puramente regional sin tener en cuenta a Bah\u00eda Blanca, porque su presencia termina arrastrando los \u00edndices\u201d, explic\u00f3.<\/p>\n<p>Al respecto, afirm\u00f3 que muchas veces se complica conseguir determinados datos \u201cporque la gente tiene temor a la apertura de datos\u201d.<\/p>\n<p>\u201cSin embargo, es una conducta sana a la que todos los organismos p\u00fablicos deber\u00edan acostumbrarse y tambi\u00e9n hace a la transparencia. Pero entiendo que no hay otro camino y que a mediano o largo plazo, todo tiene que funcionar de esa manera\u201d, finaliz\u00f3.<\/p>\n<p>&nbsp;<\/p>\n<h3>Certificaci\u00f3n digital\u00a0\u00a0y gobierno abierto<\/h3>\n<p><strong>Upsolab.<\/strong>\u00a0Vigier se\u00f1al\u00f3 que se implement\u00f3 un programa denominado Upsolab, por medio del cual se busca aportar soluciones a los distritos que participan de la UPSO, para que puedan tener aprender e incursionar en cuestiones vinculadas al gobierno abierto y digital; es decir, a la apertura de determinados datos oficiales a trav\u00e9s de la web.<\/p>\n<p><strong>Siete.<\/strong>\u00a0En este momento, son siete las comunas que est\u00e1n participando del programa, pero la idea es incorporar a todos aquellos donde la UPSO tenga una sede.<\/p>\n<p><strong>Foro.<\/strong>\u00a0\u201cPor medio del programa, creamos un foro en cada municipio donde, con la participaci\u00f3n de expertos, cada comuna pueda tener un pantallazo sobre su situaci\u00f3n relativa para implementar pol\u00edticas de gobierno digital o abierto\u201d, sostuvo.<\/p>\n<p><strong>Blockchain.<\/strong>\u00a0Vigier record\u00f3 que fue justamente en este \u00e1mbito donde surgi\u00f3 la idea de implementar una certificaci\u00f3n blockchain para los t\u00edtulos que expide la UPSO.<\/p>\n<p><strong>Innovar.<\/strong>\u00a0\u201cSer una universidad peque\u00f1a nos permite lograr espacios innovativos con menos complejidad que las grandes. Estamos tratando de que sea un caso testigo para el resto del sistema universitario. Incluso, en nuestro pa\u00eds se est\u00e1 creando una red blockchain p\u00fablica nacional\u201d, dijo Vigier.<\/p>\n<p>&nbsp;<\/p>\n<p><strong>FUENTE: LA NUEVA.<\/strong><\/p>\n","protected":false},"excerpt":{"rendered":"<p>Este a\u00f1o se comenzar\u00e1n a dictar una tecnicatura en Punta Alta y un curso de formaci\u00f3n profesional para la instalaci\u00f3n domiciliaria, en una sede a determinar. Hay tiempo hasta fin de mes para inscribirse en la cursada. Hern\u00e1n Guercio\u00a0\/\u00a0hguercio@lanueva.com Con la necesaria y esperada incursi\u00f3n en el dictado de cursos y carreras vinculados a las [&hellip;]<\/p>\n","protected":false},"author":1,"featured_media":40089,"comment_status":"closed","ping_status":"open","sticky":false,"template":"","format":"standard","meta":{"footnotes":""},"categories":[55,51,52],"tags":[],"class_list":["post-40088","post","type-post","status-publish","format-standard","has-post-thumbnail","hentry","category-celt-tv-noticias","category-comunidad","category-destacadas"],"yoast_head":"<!-- This site is optimized with the Yoast SEO plugin v19.7.1 - https:\/\/yoast.com\/wordpress\/plugins\/seo\/ -->\n<title>La UPSO abre sus puertas a la ense\u00f1anaza de energ\u00edas renovables (Informe de La Nueva) - CELTTV<\/title>\n<meta name=\"description\" content=\"Sitio web de noticias de la localidad de Tornquist, provincia de Buenos Aires, Rep\u00fablica Argentina. Contenido propio originado por periodistas de CELTTV, el canal de TV local de la Cooperativa El\u00e9ctrica de Tornquist. Turismo, Pol\u00edtica, Sociedad, Deporte, Cultura y todo el contenido de inter\u00e9s general que la gente del pueblo y la regi\u00f3n debe conocer.\" \/>\n<meta name=\"robots\" content=\"index, follow, max-snippet:-1, max-image-preview:large, max-video-preview:-1\" \/>\n<link rel=\"canonical\" href=\"https:\/\/www.celttv.com.ar\/index.php\/2019\/02\/25\/la-upso-abre-sus-puertas-a-la-ensenanaza-de-energias-renovables\/\" \/>\n<meta property=\"og:locale\" content=\"es_ES\" \/>\n<meta property=\"og:type\" content=\"article\" \/>\n<meta property=\"og:title\" content=\"La UPSO abre sus puertas a la ense\u00f1anaza de energ\u00edas renovables (Informe de La Nueva) - CELTTV\" \/>\n<meta property=\"og:description\" content=\"Sitio web de noticias de la localidad de Tornquist, provincia de Buenos Aires, Rep\u00fablica Argentina. Contenido propio originado por periodistas de CELTTV, el canal de TV local de la Cooperativa El\u00e9ctrica de Tornquist. Turismo, Pol\u00edtica, Sociedad, Deporte, Cultura y todo el contenido de inter\u00e9s general que la gente del pueblo y la regi\u00f3n debe conocer.\" \/>\n<meta property=\"og:url\" content=\"https:\/\/www.celttv.com.ar\/index.php\/2019\/02\/25\/la-upso-abre-sus-puertas-a-la-ensenanaza-de-energias-renovables\/\" \/>\n<meta property=\"og:site_name\" content=\"CELTTV\" \/>\n<meta property=\"article:publisher\" content=\"https:\/\/www.facebook.com\/celtTV\/\" \/>\n<meta property=\"article:published_time\" content=\"2019-02-25T14:13:19+00:00\" \/>\n<meta property=\"og:image\" content=\"https:\/\/www.celttv.com.ar\/wp-content\/uploads\/2019\/02\/1551047443822.jpg\" \/>\n\t<meta property=\"og:image:width\" content=\"1500\" \/>\n\t<meta property=\"og:image:height\" content=\"996\" \/>\n\t<meta property=\"og:image:type\" content=\"image\/jpeg\" \/>\n<meta name=\"author\" content=\"ulises\" \/>\n<meta name=\"twitter:card\" content=\"summary_large_image\" \/>\n<meta name=\"twitter:label1\" content=\"Escrito por\" \/>\n\t<meta name=\"twitter:data1\" content=\"ulises\" \/>\n\t<meta name=\"twitter:label2\" content=\"Tiempo de lectura\" \/>\n\t<meta name=\"twitter:data2\" content=\"4 minutos\" \/>\n<script type=\"application\/ld+json\" class=\"yoast-schema-graph\">{\"@context\":\"https:\/\/schema.org\",\"@graph\":[{\"@type\":\"NewsArticle\",\"@id\":\"https:\/\/www.celttv.com.ar\/index.php\/2019\/02\/25\/la-upso-abre-sus-puertas-a-la-ensenanaza-de-energias-renovables\/#article\",\"isPartOf\":{\"@id\":\"https:\/\/www.celttv.com.ar\/index.php\/2019\/02\/25\/la-upso-abre-sus-puertas-a-la-ensenanaza-de-energias-renovables\/\"},\"author\":{\"name\":\"ulises\",\"@id\":\"https:\/\/www.celttv.com.ar\/#\/schema\/person\/6d99c072dba59953809c81446e9d0ace\"},\"headline\":\"La UPSO abre sus puertas a la ense\u00f1anaza de energ\u00edas renovables (Informe de La Nueva)\",\"datePublished\":\"2019-02-25T14:13:19+00:00\",\"dateModified\":\"2019-02-25T14:13:19+00:00\",\"mainEntityOfPage\":{\"@id\":\"https:\/\/www.celttv.com.ar\/index.php\/2019\/02\/25\/la-upso-abre-sus-puertas-a-la-ensenanaza-de-energias-renovables\/\"},\"wordCount\":826,\"publisher\":{\"@id\":\"https:\/\/www.celttv.com.ar\/#organization\"},\"articleSection\":[\"Celt TV Noticias\",\"Comunidad\",\"Destacadas\"],\"inLanguage\":\"es\"},{\"@type\":\"WebPage\",\"@id\":\"https:\/\/www.celttv.com.ar\/index.php\/2019\/02\/25\/la-upso-abre-sus-puertas-a-la-ensenanaza-de-energias-renovables\/\",\"url\":\"https:\/\/www.celttv.com.ar\/index.php\/2019\/02\/25\/la-upso-abre-sus-puertas-a-la-ensenanaza-de-energias-renovables\/\",\"name\":\"La UPSO abre sus puertas a la ense\u00f1anaza de energ\u00edas renovables (Informe de La Nueva) - CELTTV\",\"isPartOf\":{\"@id\":\"https:\/\/www.celttv.com.ar\/#website\"},\"datePublished\":\"2019-02-25T14:13:19+00:00\",\"dateModified\":\"2019-02-25T14:13:19+00:00\",\"description\":\"Sitio web de noticias de la localidad de Tornquist, provincia de Buenos Aires, Rep\u00fablica Argentina. Contenido propio originado por periodistas de CELTTV, el canal de TV local de la Cooperativa El\u00e9ctrica de Tornquist. Turismo, Pol\u00edtica, Sociedad, Deporte, Cultura y todo el contenido de inter\u00e9s general que la gente del pueblo y la regi\u00f3n debe conocer.\",\"breadcrumb\":{\"@id\":\"https:\/\/www.celttv.com.ar\/index.php\/2019\/02\/25\/la-upso-abre-sus-puertas-a-la-ensenanaza-de-energias-renovables\/#breadcrumb\"},\"inLanguage\":\"es\",\"potentialAction\":[{\"@type\":\"ReadAction\",\"target\":[\"https:\/\/www.celttv.com.ar\/index.php\/2019\/02\/25\/la-upso-abre-sus-puertas-a-la-ensenanaza-de-energias-renovables\/\"]}]},{\"@type\":\"BreadcrumbList\",\"@id\":\"https:\/\/www.celttv.com.ar\/index.php\/2019\/02\/25\/la-upso-abre-sus-puertas-a-la-ensenanaza-de-energias-renovables\/#breadcrumb\",\"itemListElement\":[{\"@type\":\"ListItem\",\"position\":1,\"name\":\"Inicio\",\"item\":\"https:\/\/www.celttv.com.ar\/\"},{\"@type\":\"ListItem\",\"position\":2,\"name\":\"La UPSO abre sus puertas a la ense\u00f1anaza de energ\u00edas renovables (Informe de La Nueva)\"}]},{\"@type\":\"WebSite\",\"@id\":\"https:\/\/www.celttv.com.ar\/#website\",\"url\":\"https:\/\/www.celttv.com.ar\/\",\"name\":\"CELTTV\",\"description\":\"Cooperativa El\u00e9ctrica de Tornquist\",\"publisher\":{\"@id\":\"https:\/\/www.celttv.com.ar\/#organization\"},\"potentialAction\":[{\"@type\":\"SearchAction\",\"target\":{\"@type\":\"EntryPoint\",\"urlTemplate\":\"https:\/\/www.celttv.com.ar\/?s={search_term_string}\"},\"query-input\":\"required name=search_term_string\"}],\"inLanguage\":\"es\"},{\"@type\":\"Organization\",\"@id\":\"https:\/\/www.celttv.com.ar\/#organization\",\"name\":\"CELTTV\",\"url\":\"https:\/\/www.celttv.com.ar\/\",\"sameAs\":[\"https:\/\/www.youtube.com\/channel\/UCz_oIt8Hig64Ub-EmcNPIhg\",\"https:\/\/www.facebook.com\/celtTV\/\"],\"logo\":{\"@type\":\"ImageObject\",\"inLanguage\":\"es\",\"@id\":\"https:\/\/www.celttv.com.ar\/#\/schema\/logo\/image\/\",\"url\":\"http:\/\/www.celttv.com.ar\/wp-content\/uploads\/2022\/08\/logo-1.png\",\"contentUrl\":\"http:\/\/www.celttv.com.ar\/wp-content\/uploads\/2022\/08\/logo-1.png\",\"width\":461,\"height\":159,\"caption\":\"CELTTV\"},\"image\":{\"@id\":\"https:\/\/www.celttv.com.ar\/#\/schema\/logo\/image\/\"}},{\"@type\":\"Person\",\"@id\":\"https:\/\/www.celttv.com.ar\/#\/schema\/person\/6d99c072dba59953809c81446e9d0ace\",\"name\":\"ulises\",\"image\":{\"@type\":\"ImageObject\",\"inLanguage\":\"es\",\"@id\":\"https:\/\/www.celttv.com.ar\/#\/schema\/person\/image\/\",\"url\":\"https:\/\/secure.gravatar.com\/avatar\/7f2c48bdc33b30088f941fb6082e555f2874c98e20cb159d7b92b50eadfce793?s=96&d=mm&r=g\",\"contentUrl\":\"https:\/\/secure.gravatar.com\/avatar\/7f2c48bdc33b30088f941fb6082e555f2874c98e20cb159d7b92b50eadfce793?s=96&d=mm&r=g\",\"caption\":\"ulises\"},\"sameAs\":[\"http:\/\/www.celttv.com.ar\"]}]}<\/script>\n<!-- \/ Yoast SEO plugin. -->","yoast_head_json":{"title":"La UPSO abre sus puertas a la ense\u00f1anaza de energ\u00edas renovables (Informe de La Nueva) - CELTTV","description":"Sitio web de noticias de la localidad de Tornquist, provincia de Buenos Aires, Rep\u00fablica Argentina. Contenido propio originado por periodistas de CELTTV, el canal de TV local de la Cooperativa El\u00e9ctrica de Tornquist. Turismo, Pol\u00edtica, Sociedad, Deporte, Cultura y todo el contenido de inter\u00e9s general que la gente del pueblo y la regi\u00f3n debe conocer.","robots":{"index":"index","follow":"follow","max-snippet":"max-snippet:-1","max-image-preview":"max-image-preview:large","max-video-preview":"max-video-preview:-1"},"canonical":"https:\/\/www.celttv.com.ar\/index.php\/2019\/02\/25\/la-upso-abre-sus-puertas-a-la-ensenanaza-de-energias-renovables\/","og_locale":"es_ES","og_type":"article","og_title":"La UPSO abre sus puertas a la ense\u00f1anaza de energ\u00edas renovables (Informe de La Nueva) - CELTTV","og_description":"Sitio web de noticias de la localidad de Tornquist, provincia de Buenos Aires, Rep\u00fablica Argentina. Contenido propio originado por periodistas de CELTTV, el canal de TV local de la Cooperativa El\u00e9ctrica de Tornquist. Turismo, Pol\u00edtica, Sociedad, Deporte, Cultura y todo el contenido de inter\u00e9s general que la gente del pueblo y la regi\u00f3n debe conocer.","og_url":"https:\/\/www.celttv.com.ar\/index.php\/2019\/02\/25\/la-upso-abre-sus-puertas-a-la-ensenanaza-de-energias-renovables\/","og_site_name":"CELTTV","article_publisher":"https:\/\/www.facebook.com\/celtTV\/","article_published_time":"2019-02-25T14:13:19+00:00","og_image":[{"width":1500,"height":996,"url":"https:\/\/www.celttv.com.ar\/wp-content\/uploads\/2019\/02\/1551047443822.jpg","type":"image\/jpeg"}],"author":"ulises","twitter_card":"summary_large_image","twitter_misc":{"Escrito por":"ulises","Tiempo de lectura":"4 minutos"},"schema":{"@context":"https:\/\/schema.org","@graph":[{"@type":"NewsArticle","@id":"https:\/\/www.celttv.com.ar\/index.php\/2019\/02\/25\/la-upso-abre-sus-puertas-a-la-ensenanaza-de-energias-renovables\/#article","isPartOf":{"@id":"https:\/\/www.celttv.com.ar\/index.php\/2019\/02\/25\/la-upso-abre-sus-puertas-a-la-ensenanaza-de-energias-renovables\/"},"author":{"name":"ulises","@id":"https:\/\/www.celttv.com.ar\/#\/schema\/person\/6d99c072dba59953809c81446e9d0ace"},"headline":"La UPSO abre sus puertas a la ense\u00f1anaza de energ\u00edas renovables (Informe de La Nueva)","datePublished":"2019-02-25T14:13:19+00:00","dateModified":"2019-02-25T14:13:19+00:00","mainEntityOfPage":{"@id":"https:\/\/www.celttv.com.ar\/index.php\/2019\/02\/25\/la-upso-abre-sus-puertas-a-la-ensenanaza-de-energias-renovables\/"},"wordCount":826,"publisher":{"@id":"https:\/\/www.celttv.com.ar\/#organization"},"articleSection":["Celt TV Noticias","Comunidad","Destacadas"],"inLanguage":"es"},{"@type":"WebPage","@id":"https:\/\/www.celttv.com.ar\/index.php\/2019\/02\/25\/la-upso-abre-sus-puertas-a-la-ensenanaza-de-energias-renovables\/","url":"https:\/\/www.celttv.com.ar\/index.php\/2019\/02\/25\/la-upso-abre-sus-puertas-a-la-ensenanaza-de-energias-renovables\/","name":"La UPSO abre sus puertas a la ense\u00f1anaza de energ\u00edas renovables (Informe de La Nueva) - CELTTV","isPartOf":{"@id":"https:\/\/www.celttv.com.ar\/#website"},"datePublished":"2019-02-25T14:13:19+00:00","dateModified":"2019-02-25T14:13:19+00:00","description":"Sitio web de noticias de la localidad de Tornquist, provincia de Buenos Aires, Rep\u00fablica Argentina. Contenido propio originado por periodistas de CELTTV, el canal de TV local de la Cooperativa El\u00e9ctrica de Tornquist. Turismo, Pol\u00edtica, Sociedad, Deporte, Cultura y todo el contenido de inter\u00e9s general que la gente del pueblo y la regi\u00f3n debe conocer.","breadcrumb":{"@id":"https:\/\/www.celttv.com.ar\/index.php\/2019\/02\/25\/la-upso-abre-sus-puertas-a-la-ensenanaza-de-energias-renovables\/#breadcrumb"},"inLanguage":"es","potentialAction":[{"@type":"ReadAction","target":["https:\/\/www.celttv.com.ar\/index.php\/2019\/02\/25\/la-upso-abre-sus-puertas-a-la-ensenanaza-de-energias-renovables\/"]}]},{"@type":"BreadcrumbList","@id":"https:\/\/www.celttv.com.ar\/index.php\/2019\/02\/25\/la-upso-abre-sus-puertas-a-la-ensenanaza-de-energias-renovables\/#breadcrumb","itemListElement":[{"@type":"ListItem","position":1,"name":"Inicio","item":"https:\/\/www.celttv.com.ar\/"},{"@type":"ListItem","position":2,"name":"La UPSO abre sus puertas a la ense\u00f1anaza de energ\u00edas renovables (Informe de La Nueva)"}]},{"@type":"WebSite","@id":"https:\/\/www.celttv.com.ar\/#website","url":"https:\/\/www.celttv.com.ar\/","name":"CELTTV","description":"Cooperativa El\u00e9ctrica de Tornquist","publisher":{"@id":"https:\/\/www.celttv.com.ar\/#organization"},"potentialAction":[{"@type":"SearchAction","target":{"@type":"EntryPoint","urlTemplate":"https:\/\/www.celttv.com.ar\/?s={search_term_string}"},"query-input":"required name=search_term_string"}],"inLanguage":"es"},{"@type":"Organization","@id":"https:\/\/www.celttv.com.ar\/#organization","name":"CELTTV","url":"https:\/\/www.celttv.com.ar\/","sameAs":["https:\/\/www.youtube.com\/channel\/UCz_oIt8Hig64Ub-EmcNPIhg","https:\/\/www.facebook.com\/celtTV\/"],"logo":{"@type":"ImageObject","inLanguage":"es","@id":"https:\/\/www.celttv.com.ar\/#\/schema\/logo\/image\/","url":"http:\/\/www.celttv.com.ar\/wp-content\/uploads\/2022\/08\/logo-1.png","contentUrl":"http:\/\/www.celttv.com.ar\/wp-content\/uploads\/2022\/08\/logo-1.png","width":461,"height":159,"caption":"CELTTV"},"image":{"@id":"https:\/\/www.celttv.com.ar\/#\/schema\/logo\/image\/"}},{"@type":"Person","@id":"https:\/\/www.celttv.com.ar\/#\/schema\/person\/6d99c072dba59953809c81446e9d0ace","name":"ulises","image":{"@type":"ImageObject","inLanguage":"es","@id":"https:\/\/www.celttv.com.ar\/#\/schema\/person\/image\/","url":"https:\/\/secure.gravatar.com\/avatar\/7f2c48bdc33b30088f941fb6082e555f2874c98e20cb159d7b92b50eadfce793?s=96&d=mm&r=g","contentUrl":"https:\/\/secure.gravatar.com\/avatar\/7f2c48bdc33b30088f941fb6082e555f2874c98e20cb159d7b92b50eadfce793?s=96&d=mm&r=g","caption":"ulises"},"sameAs":["http:\/\/www.celttv.com.ar"]}]}},"_links":{"self":[{"href":"https:\/\/www.celttv.com.ar\/index.php\/wp-json\/wp\/v2\/posts\/40088","targetHints":{"allow":["GET"]}}],"collection":[{"href":"https:\/\/www.celttv.com.ar\/index.php\/wp-json\/wp\/v2\/posts"}],"about":[{"href":"https:\/\/www.celttv.com.ar\/index.php\/wp-json\/wp\/v2\/types\/post"}],"author":[{"embeddable":true,"href":"https:\/\/www.celttv.com.ar\/index.php\/wp-json\/wp\/v2\/users\/1"}],"replies":[{"embeddable":true,"href":"https:\/\/www.celttv.com.ar\/index.php\/wp-json\/wp\/v2\/comments?post=40088"}],"version-history":[{"count":0,"href":"https:\/\/www.celttv.com.ar\/index.php\/wp-json\/wp\/v2\/posts\/40088\/revisions"}],"wp:featuredmedia":[{"embeddable":true,"href":"https:\/\/www.celttv.com.ar\/index.php\/wp-json\/wp\/v2\/media\/40089"}],"wp:attachment":[{"href":"https:\/\/www.celttv.com.ar\/index.php\/wp-json\/wp\/v2\/media?parent=40088"}],"wp:term":[{"taxonomy":"category","embeddable":true,"href":"https:\/\/www.celttv.com.ar\/index.php\/wp-json\/wp\/v2\/categories?post=40088"},{"taxonomy":"post_tag","embeddable":true,"href":"https:\/\/www.celttv.com.ar\/index.php\/wp-json\/wp\/v2\/tags?post=40088"}],"curies":[{"name":"wp","href":"https:\/\/api.w.org\/{rel}","templated":true}]}}