{"id":40103,"date":"2019-02-25T15:03:35","date_gmt":"2019-02-25T15:03:35","guid":{"rendered":"http:\/\/www.celttv.com.ar\/?p=40103"},"modified":"2019-02-25T15:03:35","modified_gmt":"2019-02-25T15:03:35","slug":"fin-de-semana-largo-de-carnaval-en-el-parque-provincial-ernesto-tornquist","status":"publish","type":"post","link":"https:\/\/www.celttv.com.ar\/index.php\/2019\/02\/25\/fin-de-semana-largo-de-carnaval-en-el-parque-provincial-ernesto-tornquist\/","title":{"rendered":"Fin de semana largo de Carnaval en el Parque Provincial \u201cErnesto Tornquist\u201d"},"content":{"rendered":"<p>La atenci\u00f3n al p\u00fablico ser\u00e1 de 8hs a 17hs Para el ascenso al Cerro Ventana, 7:50hs se entregar\u00e1n n\u00fameros (350) hasta cubrir el cupo m\u00e1ximo diario.<span id=\"more-29193\"><\/span><br \/>\nTambi\u00e9n se podr\u00e1n realizar reservas, s\u00f3lo en forma personal, en la Base del Cerro Ventana, desde el viernes 1\/3 hasta el lunes 4\/3 entre las 8hs y las 15hs. Las mismas son de un d\u00eda para otro.<br \/>\nEl Parque cobra una entrada general diaria, las visitas guiadas tienen un costo adicional.<br \/>\nVisita Guiada al Cerro Ventana:<br \/>\nMayores $300 \u2013 Menores $150 (entre 7 y 12 a\u00f1os)<br \/>\nConsultas (8hs a 17hs)<br \/>\n*Mensaje privado Facebook<br \/>\n*Mail:\u00a0parquetornquist@gmail.com<br \/>\n*Tel\u00e9fono: 221-4204862<\/p>\n<div class=\"social-sharing ss-social-sharing\"><a class=\"ss-button-facebook\" href=\"http:\/\/www.facebook.com\/sharer\/sharer.php?u=http%3A%2F%2Fwww.noticiasradioreflejos.com.ar%2Fnoticias%2Findex.php%2F2019%2F02%2F25%2Ffin-de-semana-largo-de-carnaval-en-el-parque-prov-ernesto-tornquist%2F\" target=\"_blank\" rel=\"external nofollow noopener\">Share on Facebook<\/a><a class=\"ss-button-twitter\" href=\"http:\/\/twitter.com\/intent\/tweet\/?text=Fin+de+semana+largo+de+Carnaval+en+el+Parque+Prov.+%22Ernesto+Tornquist%22.&amp;url=http%3A%2F%2Fwww.noticiasradioreflejos.com.ar%2Fnoticias%2Findex.php%2F2019%2F02%2F25%2Ffin-de-semana-largo-de-carnaval-en-el-parque-prov-ernesto-tornquist%2F\" target=\"_blank\" rel=\"external nofollow noopener\">Share on Twitter<\/a><a class=\"ss-button-googleplus\" href=\"https:\/\/plus.google.com\/share?url=http%3A%2F%2Fwww.noticiasradioreflejos.com.ar%2Fnoticias%2Findex.php%2F2019%2F02%2F25%2Ffin-de-semana-largo-de-carnaval-en-el-parque-prov-ernesto-tornquist%2F\" target=\"_blank\" rel=\"external nofollow noopener\">Share on Google+<\/a><a class=\"ss-button-linkedin\" href=\"http:\/\/www.linkedin.com\/shareArticle?mini=true&amp;url=http%3A%2F%2Fwww.noticiasradioreflejos.com.ar%2Fnoticias%2Findex.php%2F2019%2F02%2F25%2Ffin-de-semana-largo-de-carnaval-en-el-parque-prov-ernesto-tornquist%2F&amp;title=Fin+de+semana+largo+de+Carnaval+en+el+Parque+Prov.+%22Ernesto+Tornquist%22.\" target=\"_blank\" rel=\"external nofollow noopener\">Share on Linkedin<\/a><a class=\"ss-button-pinterest\" href=\"http:\/\/pinterest.com\/pin\/create\/button\/?url=http%3A%2F%2Fwww.noticiasradioreflejos.com.ar%2Fnoticias%2Findex.php%2F2019%2F02%2F25%2Ffin-de-semana-largo-de-carnaval-en-el-parque-prov-ernesto-tornquist%2F&amp;media=http%3A%2F%2Fwww.noticiasradioreflejos.com.ar%2Fnoticias%2Fwp-content%2Fplugins%2Fwp-social-sharing%2Fstatic%2Fblank.jpg&amp;description=Fin+de+semana+largo+de+Carnaval+en+el+Parque+Prov.+%22Ernesto+Tornquist%22.\" target=\"_blank\" rel=\"external nofollow noopener\">Share on Pinterest<\/a><\/div>\n<div><a href=\"http:\/\/www.celttv.com.ar\/?attachment_id=40106\" rel=\"attachment wp-att-40106\"><img loading=\"lazy\" decoding=\"async\" class=\"alignleft size-full wp-image-40106\" src=\"http:\/\/www.celttv.com.ar\/wp-content\/uploads\/2019\/02\/40243725623_3386265ef6.jpg\" alt=\"\" width=\"375\" height=\"500\" srcset=\"https:\/\/www.celttv.com.ar\/wp-content\/uploads\/2019\/02\/40243725623_3386265ef6.jpg 375w, https:\/\/www.celttv.com.ar\/wp-content\/uploads\/2019\/02\/40243725623_3386265ef6-225x300.jpg 225w\" sizes=\"auto, (max-width: 375px) 100vw, 375px\" \/><\/a><\/div>\n","protected":false},"excerpt":{"rendered":"<p>La atenci\u00f3n al p\u00fablico ser\u00e1 de 8hs a 17hs Para el ascenso al Cerro Ventana, 7:50hs se entregar\u00e1n n\u00fameros (350) hasta cubrir el cupo m\u00e1ximo diario. Tambi\u00e9n se podr\u00e1n realizar reservas, s\u00f3lo en forma personal, en la Base del Cerro Ventana, desde el viernes 1\/3 hasta el lunes 4\/3 entre las 8hs y las 15hs. [&hellip;]<\/p>\n","protected":false},"author":1,"featured_media":40104,"comment_status":"closed","ping_status":"open","sticky":false,"template":"","format":"standard","meta":{"footnotes":""},"categories":[55,51,52,58],"tags":[],"class_list":["post-40103","post","type-post","status-publish","format-standard","has-post-thumbnail","hentry","category-celt-tv-noticias","category-comunidad","category-destacadas","category-turismo"],"yoast_head":"<!-- This site is optimized with the Yoast SEO plugin v19.7.1 - https:\/\/yoast.com\/wordpress\/plugins\/seo\/ -->\n<title>Fin de semana largo de Carnaval en el Parque Provincial \u201cErnesto Tornquist\u201d - CELTTV<\/title>\n<meta name=\"description\" content=\"Sitio web de noticias de la localidad de Tornquist, provincia de Buenos Aires, Rep\u00fablica Argentina. Contenido propio originado por periodistas de CELTTV, el canal de TV local de la Cooperativa El\u00e9ctrica de Tornquist. Turismo, Pol\u00edtica, Sociedad, Deporte, Cultura y todo el contenido de inter\u00e9s general que la gente del pueblo y la regi\u00f3n debe conocer.\" \/>\n<meta name=\"robots\" content=\"index, follow, max-snippet:-1, max-image-preview:large, max-video-preview:-1\" \/>\n<link rel=\"canonical\" href=\"https:\/\/www.celttv.com.ar\/index.php\/2019\/02\/25\/fin-de-semana-largo-de-carnaval-en-el-parque-provincial-ernesto-tornquist\/\" \/>\n<meta property=\"og:locale\" content=\"es_ES\" \/>\n<meta property=\"og:type\" content=\"article\" \/>\n<meta property=\"og:title\" content=\"Fin de semana largo de Carnaval en el Parque Provincial \u201cErnesto Tornquist\u201d - CELTTV\" \/>\n<meta property=\"og:description\" content=\"Sitio web de noticias de la localidad de Tornquist, provincia de Buenos Aires, Rep\u00fablica Argentina. Contenido propio originado por periodistas de CELTTV, el canal de TV local de la Cooperativa El\u00e9ctrica de Tornquist. Turismo, Pol\u00edtica, Sociedad, Deporte, Cultura y todo el contenido de inter\u00e9s general que la gente del pueblo y la regi\u00f3n debe conocer.\" \/>\n<meta property=\"og:url\" content=\"https:\/\/www.celttv.com.ar\/index.php\/2019\/02\/25\/fin-de-semana-largo-de-carnaval-en-el-parque-provincial-ernesto-tornquist\/\" \/>\n<meta property=\"og:site_name\" content=\"CELTTV\" \/>\n<meta property=\"article:publisher\" content=\"https:\/\/www.facebook.com\/celtTV\/\" \/>\n<meta property=\"article:published_time\" content=\"2019-02-25T15:03:35+00:00\" \/>\n<meta property=\"og:image\" content=\"https:\/\/www.celttv.com.ar\/wp-content\/uploads\/2019\/02\/1280px-Pque_Torquinst_-_Acceso_Admin.jpg\" \/>\n\t<meta property=\"og:image:width\" content=\"1280\" \/>\n\t<meta property=\"og:image:height\" content=\"960\" \/>\n\t<meta property=\"og:image:type\" content=\"image\/jpeg\" \/>\n<meta name=\"author\" content=\"ulises\" \/>\n<meta name=\"twitter:card\" content=\"summary_large_image\" \/>\n<meta name=\"twitter:label1\" content=\"Escrito por\" \/>\n\t<meta name=\"twitter:data1\" content=\"ulises\" \/>\n\t<meta name=\"twitter:label2\" content=\"Tiempo de lectura\" \/>\n\t<meta name=\"twitter:data2\" content=\"1 minuto\" \/>\n<script type=\"application\/ld+json\" class=\"yoast-schema-graph\">{\"@context\":\"https:\/\/schema.org\",\"@graph\":[{\"@type\":\"NewsArticle\",\"@id\":\"https:\/\/www.celttv.com.ar\/index.php\/2019\/02\/25\/fin-de-semana-largo-de-carnaval-en-el-parque-provincial-ernesto-tornquist\/#article\",\"isPartOf\":{\"@id\":\"https:\/\/www.celttv.com.ar\/index.php\/2019\/02\/25\/fin-de-semana-largo-de-carnaval-en-el-parque-provincial-ernesto-tornquist\/\"},\"author\":{\"name\":\"ulises\",\"@id\":\"https:\/\/www.celttv.com.ar\/#\/schema\/person\/6d99c072dba59953809c81446e9d0ace\"},\"headline\":\"Fin de semana largo de Carnaval en el Parque Provincial \u201cErnesto Tornquist\u201d\",\"datePublished\":\"2019-02-25T15:03:35+00:00\",\"dateModified\":\"2019-02-25T15:03:35+00:00\",\"mainEntityOfPage\":{\"@id\":\"https:\/\/www.celttv.com.ar\/index.php\/2019\/02\/25\/fin-de-semana-largo-de-carnaval-en-el-parque-provincial-ernesto-tornquist\/\"},\"wordCount\":132,\"publisher\":{\"@id\":\"https:\/\/www.celttv.com.ar\/#organization\"},\"articleSection\":[\"Celt TV Noticias\",\"Comunidad\",\"Destacadas\",\"Turismo\"],\"inLanguage\":\"es\"},{\"@type\":\"WebPage\",\"@id\":\"https:\/\/www.celttv.com.ar\/index.php\/2019\/02\/25\/fin-de-semana-largo-de-carnaval-en-el-parque-provincial-ernesto-tornquist\/\",\"url\":\"https:\/\/www.celttv.com.ar\/index.php\/2019\/02\/25\/fin-de-semana-largo-de-carnaval-en-el-parque-provincial-ernesto-tornquist\/\",\"name\":\"Fin de semana largo de Carnaval en el Parque Provincial \u201cErnesto Tornquist\u201d - CELTTV\",\"isPartOf\":{\"@id\":\"https:\/\/www.celttv.com.ar\/#website\"},\"datePublished\":\"2019-02-25T15:03:35+00:00\",\"dateModified\":\"2019-02-25T15:03:35+00:00\",\"description\":\"Sitio web de noticias de la localidad de Tornquist, provincia de Buenos Aires, Rep\u00fablica Argentina. Contenido propio originado por periodistas de CELTTV, el canal de TV local de la Cooperativa El\u00e9ctrica de Tornquist. Turismo, Pol\u00edtica, Sociedad, Deporte, Cultura y todo el contenido de inter\u00e9s general que la gente del pueblo y la regi\u00f3n debe conocer.\",\"breadcrumb\":{\"@id\":\"https:\/\/www.celttv.com.ar\/index.php\/2019\/02\/25\/fin-de-semana-largo-de-carnaval-en-el-parque-provincial-ernesto-tornquist\/#breadcrumb\"},\"inLanguage\":\"es\",\"potentialAction\":[{\"@type\":\"ReadAction\",\"target\":[\"https:\/\/www.celttv.com.ar\/index.php\/2019\/02\/25\/fin-de-semana-largo-de-carnaval-en-el-parque-provincial-ernesto-tornquist\/\"]}]},{\"@type\":\"BreadcrumbList\",\"@id\":\"https:\/\/www.celttv.com.ar\/index.php\/2019\/02\/25\/fin-de-semana-largo-de-carnaval-en-el-parque-provincial-ernesto-tornquist\/#breadcrumb\",\"itemListElement\":[{\"@type\":\"ListItem\",\"position\":1,\"name\":\"Inicio\",\"item\":\"https:\/\/www.celttv.com.ar\/\"},{\"@type\":\"ListItem\",\"position\":2,\"name\":\"Fin de semana largo de Carnaval en el Parque Provincial \u201cErnesto Tornquist\u201d\"}]},{\"@type\":\"WebSite\",\"@id\":\"https:\/\/www.celttv.com.ar\/#website\",\"url\":\"https:\/\/www.celttv.com.ar\/\",\"name\":\"CELTTV\",\"description\":\"Cooperativa El\u00e9ctrica de Tornquist\",\"publisher\":{\"@id\":\"https:\/\/www.celttv.com.ar\/#organization\"},\"potentialAction\":[{\"@type\":\"SearchAction\",\"target\":{\"@type\":\"EntryPoint\",\"urlTemplate\":\"https:\/\/www.celttv.com.ar\/?s={search_term_string}\"},\"query-input\":\"required name=search_term_string\"}],\"inLanguage\":\"es\"},{\"@type\":\"Organization\",\"@id\":\"https:\/\/www.celttv.com.ar\/#organization\",\"name\":\"CELTTV\",\"url\":\"https:\/\/www.celttv.com.ar\/\",\"sameAs\":[\"https:\/\/www.youtube.com\/channel\/UCz_oIt8Hig64Ub-EmcNPIhg\",\"https:\/\/www.facebook.com\/celtTV\/\"],\"logo\":{\"@type\":\"ImageObject\",\"inLanguage\":\"es\",\"@id\":\"https:\/\/www.celttv.com.ar\/#\/schema\/logo\/image\/\",\"url\":\"http:\/\/www.celttv.com.ar\/wp-content\/uploads\/2022\/08\/logo-1.png\",\"contentUrl\":\"http:\/\/www.celttv.com.ar\/wp-content\/uploads\/2022\/08\/logo-1.png\",\"width\":461,\"height\":159,\"caption\":\"CELTTV\"},\"image\":{\"@id\":\"https:\/\/www.celttv.com.ar\/#\/schema\/logo\/image\/\"}},{\"@type\":\"Person\",\"@id\":\"https:\/\/www.celttv.com.ar\/#\/schema\/person\/6d99c072dba59953809c81446e9d0ace\",\"name\":\"ulises\",\"image\":{\"@type\":\"ImageObject\",\"inLanguage\":\"es\",\"@id\":\"https:\/\/www.celttv.com.ar\/#\/schema\/person\/image\/\",\"url\":\"https:\/\/secure.gravatar.com\/avatar\/7f2c48bdc33b30088f941fb6082e555f2874c98e20cb159d7b92b50eadfce793?s=96&d=mm&r=g\",\"contentUrl\":\"https:\/\/secure.gravatar.com\/avatar\/7f2c48bdc33b30088f941fb6082e555f2874c98e20cb159d7b92b50eadfce793?s=96&d=mm&r=g\",\"caption\":\"ulises\"},\"sameAs\":[\"http:\/\/www.celttv.com.ar\"]}]}<\/script>\n<!-- \/ Yoast SEO plugin. -->","yoast_head_json":{"title":"Fin de semana largo de Carnaval en el Parque Provincial \u201cErnesto Tornquist\u201d - CELTTV","description":"Sitio web de noticias de la localidad de Tornquist, provincia de Buenos Aires, Rep\u00fablica Argentina. Contenido propio originado por periodistas de CELTTV, el canal de TV local de la Cooperativa El\u00e9ctrica de Tornquist. Turismo, Pol\u00edtica, Sociedad, Deporte, Cultura y todo el contenido de inter\u00e9s general que la gente del pueblo y la regi\u00f3n debe conocer.","robots":{"index":"index","follow":"follow","max-snippet":"max-snippet:-1","max-image-preview":"max-image-preview:large","max-video-preview":"max-video-preview:-1"},"canonical":"https:\/\/www.celttv.com.ar\/index.php\/2019\/02\/25\/fin-de-semana-largo-de-carnaval-en-el-parque-provincial-ernesto-tornquist\/","og_locale":"es_ES","og_type":"article","og_title":"Fin de semana largo de Carnaval en el Parque Provincial \u201cErnesto Tornquist\u201d - CELTTV","og_description":"Sitio web de noticias de la localidad de Tornquist, provincia de Buenos Aires, Rep\u00fablica Argentina. Contenido propio originado por periodistas de CELTTV, el canal de TV local de la Cooperativa El\u00e9ctrica de Tornquist. Turismo, Pol\u00edtica, Sociedad, Deporte, Cultura y todo el contenido de inter\u00e9s general que la gente del pueblo y la regi\u00f3n debe conocer.","og_url":"https:\/\/www.celttv.com.ar\/index.php\/2019\/02\/25\/fin-de-semana-largo-de-carnaval-en-el-parque-provincial-ernesto-tornquist\/","og_site_name":"CELTTV","article_publisher":"https:\/\/www.facebook.com\/celtTV\/","article_published_time":"2019-02-25T15:03:35+00:00","og_image":[{"width":1280,"height":960,"url":"https:\/\/www.celttv.com.ar\/wp-content\/uploads\/2019\/02\/1280px-Pque_Torquinst_-_Acceso_Admin.jpg","type":"image\/jpeg"}],"author":"ulises","twitter_card":"summary_large_image","twitter_misc":{"Escrito por":"ulises","Tiempo de lectura":"1 minuto"},"schema":{"@context":"https:\/\/schema.org","@graph":[{"@type":"NewsArticle","@id":"https:\/\/www.celttv.com.ar\/index.php\/2019\/02\/25\/fin-de-semana-largo-de-carnaval-en-el-parque-provincial-ernesto-tornquist\/#article","isPartOf":{"@id":"https:\/\/www.celttv.com.ar\/index.php\/2019\/02\/25\/fin-de-semana-largo-de-carnaval-en-el-parque-provincial-ernesto-tornquist\/"},"author":{"name":"ulises","@id":"https:\/\/www.celttv.com.ar\/#\/schema\/person\/6d99c072dba59953809c81446e9d0ace"},"headline":"Fin de semana largo de Carnaval en el Parque Provincial \u201cErnesto Tornquist\u201d","datePublished":"2019-02-25T15:03:35+00:00","dateModified":"2019-02-25T15:03:35+00:00","mainEntityOfPage":{"@id":"https:\/\/www.celttv.com.ar\/index.php\/2019\/02\/25\/fin-de-semana-largo-de-carnaval-en-el-parque-provincial-ernesto-tornquist\/"},"wordCount":132,"publisher":{"@id":"https:\/\/www.celttv.com.ar\/#organization"},"articleSection":["Celt TV Noticias","Comunidad","Destacadas","Turismo"],"inLanguage":"es"},{"@type":"WebPage","@id":"https:\/\/www.celttv.com.ar\/index.php\/2019\/02\/25\/fin-de-semana-largo-de-carnaval-en-el-parque-provincial-ernesto-tornquist\/","url":"https:\/\/www.celttv.com.ar\/index.php\/2019\/02\/25\/fin-de-semana-largo-de-carnaval-en-el-parque-provincial-ernesto-tornquist\/","name":"Fin de semana largo de Carnaval en el Parque Provincial \u201cErnesto Tornquist\u201d - CELTTV","isPartOf":{"@id":"https:\/\/www.celttv.com.ar\/#website"},"datePublished":"2019-02-25T15:03:35+00:00","dateModified":"2019-02-25T15:03:35+00:00","description":"Sitio web de noticias de la localidad de Tornquist, provincia de Buenos Aires, Rep\u00fablica Argentina. Contenido propio originado por periodistas de CELTTV, el canal de TV local de la Cooperativa El\u00e9ctrica de Tornquist. Turismo, Pol\u00edtica, Sociedad, Deporte, Cultura y todo el contenido de inter\u00e9s general que la gente del pueblo y la regi\u00f3n debe conocer.","breadcrumb":{"@id":"https:\/\/www.celttv.com.ar\/index.php\/2019\/02\/25\/fin-de-semana-largo-de-carnaval-en-el-parque-provincial-ernesto-tornquist\/#breadcrumb"},"inLanguage":"es","potentialAction":[{"@type":"ReadAction","target":["https:\/\/www.celttv.com.ar\/index.php\/2019\/02\/25\/fin-de-semana-largo-de-carnaval-en-el-parque-provincial-ernesto-tornquist\/"]}]},{"@type":"BreadcrumbList","@id":"https:\/\/www.celttv.com.ar\/index.php\/2019\/02\/25\/fin-de-semana-largo-de-carnaval-en-el-parque-provincial-ernesto-tornquist\/#breadcrumb","itemListElement":[{"@type":"ListItem","position":1,"name":"Inicio","item":"https:\/\/www.celttv.com.ar\/"},{"@type":"ListItem","position":2,"name":"Fin de semana largo de Carnaval en el Parque Provincial \u201cErnesto Tornquist\u201d"}]},{"@type":"WebSite","@id":"https:\/\/www.celttv.com.ar\/#website","url":"https:\/\/www.celttv.com.ar\/","name":"CELTTV","description":"Cooperativa El\u00e9ctrica de Tornquist","publisher":{"@id":"https:\/\/www.celttv.com.ar\/#organization"},"potentialAction":[{"@type":"SearchAction","target":{"@type":"EntryPoint","urlTemplate":"https:\/\/www.celttv.com.ar\/?s={search_term_string}"},"query-input":"required name=search_term_string"}],"inLanguage":"es"},{"@type":"Organization","@id":"https:\/\/www.celttv.com.ar\/#organization","name":"CELTTV","url":"https:\/\/www.celttv.com.ar\/","sameAs":["https:\/\/www.youtube.com\/channel\/UCz_oIt8Hig64Ub-EmcNPIhg","https:\/\/www.facebook.com\/celtTV\/"],"logo":{"@type":"ImageObject","inLanguage":"es","@id":"https:\/\/www.celttv.com.ar\/#\/schema\/logo\/image\/","url":"http:\/\/www.celttv.com.ar\/wp-content\/uploads\/2022\/08\/logo-1.png","contentUrl":"http:\/\/www.celttv.com.ar\/wp-content\/uploads\/2022\/08\/logo-1.png","width":461,"height":159,"caption":"CELTTV"},"image":{"@id":"https:\/\/www.celttv.com.ar\/#\/schema\/logo\/image\/"}},{"@type":"Person","@id":"https:\/\/www.celttv.com.ar\/#\/schema\/person\/6d99c072dba59953809c81446e9d0ace","name":"ulises","image":{"@type":"ImageObject","inLanguage":"es","@id":"https:\/\/www.celttv.com.ar\/#\/schema\/person\/image\/","url":"https:\/\/secure.gravatar.com\/avatar\/7f2c48bdc33b30088f941fb6082e555f2874c98e20cb159d7b92b50eadfce793?s=96&d=mm&r=g","contentUrl":"https:\/\/secure.gravatar.com\/avatar\/7f2c48bdc33b30088f941fb6082e555f2874c98e20cb159d7b92b50eadfce793?s=96&d=mm&r=g","caption":"ulises"},"sameAs":["http:\/\/www.celttv.com.ar"]}]}},"_links":{"self":[{"href":"https:\/\/www.celttv.com.ar\/index.php\/wp-json\/wp\/v2\/posts\/40103","targetHints":{"allow":["GET"]}}],"collection":[{"href":"https:\/\/www.celttv.com.ar\/index.php\/wp-json\/wp\/v2\/posts"}],"about":[{"href":"https:\/\/www.celttv.com.ar\/index.php\/wp-json\/wp\/v2\/types\/post"}],"author":[{"embeddable":true,"href":"https:\/\/www.celttv.com.ar\/index.php\/wp-json\/wp\/v2\/users\/1"}],"replies":[{"embeddable":true,"href":"https:\/\/www.celttv.com.ar\/index.php\/wp-json\/wp\/v2\/comments?post=40103"}],"version-history":[{"count":0,"href":"https:\/\/www.celttv.com.ar\/index.php\/wp-json\/wp\/v2\/posts\/40103\/revisions"}],"wp:featuredmedia":[{"embeddable":true,"href":"https:\/\/www.celttv.com.ar\/index.php\/wp-json\/wp\/v2\/media\/40104"}],"wp:attachment":[{"href":"https:\/\/www.celttv.com.ar\/index.php\/wp-json\/wp\/v2\/media?parent=40103"}],"wp:term":[{"taxonomy":"category","embeddable":true,"href":"https:\/\/www.celttv.com.ar\/index.php\/wp-json\/wp\/v2\/categories?post=40103"},{"taxonomy":"post_tag","embeddable":true,"href":"https:\/\/www.celttv.com.ar\/index.php\/wp-json\/wp\/v2\/tags?post=40103"}],"curies":[{"name":"wp","href":"https:\/\/api.w.org\/{rel}","templated":true}]}}