{"id":40119,"date":"2019-02-26T13:37:27","date_gmt":"2019-02-26T13:37:27","guid":{"rendered":"http:\/\/www.celttv.com.ar\/?p=40119"},"modified":"2019-02-26T13:37:27","modified_gmt":"2019-02-26T13:37:27","slug":"sesion-extraordinaria-del-honorable-concejo-deliberante","status":"publish","type":"post","link":"https:\/\/www.celttv.com.ar\/index.php\/2019\/02\/26\/sesion-extraordinaria-del-honorable-concejo-deliberante\/","title":{"rendered":"Sesi\u00f3n Extraordinaria del Honorable Concejo Deliberante"},"content":{"rendered":"<p>DECRETO\u00a0 N\u00ba 01\/19<\/p>\n<p><strong><u>VISTO:<\/u><\/strong><\/p>\n<p>&nbsp;<\/p>\n<p>Las facultades otorgadas al Presidente del Honorable Concejo Deliberante por el Art\u00edculo 68\u00ba de la Ley Org\u00e1nica de las Municipalidades, a efectos de que se convoque a Sesi\u00f3n Extraordinaria para el d\u00eda 26 de febrero de 2019, y;<\/p>\n<p>&nbsp;<\/p>\n<p><strong><u>CONSIDERANDO:<\/u><\/strong><\/p>\n<p>&nbsp;<\/p>\n<p>Que el Presidente del Honorable Concejo Deliberante, se encuentra num\u00e9ricamente facultado para que tal solicitud proceda, conforme a las disposiciones del Art\u00edculo anteriormente mencionado, Inciso 5\u00ba de la Ley Org\u00e1nica de la Municipalidades y al Art\u00edculo 5\u00ba, Inciso 5\u00ba del Reglamento Interno de este Cuerpo.<\/p>\n<p>&nbsp;<\/p>\n<p><strong><u>POR ELLO:<\/u><\/strong><\/p>\n<p><strong>\u00a0<\/strong><\/p>\n<h3>EL PRESIDENTE del HONORABLE CONCEJO DELIBERANTE,<\/h3>\n<p><strong>en uso de sus facultades,<\/strong><\/p>\n<p><strong><u>D E C R E T A<\/u><\/strong><\/p>\n<p><strong><u>\u00a0<\/u><\/strong><\/p>\n<p><strong><u>ART\u00cdCULO 1\u00ba:<\/u><\/strong> Conv\u00f3quese a los miembros del Honorable Concejo Deliberante a Sesi\u00f3n Extraordinaria, para el d\u00eda 26 de febrero de 2019, a la hora 20:00, con el objeto de dar tratamiento a los siguientes temas:<\/p>\n<p>&nbsp;<\/p>\n<ul>\n<li><strong><u>Expte. N\u00ba 013\/19:<\/u><\/strong> &#8211; D.E. \u2013 Convalida la firma del Convenio de Subvenci\u00f3n &#8211; Proyecto \u201cExperimento Ventania\u201d.-<\/li>\n<li><strong><u>Expte. N\u00ba 018\/19:<\/u><\/strong> &#8211; D.E. \u2013 Convalida la firma del Convenio de Subvenci\u00f3n \u2013 Proyecto \u201cSistema Integrado de Se\u00f1alizaci\u00f3n Vial y Se\u00f1al\u00e9tica Tur\u00edstica en el Distrito de Tornquist\u201d.-<\/li>\n<li><strong><u>Expte. N\u00ba 021\/19:<\/u><\/strong> &#8211; D.E. \u2013 Convalida la firma del Contrato de Comodato celebrado con la Direcci\u00f3n General de Cultura y Educaci\u00f3n de la Provincia de Buenos Aires &#8211; S.S.A.T.D.I. &#8211; Anexo N\u00ba 502.-<\/li>\n<li><strong><u>Expte. N\u00ba 022\/19:<\/u><\/strong> &#8211; D.E. \u2013 Convalida la firma del Convenio de Colaboraci\u00f3n celebrado entre el C\u00edrculo M\u00e9dico de Tornquist y el Municipio.-<\/li>\n<li><strong><u>Expte. N\u00ba 024\/19:<\/u><\/strong> &#8211; Modificaci\u00f3n C\u00f3digo Tributario Municipal.-<\/li>\n<li><strong><u>Expte. N\u00ba 027\/19:<\/u><\/strong> &#8211; D.E. &#8211; Convalida la firma del Convenio de Uso y Colaboraci\u00f3n celebrado entre el C.E.N.S. N\u00ba 451, la E.E.S. N\u00ba 4, la U.P.S.O. y la Municipalidad de Tornquist.-<\/li>\n<li><strong><u>Secretaria H.C.D. M. Valentina Nyez:<\/u><\/strong> Presenta renuncia a su cargo de Secretaria Legislativa.-<\/li>\n<li><strong><u>Edil De Larena Germ\u00e1n:<\/u><\/strong> Solicita licencia a su cargo de Concejal.-<\/li>\n<li>Designaci\u00f3n Secretario Legislativo del Honorable Concejo Deliberante.-<\/li>\n<\/ul>\n<p>&nbsp;<\/p>\n<p><strong><u>ART\u00cdCULO 2\u00ba:<\/u><\/strong> Comun\u00edquese, Publ\u00edquese, Reg\u00edstrese y Cumplido: ARCH\u00cdVESE.-<\/p>\n<p>&nbsp;<\/p>\n<h1><\/h1>\n<h1>TORNQUIST, 25 DE FEBRERO DE 2019.-<\/h1>\n<p>&nbsp;<\/p>\n<p>&nbsp;<\/p>\n<p>&nbsp;<\/p>\n","protected":false},"excerpt":{"rendered":"<p>DECRETO\u00a0 N\u00ba 01\/19 VISTO: &nbsp; Las facultades otorgadas al Presidente del Honorable Concejo Deliberante por el Art\u00edculo 68\u00ba de la Ley Org\u00e1nica de las Municipalidades, a efectos de que se convoque a Sesi\u00f3n Extraordinaria para el d\u00eda 26 de febrero de 2019, y; &nbsp; CONSIDERANDO: &nbsp; Que el Presidente del Honorable Concejo Deliberante, se encuentra [&hellip;]<\/p>\n","protected":false},"author":1,"featured_media":40120,"comment_status":"closed","ping_status":"open","sticky":false,"template":"","format":"standard","meta":{"footnotes":""},"categories":[55,51,52,53],"tags":[],"class_list":["post-40119","post","type-post","status-publish","format-standard","has-post-thumbnail","hentry","category-celt-tv-noticias","category-comunidad","category-destacadas","category-politica"],"yoast_head":"<!-- This site is optimized with the Yoast SEO plugin v19.7.1 - https:\/\/yoast.com\/wordpress\/plugins\/seo\/ -->\n<title>Sesi\u00f3n Extraordinaria del Honorable Concejo Deliberante - CELTTV<\/title>\n<meta name=\"description\" content=\"Sitio web de noticias de la localidad de Tornquist, provincia de Buenos Aires, Rep\u00fablica Argentina. Contenido propio originado por periodistas de CELTTV, el canal de TV local de la Cooperativa El\u00e9ctrica de Tornquist. Turismo, Pol\u00edtica, Sociedad, Deporte, Cultura y todo el contenido de inter\u00e9s general que la gente del pueblo y la regi\u00f3n debe conocer.\" \/>\n<meta name=\"robots\" content=\"index, follow, max-snippet:-1, max-image-preview:large, max-video-preview:-1\" \/>\n<link rel=\"canonical\" href=\"https:\/\/www.celttv.com.ar\/index.php\/2019\/02\/26\/sesion-extraordinaria-del-honorable-concejo-deliberante\/\" \/>\n<meta property=\"og:locale\" content=\"es_ES\" \/>\n<meta property=\"og:type\" content=\"article\" \/>\n<meta property=\"og:title\" content=\"Sesi\u00f3n Extraordinaria del Honorable Concejo Deliberante - CELTTV\" \/>\n<meta property=\"og:description\" content=\"Sitio web de noticias de la localidad de Tornquist, provincia de Buenos Aires, Rep\u00fablica Argentina. Contenido propio originado por periodistas de CELTTV, el canal de TV local de la Cooperativa El\u00e9ctrica de Tornquist. Turismo, Pol\u00edtica, Sociedad, Deporte, Cultura y todo el contenido de inter\u00e9s general que la gente del pueblo y la regi\u00f3n debe conocer.\" \/>\n<meta property=\"og:url\" content=\"https:\/\/www.celttv.com.ar\/index.php\/2019\/02\/26\/sesion-extraordinaria-del-honorable-concejo-deliberante\/\" \/>\n<meta property=\"og:site_name\" content=\"CELTTV\" \/>\n<meta property=\"article:publisher\" content=\"https:\/\/www.facebook.com\/celtTV\/\" \/>\n<meta property=\"article:published_time\" content=\"2019-02-26T13:37:27+00:00\" \/>\n<meta property=\"og:image\" content=\"https:\/\/www.celttv.com.ar\/wp-content\/uploads\/2019\/02\/hcd_1.jpg\" \/>\n\t<meta property=\"og:image:width\" content=\"448\" \/>\n\t<meta property=\"og:image:height\" content=\"222\" \/>\n\t<meta property=\"og:image:type\" content=\"image\/jpeg\" \/>\n<meta name=\"author\" content=\"ulises\" \/>\n<meta name=\"twitter:card\" content=\"summary_large_image\" \/>\n<meta name=\"twitter:label1\" content=\"Escrito por\" \/>\n\t<meta name=\"twitter:data1\" content=\"ulises\" \/>\n\t<meta name=\"twitter:label2\" content=\"Tiempo de lectura\" \/>\n\t<meta name=\"twitter:data2\" content=\"2 minutos\" \/>\n<script type=\"application\/ld+json\" class=\"yoast-schema-graph\">{\"@context\":\"https:\/\/schema.org\",\"@graph\":[{\"@type\":\"NewsArticle\",\"@id\":\"https:\/\/www.celttv.com.ar\/index.php\/2019\/02\/26\/sesion-extraordinaria-del-honorable-concejo-deliberante\/#article\",\"isPartOf\":{\"@id\":\"https:\/\/www.celttv.com.ar\/index.php\/2019\/02\/26\/sesion-extraordinaria-del-honorable-concejo-deliberante\/\"},\"author\":{\"name\":\"ulises\",\"@id\":\"https:\/\/www.celttv.com.ar\/#\/schema\/person\/6d99c072dba59953809c81446e9d0ace\"},\"headline\":\"Sesi\u00f3n Extraordinaria del Honorable Concejo Deliberante\",\"datePublished\":\"2019-02-26T13:37:27+00:00\",\"dateModified\":\"2019-02-26T13:37:27+00:00\",\"mainEntityOfPage\":{\"@id\":\"https:\/\/www.celttv.com.ar\/index.php\/2019\/02\/26\/sesion-extraordinaria-del-honorable-concejo-deliberante\/\"},\"wordCount\":384,\"publisher\":{\"@id\":\"https:\/\/www.celttv.com.ar\/#organization\"},\"articleSection\":[\"Celt TV Noticias\",\"Comunidad\",\"Destacadas\",\"Pol\u00edtica\"],\"inLanguage\":\"es\"},{\"@type\":\"WebPage\",\"@id\":\"https:\/\/www.celttv.com.ar\/index.php\/2019\/02\/26\/sesion-extraordinaria-del-honorable-concejo-deliberante\/\",\"url\":\"https:\/\/www.celttv.com.ar\/index.php\/2019\/02\/26\/sesion-extraordinaria-del-honorable-concejo-deliberante\/\",\"name\":\"Sesi\u00f3n Extraordinaria del Honorable Concejo Deliberante - CELTTV\",\"isPartOf\":{\"@id\":\"https:\/\/www.celttv.com.ar\/#website\"},\"datePublished\":\"2019-02-26T13:37:27+00:00\",\"dateModified\":\"2019-02-26T13:37:27+00:00\",\"description\":\"Sitio web de noticias de la localidad de Tornquist, provincia de Buenos Aires, Rep\u00fablica Argentina. Contenido propio originado por periodistas de CELTTV, el canal de TV local de la Cooperativa El\u00e9ctrica de Tornquist. Turismo, Pol\u00edtica, Sociedad, Deporte, Cultura y todo el contenido de inter\u00e9s general que la gente del pueblo y la regi\u00f3n debe conocer.\",\"breadcrumb\":{\"@id\":\"https:\/\/www.celttv.com.ar\/index.php\/2019\/02\/26\/sesion-extraordinaria-del-honorable-concejo-deliberante\/#breadcrumb\"},\"inLanguage\":\"es\",\"potentialAction\":[{\"@type\":\"ReadAction\",\"target\":[\"https:\/\/www.celttv.com.ar\/index.php\/2019\/02\/26\/sesion-extraordinaria-del-honorable-concejo-deliberante\/\"]}]},{\"@type\":\"BreadcrumbList\",\"@id\":\"https:\/\/www.celttv.com.ar\/index.php\/2019\/02\/26\/sesion-extraordinaria-del-honorable-concejo-deliberante\/#breadcrumb\",\"itemListElement\":[{\"@type\":\"ListItem\",\"position\":1,\"name\":\"Inicio\",\"item\":\"https:\/\/www.celttv.com.ar\/\"},{\"@type\":\"ListItem\",\"position\":2,\"name\":\"Sesi\u00f3n Extraordinaria del Honorable Concejo Deliberante\"}]},{\"@type\":\"WebSite\",\"@id\":\"https:\/\/www.celttv.com.ar\/#website\",\"url\":\"https:\/\/www.celttv.com.ar\/\",\"name\":\"CELTTV\",\"description\":\"Cooperativa El\u00e9ctrica de Tornquist\",\"publisher\":{\"@id\":\"https:\/\/www.celttv.com.ar\/#organization\"},\"potentialAction\":[{\"@type\":\"SearchAction\",\"target\":{\"@type\":\"EntryPoint\",\"urlTemplate\":\"https:\/\/www.celttv.com.ar\/?s={search_term_string}\"},\"query-input\":\"required name=search_term_string\"}],\"inLanguage\":\"es\"},{\"@type\":\"Organization\",\"@id\":\"https:\/\/www.celttv.com.ar\/#organization\",\"name\":\"CELTTV\",\"url\":\"https:\/\/www.celttv.com.ar\/\",\"sameAs\":[\"https:\/\/www.youtube.com\/channel\/UCz_oIt8Hig64Ub-EmcNPIhg\",\"https:\/\/www.facebook.com\/celtTV\/\"],\"logo\":{\"@type\":\"ImageObject\",\"inLanguage\":\"es\",\"@id\":\"https:\/\/www.celttv.com.ar\/#\/schema\/logo\/image\/\",\"url\":\"http:\/\/www.celttv.com.ar\/wp-content\/uploads\/2022\/08\/logo-1.png\",\"contentUrl\":\"http:\/\/www.celttv.com.ar\/wp-content\/uploads\/2022\/08\/logo-1.png\",\"width\":461,\"height\":159,\"caption\":\"CELTTV\"},\"image\":{\"@id\":\"https:\/\/www.celttv.com.ar\/#\/schema\/logo\/image\/\"}},{\"@type\":\"Person\",\"@id\":\"https:\/\/www.celttv.com.ar\/#\/schema\/person\/6d99c072dba59953809c81446e9d0ace\",\"name\":\"ulises\",\"image\":{\"@type\":\"ImageObject\",\"inLanguage\":\"es\",\"@id\":\"https:\/\/www.celttv.com.ar\/#\/schema\/person\/image\/\",\"url\":\"https:\/\/secure.gravatar.com\/avatar\/7f2c48bdc33b30088f941fb6082e555f2874c98e20cb159d7b92b50eadfce793?s=96&d=mm&r=g\",\"contentUrl\":\"https:\/\/secure.gravatar.com\/avatar\/7f2c48bdc33b30088f941fb6082e555f2874c98e20cb159d7b92b50eadfce793?s=96&d=mm&r=g\",\"caption\":\"ulises\"},\"sameAs\":[\"http:\/\/www.celttv.com.ar\"]}]}<\/script>\n<!-- \/ Yoast SEO plugin. -->","yoast_head_json":{"title":"Sesi\u00f3n Extraordinaria del Honorable Concejo Deliberante - CELTTV","description":"Sitio web de noticias de la localidad de Tornquist, provincia de Buenos Aires, Rep\u00fablica Argentina. Contenido propio originado por periodistas de CELTTV, el canal de TV local de la Cooperativa El\u00e9ctrica de Tornquist. Turismo, Pol\u00edtica, Sociedad, Deporte, Cultura y todo el contenido de inter\u00e9s general que la gente del pueblo y la regi\u00f3n debe conocer.","robots":{"index":"index","follow":"follow","max-snippet":"max-snippet:-1","max-image-preview":"max-image-preview:large","max-video-preview":"max-video-preview:-1"},"canonical":"https:\/\/www.celttv.com.ar\/index.php\/2019\/02\/26\/sesion-extraordinaria-del-honorable-concejo-deliberante\/","og_locale":"es_ES","og_type":"article","og_title":"Sesi\u00f3n Extraordinaria del Honorable Concejo Deliberante - CELTTV","og_description":"Sitio web de noticias de la localidad de Tornquist, provincia de Buenos Aires, Rep\u00fablica Argentina. Contenido propio originado por periodistas de CELTTV, el canal de TV local de la Cooperativa El\u00e9ctrica de Tornquist. Turismo, Pol\u00edtica, Sociedad, Deporte, Cultura y todo el contenido de inter\u00e9s general que la gente del pueblo y la regi\u00f3n debe conocer.","og_url":"https:\/\/www.celttv.com.ar\/index.php\/2019\/02\/26\/sesion-extraordinaria-del-honorable-concejo-deliberante\/","og_site_name":"CELTTV","article_publisher":"https:\/\/www.facebook.com\/celtTV\/","article_published_time":"2019-02-26T13:37:27+00:00","og_image":[{"width":448,"height":222,"url":"https:\/\/www.celttv.com.ar\/wp-content\/uploads\/2019\/02\/hcd_1.jpg","type":"image\/jpeg"}],"author":"ulises","twitter_card":"summary_large_image","twitter_misc":{"Escrito por":"ulises","Tiempo de lectura":"2 minutos"},"schema":{"@context":"https:\/\/schema.org","@graph":[{"@type":"NewsArticle","@id":"https:\/\/www.celttv.com.ar\/index.php\/2019\/02\/26\/sesion-extraordinaria-del-honorable-concejo-deliberante\/#article","isPartOf":{"@id":"https:\/\/www.celttv.com.ar\/index.php\/2019\/02\/26\/sesion-extraordinaria-del-honorable-concejo-deliberante\/"},"author":{"name":"ulises","@id":"https:\/\/www.celttv.com.ar\/#\/schema\/person\/6d99c072dba59953809c81446e9d0ace"},"headline":"Sesi\u00f3n Extraordinaria del Honorable Concejo Deliberante","datePublished":"2019-02-26T13:37:27+00:00","dateModified":"2019-02-26T13:37:27+00:00","mainEntityOfPage":{"@id":"https:\/\/www.celttv.com.ar\/index.php\/2019\/02\/26\/sesion-extraordinaria-del-honorable-concejo-deliberante\/"},"wordCount":384,"publisher":{"@id":"https:\/\/www.celttv.com.ar\/#organization"},"articleSection":["Celt TV Noticias","Comunidad","Destacadas","Pol\u00edtica"],"inLanguage":"es"},{"@type":"WebPage","@id":"https:\/\/www.celttv.com.ar\/index.php\/2019\/02\/26\/sesion-extraordinaria-del-honorable-concejo-deliberante\/","url":"https:\/\/www.celttv.com.ar\/index.php\/2019\/02\/26\/sesion-extraordinaria-del-honorable-concejo-deliberante\/","name":"Sesi\u00f3n Extraordinaria del Honorable Concejo Deliberante - CELTTV","isPartOf":{"@id":"https:\/\/www.celttv.com.ar\/#website"},"datePublished":"2019-02-26T13:37:27+00:00","dateModified":"2019-02-26T13:37:27+00:00","description":"Sitio web de noticias de la localidad de Tornquist, provincia de Buenos Aires, Rep\u00fablica Argentina. Contenido propio originado por periodistas de CELTTV, el canal de TV local de la Cooperativa El\u00e9ctrica de Tornquist. Turismo, Pol\u00edtica, Sociedad, Deporte, Cultura y todo el contenido de inter\u00e9s general que la gente del pueblo y la regi\u00f3n debe conocer.","breadcrumb":{"@id":"https:\/\/www.celttv.com.ar\/index.php\/2019\/02\/26\/sesion-extraordinaria-del-honorable-concejo-deliberante\/#breadcrumb"},"inLanguage":"es","potentialAction":[{"@type":"ReadAction","target":["https:\/\/www.celttv.com.ar\/index.php\/2019\/02\/26\/sesion-extraordinaria-del-honorable-concejo-deliberante\/"]}]},{"@type":"BreadcrumbList","@id":"https:\/\/www.celttv.com.ar\/index.php\/2019\/02\/26\/sesion-extraordinaria-del-honorable-concejo-deliberante\/#breadcrumb","itemListElement":[{"@type":"ListItem","position":1,"name":"Inicio","item":"https:\/\/www.celttv.com.ar\/"},{"@type":"ListItem","position":2,"name":"Sesi\u00f3n Extraordinaria del Honorable Concejo Deliberante"}]},{"@type":"WebSite","@id":"https:\/\/www.celttv.com.ar\/#website","url":"https:\/\/www.celttv.com.ar\/","name":"CELTTV","description":"Cooperativa El\u00e9ctrica de Tornquist","publisher":{"@id":"https:\/\/www.celttv.com.ar\/#organization"},"potentialAction":[{"@type":"SearchAction","target":{"@type":"EntryPoint","urlTemplate":"https:\/\/www.celttv.com.ar\/?s={search_term_string}"},"query-input":"required name=search_term_string"}],"inLanguage":"es"},{"@type":"Organization","@id":"https:\/\/www.celttv.com.ar\/#organization","name":"CELTTV","url":"https:\/\/www.celttv.com.ar\/","sameAs":["https:\/\/www.youtube.com\/channel\/UCz_oIt8Hig64Ub-EmcNPIhg","https:\/\/www.facebook.com\/celtTV\/"],"logo":{"@type":"ImageObject","inLanguage":"es","@id":"https:\/\/www.celttv.com.ar\/#\/schema\/logo\/image\/","url":"http:\/\/www.celttv.com.ar\/wp-content\/uploads\/2022\/08\/logo-1.png","contentUrl":"http:\/\/www.celttv.com.ar\/wp-content\/uploads\/2022\/08\/logo-1.png","width":461,"height":159,"caption":"CELTTV"},"image":{"@id":"https:\/\/www.celttv.com.ar\/#\/schema\/logo\/image\/"}},{"@type":"Person","@id":"https:\/\/www.celttv.com.ar\/#\/schema\/person\/6d99c072dba59953809c81446e9d0ace","name":"ulises","image":{"@type":"ImageObject","inLanguage":"es","@id":"https:\/\/www.celttv.com.ar\/#\/schema\/person\/image\/","url":"https:\/\/secure.gravatar.com\/avatar\/7f2c48bdc33b30088f941fb6082e555f2874c98e20cb159d7b92b50eadfce793?s=96&d=mm&r=g","contentUrl":"https:\/\/secure.gravatar.com\/avatar\/7f2c48bdc33b30088f941fb6082e555f2874c98e20cb159d7b92b50eadfce793?s=96&d=mm&r=g","caption":"ulises"},"sameAs":["http:\/\/www.celttv.com.ar"]}]}},"_links":{"self":[{"href":"https:\/\/www.celttv.com.ar\/index.php\/wp-json\/wp\/v2\/posts\/40119","targetHints":{"allow":["GET"]}}],"collection":[{"href":"https:\/\/www.celttv.com.ar\/index.php\/wp-json\/wp\/v2\/posts"}],"about":[{"href":"https:\/\/www.celttv.com.ar\/index.php\/wp-json\/wp\/v2\/types\/post"}],"author":[{"embeddable":true,"href":"https:\/\/www.celttv.com.ar\/index.php\/wp-json\/wp\/v2\/users\/1"}],"replies":[{"embeddable":true,"href":"https:\/\/www.celttv.com.ar\/index.php\/wp-json\/wp\/v2\/comments?post=40119"}],"version-history":[{"count":0,"href":"https:\/\/www.celttv.com.ar\/index.php\/wp-json\/wp\/v2\/posts\/40119\/revisions"}],"wp:featuredmedia":[{"embeddable":true,"href":"https:\/\/www.celttv.com.ar\/index.php\/wp-json\/wp\/v2\/media\/40120"}],"wp:attachment":[{"href":"https:\/\/www.celttv.com.ar\/index.php\/wp-json\/wp\/v2\/media?parent=40119"}],"wp:term":[{"taxonomy":"category","embeddable":true,"href":"https:\/\/www.celttv.com.ar\/index.php\/wp-json\/wp\/v2\/categories?post=40119"},{"taxonomy":"post_tag","embeddable":true,"href":"https:\/\/www.celttv.com.ar\/index.php\/wp-json\/wp\/v2\/tags?post=40119"}],"curies":[{"name":"wp","href":"https:\/\/api.w.org\/{rel}","templated":true}]}}