{"id":40132,"date":"2019-02-27T20:43:52","date_gmt":"2019-02-27T20:43:52","guid":{"rendered":"http:\/\/www.celttv.com.ar\/?p=40132"},"modified":"2019-02-27T20:43:52","modified_gmt":"2019-02-27T20:43:52","slug":"la-camara-nacional-electoral-aprobo-el-cronograma-para-los-comicios-del-27-de-octubre","status":"publish","type":"post","link":"https:\/\/www.celttv.com.ar\/index.php\/2019\/02\/27\/la-camara-nacional-electoral-aprobo-el-cronograma-para-los-comicios-del-27-de-octubre\/","title":{"rendered":"La C\u00e1mara Nacional Electoral aprob\u00f3 el cronograma para los comicios del 27 de octubre"},"content":{"rendered":"<p>La C\u00e1mara Nacional Electoral aprob\u00f3 hoy el cronograma para los comicios nacionales del pr\u00f3ximo 27 de octubre.<\/p>\n<p>El cronograma establece, entre otras cuestiones, las fechas de las elecciones primarias y las generales, cu\u00e1ndo podr\u00e1n consultarse los padrones, el reconocimiento de alianzas electorales y los plazos de la campa\u00f1a electoral.<\/p>\n<p>Adem\u00e1s, como novedad, se fijan las fechas de los Debates Presidenciales Obligatorios que ser\u00e1n el 12 de octubre y el 20 de octubre, y en caso que hubiera una segunda vuelta, se realizar\u00e1 un tercero el 17 de noviembre, a partir de la ley que consagra esas instancias.<\/p>\n<p>As\u00ed, el 12 de junio pr\u00f3ximo termina el plazo para solicitar reconocimiento de alianzas transitorias y confederaciones para participar en comicios.<\/p>\n<p>Y el 22 de ese mismo mes ser\u00e1 el fin del plazo para la presentaci\u00f3n de listas de precandidatos ante las juntas electorales partidarias.<\/p>\n<p>El 12 de julio comienza formalmente la campa\u00f1a electoral de cara a las Primarias Abiertas Sumult\u00e1neas y Obligatorias (PASO) del 11 de agosto.<\/p>\n<p>La campa\u00f1a electoral nacional comenzar\u00e1 el 22 de septiembre de cara a las elecciones del 27 de octubre. De haber segunda vuelta tendr\u00e1 lugar el 24 de noviembre, seg\u00fan se inform\u00f3. (NA)<\/p>\n","protected":false},"excerpt":{"rendered":"<p>La C\u00e1mara Nacional Electoral aprob\u00f3 hoy el cronograma para los comicios nacionales del pr\u00f3ximo 27 de octubre. El cronograma establece, entre otras cuestiones, las fechas de las elecciones primarias y las generales, cu\u00e1ndo podr\u00e1n consultarse los padrones, el reconocimiento de alianzas electorales y los plazos de la campa\u00f1a electoral. Adem\u00e1s, como novedad, se fijan las [&hellip;]<\/p>\n","protected":false},"author":1,"featured_media":40134,"comment_status":"closed","ping_status":"open","sticky":false,"template":"","format":"standard","meta":{"footnotes":""},"categories":[51,52,53],"tags":[],"class_list":["post-40132","post","type-post","status-publish","format-standard","has-post-thumbnail","hentry","category-comunidad","category-destacadas","category-politica"],"yoast_head":"<!-- This site is optimized with the Yoast SEO plugin v19.7.1 - https:\/\/yoast.com\/wordpress\/plugins\/seo\/ -->\n<title>La C\u00e1mara Nacional Electoral aprob\u00f3 el cronograma para los comicios del 27 de octubre - CELTTV<\/title>\n<meta name=\"description\" content=\"Sitio web de noticias de la localidad de Tornquist, provincia de Buenos Aires, Rep\u00fablica Argentina. Contenido propio originado por periodistas de CELTTV, el canal de TV local de la Cooperativa El\u00e9ctrica de Tornquist. Turismo, Pol\u00edtica, Sociedad, Deporte, Cultura y todo el contenido de inter\u00e9s general que la gente del pueblo y la regi\u00f3n debe conocer.\" \/>\n<meta name=\"robots\" content=\"index, follow, max-snippet:-1, max-image-preview:large, max-video-preview:-1\" \/>\n<link rel=\"canonical\" href=\"https:\/\/www.celttv.com.ar\/index.php\/2019\/02\/27\/la-camara-nacional-electoral-aprobo-el-cronograma-para-los-comicios-del-27-de-octubre\/\" \/>\n<meta property=\"og:locale\" content=\"es_ES\" \/>\n<meta property=\"og:type\" content=\"article\" \/>\n<meta property=\"og:title\" content=\"La C\u00e1mara Nacional Electoral aprob\u00f3 el cronograma para los comicios del 27 de octubre - CELTTV\" \/>\n<meta property=\"og:description\" content=\"Sitio web de noticias de la localidad de Tornquist, provincia de Buenos Aires, Rep\u00fablica Argentina. Contenido propio originado por periodistas de CELTTV, el canal de TV local de la Cooperativa El\u00e9ctrica de Tornquist. Turismo, Pol\u00edtica, Sociedad, Deporte, Cultura y todo el contenido de inter\u00e9s general que la gente del pueblo y la regi\u00f3n debe conocer.\" \/>\n<meta property=\"og:url\" content=\"https:\/\/www.celttv.com.ar\/index.php\/2019\/02\/27\/la-camara-nacional-electoral-aprobo-el-cronograma-para-los-comicios-del-27-de-octubre\/\" \/>\n<meta property=\"og:site_name\" content=\"CELTTV\" \/>\n<meta property=\"article:publisher\" content=\"https:\/\/www.facebook.com\/celtTV\/\" \/>\n<meta property=\"article:published_time\" content=\"2019-02-27T20:43:52+00:00\" \/>\n<meta property=\"og:image\" content=\"https:\/\/www.celttv.com.ar\/wp-content\/uploads\/2019\/02\/urna-1.jpg\" \/>\n\t<meta property=\"og:image:width\" content=\"798\" \/>\n\t<meta property=\"og:image:height\" content=\"529\" \/>\n\t<meta property=\"og:image:type\" content=\"image\/jpeg\" \/>\n<meta name=\"author\" content=\"ulises\" \/>\n<meta name=\"twitter:card\" content=\"summary_large_image\" \/>\n<meta name=\"twitter:label1\" content=\"Escrito por\" \/>\n\t<meta name=\"twitter:data1\" content=\"ulises\" \/>\n\t<meta name=\"twitter:label2\" content=\"Tiempo de lectura\" \/>\n\t<meta name=\"twitter:data2\" content=\"1 minuto\" \/>\n<script type=\"application\/ld+json\" class=\"yoast-schema-graph\">{\"@context\":\"https:\/\/schema.org\",\"@graph\":[{\"@type\":\"NewsArticle\",\"@id\":\"https:\/\/www.celttv.com.ar\/index.php\/2019\/02\/27\/la-camara-nacional-electoral-aprobo-el-cronograma-para-los-comicios-del-27-de-octubre\/#article\",\"isPartOf\":{\"@id\":\"https:\/\/www.celttv.com.ar\/index.php\/2019\/02\/27\/la-camara-nacional-electoral-aprobo-el-cronograma-para-los-comicios-del-27-de-octubre\/\"},\"author\":{\"name\":\"ulises\",\"@id\":\"https:\/\/www.celttv.com.ar\/#\/schema\/person\/6d99c072dba59953809c81446e9d0ace\"},\"headline\":\"La C\u00e1mara Nacional Electoral aprob\u00f3 el cronograma para los comicios del 27 de octubre\",\"datePublished\":\"2019-02-27T20:43:52+00:00\",\"dateModified\":\"2019-02-27T20:43:52+00:00\",\"mainEntityOfPage\":{\"@id\":\"https:\/\/www.celttv.com.ar\/index.php\/2019\/02\/27\/la-camara-nacional-electoral-aprobo-el-cronograma-para-los-comicios-del-27-de-octubre\/\"},\"wordCount\":213,\"publisher\":{\"@id\":\"https:\/\/www.celttv.com.ar\/#organization\"},\"articleSection\":[\"Comunidad\",\"Destacadas\",\"Pol\u00edtica\"],\"inLanguage\":\"es\"},{\"@type\":\"WebPage\",\"@id\":\"https:\/\/www.celttv.com.ar\/index.php\/2019\/02\/27\/la-camara-nacional-electoral-aprobo-el-cronograma-para-los-comicios-del-27-de-octubre\/\",\"url\":\"https:\/\/www.celttv.com.ar\/index.php\/2019\/02\/27\/la-camara-nacional-electoral-aprobo-el-cronograma-para-los-comicios-del-27-de-octubre\/\",\"name\":\"La C\u00e1mara Nacional Electoral aprob\u00f3 el cronograma para los comicios del 27 de octubre - CELTTV\",\"isPartOf\":{\"@id\":\"https:\/\/www.celttv.com.ar\/#website\"},\"datePublished\":\"2019-02-27T20:43:52+00:00\",\"dateModified\":\"2019-02-27T20:43:52+00:00\",\"description\":\"Sitio web de noticias de la localidad de Tornquist, provincia de Buenos Aires, Rep\u00fablica Argentina. Contenido propio originado por periodistas de CELTTV, el canal de TV local de la Cooperativa El\u00e9ctrica de Tornquist. Turismo, Pol\u00edtica, Sociedad, Deporte, Cultura y todo el contenido de inter\u00e9s general que la gente del pueblo y la regi\u00f3n debe conocer.\",\"breadcrumb\":{\"@id\":\"https:\/\/www.celttv.com.ar\/index.php\/2019\/02\/27\/la-camara-nacional-electoral-aprobo-el-cronograma-para-los-comicios-del-27-de-octubre\/#breadcrumb\"},\"inLanguage\":\"es\",\"potentialAction\":[{\"@type\":\"ReadAction\",\"target\":[\"https:\/\/www.celttv.com.ar\/index.php\/2019\/02\/27\/la-camara-nacional-electoral-aprobo-el-cronograma-para-los-comicios-del-27-de-octubre\/\"]}]},{\"@type\":\"BreadcrumbList\",\"@id\":\"https:\/\/www.celttv.com.ar\/index.php\/2019\/02\/27\/la-camara-nacional-electoral-aprobo-el-cronograma-para-los-comicios-del-27-de-octubre\/#breadcrumb\",\"itemListElement\":[{\"@type\":\"ListItem\",\"position\":1,\"name\":\"Inicio\",\"item\":\"https:\/\/www.celttv.com.ar\/\"},{\"@type\":\"ListItem\",\"position\":2,\"name\":\"La C\u00e1mara Nacional Electoral aprob\u00f3 el cronograma para los comicios del 27 de octubre\"}]},{\"@type\":\"WebSite\",\"@id\":\"https:\/\/www.celttv.com.ar\/#website\",\"url\":\"https:\/\/www.celttv.com.ar\/\",\"name\":\"CELTTV\",\"description\":\"Cooperativa El\u00e9ctrica de Tornquist\",\"publisher\":{\"@id\":\"https:\/\/www.celttv.com.ar\/#organization\"},\"potentialAction\":[{\"@type\":\"SearchAction\",\"target\":{\"@type\":\"EntryPoint\",\"urlTemplate\":\"https:\/\/www.celttv.com.ar\/?s={search_term_string}\"},\"query-input\":\"required name=search_term_string\"}],\"inLanguage\":\"es\"},{\"@type\":\"Organization\",\"@id\":\"https:\/\/www.celttv.com.ar\/#organization\",\"name\":\"CELTTV\",\"url\":\"https:\/\/www.celttv.com.ar\/\",\"sameAs\":[\"https:\/\/www.youtube.com\/channel\/UCz_oIt8Hig64Ub-EmcNPIhg\",\"https:\/\/www.facebook.com\/celtTV\/\"],\"logo\":{\"@type\":\"ImageObject\",\"inLanguage\":\"es\",\"@id\":\"https:\/\/www.celttv.com.ar\/#\/schema\/logo\/image\/\",\"url\":\"http:\/\/www.celttv.com.ar\/wp-content\/uploads\/2022\/08\/logo-1.png\",\"contentUrl\":\"http:\/\/www.celttv.com.ar\/wp-content\/uploads\/2022\/08\/logo-1.png\",\"width\":461,\"height\":159,\"caption\":\"CELTTV\"},\"image\":{\"@id\":\"https:\/\/www.celttv.com.ar\/#\/schema\/logo\/image\/\"}},{\"@type\":\"Person\",\"@id\":\"https:\/\/www.celttv.com.ar\/#\/schema\/person\/6d99c072dba59953809c81446e9d0ace\",\"name\":\"ulises\",\"image\":{\"@type\":\"ImageObject\",\"inLanguage\":\"es\",\"@id\":\"https:\/\/www.celttv.com.ar\/#\/schema\/person\/image\/\",\"url\":\"https:\/\/secure.gravatar.com\/avatar\/7f2c48bdc33b30088f941fb6082e555f2874c98e20cb159d7b92b50eadfce793?s=96&d=mm&r=g\",\"contentUrl\":\"https:\/\/secure.gravatar.com\/avatar\/7f2c48bdc33b30088f941fb6082e555f2874c98e20cb159d7b92b50eadfce793?s=96&d=mm&r=g\",\"caption\":\"ulises\"},\"sameAs\":[\"http:\/\/www.celttv.com.ar\"]}]}<\/script>\n<!-- \/ Yoast SEO plugin. -->","yoast_head_json":{"title":"La C\u00e1mara Nacional Electoral aprob\u00f3 el cronograma para los comicios del 27 de octubre - CELTTV","description":"Sitio web de noticias de la localidad de Tornquist, provincia de Buenos Aires, Rep\u00fablica Argentina. Contenido propio originado por periodistas de CELTTV, el canal de TV local de la Cooperativa El\u00e9ctrica de Tornquist. Turismo, Pol\u00edtica, Sociedad, Deporte, Cultura y todo el contenido de inter\u00e9s general que la gente del pueblo y la regi\u00f3n debe conocer.","robots":{"index":"index","follow":"follow","max-snippet":"max-snippet:-1","max-image-preview":"max-image-preview:large","max-video-preview":"max-video-preview:-1"},"canonical":"https:\/\/www.celttv.com.ar\/index.php\/2019\/02\/27\/la-camara-nacional-electoral-aprobo-el-cronograma-para-los-comicios-del-27-de-octubre\/","og_locale":"es_ES","og_type":"article","og_title":"La C\u00e1mara Nacional Electoral aprob\u00f3 el cronograma para los comicios del 27 de octubre - CELTTV","og_description":"Sitio web de noticias de la localidad de Tornquist, provincia de Buenos Aires, Rep\u00fablica Argentina. Contenido propio originado por periodistas de CELTTV, el canal de TV local de la Cooperativa El\u00e9ctrica de Tornquist. Turismo, Pol\u00edtica, Sociedad, Deporte, Cultura y todo el contenido de inter\u00e9s general que la gente del pueblo y la regi\u00f3n debe conocer.","og_url":"https:\/\/www.celttv.com.ar\/index.php\/2019\/02\/27\/la-camara-nacional-electoral-aprobo-el-cronograma-para-los-comicios-del-27-de-octubre\/","og_site_name":"CELTTV","article_publisher":"https:\/\/www.facebook.com\/celtTV\/","article_published_time":"2019-02-27T20:43:52+00:00","og_image":[{"width":798,"height":529,"url":"https:\/\/www.celttv.com.ar\/wp-content\/uploads\/2019\/02\/urna-1.jpg","type":"image\/jpeg"}],"author":"ulises","twitter_card":"summary_large_image","twitter_misc":{"Escrito por":"ulises","Tiempo de lectura":"1 minuto"},"schema":{"@context":"https:\/\/schema.org","@graph":[{"@type":"NewsArticle","@id":"https:\/\/www.celttv.com.ar\/index.php\/2019\/02\/27\/la-camara-nacional-electoral-aprobo-el-cronograma-para-los-comicios-del-27-de-octubre\/#article","isPartOf":{"@id":"https:\/\/www.celttv.com.ar\/index.php\/2019\/02\/27\/la-camara-nacional-electoral-aprobo-el-cronograma-para-los-comicios-del-27-de-octubre\/"},"author":{"name":"ulises","@id":"https:\/\/www.celttv.com.ar\/#\/schema\/person\/6d99c072dba59953809c81446e9d0ace"},"headline":"La C\u00e1mara Nacional Electoral aprob\u00f3 el cronograma para los comicios del 27 de octubre","datePublished":"2019-02-27T20:43:52+00:00","dateModified":"2019-02-27T20:43:52+00:00","mainEntityOfPage":{"@id":"https:\/\/www.celttv.com.ar\/index.php\/2019\/02\/27\/la-camara-nacional-electoral-aprobo-el-cronograma-para-los-comicios-del-27-de-octubre\/"},"wordCount":213,"publisher":{"@id":"https:\/\/www.celttv.com.ar\/#organization"},"articleSection":["Comunidad","Destacadas","Pol\u00edtica"],"inLanguage":"es"},{"@type":"WebPage","@id":"https:\/\/www.celttv.com.ar\/index.php\/2019\/02\/27\/la-camara-nacional-electoral-aprobo-el-cronograma-para-los-comicios-del-27-de-octubre\/","url":"https:\/\/www.celttv.com.ar\/index.php\/2019\/02\/27\/la-camara-nacional-electoral-aprobo-el-cronograma-para-los-comicios-del-27-de-octubre\/","name":"La C\u00e1mara Nacional Electoral aprob\u00f3 el cronograma para los comicios del 27 de octubre - CELTTV","isPartOf":{"@id":"https:\/\/www.celttv.com.ar\/#website"},"datePublished":"2019-02-27T20:43:52+00:00","dateModified":"2019-02-27T20:43:52+00:00","description":"Sitio web de noticias de la localidad de Tornquist, provincia de Buenos Aires, Rep\u00fablica Argentina. Contenido propio originado por periodistas de CELTTV, el canal de TV local de la Cooperativa El\u00e9ctrica de Tornquist. Turismo, Pol\u00edtica, Sociedad, Deporte, Cultura y todo el contenido de inter\u00e9s general que la gente del pueblo y la regi\u00f3n debe conocer.","breadcrumb":{"@id":"https:\/\/www.celttv.com.ar\/index.php\/2019\/02\/27\/la-camara-nacional-electoral-aprobo-el-cronograma-para-los-comicios-del-27-de-octubre\/#breadcrumb"},"inLanguage":"es","potentialAction":[{"@type":"ReadAction","target":["https:\/\/www.celttv.com.ar\/index.php\/2019\/02\/27\/la-camara-nacional-electoral-aprobo-el-cronograma-para-los-comicios-del-27-de-octubre\/"]}]},{"@type":"BreadcrumbList","@id":"https:\/\/www.celttv.com.ar\/index.php\/2019\/02\/27\/la-camara-nacional-electoral-aprobo-el-cronograma-para-los-comicios-del-27-de-octubre\/#breadcrumb","itemListElement":[{"@type":"ListItem","position":1,"name":"Inicio","item":"https:\/\/www.celttv.com.ar\/"},{"@type":"ListItem","position":2,"name":"La C\u00e1mara Nacional Electoral aprob\u00f3 el cronograma para los comicios del 27 de octubre"}]},{"@type":"WebSite","@id":"https:\/\/www.celttv.com.ar\/#website","url":"https:\/\/www.celttv.com.ar\/","name":"CELTTV","description":"Cooperativa El\u00e9ctrica de Tornquist","publisher":{"@id":"https:\/\/www.celttv.com.ar\/#organization"},"potentialAction":[{"@type":"SearchAction","target":{"@type":"EntryPoint","urlTemplate":"https:\/\/www.celttv.com.ar\/?s={search_term_string}"},"query-input":"required name=search_term_string"}],"inLanguage":"es"},{"@type":"Organization","@id":"https:\/\/www.celttv.com.ar\/#organization","name":"CELTTV","url":"https:\/\/www.celttv.com.ar\/","sameAs":["https:\/\/www.youtube.com\/channel\/UCz_oIt8Hig64Ub-EmcNPIhg","https:\/\/www.facebook.com\/celtTV\/"],"logo":{"@type":"ImageObject","inLanguage":"es","@id":"https:\/\/www.celttv.com.ar\/#\/schema\/logo\/image\/","url":"http:\/\/www.celttv.com.ar\/wp-content\/uploads\/2022\/08\/logo-1.png","contentUrl":"http:\/\/www.celttv.com.ar\/wp-content\/uploads\/2022\/08\/logo-1.png","width":461,"height":159,"caption":"CELTTV"},"image":{"@id":"https:\/\/www.celttv.com.ar\/#\/schema\/logo\/image\/"}},{"@type":"Person","@id":"https:\/\/www.celttv.com.ar\/#\/schema\/person\/6d99c072dba59953809c81446e9d0ace","name":"ulises","image":{"@type":"ImageObject","inLanguage":"es","@id":"https:\/\/www.celttv.com.ar\/#\/schema\/person\/image\/","url":"https:\/\/secure.gravatar.com\/avatar\/7f2c48bdc33b30088f941fb6082e555f2874c98e20cb159d7b92b50eadfce793?s=96&d=mm&r=g","contentUrl":"https:\/\/secure.gravatar.com\/avatar\/7f2c48bdc33b30088f941fb6082e555f2874c98e20cb159d7b92b50eadfce793?s=96&d=mm&r=g","caption":"ulises"},"sameAs":["http:\/\/www.celttv.com.ar"]}]}},"_links":{"self":[{"href":"https:\/\/www.celttv.com.ar\/index.php\/wp-json\/wp\/v2\/posts\/40132","targetHints":{"allow":["GET"]}}],"collection":[{"href":"https:\/\/www.celttv.com.ar\/index.php\/wp-json\/wp\/v2\/posts"}],"about":[{"href":"https:\/\/www.celttv.com.ar\/index.php\/wp-json\/wp\/v2\/types\/post"}],"author":[{"embeddable":true,"href":"https:\/\/www.celttv.com.ar\/index.php\/wp-json\/wp\/v2\/users\/1"}],"replies":[{"embeddable":true,"href":"https:\/\/www.celttv.com.ar\/index.php\/wp-json\/wp\/v2\/comments?post=40132"}],"version-history":[{"count":0,"href":"https:\/\/www.celttv.com.ar\/index.php\/wp-json\/wp\/v2\/posts\/40132\/revisions"}],"wp:featuredmedia":[{"embeddable":true,"href":"https:\/\/www.celttv.com.ar\/index.php\/wp-json\/wp\/v2\/media\/40134"}],"wp:attachment":[{"href":"https:\/\/www.celttv.com.ar\/index.php\/wp-json\/wp\/v2\/media?parent=40132"}],"wp:term":[{"taxonomy":"category","embeddable":true,"href":"https:\/\/www.celttv.com.ar\/index.php\/wp-json\/wp\/v2\/categories?post=40132"},{"taxonomy":"post_tag","embeddable":true,"href":"https:\/\/www.celttv.com.ar\/index.php\/wp-json\/wp\/v2\/tags?post=40132"}],"curies":[{"name":"wp","href":"https:\/\/api.w.org\/{rel}","templated":true}]}}