{"id":40135,"date":"2019-02-27T21:24:22","date_gmt":"2019-02-27T21:24:22","guid":{"rendered":"http:\/\/www.celttv.com.ar\/?p=40135"},"modified":"2019-02-27T21:24:22","modified_gmt":"2019-02-27T21:24:22","slug":"cuando-la-solidaridad-y-la-tecnologia-van-de-la-mano","status":"publish","type":"post","link":"https:\/\/www.celttv.com.ar\/index.php\/2019\/02\/27\/cuando-la-solidaridad-y-la-tecnologia-van-de-la-mano\/","title":{"rendered":"CUANDO LA SOLIDARIDAD Y LA TECNOLOGIA VAN DE LA MANO"},"content":{"rendered":"<p style=\"font-weight: 400;\">CELT TV &#8211; Teniendo como principal objetivo brindar un mejor servicio a su comunidad, las Cooperativas El\u00e9ctricas nucleadas en la Federaci\u00f3n NODOCOOP. trabajan en otro ambicioso proyecto tecnol\u00f3gico y comunicacional.<\/p>\n<p style=\"font-weight: 400;\">\u00a0\u00a0\u00a0 \u00a0Convencidos del alto contenido social que significa para la comunidad la concreci\u00f3n de este proyecto integrador, dirigentes de NODOCOOP y de distintas cooperativas el\u00e9ctricas se reunieron en la sede de la Cooperativa El\u00e9ctrica de Tornquist, donde se continu\u00f3 avanzando sobre aspectos t\u00e9cnicos y posible financiaci\u00f3n-<\/p>\n<p style=\"font-weight: 400;\">&#8220;Otro proyecto integrador y otro salto de calidad tecnol\u00f3gica&#8221;<\/p>\n<p style=\"font-weight: 400;\">\u00a0\u00a0\u00a0 &#8220;Desde el a\u00f1o pasado se ven\u00eda hablando de la posibilidad de la conexi\u00f3n en fibra con las cooperativas de Saldungaray y Sierra de la Ventana.<\/p>\n<p style=\"font-weight: 400;\">\u00a0\u00a0\u00a0 La CELT. tiene la conexi\u00f3n en fibra hasta Villa Ventana y se realizar\u00e1\u00a0 una obra, que ya est\u00e1 posteada, desde Villa Ventana hasta Sierra de la Ventana y desde Sierra hasta Saldungaray&#8221; explic\u00f3 Alberto Rubio, presidente de la CELT.<\/p>\n<p style=\"font-weight: 400;\">\u00a0\u00a0\u00a0 &#8220;Esa es la primer parte de ese trabajo mancomunado entre cooperativas para mejorar el servicio que brinda cada una a sus asociados&#8221;<\/p>\n<p style=\"font-weight: 400;\">Conexi\u00f3n con fibra entre Pigu\u00e9 y Tornquist<\/p>\n<p style=\"font-weight: 400;\">\u00a0\u00a0\u00a0 La conexi\u00f3n mediante fibra \u00f3ptica entre Pigu\u00e9 y Tornquist permitir\u00e1 un trascendente salto de calidad desde el punto de vista t\u00e9cnico y, fundamentalmente, social.<\/p>\n<p style=\"font-weight: 400;\">\u00a0\u00a0\u00a0 &#8220;Con este enlace estar\u00edamos las cuatro cooperativas interconectadas, Pigue, Saldungaray, Sierra de la Ventana y Tornquist; y todo bajo la planificaci\u00f3n de NODOCOOP.&#8221; se\u00f1al\u00f3 Rubio.<\/p>\n<p style=\"font-weight: 400;\">\u00a0\u00a0\u00a0 El presidente de la CELT. destac\u00f3 el trabajo mancomunado de las cooperativas que permite arribar a estos logros &#8220;Esto surge desde una Federaci\u00f3n de Cooperativas que es NODOCOOP. Las cooperativas brindan servicios\u00a0 donde el privado o el estado no llegan y las cooperativas han generado el mercado.<\/p>\n<p style=\"font-weight: 400;\">Las cooperativas siempre tratan de ir mejorando y tenemos una ventaja que es que las cooperativas no buscan rentabilidad sino dar el mejor servicio\u00a0 y de la mejor manera posible&#8221; sostuvo Rubio.<\/p>\n<p style=\"font-weight: 400;\">\u00a0\u00a0\u00a0 &#8220;El enlace en fibra, una vez concluido, servir\u00e1 para telecomunicaciones, video; estar comunicado de una forma m\u00e1s pr\u00e1ctica, eficiente y moderna entre las cooperativas y los lugares de difusi\u00f3n de cada cooperativa&#8221; aseguro el presidente de la CELT.<\/p>\n<p style=\"font-weight: 400;\">\u00a0\u00a0\u00a0 Afirm\u00f3 que todas las cooperativa nucleadas en NODOCOOP forman parte de esta integraci\u00f3n tecnol\u00f3gica.<\/p>\n<p style=\"font-weight: 400;\">\u00a0\u00a0\u00a0 &#8220;Todas las cooperativas tendremos el beneficio de las obras que se hagan&#8221; se\u00f1al\u00f3.<\/p>\n<p style=\"font-weight: 400;\">\u00a0\u00a0\u00a0 Alberto Rubio adelant\u00f3 que la semana pr\u00f3xima se realizar\u00e1 una nueva reuni\u00f3n en la ciudad de Tornquist donde estar\u00e1n presentes autoridades de NODOCOOP y de las cooperativas de la regi\u00f3n, para seguir avanzando en el ambicioso proyecto tecnol\u00f3gico.<\/p>\n<p style=\"font-weight: 400;\">Nicolas &#8220;Tato&#8221; Barrio, delegado de la CELT. en NODOCOOP.<\/p>\n<p style=\"font-weight: 400;\">\u00a0\u00a0\u00a0 &#8220;Hacemos hincapi\u00e9 principalmente en la parte social que es la integraci\u00f3n entre cooperativas y de la mano de esta tecnolog\u00eda que nos va a permitir conectarnos con fibra con la ciudad de Pigu\u00e9 y enlazar con Saldungaray y Sierra de la Ventana&#8221; dijo Barrio.<\/p>\n<p style=\"font-weight: 400;\">\u00a0\u00a0\u00a0 &#8220;El intercambio de contenido entre cooperativas se podr\u00e1 realizar con fibra propia y\u00a0 no vamos a tener que pagar un alquiler por la utilizaci\u00f3n de pelos de fibra de ninguna empresa&#8221;<\/p>\n<p style=\"font-weight: 400;\">\u00a0\u00a0\u00a0 &#8220;Podremos recibir televisi\u00f3n en forma digital sin necesidad de tener que invertir una cifra onerosa ya que existen un cabezal en Pigue y otro en Pueblo San Jos\u00e9, que est\u00e1n disponibles para las cooperativas que estemos interconectados&#8221; explic\u00f3<\/p>\n<p style=\"font-weight: 400;\">\u00a0\u00a0\u00a0 Respecto a la financiaci\u00f3n del proyecto Barrio explic\u00f3 que uno de los temas abordados en la reuni\u00f3n realizada d\u00edas pasado en la sede de la CELT. tuvo que ver con las diferentes alternativas para poder concretarlo.<\/p>\n","protected":false},"excerpt":{"rendered":"<p>CELT TV &#8211; Teniendo como principal objetivo brindar un mejor servicio a su comunidad, las Cooperativas El\u00e9ctricas nucleadas en la Federaci\u00f3n NODOCOOP. trabajan en otro ambicioso proyecto tecnol\u00f3gico y comunicacional. \u00a0\u00a0\u00a0 \u00a0Convencidos del alto contenido social que significa para la comunidad la concreci\u00f3n de este proyecto integrador, dirigentes de NODOCOOP y de distintas cooperativas el\u00e9ctricas [&hellip;]<\/p>\n","protected":false},"author":1,"featured_media":40138,"comment_status":"closed","ping_status":"open","sticky":false,"template":"","format":"standard","meta":{"footnotes":""},"categories":[55,51,52],"tags":[],"class_list":["post-40135","post","type-post","status-publish","format-standard","has-post-thumbnail","hentry","category-celt-tv-noticias","category-comunidad","category-destacadas"],"yoast_head":"<!-- This site is optimized with the Yoast SEO plugin v19.7.1 - https:\/\/yoast.com\/wordpress\/plugins\/seo\/ -->\n<title>CUANDO LA SOLIDARIDAD Y LA TECNOLOGIA VAN DE LA MANO - CELTTV<\/title>\n<meta name=\"description\" content=\"Sitio web de noticias de la localidad de Tornquist, provincia de Buenos Aires, Rep\u00fablica Argentina. Contenido propio originado por periodistas de CELTTV, el canal de TV local de la Cooperativa El\u00e9ctrica de Tornquist. Turismo, Pol\u00edtica, Sociedad, Deporte, Cultura y todo el contenido de inter\u00e9s general que la gente del pueblo y la regi\u00f3n debe conocer.\" \/>\n<meta name=\"robots\" content=\"index, follow, max-snippet:-1, max-image-preview:large, max-video-preview:-1\" \/>\n<link rel=\"canonical\" href=\"https:\/\/www.celttv.com.ar\/index.php\/2019\/02\/27\/cuando-la-solidaridad-y-la-tecnologia-van-de-la-mano\/\" \/>\n<meta property=\"og:locale\" content=\"es_ES\" \/>\n<meta property=\"og:type\" content=\"article\" \/>\n<meta property=\"og:title\" content=\"CUANDO LA SOLIDARIDAD Y LA TECNOLOGIA VAN DE LA MANO - CELTTV\" \/>\n<meta property=\"og:description\" content=\"Sitio web de noticias de la localidad de Tornquist, provincia de Buenos Aires, Rep\u00fablica Argentina. Contenido propio originado por periodistas de CELTTV, el canal de TV local de la Cooperativa El\u00e9ctrica de Tornquist. Turismo, Pol\u00edtica, Sociedad, Deporte, Cultura y todo el contenido de inter\u00e9s general que la gente del pueblo y la regi\u00f3n debe conocer.\" \/>\n<meta property=\"og:url\" content=\"https:\/\/www.celttv.com.ar\/index.php\/2019\/02\/27\/cuando-la-solidaridad-y-la-tecnologia-van-de-la-mano\/\" \/>\n<meta property=\"og:site_name\" content=\"CELTTV\" \/>\n<meta property=\"article:publisher\" content=\"https:\/\/www.facebook.com\/celtTV\/\" \/>\n<meta property=\"article:published_time\" content=\"2019-02-27T21:24:22+00:00\" \/>\n<meta property=\"og:image\" content=\"https:\/\/www.celttv.com.ar\/wp-content\/uploads\/2019\/02\/IMG_3601-Small-1.jpg\" \/>\n\t<meta property=\"og:image:width\" content=\"720\" \/>\n\t<meta property=\"og:image:height\" content=\"480\" \/>\n\t<meta property=\"og:image:type\" content=\"image\/jpeg\" \/>\n<meta name=\"author\" content=\"ulises\" \/>\n<meta name=\"twitter:card\" content=\"summary_large_image\" \/>\n<meta name=\"twitter:label1\" content=\"Escrito por\" \/>\n\t<meta name=\"twitter:data1\" content=\"ulises\" \/>\n\t<meta name=\"twitter:label2\" content=\"Tiempo de lectura\" \/>\n\t<meta name=\"twitter:data2\" content=\"3 minutos\" \/>\n<script type=\"application\/ld+json\" class=\"yoast-schema-graph\">{\"@context\":\"https:\/\/schema.org\",\"@graph\":[{\"@type\":\"NewsArticle\",\"@id\":\"https:\/\/www.celttv.com.ar\/index.php\/2019\/02\/27\/cuando-la-solidaridad-y-la-tecnologia-van-de-la-mano\/#article\",\"isPartOf\":{\"@id\":\"https:\/\/www.celttv.com.ar\/index.php\/2019\/02\/27\/cuando-la-solidaridad-y-la-tecnologia-van-de-la-mano\/\"},\"author\":{\"name\":\"ulises\",\"@id\":\"https:\/\/www.celttv.com.ar\/#\/schema\/person\/6d99c072dba59953809c81446e9d0ace\"},\"headline\":\"CUANDO LA SOLIDARIDAD Y LA TECNOLOGIA VAN DE LA MANO\",\"datePublished\":\"2019-02-27T21:24:22+00:00\",\"dateModified\":\"2019-02-27T21:24:22+00:00\",\"mainEntityOfPage\":{\"@id\":\"https:\/\/www.celttv.com.ar\/index.php\/2019\/02\/27\/cuando-la-solidaridad-y-la-tecnologia-van-de-la-mano\/\"},\"wordCount\":615,\"publisher\":{\"@id\":\"https:\/\/www.celttv.com.ar\/#organization\"},\"articleSection\":[\"Celt TV Noticias\",\"Comunidad\",\"Destacadas\"],\"inLanguage\":\"es\"},{\"@type\":\"WebPage\",\"@id\":\"https:\/\/www.celttv.com.ar\/index.php\/2019\/02\/27\/cuando-la-solidaridad-y-la-tecnologia-van-de-la-mano\/\",\"url\":\"https:\/\/www.celttv.com.ar\/index.php\/2019\/02\/27\/cuando-la-solidaridad-y-la-tecnologia-van-de-la-mano\/\",\"name\":\"CUANDO LA SOLIDARIDAD Y LA TECNOLOGIA VAN DE LA MANO - CELTTV\",\"isPartOf\":{\"@id\":\"https:\/\/www.celttv.com.ar\/#website\"},\"datePublished\":\"2019-02-27T21:24:22+00:00\",\"dateModified\":\"2019-02-27T21:24:22+00:00\",\"description\":\"Sitio web de noticias de la localidad de Tornquist, provincia de Buenos Aires, Rep\u00fablica Argentina. Contenido propio originado por periodistas de CELTTV, el canal de TV local de la Cooperativa El\u00e9ctrica de Tornquist. Turismo, Pol\u00edtica, Sociedad, Deporte, Cultura y todo el contenido de inter\u00e9s general que la gente del pueblo y la regi\u00f3n debe conocer.\",\"breadcrumb\":{\"@id\":\"https:\/\/www.celttv.com.ar\/index.php\/2019\/02\/27\/cuando-la-solidaridad-y-la-tecnologia-van-de-la-mano\/#breadcrumb\"},\"inLanguage\":\"es\",\"potentialAction\":[{\"@type\":\"ReadAction\",\"target\":[\"https:\/\/www.celttv.com.ar\/index.php\/2019\/02\/27\/cuando-la-solidaridad-y-la-tecnologia-van-de-la-mano\/\"]}]},{\"@type\":\"BreadcrumbList\",\"@id\":\"https:\/\/www.celttv.com.ar\/index.php\/2019\/02\/27\/cuando-la-solidaridad-y-la-tecnologia-van-de-la-mano\/#breadcrumb\",\"itemListElement\":[{\"@type\":\"ListItem\",\"position\":1,\"name\":\"Inicio\",\"item\":\"https:\/\/www.celttv.com.ar\/\"},{\"@type\":\"ListItem\",\"position\":2,\"name\":\"CUANDO LA SOLIDARIDAD Y LA TECNOLOGIA VAN DE LA MANO\"}]},{\"@type\":\"WebSite\",\"@id\":\"https:\/\/www.celttv.com.ar\/#website\",\"url\":\"https:\/\/www.celttv.com.ar\/\",\"name\":\"CELTTV\",\"description\":\"Cooperativa El\u00e9ctrica de Tornquist\",\"publisher\":{\"@id\":\"https:\/\/www.celttv.com.ar\/#organization\"},\"potentialAction\":[{\"@type\":\"SearchAction\",\"target\":{\"@type\":\"EntryPoint\",\"urlTemplate\":\"https:\/\/www.celttv.com.ar\/?s={search_term_string}\"},\"query-input\":\"required name=search_term_string\"}],\"inLanguage\":\"es\"},{\"@type\":\"Organization\",\"@id\":\"https:\/\/www.celttv.com.ar\/#organization\",\"name\":\"CELTTV\",\"url\":\"https:\/\/www.celttv.com.ar\/\",\"sameAs\":[\"https:\/\/www.youtube.com\/channel\/UCz_oIt8Hig64Ub-EmcNPIhg\",\"https:\/\/www.facebook.com\/celtTV\/\"],\"logo\":{\"@type\":\"ImageObject\",\"inLanguage\":\"es\",\"@id\":\"https:\/\/www.celttv.com.ar\/#\/schema\/logo\/image\/\",\"url\":\"http:\/\/www.celttv.com.ar\/wp-content\/uploads\/2022\/08\/logo-1.png\",\"contentUrl\":\"http:\/\/www.celttv.com.ar\/wp-content\/uploads\/2022\/08\/logo-1.png\",\"width\":461,\"height\":159,\"caption\":\"CELTTV\"},\"image\":{\"@id\":\"https:\/\/www.celttv.com.ar\/#\/schema\/logo\/image\/\"}},{\"@type\":\"Person\",\"@id\":\"https:\/\/www.celttv.com.ar\/#\/schema\/person\/6d99c072dba59953809c81446e9d0ace\",\"name\":\"ulises\",\"image\":{\"@type\":\"ImageObject\",\"inLanguage\":\"es\",\"@id\":\"https:\/\/www.celttv.com.ar\/#\/schema\/person\/image\/\",\"url\":\"https:\/\/secure.gravatar.com\/avatar\/7f2c48bdc33b30088f941fb6082e555f2874c98e20cb159d7b92b50eadfce793?s=96&d=mm&r=g\",\"contentUrl\":\"https:\/\/secure.gravatar.com\/avatar\/7f2c48bdc33b30088f941fb6082e555f2874c98e20cb159d7b92b50eadfce793?s=96&d=mm&r=g\",\"caption\":\"ulises\"},\"sameAs\":[\"http:\/\/www.celttv.com.ar\"]}]}<\/script>\n<!-- \/ Yoast SEO plugin. -->","yoast_head_json":{"title":"CUANDO LA SOLIDARIDAD Y LA TECNOLOGIA VAN DE LA MANO - CELTTV","description":"Sitio web de noticias de la localidad de Tornquist, provincia de Buenos Aires, Rep\u00fablica Argentina. Contenido propio originado por periodistas de CELTTV, el canal de TV local de la Cooperativa El\u00e9ctrica de Tornquist. Turismo, Pol\u00edtica, Sociedad, Deporte, Cultura y todo el contenido de inter\u00e9s general que la gente del pueblo y la regi\u00f3n debe conocer.","robots":{"index":"index","follow":"follow","max-snippet":"max-snippet:-1","max-image-preview":"max-image-preview:large","max-video-preview":"max-video-preview:-1"},"canonical":"https:\/\/www.celttv.com.ar\/index.php\/2019\/02\/27\/cuando-la-solidaridad-y-la-tecnologia-van-de-la-mano\/","og_locale":"es_ES","og_type":"article","og_title":"CUANDO LA SOLIDARIDAD Y LA TECNOLOGIA VAN DE LA MANO - CELTTV","og_description":"Sitio web de noticias de la localidad de Tornquist, provincia de Buenos Aires, Rep\u00fablica Argentina. Contenido propio originado por periodistas de CELTTV, el canal de TV local de la Cooperativa El\u00e9ctrica de Tornquist. Turismo, Pol\u00edtica, Sociedad, Deporte, Cultura y todo el contenido de inter\u00e9s general que la gente del pueblo y la regi\u00f3n debe conocer.","og_url":"https:\/\/www.celttv.com.ar\/index.php\/2019\/02\/27\/cuando-la-solidaridad-y-la-tecnologia-van-de-la-mano\/","og_site_name":"CELTTV","article_publisher":"https:\/\/www.facebook.com\/celtTV\/","article_published_time":"2019-02-27T21:24:22+00:00","og_image":[{"width":720,"height":480,"url":"https:\/\/www.celttv.com.ar\/wp-content\/uploads\/2019\/02\/IMG_3601-Small-1.jpg","type":"image\/jpeg"}],"author":"ulises","twitter_card":"summary_large_image","twitter_misc":{"Escrito por":"ulises","Tiempo de lectura":"3 minutos"},"schema":{"@context":"https:\/\/schema.org","@graph":[{"@type":"NewsArticle","@id":"https:\/\/www.celttv.com.ar\/index.php\/2019\/02\/27\/cuando-la-solidaridad-y-la-tecnologia-van-de-la-mano\/#article","isPartOf":{"@id":"https:\/\/www.celttv.com.ar\/index.php\/2019\/02\/27\/cuando-la-solidaridad-y-la-tecnologia-van-de-la-mano\/"},"author":{"name":"ulises","@id":"https:\/\/www.celttv.com.ar\/#\/schema\/person\/6d99c072dba59953809c81446e9d0ace"},"headline":"CUANDO LA SOLIDARIDAD Y LA TECNOLOGIA VAN DE LA MANO","datePublished":"2019-02-27T21:24:22+00:00","dateModified":"2019-02-27T21:24:22+00:00","mainEntityOfPage":{"@id":"https:\/\/www.celttv.com.ar\/index.php\/2019\/02\/27\/cuando-la-solidaridad-y-la-tecnologia-van-de-la-mano\/"},"wordCount":615,"publisher":{"@id":"https:\/\/www.celttv.com.ar\/#organization"},"articleSection":["Celt TV Noticias","Comunidad","Destacadas"],"inLanguage":"es"},{"@type":"WebPage","@id":"https:\/\/www.celttv.com.ar\/index.php\/2019\/02\/27\/cuando-la-solidaridad-y-la-tecnologia-van-de-la-mano\/","url":"https:\/\/www.celttv.com.ar\/index.php\/2019\/02\/27\/cuando-la-solidaridad-y-la-tecnologia-van-de-la-mano\/","name":"CUANDO LA SOLIDARIDAD Y LA TECNOLOGIA VAN DE LA MANO - CELTTV","isPartOf":{"@id":"https:\/\/www.celttv.com.ar\/#website"},"datePublished":"2019-02-27T21:24:22+00:00","dateModified":"2019-02-27T21:24:22+00:00","description":"Sitio web de noticias de la localidad de Tornquist, provincia de Buenos Aires, Rep\u00fablica Argentina. Contenido propio originado por periodistas de CELTTV, el canal de TV local de la Cooperativa El\u00e9ctrica de Tornquist. Turismo, Pol\u00edtica, Sociedad, Deporte, Cultura y todo el contenido de inter\u00e9s general que la gente del pueblo y la regi\u00f3n debe conocer.","breadcrumb":{"@id":"https:\/\/www.celttv.com.ar\/index.php\/2019\/02\/27\/cuando-la-solidaridad-y-la-tecnologia-van-de-la-mano\/#breadcrumb"},"inLanguage":"es","potentialAction":[{"@type":"ReadAction","target":["https:\/\/www.celttv.com.ar\/index.php\/2019\/02\/27\/cuando-la-solidaridad-y-la-tecnologia-van-de-la-mano\/"]}]},{"@type":"BreadcrumbList","@id":"https:\/\/www.celttv.com.ar\/index.php\/2019\/02\/27\/cuando-la-solidaridad-y-la-tecnologia-van-de-la-mano\/#breadcrumb","itemListElement":[{"@type":"ListItem","position":1,"name":"Inicio","item":"https:\/\/www.celttv.com.ar\/"},{"@type":"ListItem","position":2,"name":"CUANDO LA SOLIDARIDAD Y LA TECNOLOGIA VAN DE LA MANO"}]},{"@type":"WebSite","@id":"https:\/\/www.celttv.com.ar\/#website","url":"https:\/\/www.celttv.com.ar\/","name":"CELTTV","description":"Cooperativa El\u00e9ctrica de Tornquist","publisher":{"@id":"https:\/\/www.celttv.com.ar\/#organization"},"potentialAction":[{"@type":"SearchAction","target":{"@type":"EntryPoint","urlTemplate":"https:\/\/www.celttv.com.ar\/?s={search_term_string}"},"query-input":"required name=search_term_string"}],"inLanguage":"es"},{"@type":"Organization","@id":"https:\/\/www.celttv.com.ar\/#organization","name":"CELTTV","url":"https:\/\/www.celttv.com.ar\/","sameAs":["https:\/\/www.youtube.com\/channel\/UCz_oIt8Hig64Ub-EmcNPIhg","https:\/\/www.facebook.com\/celtTV\/"],"logo":{"@type":"ImageObject","inLanguage":"es","@id":"https:\/\/www.celttv.com.ar\/#\/schema\/logo\/image\/","url":"http:\/\/www.celttv.com.ar\/wp-content\/uploads\/2022\/08\/logo-1.png","contentUrl":"http:\/\/www.celttv.com.ar\/wp-content\/uploads\/2022\/08\/logo-1.png","width":461,"height":159,"caption":"CELTTV"},"image":{"@id":"https:\/\/www.celttv.com.ar\/#\/schema\/logo\/image\/"}},{"@type":"Person","@id":"https:\/\/www.celttv.com.ar\/#\/schema\/person\/6d99c072dba59953809c81446e9d0ace","name":"ulises","image":{"@type":"ImageObject","inLanguage":"es","@id":"https:\/\/www.celttv.com.ar\/#\/schema\/person\/image\/","url":"https:\/\/secure.gravatar.com\/avatar\/7f2c48bdc33b30088f941fb6082e555f2874c98e20cb159d7b92b50eadfce793?s=96&d=mm&r=g","contentUrl":"https:\/\/secure.gravatar.com\/avatar\/7f2c48bdc33b30088f941fb6082e555f2874c98e20cb159d7b92b50eadfce793?s=96&d=mm&r=g","caption":"ulises"},"sameAs":["http:\/\/www.celttv.com.ar"]}]}},"_links":{"self":[{"href":"https:\/\/www.celttv.com.ar\/index.php\/wp-json\/wp\/v2\/posts\/40135","targetHints":{"allow":["GET"]}}],"collection":[{"href":"https:\/\/www.celttv.com.ar\/index.php\/wp-json\/wp\/v2\/posts"}],"about":[{"href":"https:\/\/www.celttv.com.ar\/index.php\/wp-json\/wp\/v2\/types\/post"}],"author":[{"embeddable":true,"href":"https:\/\/www.celttv.com.ar\/index.php\/wp-json\/wp\/v2\/users\/1"}],"replies":[{"embeddable":true,"href":"https:\/\/www.celttv.com.ar\/index.php\/wp-json\/wp\/v2\/comments?post=40135"}],"version-history":[{"count":0,"href":"https:\/\/www.celttv.com.ar\/index.php\/wp-json\/wp\/v2\/posts\/40135\/revisions"}],"wp:featuredmedia":[{"embeddable":true,"href":"https:\/\/www.celttv.com.ar\/index.php\/wp-json\/wp\/v2\/media\/40138"}],"wp:attachment":[{"href":"https:\/\/www.celttv.com.ar\/index.php\/wp-json\/wp\/v2\/media?parent=40135"}],"wp:term":[{"taxonomy":"category","embeddable":true,"href":"https:\/\/www.celttv.com.ar\/index.php\/wp-json\/wp\/v2\/categories?post=40135"},{"taxonomy":"post_tag","embeddable":true,"href":"https:\/\/www.celttv.com.ar\/index.php\/wp-json\/wp\/v2\/tags?post=40135"}],"curies":[{"name":"wp","href":"https:\/\/api.w.org\/{rel}","templated":true}]}}