{"id":40283,"date":"2019-03-13T13:49:44","date_gmt":"2019-03-13T13:49:44","guid":{"rendered":"http:\/\/www.celttv.com.ar\/?p=40283"},"modified":"2019-03-13T13:49:44","modified_gmt":"2019-03-13T13:49:44","slug":"salud-celebro-el-dia-de-la-mujer-con-una-exitosa-jornada-de-donacion-de-cabello-y-actividades-orientadas-al-cuidado-personal-videos-entrevistas","status":"publish","type":"post","link":"https:\/\/www.celttv.com.ar\/index.php\/2019\/03\/13\/salud-celebro-el-dia-de-la-mujer-con-una-exitosa-jornada-de-donacion-de-cabello-y-actividades-orientadas-al-cuidado-personal-videos-entrevistas\/","title":{"rendered":"Salud celebr\u00f3 el d\u00eda de la mujer con una exitosa jornada de donaci\u00f3n de cabello y actividades orientadas al cuidado personal (Videos entrevistas)"},"content":{"rendered":"<p>Como estaba previsto, el s\u00e1bado 9 se llevaron a cabo diferentes jornadas, organizadas por la cartera de Salud, en el marco del D\u00eda Internacional de la mujer.<\/p>\n<p>Por un lado, en el Centro Cultural de Sierra de la Ventana, se vivi\u00f3 una jornada emotiva, en donde 85 personas, en su mayor\u00eda mujeres y ni\u00f1as, aunque tambi\u00e9n ni\u00f1os y hombres, se acercaron a donar cabello.\u00a0 Con lo dado se podr\u00e1n confeccionar alrededor de 23 pelucas que ser\u00e1n destinadas a personas con tratamientos oncol\u00f3gicos y otras patolog\u00edas.<\/p>\n<p>La iniciativa fue impulsada por el CAPS de Saldungaray, conjuntamente con Peluqueras en Acci\u00f3n y Barber\u00eda La Comarca.<\/p>\n<p>En Tornquist, la propuesta de Salud, hizo eje en la difusi\u00f3n de la importancia de la alimentaci\u00f3n, la actividad f\u00edsica y los cuidados personales para favorecer el bienestar integral.<\/p>\n<p>En tal sentido, en la plaza central, se instalaron carpas en donde las personas que se acercaron pudieron disfrutar de\u00a0 una clase de yoga y meditaci\u00f3n, adem\u00e1s de recibir asesoramiento de vestuario, embellecimiento de manos, consejos y asesoramiento en el cuidado del cabello, tips nutricionales, ideas de viandas para llevar al trabajo, colaciones.<\/p>\n<p>Ambas jornadas cumplieron con el objetivo de la Secretar\u00eda de Salud de promocionar h\u00e1bitos positivos.<\/p>\n<div class=\"jeg_video_container jeg_video_content\"><iframe loading=\"lazy\" title=\"2019 03 11 ESTACIONES DE NUTRICION VESTUARIO CUIDADOS YOGA Y MEDITACION 1   KAREN CALLAVA\" width=\"500\" height=\"281\" src=\"https:\/\/www.youtube.com\/embed\/eyh8T63bggY?feature=oembed\" frameborder=\"0\" allow=\"accelerometer; autoplay; clipboard-write; encrypted-media; gyroscope; picture-in-picture; web-share\" referrerpolicy=\"strict-origin-when-cross-origin\" allowfullscreen><\/iframe><\/div>\n<div class=\"jeg_video_container jeg_video_content\"><iframe loading=\"lazy\" title=\"2019 03 11 ESTACIONES DE NUTRICION VESTUARIO CUIDADOS YOGA Y MEDITACION 2   MARCELA GUIDO\" width=\"500\" height=\"281\" src=\"https:\/\/www.youtube.com\/embed\/FUsvmFaIab0?feature=oembed\" frameborder=\"0\" allow=\"accelerometer; autoplay; clipboard-write; encrypted-media; gyroscope; picture-in-picture; web-share\" referrerpolicy=\"strict-origin-when-cross-origin\" allowfullscreen><\/iframe><\/div>\n<div class=\"jeg_video_container jeg_video_content\"><iframe loading=\"lazy\" title=\"2019 03 11 ESTACIONES DE NUTRICION VESTUARIO CUIDADOS YOGA Y MEDITACION 3   NOELIA BAIER\" width=\"500\" height=\"281\" src=\"https:\/\/www.youtube.com\/embed\/gszzDDwmaZQ?feature=oembed\" frameborder=\"0\" allow=\"accelerometer; autoplay; clipboard-write; encrypted-media; gyroscope; picture-in-picture; web-share\" referrerpolicy=\"strict-origin-when-cross-origin\" allowfullscreen><\/iframe><\/div>\n<div class=\"jeg_video_container jeg_video_content\"><iframe loading=\"lazy\" title=\"2019 03 11 ESTACIONES DE NUTRICION VESTUARIO CUIDADOS YOGA Y MEDITACION 5   NAZARENA FERRO\" width=\"500\" height=\"281\" src=\"https:\/\/www.youtube.com\/embed\/j8Ijn-ka7Dc?feature=oembed\" frameborder=\"0\" allow=\"accelerometer; autoplay; clipboard-write; encrypted-media; gyroscope; picture-in-picture; web-share\" referrerpolicy=\"strict-origin-when-cross-origin\" allowfullscreen><\/iframe><\/div>\n<div class=\"jeg_video_container jeg_video_content\"><iframe loading=\"lazy\" title=\"2019 03 11 ESTACIONES DE NUTRICION VESTUARIO CUIDADOS YOGA Y MEDITACION 4   NATALIA FEIFER 1\" width=\"500\" height=\"281\" src=\"https:\/\/www.youtube.com\/embed\/hqEEniUzhK0?feature=oembed\" frameborder=\"0\" allow=\"accelerometer; autoplay; clipboard-write; encrypted-media; gyroscope; picture-in-picture; web-share\" referrerpolicy=\"strict-origin-when-cross-origin\" allowfullscreen><\/iframe><\/div>\n<p>&nbsp;<\/p>\n","protected":false},"excerpt":{"rendered":"<p>Como estaba previsto, el s\u00e1bado 9 se llevaron a cabo diferentes jornadas, organizadas por la cartera de Salud, en el marco del D\u00eda Internacional de la mujer. Por un lado, en el Centro Cultural de Sierra de la Ventana, se vivi\u00f3 una jornada emotiva, en donde 85 personas, en su mayor\u00eda mujeres y ni\u00f1as, aunque [&hellip;]<\/p>\n","protected":false},"author":1,"featured_media":40284,"comment_status":"closed","ping_status":"open","sticky":false,"template":"","format":"standard","meta":{"footnotes":""},"categories":[54,55,51,52],"tags":[],"class_list":["post-40283","post","type-post","status-publish","format-standard","has-post-thumbnail","hentry","category-atencion-salud","category-celt-tv-noticias","category-comunidad","category-destacadas"],"yoast_head":"<!-- This site is optimized with the Yoast SEO plugin v19.7.1 - https:\/\/yoast.com\/wordpress\/plugins\/seo\/ -->\n<title>Salud celebr\u00f3 el d\u00eda de la mujer con una exitosa jornada de donaci\u00f3n de cabello y actividades orientadas al cuidado personal (Videos entrevistas) - CELTTV<\/title>\n<meta name=\"description\" content=\"Sitio web de noticias de la localidad de Tornquist, provincia de Buenos Aires, Rep\u00fablica Argentina. Contenido propio originado por periodistas de CELTTV, el canal de TV local de la Cooperativa El\u00e9ctrica de Tornquist. Turismo, Pol\u00edtica, Sociedad, Deporte, Cultura y todo el contenido de inter\u00e9s general que la gente del pueblo y la regi\u00f3n debe conocer.\" \/>\n<meta name=\"robots\" content=\"index, follow, max-snippet:-1, max-image-preview:large, max-video-preview:-1\" \/>\n<link rel=\"canonical\" href=\"https:\/\/www.celttv.com.ar\/index.php\/2019\/03\/13\/salud-celebro-el-dia-de-la-mujer-con-una-exitosa-jornada-de-donacion-de-cabello-y-actividades-orientadas-al-cuidado-personal-videos-entrevistas\/\" \/>\n<meta property=\"og:locale\" content=\"es_ES\" \/>\n<meta property=\"og:type\" content=\"article\" \/>\n<meta property=\"og:title\" content=\"Salud celebr\u00f3 el d\u00eda de la mujer con una exitosa jornada de donaci\u00f3n de cabello y actividades orientadas al cuidado personal (Videos entrevistas) - CELTTV\" \/>\n<meta property=\"og:description\" content=\"Sitio web de noticias de la localidad de Tornquist, provincia de Buenos Aires, Rep\u00fablica Argentina. Contenido propio originado por periodistas de CELTTV, el canal de TV local de la Cooperativa El\u00e9ctrica de Tornquist. Turismo, Pol\u00edtica, Sociedad, Deporte, Cultura y todo el contenido de inter\u00e9s general que la gente del pueblo y la regi\u00f3n debe conocer.\" \/>\n<meta property=\"og:url\" content=\"https:\/\/www.celttv.com.ar\/index.php\/2019\/03\/13\/salud-celebro-el-dia-de-la-mujer-con-una-exitosa-jornada-de-donacion-de-cabello-y-actividades-orientadas-al-cuidado-personal-videos-entrevistas\/\" \/>\n<meta property=\"og:site_name\" content=\"CELTTV\" \/>\n<meta property=\"article:publisher\" content=\"https:\/\/www.facebook.com\/celtTV\/\" \/>\n<meta property=\"article:published_time\" content=\"2019-03-13T13:49:44+00:00\" \/>\n<meta property=\"og:image\" content=\"https:\/\/www.celttv.com.ar\/wp-content\/uploads\/2019\/03\/WhatsApp-Image-2019-03-11-at-11.04.31-1-1.jpeg\" \/>\n\t<meta property=\"og:image:width\" content=\"1032\" \/>\n\t<meta property=\"og:image:height\" content=\"774\" \/>\n\t<meta property=\"og:image:type\" content=\"image\/jpeg\" \/>\n<meta name=\"author\" content=\"ulises\" \/>\n<meta name=\"twitter:card\" content=\"summary_large_image\" \/>\n<meta name=\"twitter:label1\" content=\"Escrito por\" \/>\n\t<meta name=\"twitter:data1\" content=\"ulises\" \/>\n\t<meta name=\"twitter:label2\" content=\"Tiempo de lectura\" \/>\n\t<meta name=\"twitter:data2\" content=\"1 minuto\" \/>\n<script type=\"application\/ld+json\" class=\"yoast-schema-graph\">{\"@context\":\"https:\/\/schema.org\",\"@graph\":[{\"@type\":\"NewsArticle\",\"@id\":\"https:\/\/www.celttv.com.ar\/index.php\/2019\/03\/13\/salud-celebro-el-dia-de-la-mujer-con-una-exitosa-jornada-de-donacion-de-cabello-y-actividades-orientadas-al-cuidado-personal-videos-entrevistas\/#article\",\"isPartOf\":{\"@id\":\"https:\/\/www.celttv.com.ar\/index.php\/2019\/03\/13\/salud-celebro-el-dia-de-la-mujer-con-una-exitosa-jornada-de-donacion-de-cabello-y-actividades-orientadas-al-cuidado-personal-videos-entrevistas\/\"},\"author\":{\"name\":\"ulises\",\"@id\":\"https:\/\/www.celttv.com.ar\/#\/schema\/person\/6d99c072dba59953809c81446e9d0ace\"},\"headline\":\"Salud celebr\u00f3 el d\u00eda de la mujer con una exitosa jornada de donaci\u00f3n de cabello y actividades orientadas al cuidado personal (Videos entrevistas)\",\"datePublished\":\"2019-03-13T13:49:44+00:00\",\"dateModified\":\"2019-03-13T13:49:44+00:00\",\"mainEntityOfPage\":{\"@id\":\"https:\/\/www.celttv.com.ar\/index.php\/2019\/03\/13\/salud-celebro-el-dia-de-la-mujer-con-una-exitosa-jornada-de-donacion-de-cabello-y-actividades-orientadas-al-cuidado-personal-videos-entrevistas\/\"},\"wordCount\":281,\"publisher\":{\"@id\":\"https:\/\/www.celttv.com.ar\/#organization\"},\"articleSection\":[\"Atenci\u00f3n Salud\",\"Celt TV Noticias\",\"Comunidad\",\"Destacadas\"],\"inLanguage\":\"es\"},{\"@type\":\"WebPage\",\"@id\":\"https:\/\/www.celttv.com.ar\/index.php\/2019\/03\/13\/salud-celebro-el-dia-de-la-mujer-con-una-exitosa-jornada-de-donacion-de-cabello-y-actividades-orientadas-al-cuidado-personal-videos-entrevistas\/\",\"url\":\"https:\/\/www.celttv.com.ar\/index.php\/2019\/03\/13\/salud-celebro-el-dia-de-la-mujer-con-una-exitosa-jornada-de-donacion-de-cabello-y-actividades-orientadas-al-cuidado-personal-videos-entrevistas\/\",\"name\":\"Salud celebr\u00f3 el d\u00eda de la mujer con una exitosa jornada de donaci\u00f3n de cabello y actividades orientadas al cuidado personal (Videos entrevistas) - CELTTV\",\"isPartOf\":{\"@id\":\"https:\/\/www.celttv.com.ar\/#website\"},\"datePublished\":\"2019-03-13T13:49:44+00:00\",\"dateModified\":\"2019-03-13T13:49:44+00:00\",\"description\":\"Sitio web de noticias de la localidad de Tornquist, provincia de Buenos Aires, Rep\u00fablica Argentina. Contenido propio originado por periodistas de CELTTV, el canal de TV local de la Cooperativa El\u00e9ctrica de Tornquist. Turismo, Pol\u00edtica, Sociedad, Deporte, Cultura y todo el contenido de inter\u00e9s general que la gente del pueblo y la regi\u00f3n debe conocer.\",\"breadcrumb\":{\"@id\":\"https:\/\/www.celttv.com.ar\/index.php\/2019\/03\/13\/salud-celebro-el-dia-de-la-mujer-con-una-exitosa-jornada-de-donacion-de-cabello-y-actividades-orientadas-al-cuidado-personal-videos-entrevistas\/#breadcrumb\"},\"inLanguage\":\"es\",\"potentialAction\":[{\"@type\":\"ReadAction\",\"target\":[\"https:\/\/www.celttv.com.ar\/index.php\/2019\/03\/13\/salud-celebro-el-dia-de-la-mujer-con-una-exitosa-jornada-de-donacion-de-cabello-y-actividades-orientadas-al-cuidado-personal-videos-entrevistas\/\"]}]},{\"@type\":\"BreadcrumbList\",\"@id\":\"https:\/\/www.celttv.com.ar\/index.php\/2019\/03\/13\/salud-celebro-el-dia-de-la-mujer-con-una-exitosa-jornada-de-donacion-de-cabello-y-actividades-orientadas-al-cuidado-personal-videos-entrevistas\/#breadcrumb\",\"itemListElement\":[{\"@type\":\"ListItem\",\"position\":1,\"name\":\"Inicio\",\"item\":\"https:\/\/www.celttv.com.ar\/\"},{\"@type\":\"ListItem\",\"position\":2,\"name\":\"Salud celebr\u00f3 el d\u00eda de la mujer con una exitosa jornada de donaci\u00f3n de cabello y actividades orientadas al cuidado personal (Videos entrevistas)\"}]},{\"@type\":\"WebSite\",\"@id\":\"https:\/\/www.celttv.com.ar\/#website\",\"url\":\"https:\/\/www.celttv.com.ar\/\",\"name\":\"CELTTV\",\"description\":\"Cooperativa El\u00e9ctrica de Tornquist\",\"publisher\":{\"@id\":\"https:\/\/www.celttv.com.ar\/#organization\"},\"potentialAction\":[{\"@type\":\"SearchAction\",\"target\":{\"@type\":\"EntryPoint\",\"urlTemplate\":\"https:\/\/www.celttv.com.ar\/?s={search_term_string}\"},\"query-input\":\"required name=search_term_string\"}],\"inLanguage\":\"es\"},{\"@type\":\"Organization\",\"@id\":\"https:\/\/www.celttv.com.ar\/#organization\",\"name\":\"CELTTV\",\"url\":\"https:\/\/www.celttv.com.ar\/\",\"sameAs\":[\"https:\/\/www.youtube.com\/channel\/UCz_oIt8Hig64Ub-EmcNPIhg\",\"https:\/\/www.facebook.com\/celtTV\/\"],\"logo\":{\"@type\":\"ImageObject\",\"inLanguage\":\"es\",\"@id\":\"https:\/\/www.celttv.com.ar\/#\/schema\/logo\/image\/\",\"url\":\"http:\/\/www.celttv.com.ar\/wp-content\/uploads\/2022\/08\/logo-1.png\",\"contentUrl\":\"http:\/\/www.celttv.com.ar\/wp-content\/uploads\/2022\/08\/logo-1.png\",\"width\":461,\"height\":159,\"caption\":\"CELTTV\"},\"image\":{\"@id\":\"https:\/\/www.celttv.com.ar\/#\/schema\/logo\/image\/\"}},{\"@type\":\"Person\",\"@id\":\"https:\/\/www.celttv.com.ar\/#\/schema\/person\/6d99c072dba59953809c81446e9d0ace\",\"name\":\"ulises\",\"image\":{\"@type\":\"ImageObject\",\"inLanguage\":\"es\",\"@id\":\"https:\/\/www.celttv.com.ar\/#\/schema\/person\/image\/\",\"url\":\"https:\/\/secure.gravatar.com\/avatar\/7f2c48bdc33b30088f941fb6082e555f2874c98e20cb159d7b92b50eadfce793?s=96&d=mm&r=g\",\"contentUrl\":\"https:\/\/secure.gravatar.com\/avatar\/7f2c48bdc33b30088f941fb6082e555f2874c98e20cb159d7b92b50eadfce793?s=96&d=mm&r=g\",\"caption\":\"ulises\"},\"sameAs\":[\"http:\/\/www.celttv.com.ar\"]}]}<\/script>\n<!-- \/ Yoast SEO plugin. -->","yoast_head_json":{"title":"Salud celebr\u00f3 el d\u00eda de la mujer con una exitosa jornada de donaci\u00f3n de cabello y actividades orientadas al cuidado personal (Videos entrevistas) - CELTTV","description":"Sitio web de noticias de la localidad de Tornquist, provincia de Buenos Aires, Rep\u00fablica Argentina. Contenido propio originado por periodistas de CELTTV, el canal de TV local de la Cooperativa El\u00e9ctrica de Tornquist. Turismo, Pol\u00edtica, Sociedad, Deporte, Cultura y todo el contenido de inter\u00e9s general que la gente del pueblo y la regi\u00f3n debe conocer.","robots":{"index":"index","follow":"follow","max-snippet":"max-snippet:-1","max-image-preview":"max-image-preview:large","max-video-preview":"max-video-preview:-1"},"canonical":"https:\/\/www.celttv.com.ar\/index.php\/2019\/03\/13\/salud-celebro-el-dia-de-la-mujer-con-una-exitosa-jornada-de-donacion-de-cabello-y-actividades-orientadas-al-cuidado-personal-videos-entrevistas\/","og_locale":"es_ES","og_type":"article","og_title":"Salud celebr\u00f3 el d\u00eda de la mujer con una exitosa jornada de donaci\u00f3n de cabello y actividades orientadas al cuidado personal (Videos entrevistas) - CELTTV","og_description":"Sitio web de noticias de la localidad de Tornquist, provincia de Buenos Aires, Rep\u00fablica Argentina. Contenido propio originado por periodistas de CELTTV, el canal de TV local de la Cooperativa El\u00e9ctrica de Tornquist. Turismo, Pol\u00edtica, Sociedad, Deporte, Cultura y todo el contenido de inter\u00e9s general que la gente del pueblo y la regi\u00f3n debe conocer.","og_url":"https:\/\/www.celttv.com.ar\/index.php\/2019\/03\/13\/salud-celebro-el-dia-de-la-mujer-con-una-exitosa-jornada-de-donacion-de-cabello-y-actividades-orientadas-al-cuidado-personal-videos-entrevistas\/","og_site_name":"CELTTV","article_publisher":"https:\/\/www.facebook.com\/celtTV\/","article_published_time":"2019-03-13T13:49:44+00:00","og_image":[{"width":1032,"height":774,"url":"https:\/\/www.celttv.com.ar\/wp-content\/uploads\/2019\/03\/WhatsApp-Image-2019-03-11-at-11.04.31-1-1.jpeg","type":"image\/jpeg"}],"author":"ulises","twitter_card":"summary_large_image","twitter_misc":{"Escrito por":"ulises","Tiempo de lectura":"1 minuto"},"schema":{"@context":"https:\/\/schema.org","@graph":[{"@type":"NewsArticle","@id":"https:\/\/www.celttv.com.ar\/index.php\/2019\/03\/13\/salud-celebro-el-dia-de-la-mujer-con-una-exitosa-jornada-de-donacion-de-cabello-y-actividades-orientadas-al-cuidado-personal-videos-entrevistas\/#article","isPartOf":{"@id":"https:\/\/www.celttv.com.ar\/index.php\/2019\/03\/13\/salud-celebro-el-dia-de-la-mujer-con-una-exitosa-jornada-de-donacion-de-cabello-y-actividades-orientadas-al-cuidado-personal-videos-entrevistas\/"},"author":{"name":"ulises","@id":"https:\/\/www.celttv.com.ar\/#\/schema\/person\/6d99c072dba59953809c81446e9d0ace"},"headline":"Salud celebr\u00f3 el d\u00eda de la mujer con una exitosa jornada de donaci\u00f3n de cabello y actividades orientadas al cuidado personal (Videos entrevistas)","datePublished":"2019-03-13T13:49:44+00:00","dateModified":"2019-03-13T13:49:44+00:00","mainEntityOfPage":{"@id":"https:\/\/www.celttv.com.ar\/index.php\/2019\/03\/13\/salud-celebro-el-dia-de-la-mujer-con-una-exitosa-jornada-de-donacion-de-cabello-y-actividades-orientadas-al-cuidado-personal-videos-entrevistas\/"},"wordCount":281,"publisher":{"@id":"https:\/\/www.celttv.com.ar\/#organization"},"articleSection":["Atenci\u00f3n Salud","Celt TV Noticias","Comunidad","Destacadas"],"inLanguage":"es"},{"@type":"WebPage","@id":"https:\/\/www.celttv.com.ar\/index.php\/2019\/03\/13\/salud-celebro-el-dia-de-la-mujer-con-una-exitosa-jornada-de-donacion-de-cabello-y-actividades-orientadas-al-cuidado-personal-videos-entrevistas\/","url":"https:\/\/www.celttv.com.ar\/index.php\/2019\/03\/13\/salud-celebro-el-dia-de-la-mujer-con-una-exitosa-jornada-de-donacion-de-cabello-y-actividades-orientadas-al-cuidado-personal-videos-entrevistas\/","name":"Salud celebr\u00f3 el d\u00eda de la mujer con una exitosa jornada de donaci\u00f3n de cabello y actividades orientadas al cuidado personal (Videos entrevistas) - CELTTV","isPartOf":{"@id":"https:\/\/www.celttv.com.ar\/#website"},"datePublished":"2019-03-13T13:49:44+00:00","dateModified":"2019-03-13T13:49:44+00:00","description":"Sitio web de noticias de la localidad de Tornquist, provincia de Buenos Aires, Rep\u00fablica Argentina. Contenido propio originado por periodistas de CELTTV, el canal de TV local de la Cooperativa El\u00e9ctrica de Tornquist. Turismo, Pol\u00edtica, Sociedad, Deporte, Cultura y todo el contenido de inter\u00e9s general que la gente del pueblo y la regi\u00f3n debe conocer.","breadcrumb":{"@id":"https:\/\/www.celttv.com.ar\/index.php\/2019\/03\/13\/salud-celebro-el-dia-de-la-mujer-con-una-exitosa-jornada-de-donacion-de-cabello-y-actividades-orientadas-al-cuidado-personal-videos-entrevistas\/#breadcrumb"},"inLanguage":"es","potentialAction":[{"@type":"ReadAction","target":["https:\/\/www.celttv.com.ar\/index.php\/2019\/03\/13\/salud-celebro-el-dia-de-la-mujer-con-una-exitosa-jornada-de-donacion-de-cabello-y-actividades-orientadas-al-cuidado-personal-videos-entrevistas\/"]}]},{"@type":"BreadcrumbList","@id":"https:\/\/www.celttv.com.ar\/index.php\/2019\/03\/13\/salud-celebro-el-dia-de-la-mujer-con-una-exitosa-jornada-de-donacion-de-cabello-y-actividades-orientadas-al-cuidado-personal-videos-entrevistas\/#breadcrumb","itemListElement":[{"@type":"ListItem","position":1,"name":"Inicio","item":"https:\/\/www.celttv.com.ar\/"},{"@type":"ListItem","position":2,"name":"Salud celebr\u00f3 el d\u00eda de la mujer con una exitosa jornada de donaci\u00f3n de cabello y actividades orientadas al cuidado personal (Videos entrevistas)"}]},{"@type":"WebSite","@id":"https:\/\/www.celttv.com.ar\/#website","url":"https:\/\/www.celttv.com.ar\/","name":"CELTTV","description":"Cooperativa El\u00e9ctrica de Tornquist","publisher":{"@id":"https:\/\/www.celttv.com.ar\/#organization"},"potentialAction":[{"@type":"SearchAction","target":{"@type":"EntryPoint","urlTemplate":"https:\/\/www.celttv.com.ar\/?s={search_term_string}"},"query-input":"required name=search_term_string"}],"inLanguage":"es"},{"@type":"Organization","@id":"https:\/\/www.celttv.com.ar\/#organization","name":"CELTTV","url":"https:\/\/www.celttv.com.ar\/","sameAs":["https:\/\/www.youtube.com\/channel\/UCz_oIt8Hig64Ub-EmcNPIhg","https:\/\/www.facebook.com\/celtTV\/"],"logo":{"@type":"ImageObject","inLanguage":"es","@id":"https:\/\/www.celttv.com.ar\/#\/schema\/logo\/image\/","url":"http:\/\/www.celttv.com.ar\/wp-content\/uploads\/2022\/08\/logo-1.png","contentUrl":"http:\/\/www.celttv.com.ar\/wp-content\/uploads\/2022\/08\/logo-1.png","width":461,"height":159,"caption":"CELTTV"},"image":{"@id":"https:\/\/www.celttv.com.ar\/#\/schema\/logo\/image\/"}},{"@type":"Person","@id":"https:\/\/www.celttv.com.ar\/#\/schema\/person\/6d99c072dba59953809c81446e9d0ace","name":"ulises","image":{"@type":"ImageObject","inLanguage":"es","@id":"https:\/\/www.celttv.com.ar\/#\/schema\/person\/image\/","url":"https:\/\/secure.gravatar.com\/avatar\/7f2c48bdc33b30088f941fb6082e555f2874c98e20cb159d7b92b50eadfce793?s=96&d=mm&r=g","contentUrl":"https:\/\/secure.gravatar.com\/avatar\/7f2c48bdc33b30088f941fb6082e555f2874c98e20cb159d7b92b50eadfce793?s=96&d=mm&r=g","caption":"ulises"},"sameAs":["http:\/\/www.celttv.com.ar"]}]}},"_links":{"self":[{"href":"https:\/\/www.celttv.com.ar\/index.php\/wp-json\/wp\/v2\/posts\/40283","targetHints":{"allow":["GET"]}}],"collection":[{"href":"https:\/\/www.celttv.com.ar\/index.php\/wp-json\/wp\/v2\/posts"}],"about":[{"href":"https:\/\/www.celttv.com.ar\/index.php\/wp-json\/wp\/v2\/types\/post"}],"author":[{"embeddable":true,"href":"https:\/\/www.celttv.com.ar\/index.php\/wp-json\/wp\/v2\/users\/1"}],"replies":[{"embeddable":true,"href":"https:\/\/www.celttv.com.ar\/index.php\/wp-json\/wp\/v2\/comments?post=40283"}],"version-history":[{"count":0,"href":"https:\/\/www.celttv.com.ar\/index.php\/wp-json\/wp\/v2\/posts\/40283\/revisions"}],"wp:featuredmedia":[{"embeddable":true,"href":"https:\/\/www.celttv.com.ar\/index.php\/wp-json\/wp\/v2\/media\/40284"}],"wp:attachment":[{"href":"https:\/\/www.celttv.com.ar\/index.php\/wp-json\/wp\/v2\/media?parent=40283"}],"wp:term":[{"taxonomy":"category","embeddable":true,"href":"https:\/\/www.celttv.com.ar\/index.php\/wp-json\/wp\/v2\/categories?post=40283"},{"taxonomy":"post_tag","embeddable":true,"href":"https:\/\/www.celttv.com.ar\/index.php\/wp-json\/wp\/v2\/tags?post=40283"}],"curies":[{"name":"wp","href":"https:\/\/api.w.org\/{rel}","templated":true}]}}