{"id":40313,"date":"2019-03-14T13:26:44","date_gmt":"2019-03-14T13:26:44","guid":{"rendered":"http:\/\/www.celttv.com.ar\/?p=40313"},"modified":"2019-03-14T13:26:44","modified_gmt":"2019-03-14T13:26:44","slug":"informe-sesion-extraordinaria-autoconvocada-por-el-hcd-el-12-de-marzo","status":"publish","type":"post","link":"https:\/\/www.celttv.com.ar\/index.php\/2019\/03\/14\/informe-sesion-extraordinaria-autoconvocada-por-el-hcd-el-12-de-marzo\/","title":{"rendered":"INFORME SESI\u00d3N EXTRAORDINARIA AUTOCONVOCADA POR EL HCD EL 12 DE MARZO"},"content":{"rendered":"<p>El martes 12 \u00a0de marzo los Ediles resolvieron autoconvocarse en Sesi\u00f3n Extraordinaria, seg\u00fan las facultades otorgadas por el Art\u00edculo 68\u00ba\u00a0 inciso 5 de la Ley Org\u00e1nica de las Municipalidades para tratar los siguientes temas:<\/p>\n<p>&nbsp;<\/p>\n<p><strong><u>Expte. N\u00ba 017\/19:<\/u><\/strong> D.E. Adquisici\u00f3n de un Cami\u00f3n con Batea Volcadora. (Licitaci\u00f3n P\u00fablica N\u00ba 01\/19).<\/p>\n<p>Se aprueba por unanimidad la Ordenanza con el N\u00ba 3120\/19 por la que se autoriza \u00a0al Departamento Ejecutivo Municipal a adjudicar a la firma VITTORI CEREALES S.R.L., con domicilio en Av. Moreno N\u00ba 1185 de la ciudad de Tornquist, la compra de un cami\u00f3n usado equipado con batea volcadora, seg\u00fan Pliego de Bases y Condiciones objeto de la Licitaci\u00f3n P\u00fablica N\u00ba 01\/19, en la suma de PESOS DOS MILLONES DOSCIENTOS MIL CON 00\/100 ($ 2.200.000,00).-<\/p>\n<p>&nbsp;<\/p>\n<p><strong><u>Expte. N\u00ba 043\/19<\/u><\/strong>: D.E. Solicita autorizaci\u00f3n p\/ el cobro Derecho de Ingreso a la Fiesta Provincial de la Vendimia.<\/p>\n<p>Se aprueba por unanimidad la Ordenanza con el N\u00ba 3117\/19 por la que se autoriza al Departamento Ejecutivo a cobrar en concepto de entrada general a la 6\u00ba FIESTA PROVINCIAL DE LA VENDIMIA, (a llevarse a cabo los d\u00edas 16 y 17 de Marzo de 2019), y derecho a espect\u00e1culo, la suma de $ 50,00 (pesos cincuenta) por persona por d\u00eda. Este valor se aplicar\u00e1 a todo persona mayor de 12 a\u00f1os.-<\/p>\n<p>&nbsp;<\/p>\n<p><strong><u>Expte. N\u00ba 047\/18:<\/u><\/strong> D.E. Convalida la firma del Contrato de Locaci\u00f3n celebrado entre el Sr. Luis Fiorentini y la Municipalidad de Tornquist. Alojamiento Estudiantil (Casa) Bah\u00eda Blanca.<\/p>\n<p>Se aprueba por unanimidad la Ordenanza con el N\u00ba 3118\/19 por la que se convalida la Adenda al \u00a0Contrato de Locaci\u00f3n suscripta entre el Sr<strong>. <\/strong>Luis Roberto Fiorentini y el Sr. Intendente Municipal Sr. Sergio Fabi\u00e1n Bordoni en representaci\u00f3n de la Municipalidad de Tornquist, por el inmueble ubicado en la calle Juan Molina N\u00ba 169\/175 de la ciudad de Bah\u00eda Blanca, compuesto por una casa en planta alta con terraza, y una casa en planta baja con garaje y patio interno, con destino al alojamiento de Estudiantes del Distrito que cursan estudios superiores en esa ciudad.-<\/p>\n<p>&nbsp;<\/p>\n<p><strong><u>Expte. N\u00ba 069\/18:<\/u><\/strong> D.E. Convalida la firma del Contrato de Locaci\u00f3n celebrado entre el Sr. Luis Fiorentini y la Municipalidad de Tornquist. Alojamiento Estudiantil (Departamento Interno) Bah\u00eda Blanca.<\/p>\n<p>Se aprueba por unanimidad la Ordenanza con el N\u00ba 3119\/19 \u00a0por la que se convalida \u00a0la Adenda al Contrato de Locaci\u00f3n suscripta entre el Sr. Luis Roberto Fiorentini y el Sr. Intendente Municipal Sr. Sergio Fabi\u00e1n Bordoni en representaci\u00f3n de la Municipalidad de Tornquist, por el inmueble ubicado en la calle Juan Molina N\u00ba 169\/175 de la ciudad de Bah\u00eda Blanca, compuesto por un departamento interno con patio, con destino al alojamiento de Estudiantes del Distrito que cursan estudios superiores en esa ciudad.-<\/p>\n<p>&nbsp;<\/p>\n<p><strong><u>Expte. N\u00ba 7093\/19:<\/u><\/strong> Bloques P.P.V. y F.J.C. Proyecto de Resoluci\u00f3n: ref. accesibilidad de los vecinos del Distrito al Programa ProCreAr.<\/p>\n<p>Se aprueba por unanimidad la Resoluci\u00f3n con el N\u00ba 02\/19 por la que, \u00a0teniendo en cuenta el Programa ProCreAr para acceder a participar de un sorteo por el derecho de presentaci\u00f3n de una carpeta crediticia, y gestionar el tr\u00e1mite de adjudicaci\u00f3n de un terreno, se solicita al Sr. Intendente Municipal Sergio Bordoni arbitre los medios necesarios para que al momento de la adjudicaci\u00f3n de un terreno, priorice a los vecinos residentes en el Distrito de Tornquist.-<\/p>\n<p>&nbsp;<\/p>\n<p>HONORABLE CONCEJO DELIBERANTE<\/p>\n","protected":false},"excerpt":{"rendered":"<p>El martes 12 \u00a0de marzo los Ediles resolvieron autoconvocarse en Sesi\u00f3n Extraordinaria, seg\u00fan las facultades otorgadas por el Art\u00edculo 68\u00ba\u00a0 inciso 5 de la Ley Org\u00e1nica de las Municipalidades para tratar los siguientes temas: &nbsp; Expte. N\u00ba 017\/19: D.E. Adquisici\u00f3n de un Cami\u00f3n con Batea Volcadora. (Licitaci\u00f3n P\u00fablica N\u00ba 01\/19). Se aprueba por unanimidad la [&hellip;]<\/p>\n","protected":false},"author":1,"featured_media":40314,"comment_status":"closed","ping_status":"open","sticky":false,"template":"","format":"standard","meta":{"footnotes":""},"categories":[55,51,52,53],"tags":[],"class_list":["post-40313","post","type-post","status-publish","format-standard","has-post-thumbnail","hentry","category-celt-tv-noticias","category-comunidad","category-destacadas","category-politica"],"yoast_head":"<!-- This site is optimized with the Yoast SEO plugin v19.7.1 - https:\/\/yoast.com\/wordpress\/plugins\/seo\/ -->\n<title>INFORME SESI\u00d3N EXTRAORDINARIA AUTOCONVOCADA POR EL HCD EL 12 DE MARZO - CELTTV<\/title>\n<meta name=\"description\" content=\"Sitio web de noticias de la localidad de Tornquist, provincia de Buenos Aires, Rep\u00fablica Argentina. Contenido propio originado por periodistas de CELTTV, el canal de TV local de la Cooperativa El\u00e9ctrica de Tornquist. Turismo, Pol\u00edtica, Sociedad, Deporte, Cultura y todo el contenido de inter\u00e9s general que la gente del pueblo y la regi\u00f3n debe conocer.\" \/>\n<meta name=\"robots\" content=\"index, follow, max-snippet:-1, max-image-preview:large, max-video-preview:-1\" \/>\n<link rel=\"canonical\" href=\"https:\/\/www.celttv.com.ar\/index.php\/2019\/03\/14\/informe-sesion-extraordinaria-autoconvocada-por-el-hcd-el-12-de-marzo\/\" \/>\n<meta property=\"og:locale\" content=\"es_ES\" \/>\n<meta property=\"og:type\" content=\"article\" \/>\n<meta property=\"og:title\" content=\"INFORME SESI\u00d3N EXTRAORDINARIA AUTOCONVOCADA POR EL HCD EL 12 DE MARZO - CELTTV\" \/>\n<meta property=\"og:description\" content=\"Sitio web de noticias de la localidad de Tornquist, provincia de Buenos Aires, Rep\u00fablica Argentina. Contenido propio originado por periodistas de CELTTV, el canal de TV local de la Cooperativa El\u00e9ctrica de Tornquist. Turismo, Pol\u00edtica, Sociedad, Deporte, Cultura y todo el contenido de inter\u00e9s general que la gente del pueblo y la regi\u00f3n debe conocer.\" \/>\n<meta property=\"og:url\" content=\"https:\/\/www.celttv.com.ar\/index.php\/2019\/03\/14\/informe-sesion-extraordinaria-autoconvocada-por-el-hcd-el-12-de-marzo\/\" \/>\n<meta property=\"og:site_name\" content=\"CELTTV\" \/>\n<meta property=\"article:publisher\" content=\"https:\/\/www.facebook.com\/celtTV\/\" \/>\n<meta property=\"article:published_time\" content=\"2019-03-14T13:26:44+00:00\" \/>\n<meta property=\"og:image\" content=\"https:\/\/www.celttv.com.ar\/wp-content\/uploads\/2019\/03\/descarga.jpg\" \/>\n\t<meta property=\"og:image:width\" content=\"275\" \/>\n\t<meta property=\"og:image:height\" content=\"183\" \/>\n\t<meta property=\"og:image:type\" content=\"image\/jpeg\" \/>\n<meta name=\"author\" content=\"ulises\" \/>\n<meta name=\"twitter:card\" content=\"summary_large_image\" \/>\n<meta name=\"twitter:label1\" content=\"Escrito por\" \/>\n\t<meta name=\"twitter:data1\" content=\"ulises\" \/>\n\t<meta name=\"twitter:label2\" content=\"Tiempo de lectura\" \/>\n\t<meta name=\"twitter:data2\" content=\"3 minutos\" \/>\n<script type=\"application\/ld+json\" class=\"yoast-schema-graph\">{\"@context\":\"https:\/\/schema.org\",\"@graph\":[{\"@type\":\"NewsArticle\",\"@id\":\"https:\/\/www.celttv.com.ar\/index.php\/2019\/03\/14\/informe-sesion-extraordinaria-autoconvocada-por-el-hcd-el-12-de-marzo\/#article\",\"isPartOf\":{\"@id\":\"https:\/\/www.celttv.com.ar\/index.php\/2019\/03\/14\/informe-sesion-extraordinaria-autoconvocada-por-el-hcd-el-12-de-marzo\/\"},\"author\":{\"name\":\"ulises\",\"@id\":\"https:\/\/www.celttv.com.ar\/#\/schema\/person\/6d99c072dba59953809c81446e9d0ace\"},\"headline\":\"INFORME SESI\u00d3N EXTRAORDINARIA AUTOCONVOCADA POR EL HCD EL 12 DE MARZO\",\"datePublished\":\"2019-03-14T13:26:44+00:00\",\"dateModified\":\"2019-03-14T13:26:44+00:00\",\"mainEntityOfPage\":{\"@id\":\"https:\/\/www.celttv.com.ar\/index.php\/2019\/03\/14\/informe-sesion-extraordinaria-autoconvocada-por-el-hcd-el-12-de-marzo\/\"},\"wordCount\":587,\"publisher\":{\"@id\":\"https:\/\/www.celttv.com.ar\/#organization\"},\"articleSection\":[\"Celt TV Noticias\",\"Comunidad\",\"Destacadas\",\"Pol\u00edtica\"],\"inLanguage\":\"es\"},{\"@type\":\"WebPage\",\"@id\":\"https:\/\/www.celttv.com.ar\/index.php\/2019\/03\/14\/informe-sesion-extraordinaria-autoconvocada-por-el-hcd-el-12-de-marzo\/\",\"url\":\"https:\/\/www.celttv.com.ar\/index.php\/2019\/03\/14\/informe-sesion-extraordinaria-autoconvocada-por-el-hcd-el-12-de-marzo\/\",\"name\":\"INFORME SESI\u00d3N EXTRAORDINARIA AUTOCONVOCADA POR EL HCD EL 12 DE MARZO - CELTTV\",\"isPartOf\":{\"@id\":\"https:\/\/www.celttv.com.ar\/#website\"},\"datePublished\":\"2019-03-14T13:26:44+00:00\",\"dateModified\":\"2019-03-14T13:26:44+00:00\",\"description\":\"Sitio web de noticias de la localidad de Tornquist, provincia de Buenos Aires, Rep\u00fablica Argentina. Contenido propio originado por periodistas de CELTTV, el canal de TV local de la Cooperativa El\u00e9ctrica de Tornquist. Turismo, Pol\u00edtica, Sociedad, Deporte, Cultura y todo el contenido de inter\u00e9s general que la gente del pueblo y la regi\u00f3n debe conocer.\",\"breadcrumb\":{\"@id\":\"https:\/\/www.celttv.com.ar\/index.php\/2019\/03\/14\/informe-sesion-extraordinaria-autoconvocada-por-el-hcd-el-12-de-marzo\/#breadcrumb\"},\"inLanguage\":\"es\",\"potentialAction\":[{\"@type\":\"ReadAction\",\"target\":[\"https:\/\/www.celttv.com.ar\/index.php\/2019\/03\/14\/informe-sesion-extraordinaria-autoconvocada-por-el-hcd-el-12-de-marzo\/\"]}]},{\"@type\":\"BreadcrumbList\",\"@id\":\"https:\/\/www.celttv.com.ar\/index.php\/2019\/03\/14\/informe-sesion-extraordinaria-autoconvocada-por-el-hcd-el-12-de-marzo\/#breadcrumb\",\"itemListElement\":[{\"@type\":\"ListItem\",\"position\":1,\"name\":\"Inicio\",\"item\":\"https:\/\/www.celttv.com.ar\/\"},{\"@type\":\"ListItem\",\"position\":2,\"name\":\"INFORME SESI\u00d3N EXTRAORDINARIA AUTOCONVOCADA POR EL HCD EL 12 DE MARZO\"}]},{\"@type\":\"WebSite\",\"@id\":\"https:\/\/www.celttv.com.ar\/#website\",\"url\":\"https:\/\/www.celttv.com.ar\/\",\"name\":\"CELTTV\",\"description\":\"Cooperativa El\u00e9ctrica de Tornquist\",\"publisher\":{\"@id\":\"https:\/\/www.celttv.com.ar\/#organization\"},\"potentialAction\":[{\"@type\":\"SearchAction\",\"target\":{\"@type\":\"EntryPoint\",\"urlTemplate\":\"https:\/\/www.celttv.com.ar\/?s={search_term_string}\"},\"query-input\":\"required name=search_term_string\"}],\"inLanguage\":\"es\"},{\"@type\":\"Organization\",\"@id\":\"https:\/\/www.celttv.com.ar\/#organization\",\"name\":\"CELTTV\",\"url\":\"https:\/\/www.celttv.com.ar\/\",\"sameAs\":[\"https:\/\/www.youtube.com\/channel\/UCz_oIt8Hig64Ub-EmcNPIhg\",\"https:\/\/www.facebook.com\/celtTV\/\"],\"logo\":{\"@type\":\"ImageObject\",\"inLanguage\":\"es\",\"@id\":\"https:\/\/www.celttv.com.ar\/#\/schema\/logo\/image\/\",\"url\":\"http:\/\/www.celttv.com.ar\/wp-content\/uploads\/2022\/08\/logo-1.png\",\"contentUrl\":\"http:\/\/www.celttv.com.ar\/wp-content\/uploads\/2022\/08\/logo-1.png\",\"width\":461,\"height\":159,\"caption\":\"CELTTV\"},\"image\":{\"@id\":\"https:\/\/www.celttv.com.ar\/#\/schema\/logo\/image\/\"}},{\"@type\":\"Person\",\"@id\":\"https:\/\/www.celttv.com.ar\/#\/schema\/person\/6d99c072dba59953809c81446e9d0ace\",\"name\":\"ulises\",\"image\":{\"@type\":\"ImageObject\",\"inLanguage\":\"es\",\"@id\":\"https:\/\/www.celttv.com.ar\/#\/schema\/person\/image\/\",\"url\":\"https:\/\/secure.gravatar.com\/avatar\/7f2c48bdc33b30088f941fb6082e555f2874c98e20cb159d7b92b50eadfce793?s=96&d=mm&r=g\",\"contentUrl\":\"https:\/\/secure.gravatar.com\/avatar\/7f2c48bdc33b30088f941fb6082e555f2874c98e20cb159d7b92b50eadfce793?s=96&d=mm&r=g\",\"caption\":\"ulises\"},\"sameAs\":[\"http:\/\/www.celttv.com.ar\"]}]}<\/script>\n<!-- \/ Yoast SEO plugin. -->","yoast_head_json":{"title":"INFORME SESI\u00d3N EXTRAORDINARIA AUTOCONVOCADA POR EL HCD EL 12 DE MARZO - CELTTV","description":"Sitio web de noticias de la localidad de Tornquist, provincia de Buenos Aires, Rep\u00fablica Argentina. Contenido propio originado por periodistas de CELTTV, el canal de TV local de la Cooperativa El\u00e9ctrica de Tornquist. Turismo, Pol\u00edtica, Sociedad, Deporte, Cultura y todo el contenido de inter\u00e9s general que la gente del pueblo y la regi\u00f3n debe conocer.","robots":{"index":"index","follow":"follow","max-snippet":"max-snippet:-1","max-image-preview":"max-image-preview:large","max-video-preview":"max-video-preview:-1"},"canonical":"https:\/\/www.celttv.com.ar\/index.php\/2019\/03\/14\/informe-sesion-extraordinaria-autoconvocada-por-el-hcd-el-12-de-marzo\/","og_locale":"es_ES","og_type":"article","og_title":"INFORME SESI\u00d3N EXTRAORDINARIA AUTOCONVOCADA POR EL HCD EL 12 DE MARZO - CELTTV","og_description":"Sitio web de noticias de la localidad de Tornquist, provincia de Buenos Aires, Rep\u00fablica Argentina. Contenido propio originado por periodistas de CELTTV, el canal de TV local de la Cooperativa El\u00e9ctrica de Tornquist. Turismo, Pol\u00edtica, Sociedad, Deporte, Cultura y todo el contenido de inter\u00e9s general que la gente del pueblo y la regi\u00f3n debe conocer.","og_url":"https:\/\/www.celttv.com.ar\/index.php\/2019\/03\/14\/informe-sesion-extraordinaria-autoconvocada-por-el-hcd-el-12-de-marzo\/","og_site_name":"CELTTV","article_publisher":"https:\/\/www.facebook.com\/celtTV\/","article_published_time":"2019-03-14T13:26:44+00:00","og_image":[{"width":275,"height":183,"url":"https:\/\/www.celttv.com.ar\/wp-content\/uploads\/2019\/03\/descarga.jpg","type":"image\/jpeg"}],"author":"ulises","twitter_card":"summary_large_image","twitter_misc":{"Escrito por":"ulises","Tiempo de lectura":"3 minutos"},"schema":{"@context":"https:\/\/schema.org","@graph":[{"@type":"NewsArticle","@id":"https:\/\/www.celttv.com.ar\/index.php\/2019\/03\/14\/informe-sesion-extraordinaria-autoconvocada-por-el-hcd-el-12-de-marzo\/#article","isPartOf":{"@id":"https:\/\/www.celttv.com.ar\/index.php\/2019\/03\/14\/informe-sesion-extraordinaria-autoconvocada-por-el-hcd-el-12-de-marzo\/"},"author":{"name":"ulises","@id":"https:\/\/www.celttv.com.ar\/#\/schema\/person\/6d99c072dba59953809c81446e9d0ace"},"headline":"INFORME SESI\u00d3N EXTRAORDINARIA AUTOCONVOCADA POR EL HCD EL 12 DE MARZO","datePublished":"2019-03-14T13:26:44+00:00","dateModified":"2019-03-14T13:26:44+00:00","mainEntityOfPage":{"@id":"https:\/\/www.celttv.com.ar\/index.php\/2019\/03\/14\/informe-sesion-extraordinaria-autoconvocada-por-el-hcd-el-12-de-marzo\/"},"wordCount":587,"publisher":{"@id":"https:\/\/www.celttv.com.ar\/#organization"},"articleSection":["Celt TV Noticias","Comunidad","Destacadas","Pol\u00edtica"],"inLanguage":"es"},{"@type":"WebPage","@id":"https:\/\/www.celttv.com.ar\/index.php\/2019\/03\/14\/informe-sesion-extraordinaria-autoconvocada-por-el-hcd-el-12-de-marzo\/","url":"https:\/\/www.celttv.com.ar\/index.php\/2019\/03\/14\/informe-sesion-extraordinaria-autoconvocada-por-el-hcd-el-12-de-marzo\/","name":"INFORME SESI\u00d3N EXTRAORDINARIA AUTOCONVOCADA POR EL HCD EL 12 DE MARZO - CELTTV","isPartOf":{"@id":"https:\/\/www.celttv.com.ar\/#website"},"datePublished":"2019-03-14T13:26:44+00:00","dateModified":"2019-03-14T13:26:44+00:00","description":"Sitio web de noticias de la localidad de Tornquist, provincia de Buenos Aires, Rep\u00fablica Argentina. Contenido propio originado por periodistas de CELTTV, el canal de TV local de la Cooperativa El\u00e9ctrica de Tornquist. Turismo, Pol\u00edtica, Sociedad, Deporte, Cultura y todo el contenido de inter\u00e9s general que la gente del pueblo y la regi\u00f3n debe conocer.","breadcrumb":{"@id":"https:\/\/www.celttv.com.ar\/index.php\/2019\/03\/14\/informe-sesion-extraordinaria-autoconvocada-por-el-hcd-el-12-de-marzo\/#breadcrumb"},"inLanguage":"es","potentialAction":[{"@type":"ReadAction","target":["https:\/\/www.celttv.com.ar\/index.php\/2019\/03\/14\/informe-sesion-extraordinaria-autoconvocada-por-el-hcd-el-12-de-marzo\/"]}]},{"@type":"BreadcrumbList","@id":"https:\/\/www.celttv.com.ar\/index.php\/2019\/03\/14\/informe-sesion-extraordinaria-autoconvocada-por-el-hcd-el-12-de-marzo\/#breadcrumb","itemListElement":[{"@type":"ListItem","position":1,"name":"Inicio","item":"https:\/\/www.celttv.com.ar\/"},{"@type":"ListItem","position":2,"name":"INFORME SESI\u00d3N EXTRAORDINARIA AUTOCONVOCADA POR EL HCD EL 12 DE MARZO"}]},{"@type":"WebSite","@id":"https:\/\/www.celttv.com.ar\/#website","url":"https:\/\/www.celttv.com.ar\/","name":"CELTTV","description":"Cooperativa El\u00e9ctrica de Tornquist","publisher":{"@id":"https:\/\/www.celttv.com.ar\/#organization"},"potentialAction":[{"@type":"SearchAction","target":{"@type":"EntryPoint","urlTemplate":"https:\/\/www.celttv.com.ar\/?s={search_term_string}"},"query-input":"required name=search_term_string"}],"inLanguage":"es"},{"@type":"Organization","@id":"https:\/\/www.celttv.com.ar\/#organization","name":"CELTTV","url":"https:\/\/www.celttv.com.ar\/","sameAs":["https:\/\/www.youtube.com\/channel\/UCz_oIt8Hig64Ub-EmcNPIhg","https:\/\/www.facebook.com\/celtTV\/"],"logo":{"@type":"ImageObject","inLanguage":"es","@id":"https:\/\/www.celttv.com.ar\/#\/schema\/logo\/image\/","url":"http:\/\/www.celttv.com.ar\/wp-content\/uploads\/2022\/08\/logo-1.png","contentUrl":"http:\/\/www.celttv.com.ar\/wp-content\/uploads\/2022\/08\/logo-1.png","width":461,"height":159,"caption":"CELTTV"},"image":{"@id":"https:\/\/www.celttv.com.ar\/#\/schema\/logo\/image\/"}},{"@type":"Person","@id":"https:\/\/www.celttv.com.ar\/#\/schema\/person\/6d99c072dba59953809c81446e9d0ace","name":"ulises","image":{"@type":"ImageObject","inLanguage":"es","@id":"https:\/\/www.celttv.com.ar\/#\/schema\/person\/image\/","url":"https:\/\/secure.gravatar.com\/avatar\/7f2c48bdc33b30088f941fb6082e555f2874c98e20cb159d7b92b50eadfce793?s=96&d=mm&r=g","contentUrl":"https:\/\/secure.gravatar.com\/avatar\/7f2c48bdc33b30088f941fb6082e555f2874c98e20cb159d7b92b50eadfce793?s=96&d=mm&r=g","caption":"ulises"},"sameAs":["http:\/\/www.celttv.com.ar"]}]}},"_links":{"self":[{"href":"https:\/\/www.celttv.com.ar\/index.php\/wp-json\/wp\/v2\/posts\/40313","targetHints":{"allow":["GET"]}}],"collection":[{"href":"https:\/\/www.celttv.com.ar\/index.php\/wp-json\/wp\/v2\/posts"}],"about":[{"href":"https:\/\/www.celttv.com.ar\/index.php\/wp-json\/wp\/v2\/types\/post"}],"author":[{"embeddable":true,"href":"https:\/\/www.celttv.com.ar\/index.php\/wp-json\/wp\/v2\/users\/1"}],"replies":[{"embeddable":true,"href":"https:\/\/www.celttv.com.ar\/index.php\/wp-json\/wp\/v2\/comments?post=40313"}],"version-history":[{"count":0,"href":"https:\/\/www.celttv.com.ar\/index.php\/wp-json\/wp\/v2\/posts\/40313\/revisions"}],"wp:featuredmedia":[{"embeddable":true,"href":"https:\/\/www.celttv.com.ar\/index.php\/wp-json\/wp\/v2\/media\/40314"}],"wp:attachment":[{"href":"https:\/\/www.celttv.com.ar\/index.php\/wp-json\/wp\/v2\/media?parent=40313"}],"wp:term":[{"taxonomy":"category","embeddable":true,"href":"https:\/\/www.celttv.com.ar\/index.php\/wp-json\/wp\/v2\/categories?post=40313"},{"taxonomy":"post_tag","embeddable":true,"href":"https:\/\/www.celttv.com.ar\/index.php\/wp-json\/wp\/v2\/tags?post=40313"}],"curies":[{"name":"wp","href":"https:\/\/api.w.org\/{rel}","templated":true}]}}