{"id":40329,"date":"2019-03-14T19:24:15","date_gmt":"2019-03-14T19:24:15","guid":{"rendered":"http:\/\/www.celttv.com.ar\/?p=40329"},"modified":"2019-03-14T19:24:15","modified_gmt":"2019-03-14T19:24:15","slug":"la-celt-informa-sobre-nuevos-incrementos-tarifarios","status":"publish","type":"post","link":"https:\/\/www.celttv.com.ar\/index.php\/2019\/03\/14\/la-celt-informa-sobre-nuevos-incrementos-tarifarios\/","title":{"rendered":"La CELT informa sobre nuevos incrementos tarifarios"},"content":{"rendered":"<p><strong><a href=\"http:\/\/www.celttv.com.ar\/?attachment_id=40331\" rel=\"attachment wp-att-40331\"><img loading=\"lazy\" decoding=\"async\" class=\"alignleft size-full wp-image-40331\" src=\"http:\/\/www.celttv.com.ar\/wp-content\/uploads\/2019\/03\/NUEVO-LOGO-CELT-Small.jpg\" alt=\"\" width=\"854\" height=\"430\" srcset=\"https:\/\/www.celttv.com.ar\/wp-content\/uploads\/2019\/03\/NUEVO-LOGO-CELT-Small.jpg 854w, https:\/\/www.celttv.com.ar\/wp-content\/uploads\/2019\/03\/NUEVO-LOGO-CELT-Small-300x151.jpg 300w, https:\/\/www.celttv.com.ar\/wp-content\/uploads\/2019\/03\/NUEVO-LOGO-CELT-Small-768x387.jpg 768w, https:\/\/www.celttv.com.ar\/wp-content\/uploads\/2019\/03\/NUEVO-LOGO-CELT-Small-360x180.jpg 360w, https:\/\/www.celttv.com.ar\/wp-content\/uploads\/2019\/03\/NUEVO-LOGO-CELT-Small-750x378.jpg 750w\" sizes=\"auto, (max-width: 854px) 100vw, 854px\" \/><\/a>\u00bfQui\u00e9n dispuso los incrementos tarifarios en el servicio el\u00e9ctrico que rigen durante el mes de febrero?<\/strong><\/p>\n<p>Fueron dispuestos por el\u00a0<strong>Gobierno provincial<\/strong>\u00a0(Resoluci\u00f3n 186\/19 del Ministerio de Infraestructura y Servicios P\u00fablicos)<\/p>\n<p>&nbsp;<\/p>\n<p><strong>\u00bfA cu\u00e1nto asciende el incremento de tarifas previsto durante 2019?<\/strong><\/p>\n<p>Primero per\u00edodo<strong>\u00a002\/02 al 30\/04:\u00a0<\/strong>El incremento promedio rondar\u00e1 entre el<strong>\u00a025 %\u00a0<\/strong>y el<strong>\u00a035%\u00a0<\/strong>(dependiendo de la categor\u00eda en la que se encuentre encuadrado el usuario)<\/p>\n<p>Dos per\u00edodos adicionales del 01\/05\/19 al 31\/07\/19 con un incremento aprox. de\u00a0<strong>5 %<\/strong>\u00a0y del 01\/08\/19 al 31\/10\/19 con un incremento promedio del<strong>\u00a05%.<\/strong><\/p>\n<p><strong>\u00a0<\/strong><\/p>\n<p><strong>\u00bfQu\u00e9 cambios prev\u00e9 la normativa recientemente sancionada?<\/strong><\/p>\n<p>Se\u00a0<strong>elimina\u00a0<\/strong>el llamado\u00a0<strong>Plan Est\u00edmulo<\/strong>\u00a0que establec\u00eda beneficios para aquellos usuarios que ahorrasen energ\u00eda respecto de igual per\u00edodo del a\u00f1o 2015.<\/p>\n<p>&nbsp;<\/p>\n<p><strong>\u00bfLa tarifa se aplica de igual modo en toda la provincia de Buenos Aires?<\/strong><\/p>\n<p>La Provincia tiene cuatro \u00e1reas (Rio de La Plata, Atl\u00e1ntica, Norte y Sur), cada una con su cuadro tarifario.<\/p>\n","protected":false},"excerpt":{"rendered":"<p>\u00bfQui\u00e9n dispuso los incrementos tarifarios en el servicio el\u00e9ctrico que rigen durante el mes de febrero? Fueron dispuestos por el\u00a0Gobierno provincial\u00a0(Resoluci\u00f3n 186\/19 del Ministerio de Infraestructura y Servicios P\u00fablicos) &nbsp; \u00bfA cu\u00e1nto asciende el incremento de tarifas previsto durante 2019? Primero per\u00edodo\u00a002\/02 al 30\/04:\u00a0El incremento promedio rondar\u00e1 entre el\u00a025 %\u00a0y el\u00a035%\u00a0(dependiendo de la categor\u00eda en [&hellip;]<\/p>\n","protected":false},"author":1,"featured_media":40331,"comment_status":"closed","ping_status":"open","sticky":false,"template":"","format":"standard","meta":{"footnotes":""},"categories":[55,51,52],"tags":[],"class_list":["post-40329","post","type-post","status-publish","format-standard","has-post-thumbnail","hentry","category-celt-tv-noticias","category-comunidad","category-destacadas"],"yoast_head":"<!-- This site is optimized with the Yoast SEO plugin v19.7.1 - https:\/\/yoast.com\/wordpress\/plugins\/seo\/ -->\n<title>La CELT informa sobre nuevos incrementos tarifarios - CELTTV<\/title>\n<meta name=\"description\" content=\"Sitio web de noticias de la localidad de Tornquist, provincia de Buenos Aires, Rep\u00fablica Argentina. Contenido propio originado por periodistas de CELTTV, el canal de TV local de la Cooperativa El\u00e9ctrica de Tornquist. Turismo, Pol\u00edtica, Sociedad, Deporte, Cultura y todo el contenido de inter\u00e9s general que la gente del pueblo y la regi\u00f3n debe conocer.\" \/>\n<meta name=\"robots\" content=\"index, follow, max-snippet:-1, max-image-preview:large, max-video-preview:-1\" \/>\n<link rel=\"canonical\" href=\"https:\/\/www.celttv.com.ar\/index.php\/2019\/03\/14\/la-celt-informa-sobre-nuevos-incrementos-tarifarios\/\" \/>\n<meta property=\"og:locale\" content=\"es_ES\" \/>\n<meta property=\"og:type\" content=\"article\" \/>\n<meta property=\"og:title\" content=\"La CELT informa sobre nuevos incrementos tarifarios - CELTTV\" \/>\n<meta property=\"og:description\" content=\"Sitio web de noticias de la localidad de Tornquist, provincia de Buenos Aires, Rep\u00fablica Argentina. Contenido propio originado por periodistas de CELTTV, el canal de TV local de la Cooperativa El\u00e9ctrica de Tornquist. Turismo, Pol\u00edtica, Sociedad, Deporte, Cultura y todo el contenido de inter\u00e9s general que la gente del pueblo y la regi\u00f3n debe conocer.\" \/>\n<meta property=\"og:url\" content=\"https:\/\/www.celttv.com.ar\/index.php\/2019\/03\/14\/la-celt-informa-sobre-nuevos-incrementos-tarifarios\/\" \/>\n<meta property=\"og:site_name\" content=\"CELTTV\" \/>\n<meta property=\"article:publisher\" content=\"https:\/\/www.facebook.com\/celtTV\/\" \/>\n<meta property=\"article:published_time\" content=\"2019-03-14T19:24:15+00:00\" \/>\n<meta property=\"og:image\" content=\"https:\/\/www.celttv.com.ar\/wp-content\/uploads\/2019\/03\/NUEVO-LOGO-CELT-Small.jpg\" \/>\n\t<meta property=\"og:image:width\" content=\"854\" \/>\n\t<meta property=\"og:image:height\" content=\"430\" \/>\n\t<meta property=\"og:image:type\" content=\"image\/jpeg\" \/>\n<meta name=\"author\" content=\"ulises\" \/>\n<meta name=\"twitter:card\" content=\"summary_large_image\" \/>\n<meta name=\"twitter:label1\" content=\"Escrito por\" \/>\n\t<meta name=\"twitter:data1\" content=\"ulises\" \/>\n\t<meta name=\"twitter:label2\" content=\"Tiempo de lectura\" \/>\n\t<meta name=\"twitter:data2\" content=\"1 minuto\" \/>\n<script type=\"application\/ld+json\" class=\"yoast-schema-graph\">{\"@context\":\"https:\/\/schema.org\",\"@graph\":[{\"@type\":\"NewsArticle\",\"@id\":\"https:\/\/www.celttv.com.ar\/index.php\/2019\/03\/14\/la-celt-informa-sobre-nuevos-incrementos-tarifarios\/#article\",\"isPartOf\":{\"@id\":\"https:\/\/www.celttv.com.ar\/index.php\/2019\/03\/14\/la-celt-informa-sobre-nuevos-incrementos-tarifarios\/\"},\"author\":{\"name\":\"ulises\",\"@id\":\"https:\/\/www.celttv.com.ar\/#\/schema\/person\/6d99c072dba59953809c81446e9d0ace\"},\"headline\":\"La CELT informa sobre nuevos incrementos tarifarios\",\"datePublished\":\"2019-03-14T19:24:15+00:00\",\"dateModified\":\"2019-03-14T19:24:15+00:00\",\"mainEntityOfPage\":{\"@id\":\"https:\/\/www.celttv.com.ar\/index.php\/2019\/03\/14\/la-celt-informa-sobre-nuevos-incrementos-tarifarios\/\"},\"wordCount\":164,\"publisher\":{\"@id\":\"https:\/\/www.celttv.com.ar\/#organization\"},\"articleSection\":[\"Celt TV Noticias\",\"Comunidad\",\"Destacadas\"],\"inLanguage\":\"es\"},{\"@type\":\"WebPage\",\"@id\":\"https:\/\/www.celttv.com.ar\/index.php\/2019\/03\/14\/la-celt-informa-sobre-nuevos-incrementos-tarifarios\/\",\"url\":\"https:\/\/www.celttv.com.ar\/index.php\/2019\/03\/14\/la-celt-informa-sobre-nuevos-incrementos-tarifarios\/\",\"name\":\"La CELT informa sobre nuevos incrementos tarifarios - CELTTV\",\"isPartOf\":{\"@id\":\"https:\/\/www.celttv.com.ar\/#website\"},\"datePublished\":\"2019-03-14T19:24:15+00:00\",\"dateModified\":\"2019-03-14T19:24:15+00:00\",\"description\":\"Sitio web de noticias de la localidad de Tornquist, provincia de Buenos Aires, Rep\u00fablica Argentina. Contenido propio originado por periodistas de CELTTV, el canal de TV local de la Cooperativa El\u00e9ctrica de Tornquist. Turismo, Pol\u00edtica, Sociedad, Deporte, Cultura y todo el contenido de inter\u00e9s general que la gente del pueblo y la regi\u00f3n debe conocer.\",\"breadcrumb\":{\"@id\":\"https:\/\/www.celttv.com.ar\/index.php\/2019\/03\/14\/la-celt-informa-sobre-nuevos-incrementos-tarifarios\/#breadcrumb\"},\"inLanguage\":\"es\",\"potentialAction\":[{\"@type\":\"ReadAction\",\"target\":[\"https:\/\/www.celttv.com.ar\/index.php\/2019\/03\/14\/la-celt-informa-sobre-nuevos-incrementos-tarifarios\/\"]}]},{\"@type\":\"BreadcrumbList\",\"@id\":\"https:\/\/www.celttv.com.ar\/index.php\/2019\/03\/14\/la-celt-informa-sobre-nuevos-incrementos-tarifarios\/#breadcrumb\",\"itemListElement\":[{\"@type\":\"ListItem\",\"position\":1,\"name\":\"Inicio\",\"item\":\"https:\/\/www.celttv.com.ar\/\"},{\"@type\":\"ListItem\",\"position\":2,\"name\":\"La CELT informa sobre nuevos incrementos tarifarios\"}]},{\"@type\":\"WebSite\",\"@id\":\"https:\/\/www.celttv.com.ar\/#website\",\"url\":\"https:\/\/www.celttv.com.ar\/\",\"name\":\"CELTTV\",\"description\":\"Cooperativa El\u00e9ctrica de Tornquist\",\"publisher\":{\"@id\":\"https:\/\/www.celttv.com.ar\/#organization\"},\"potentialAction\":[{\"@type\":\"SearchAction\",\"target\":{\"@type\":\"EntryPoint\",\"urlTemplate\":\"https:\/\/www.celttv.com.ar\/?s={search_term_string}\"},\"query-input\":\"required name=search_term_string\"}],\"inLanguage\":\"es\"},{\"@type\":\"Organization\",\"@id\":\"https:\/\/www.celttv.com.ar\/#organization\",\"name\":\"CELTTV\",\"url\":\"https:\/\/www.celttv.com.ar\/\",\"sameAs\":[\"https:\/\/www.youtube.com\/channel\/UCz_oIt8Hig64Ub-EmcNPIhg\",\"https:\/\/www.facebook.com\/celtTV\/\"],\"logo\":{\"@type\":\"ImageObject\",\"inLanguage\":\"es\",\"@id\":\"https:\/\/www.celttv.com.ar\/#\/schema\/logo\/image\/\",\"url\":\"http:\/\/www.celttv.com.ar\/wp-content\/uploads\/2022\/08\/logo-1.png\",\"contentUrl\":\"http:\/\/www.celttv.com.ar\/wp-content\/uploads\/2022\/08\/logo-1.png\",\"width\":461,\"height\":159,\"caption\":\"CELTTV\"},\"image\":{\"@id\":\"https:\/\/www.celttv.com.ar\/#\/schema\/logo\/image\/\"}},{\"@type\":\"Person\",\"@id\":\"https:\/\/www.celttv.com.ar\/#\/schema\/person\/6d99c072dba59953809c81446e9d0ace\",\"name\":\"ulises\",\"image\":{\"@type\":\"ImageObject\",\"inLanguage\":\"es\",\"@id\":\"https:\/\/www.celttv.com.ar\/#\/schema\/person\/image\/\",\"url\":\"https:\/\/secure.gravatar.com\/avatar\/7f2c48bdc33b30088f941fb6082e555f2874c98e20cb159d7b92b50eadfce793?s=96&d=mm&r=g\",\"contentUrl\":\"https:\/\/secure.gravatar.com\/avatar\/7f2c48bdc33b30088f941fb6082e555f2874c98e20cb159d7b92b50eadfce793?s=96&d=mm&r=g\",\"caption\":\"ulises\"},\"sameAs\":[\"http:\/\/www.celttv.com.ar\"]}]}<\/script>\n<!-- \/ Yoast SEO plugin. -->","yoast_head_json":{"title":"La CELT informa sobre nuevos incrementos tarifarios - CELTTV","description":"Sitio web de noticias de la localidad de Tornquist, provincia de Buenos Aires, Rep\u00fablica Argentina. Contenido propio originado por periodistas de CELTTV, el canal de TV local de la Cooperativa El\u00e9ctrica de Tornquist. Turismo, Pol\u00edtica, Sociedad, Deporte, Cultura y todo el contenido de inter\u00e9s general que la gente del pueblo y la regi\u00f3n debe conocer.","robots":{"index":"index","follow":"follow","max-snippet":"max-snippet:-1","max-image-preview":"max-image-preview:large","max-video-preview":"max-video-preview:-1"},"canonical":"https:\/\/www.celttv.com.ar\/index.php\/2019\/03\/14\/la-celt-informa-sobre-nuevos-incrementos-tarifarios\/","og_locale":"es_ES","og_type":"article","og_title":"La CELT informa sobre nuevos incrementos tarifarios - CELTTV","og_description":"Sitio web de noticias de la localidad de Tornquist, provincia de Buenos Aires, Rep\u00fablica Argentina. Contenido propio originado por periodistas de CELTTV, el canal de TV local de la Cooperativa El\u00e9ctrica de Tornquist. Turismo, Pol\u00edtica, Sociedad, Deporte, Cultura y todo el contenido de inter\u00e9s general que la gente del pueblo y la regi\u00f3n debe conocer.","og_url":"https:\/\/www.celttv.com.ar\/index.php\/2019\/03\/14\/la-celt-informa-sobre-nuevos-incrementos-tarifarios\/","og_site_name":"CELTTV","article_publisher":"https:\/\/www.facebook.com\/celtTV\/","article_published_time":"2019-03-14T19:24:15+00:00","og_image":[{"width":854,"height":430,"url":"https:\/\/www.celttv.com.ar\/wp-content\/uploads\/2019\/03\/NUEVO-LOGO-CELT-Small.jpg","type":"image\/jpeg"}],"author":"ulises","twitter_card":"summary_large_image","twitter_misc":{"Escrito por":"ulises","Tiempo de lectura":"1 minuto"},"schema":{"@context":"https:\/\/schema.org","@graph":[{"@type":"NewsArticle","@id":"https:\/\/www.celttv.com.ar\/index.php\/2019\/03\/14\/la-celt-informa-sobre-nuevos-incrementos-tarifarios\/#article","isPartOf":{"@id":"https:\/\/www.celttv.com.ar\/index.php\/2019\/03\/14\/la-celt-informa-sobre-nuevos-incrementos-tarifarios\/"},"author":{"name":"ulises","@id":"https:\/\/www.celttv.com.ar\/#\/schema\/person\/6d99c072dba59953809c81446e9d0ace"},"headline":"La CELT informa sobre nuevos incrementos tarifarios","datePublished":"2019-03-14T19:24:15+00:00","dateModified":"2019-03-14T19:24:15+00:00","mainEntityOfPage":{"@id":"https:\/\/www.celttv.com.ar\/index.php\/2019\/03\/14\/la-celt-informa-sobre-nuevos-incrementos-tarifarios\/"},"wordCount":164,"publisher":{"@id":"https:\/\/www.celttv.com.ar\/#organization"},"articleSection":["Celt TV Noticias","Comunidad","Destacadas"],"inLanguage":"es"},{"@type":"WebPage","@id":"https:\/\/www.celttv.com.ar\/index.php\/2019\/03\/14\/la-celt-informa-sobre-nuevos-incrementos-tarifarios\/","url":"https:\/\/www.celttv.com.ar\/index.php\/2019\/03\/14\/la-celt-informa-sobre-nuevos-incrementos-tarifarios\/","name":"La CELT informa sobre nuevos incrementos tarifarios - CELTTV","isPartOf":{"@id":"https:\/\/www.celttv.com.ar\/#website"},"datePublished":"2019-03-14T19:24:15+00:00","dateModified":"2019-03-14T19:24:15+00:00","description":"Sitio web de noticias de la localidad de Tornquist, provincia de Buenos Aires, Rep\u00fablica Argentina. Contenido propio originado por periodistas de CELTTV, el canal de TV local de la Cooperativa El\u00e9ctrica de Tornquist. Turismo, Pol\u00edtica, Sociedad, Deporte, Cultura y todo el contenido de inter\u00e9s general que la gente del pueblo y la regi\u00f3n debe conocer.","breadcrumb":{"@id":"https:\/\/www.celttv.com.ar\/index.php\/2019\/03\/14\/la-celt-informa-sobre-nuevos-incrementos-tarifarios\/#breadcrumb"},"inLanguage":"es","potentialAction":[{"@type":"ReadAction","target":["https:\/\/www.celttv.com.ar\/index.php\/2019\/03\/14\/la-celt-informa-sobre-nuevos-incrementos-tarifarios\/"]}]},{"@type":"BreadcrumbList","@id":"https:\/\/www.celttv.com.ar\/index.php\/2019\/03\/14\/la-celt-informa-sobre-nuevos-incrementos-tarifarios\/#breadcrumb","itemListElement":[{"@type":"ListItem","position":1,"name":"Inicio","item":"https:\/\/www.celttv.com.ar\/"},{"@type":"ListItem","position":2,"name":"La CELT informa sobre nuevos incrementos tarifarios"}]},{"@type":"WebSite","@id":"https:\/\/www.celttv.com.ar\/#website","url":"https:\/\/www.celttv.com.ar\/","name":"CELTTV","description":"Cooperativa El\u00e9ctrica de Tornquist","publisher":{"@id":"https:\/\/www.celttv.com.ar\/#organization"},"potentialAction":[{"@type":"SearchAction","target":{"@type":"EntryPoint","urlTemplate":"https:\/\/www.celttv.com.ar\/?s={search_term_string}"},"query-input":"required name=search_term_string"}],"inLanguage":"es"},{"@type":"Organization","@id":"https:\/\/www.celttv.com.ar\/#organization","name":"CELTTV","url":"https:\/\/www.celttv.com.ar\/","sameAs":["https:\/\/www.youtube.com\/channel\/UCz_oIt8Hig64Ub-EmcNPIhg","https:\/\/www.facebook.com\/celtTV\/"],"logo":{"@type":"ImageObject","inLanguage":"es","@id":"https:\/\/www.celttv.com.ar\/#\/schema\/logo\/image\/","url":"http:\/\/www.celttv.com.ar\/wp-content\/uploads\/2022\/08\/logo-1.png","contentUrl":"http:\/\/www.celttv.com.ar\/wp-content\/uploads\/2022\/08\/logo-1.png","width":461,"height":159,"caption":"CELTTV"},"image":{"@id":"https:\/\/www.celttv.com.ar\/#\/schema\/logo\/image\/"}},{"@type":"Person","@id":"https:\/\/www.celttv.com.ar\/#\/schema\/person\/6d99c072dba59953809c81446e9d0ace","name":"ulises","image":{"@type":"ImageObject","inLanguage":"es","@id":"https:\/\/www.celttv.com.ar\/#\/schema\/person\/image\/","url":"https:\/\/secure.gravatar.com\/avatar\/7f2c48bdc33b30088f941fb6082e555f2874c98e20cb159d7b92b50eadfce793?s=96&d=mm&r=g","contentUrl":"https:\/\/secure.gravatar.com\/avatar\/7f2c48bdc33b30088f941fb6082e555f2874c98e20cb159d7b92b50eadfce793?s=96&d=mm&r=g","caption":"ulises"},"sameAs":["http:\/\/www.celttv.com.ar"]}]}},"_links":{"self":[{"href":"https:\/\/www.celttv.com.ar\/index.php\/wp-json\/wp\/v2\/posts\/40329","targetHints":{"allow":["GET"]}}],"collection":[{"href":"https:\/\/www.celttv.com.ar\/index.php\/wp-json\/wp\/v2\/posts"}],"about":[{"href":"https:\/\/www.celttv.com.ar\/index.php\/wp-json\/wp\/v2\/types\/post"}],"author":[{"embeddable":true,"href":"https:\/\/www.celttv.com.ar\/index.php\/wp-json\/wp\/v2\/users\/1"}],"replies":[{"embeddable":true,"href":"https:\/\/www.celttv.com.ar\/index.php\/wp-json\/wp\/v2\/comments?post=40329"}],"version-history":[{"count":0,"href":"https:\/\/www.celttv.com.ar\/index.php\/wp-json\/wp\/v2\/posts\/40329\/revisions"}],"wp:featuredmedia":[{"embeddable":true,"href":"https:\/\/www.celttv.com.ar\/index.php\/wp-json\/wp\/v2\/media\/40331"}],"wp:attachment":[{"href":"https:\/\/www.celttv.com.ar\/index.php\/wp-json\/wp\/v2\/media?parent=40329"}],"wp:term":[{"taxonomy":"category","embeddable":true,"href":"https:\/\/www.celttv.com.ar\/index.php\/wp-json\/wp\/v2\/categories?post=40329"},{"taxonomy":"post_tag","embeddable":true,"href":"https:\/\/www.celttv.com.ar\/index.php\/wp-json\/wp\/v2\/tags?post=40329"}],"curies":[{"name":"wp","href":"https:\/\/api.w.org\/{rel}","templated":true}]}}