{"id":40337,"date":"2019-03-15T13:15:52","date_gmt":"2019-03-15T13:15:52","guid":{"rendered":"http:\/\/www.celttv.com.ar\/?p=40337"},"modified":"2019-03-15T13:15:52","modified_gmt":"2019-03-15T13:15:52","slug":"bordoni-firmo-convenio-en-la-oficina-de-anticorrupcion","status":"publish","type":"post","link":"https:\/\/www.celttv.com.ar\/index.php\/2019\/03\/15\/bordoni-firmo-convenio-en-la-oficina-de-anticorrupcion\/","title":{"rendered":"Bordoni firm\u00f3 convenio en la oficina de Anticorrupci\u00f3n"},"content":{"rendered":"<p>El d\u00eda de ayer, el intendente municipal Sergio Bordoni firm\u00f3, en la Oficina de Anticorrupci\u00f3n del Ministerio de Justicia y Derechos Humanos de la Naci\u00f3n, un convenio de cooperaci\u00f3n mutua para colaborar y participar en iniciativas, proyectos, y\/o acciones para el an\u00e1lisis de temas inherentes a las pol\u00edticas de transparencia y prevenci\u00f3n de la corrupci\u00f3n, junto a la representante de dicho \u00e1rea, Laura Alonso.<\/p>\n<p>Dentro del convenio se establece la elaboraci\u00f3n de programas de prevenci\u00f3n de la corrupci\u00f3n y de promoci\u00f3n de la transparencia de las distintas gestiones p\u00fablicas. Adem\u00e1s mediante el mismo se brindar\u00e1 asesoramiento para implementar pol\u00edticas y programas preventivos de hechos de corrupci\u00f3n.<\/p>\n<p>Por otro lado, tanto el estado nacional como los municipios,\u00a0 se comprometen a intercambiar experiencias y prestar asistencia t\u00e9cnica, en lo referente a regulaciones de transparencia de la gesti\u00f3n p\u00fablica, calidad de la informaci\u00f3n p\u00fablica; reg\u00edmenes de compras y contrataciones p\u00fablicas; malversaci\u00f3n y el uso indebido de los recursos p\u00fablicos; detecci\u00f3n de conflictos de intereses e incompatibilidades de los funcionarios p\u00fablicos; publicidad y control patrimonial de las declaraciones juradas; est\u00e1ndares de conducta y responsabilidad administrativa de los funcionarios p\u00fablicos; regulaciones y mecanismos que favorezcan la participaci\u00f3n de las organizaciones de la sociedad civil en control de los actos de gobierno.<\/p>\n<p>La firma de este convenio ratifica la voluntad del intendente de promover y apoyar pol\u00edticas de transparencia, as\u00ed como la de denunciar hechos de corrupci\u00f3n.<\/p>\n<p>El mismo ser\u00e1 elevado por el Ejecutivo al Honorable Concejo Deliberante para que sea analizado y aprobado por los concejales.<\/p>\n<div id='gallery_1' class='gallery galleryid-40337 gallery-columns-3 gallery-size-thumbnail'><figure class='gallery-item'>\n            <div class='gallery-icon portrait'>\n                <a href='https:\/\/www.celttv.com.ar\/wp-content\/uploads\/2019\/03\/WhatsApp-Image-2019-03-14-at-13.11.31-1.jpeg'><img loading=\"lazy\" decoding=\"async\" width=\"150\" height=\"150\" src=\"\" class=\"attachment-thumbnail size-thumbnail lazyload\" alt=\"\" data-src=\"https:\/\/www.celttv.com.ar\/wp-content\/uploads\/2019\/03\/WhatsApp-Image-2019-03-14-at-13.11.31-1-150x150.jpeg\" data-sizes=\"auto\" data-srcset=\"https:\/\/www.celttv.com.ar\/wp-content\/uploads\/2019\/03\/WhatsApp-Image-2019-03-14-at-13.11.31-1-150x150.jpeg 150w, https:\/\/www.celttv.com.ar\/wp-content\/uploads\/2019\/03\/WhatsApp-Image-2019-03-14-at-13.11.31-1-75x75.jpeg 75w\" data-expand=\"700\" \/><\/a>\n            <\/div><\/figure><figure class='gallery-item'>\n            <div class='gallery-icon portrait'>\n                <a href='https:\/\/www.celttv.com.ar\/wp-content\/uploads\/2019\/03\/WhatsApp-Image-2019-03-14-at-13.11.31.jpeg'><img loading=\"lazy\" decoding=\"async\" width=\"150\" height=\"150\" src=\"\" class=\"attachment-thumbnail size-thumbnail lazyload\" alt=\"\" data-src=\"https:\/\/www.celttv.com.ar\/wp-content\/uploads\/2019\/03\/WhatsApp-Image-2019-03-14-at-13.11.31-150x150.jpeg\" data-sizes=\"auto\" data-srcset=\"https:\/\/www.celttv.com.ar\/wp-content\/uploads\/2019\/03\/WhatsApp-Image-2019-03-14-at-13.11.31-150x150.jpeg 150w, https:\/\/www.celttv.com.ar\/wp-content\/uploads\/2019\/03\/WhatsApp-Image-2019-03-14-at-13.11.31-75x75.jpeg 75w\" data-expand=\"700\" \/><\/a>\n            <\/div><\/figure><figure class='gallery-item'>\n            <div class='gallery-icon portrait'>\n                <a href='https:\/\/www.celttv.com.ar\/wp-content\/uploads\/2019\/03\/WhatsApp-Image-2019-03-14-at-13.11.33.jpeg'><img loading=\"lazy\" decoding=\"async\" width=\"150\" height=\"150\" src=\"\" class=\"attachment-thumbnail size-thumbnail lazyload\" alt=\"\" data-src=\"https:\/\/www.celttv.com.ar\/wp-content\/uploads\/2019\/03\/WhatsApp-Image-2019-03-14-at-13.11.33-150x150.jpeg\" data-sizes=\"auto\" data-srcset=\"https:\/\/www.celttv.com.ar\/wp-content\/uploads\/2019\/03\/WhatsApp-Image-2019-03-14-at-13.11.33-150x150.jpeg 150w, https:\/\/www.celttv.com.ar\/wp-content\/uploads\/2019\/03\/WhatsApp-Image-2019-03-14-at-13.11.33-75x75.jpeg 75w\" data-expand=\"700\" \/><\/a>\n            <\/div><\/figure><br style=\"clear: both\" \/><figure class='gallery-item'>\n            <div class='gallery-icon portrait'>\n                <a href='https:\/\/www.celttv.com.ar\/wp-content\/uploads\/2019\/03\/WhatsApp-Image-2019-03-14-at-13.11.30.jpeg'><img loading=\"lazy\" decoding=\"async\" width=\"150\" height=\"150\" src=\"\" class=\"attachment-thumbnail size-thumbnail lazyload\" alt=\"\" data-src=\"https:\/\/www.celttv.com.ar\/wp-content\/uploads\/2019\/03\/WhatsApp-Image-2019-03-14-at-13.11.30-150x150.jpeg\" data-sizes=\"auto\" data-srcset=\"https:\/\/www.celttv.com.ar\/wp-content\/uploads\/2019\/03\/WhatsApp-Image-2019-03-14-at-13.11.30-150x150.jpeg 150w, https:\/\/www.celttv.com.ar\/wp-content\/uploads\/2019\/03\/WhatsApp-Image-2019-03-14-at-13.11.30-75x75.jpeg 75w\" data-expand=\"700\" \/><\/a>\n            <\/div><\/figure><figure class='gallery-item'>\n            <div class='gallery-icon portrait'>\n                <a href='https:\/\/www.celttv.com.ar\/wp-content\/uploads\/2019\/03\/WhatsApp-Image-2019-03-14-at-13.10.46.jpeg'><img loading=\"lazy\" decoding=\"async\" width=\"150\" height=\"150\" src=\"\" class=\"attachment-thumbnail size-thumbnail lazyload\" alt=\"\" data-src=\"https:\/\/www.celttv.com.ar\/wp-content\/uploads\/2019\/03\/WhatsApp-Image-2019-03-14-at-13.10.46-150x150.jpeg\" data-sizes=\"auto\" data-srcset=\"https:\/\/www.celttv.com.ar\/wp-content\/uploads\/2019\/03\/WhatsApp-Image-2019-03-14-at-13.10.46-150x150.jpeg 150w, https:\/\/www.celttv.com.ar\/wp-content\/uploads\/2019\/03\/WhatsApp-Image-2019-03-14-at-13.10.46-75x75.jpeg 75w\" data-expand=\"700\" \/><\/a>\n            <\/div><\/figure><figure class='gallery-item'>\n            <div class='gallery-icon landscape'>\n                <a href='https:\/\/www.celttv.com.ar\/wp-content\/uploads\/2019\/03\/WhatsApp-Image-2019-03-14-at-13.10.44.jpeg'><img loading=\"lazy\" decoding=\"async\" width=\"150\" height=\"150\" src=\"\" class=\"attachment-thumbnail size-thumbnail lazyload\" alt=\"\" data-src=\"https:\/\/www.celttv.com.ar\/wp-content\/uploads\/2019\/03\/WhatsApp-Image-2019-03-14-at-13.10.44-150x150.jpeg\" data-sizes=\"auto\" data-srcset=\"https:\/\/www.celttv.com.ar\/wp-content\/uploads\/2019\/03\/WhatsApp-Image-2019-03-14-at-13.10.44-150x150.jpeg 150w, https:\/\/www.celttv.com.ar\/wp-content\/uploads\/2019\/03\/WhatsApp-Image-2019-03-14-at-13.10.44-75x75.jpeg 75w\" data-expand=\"700\" \/><\/a>\n            <\/div><\/figure><br style=\"clear: both\" \/>\n        <\/div>\n\n","protected":false},"excerpt":{"rendered":"<p>El d\u00eda de ayer, el intendente municipal Sergio Bordoni firm\u00f3, en la Oficina de Anticorrupci\u00f3n del Ministerio de Justicia y Derechos Humanos de la Naci\u00f3n, un convenio de cooperaci\u00f3n mutua para colaborar y participar en iniciativas, proyectos, y\/o acciones para el an\u00e1lisis de temas inherentes a las pol\u00edticas de transparencia y prevenci\u00f3n de la corrupci\u00f3n, [&hellip;]<\/p>\n","protected":false},"author":1,"featured_media":40340,"comment_status":"closed","ping_status":"open","sticky":false,"template":"","format":"standard","meta":{"footnotes":""},"categories":[51,52],"tags":[],"class_list":["post-40337","post","type-post","status-publish","format-standard","has-post-thumbnail","hentry","category-comunidad","category-destacadas"],"yoast_head":"<!-- This site is optimized with the Yoast SEO plugin v19.7.1 - https:\/\/yoast.com\/wordpress\/plugins\/seo\/ -->\n<title>Bordoni firm\u00f3 convenio en la oficina de Anticorrupci\u00f3n - CELTTV<\/title>\n<meta name=\"description\" content=\"Sitio web de noticias de la localidad de Tornquist, provincia de Buenos Aires, Rep\u00fablica Argentina. Contenido propio originado por periodistas de CELTTV, el canal de TV local de la Cooperativa El\u00e9ctrica de Tornquist. Turismo, Pol\u00edtica, Sociedad, Deporte, Cultura y todo el contenido de inter\u00e9s general que la gente del pueblo y la regi\u00f3n debe conocer.\" \/>\n<meta name=\"robots\" content=\"index, follow, max-snippet:-1, max-image-preview:large, max-video-preview:-1\" \/>\n<link rel=\"canonical\" href=\"https:\/\/www.celttv.com.ar\/index.php\/2019\/03\/15\/bordoni-firmo-convenio-en-la-oficina-de-anticorrupcion\/\" \/>\n<meta property=\"og:locale\" content=\"es_ES\" \/>\n<meta property=\"og:type\" content=\"article\" \/>\n<meta property=\"og:title\" content=\"Bordoni firm\u00f3 convenio en la oficina de Anticorrupci\u00f3n - CELTTV\" \/>\n<meta property=\"og:description\" content=\"Sitio web de noticias de la localidad de Tornquist, provincia de Buenos Aires, Rep\u00fablica Argentina. Contenido propio originado por periodistas de CELTTV, el canal de TV local de la Cooperativa El\u00e9ctrica de Tornquist. Turismo, Pol\u00edtica, Sociedad, Deporte, Cultura y todo el contenido de inter\u00e9s general que la gente del pueblo y la regi\u00f3n debe conocer.\" \/>\n<meta property=\"og:url\" content=\"https:\/\/www.celttv.com.ar\/index.php\/2019\/03\/15\/bordoni-firmo-convenio-en-la-oficina-de-anticorrupcion\/\" \/>\n<meta property=\"og:site_name\" content=\"CELTTV\" \/>\n<meta property=\"article:publisher\" content=\"https:\/\/www.facebook.com\/celtTV\/\" \/>\n<meta property=\"article:published_time\" content=\"2019-03-15T13:15:52+00:00\" \/>\n<meta property=\"og:image\" content=\"https:\/\/www.celttv.com.ar\/wp-content\/uploads\/2019\/03\/WhatsApp-Image-2019-03-14-at-13.10.46.jpeg\" \/>\n\t<meta property=\"og:image:width\" content=\"864\" \/>\n\t<meta property=\"og:image:height\" content=\"1152\" \/>\n\t<meta property=\"og:image:type\" content=\"image\/jpeg\" \/>\n<meta name=\"author\" content=\"ulises\" \/>\n<meta name=\"twitter:card\" content=\"summary_large_image\" \/>\n<meta name=\"twitter:label1\" content=\"Escrito por\" \/>\n\t<meta name=\"twitter:data1\" content=\"ulises\" \/>\n\t<meta name=\"twitter:label2\" content=\"Tiempo de lectura\" \/>\n\t<meta name=\"twitter:data2\" content=\"1 minuto\" \/>\n<script type=\"application\/ld+json\" class=\"yoast-schema-graph\">{\"@context\":\"https:\/\/schema.org\",\"@graph\":[{\"@type\":\"NewsArticle\",\"@id\":\"https:\/\/www.celttv.com.ar\/index.php\/2019\/03\/15\/bordoni-firmo-convenio-en-la-oficina-de-anticorrupcion\/#article\",\"isPartOf\":{\"@id\":\"https:\/\/www.celttv.com.ar\/index.php\/2019\/03\/15\/bordoni-firmo-convenio-en-la-oficina-de-anticorrupcion\/\"},\"author\":{\"name\":\"ulises\",\"@id\":\"https:\/\/www.celttv.com.ar\/#\/schema\/person\/6d99c072dba59953809c81446e9d0ace\"},\"headline\":\"Bordoni firm\u00f3 convenio en la oficina de Anticorrupci\u00f3n\",\"datePublished\":\"2019-03-15T13:15:52+00:00\",\"dateModified\":\"2019-03-15T13:15:52+00:00\",\"mainEntityOfPage\":{\"@id\":\"https:\/\/www.celttv.com.ar\/index.php\/2019\/03\/15\/bordoni-firmo-convenio-en-la-oficina-de-anticorrupcion\/\"},\"wordCount\":295,\"publisher\":{\"@id\":\"https:\/\/www.celttv.com.ar\/#organization\"},\"articleSection\":[\"Comunidad\",\"Destacadas\"],\"inLanguage\":\"es\"},{\"@type\":\"WebPage\",\"@id\":\"https:\/\/www.celttv.com.ar\/index.php\/2019\/03\/15\/bordoni-firmo-convenio-en-la-oficina-de-anticorrupcion\/\",\"url\":\"https:\/\/www.celttv.com.ar\/index.php\/2019\/03\/15\/bordoni-firmo-convenio-en-la-oficina-de-anticorrupcion\/\",\"name\":\"Bordoni firm\u00f3 convenio en la oficina de Anticorrupci\u00f3n - CELTTV\",\"isPartOf\":{\"@id\":\"https:\/\/www.celttv.com.ar\/#website\"},\"datePublished\":\"2019-03-15T13:15:52+00:00\",\"dateModified\":\"2019-03-15T13:15:52+00:00\",\"description\":\"Sitio web de noticias de la localidad de Tornquist, provincia de Buenos Aires, Rep\u00fablica Argentina. Contenido propio originado por periodistas de CELTTV, el canal de TV local de la Cooperativa El\u00e9ctrica de Tornquist. Turismo, Pol\u00edtica, Sociedad, Deporte, Cultura y todo el contenido de inter\u00e9s general que la gente del pueblo y la regi\u00f3n debe conocer.\",\"breadcrumb\":{\"@id\":\"https:\/\/www.celttv.com.ar\/index.php\/2019\/03\/15\/bordoni-firmo-convenio-en-la-oficina-de-anticorrupcion\/#breadcrumb\"},\"inLanguage\":\"es\",\"potentialAction\":[{\"@type\":\"ReadAction\",\"target\":[\"https:\/\/www.celttv.com.ar\/index.php\/2019\/03\/15\/bordoni-firmo-convenio-en-la-oficina-de-anticorrupcion\/\"]}]},{\"@type\":\"BreadcrumbList\",\"@id\":\"https:\/\/www.celttv.com.ar\/index.php\/2019\/03\/15\/bordoni-firmo-convenio-en-la-oficina-de-anticorrupcion\/#breadcrumb\",\"itemListElement\":[{\"@type\":\"ListItem\",\"position\":1,\"name\":\"Inicio\",\"item\":\"https:\/\/www.celttv.com.ar\/\"},{\"@type\":\"ListItem\",\"position\":2,\"name\":\"Bordoni firm\u00f3 convenio en la oficina de Anticorrupci\u00f3n\"}]},{\"@type\":\"WebSite\",\"@id\":\"https:\/\/www.celttv.com.ar\/#website\",\"url\":\"https:\/\/www.celttv.com.ar\/\",\"name\":\"CELTTV\",\"description\":\"Cooperativa El\u00e9ctrica de Tornquist\",\"publisher\":{\"@id\":\"https:\/\/www.celttv.com.ar\/#organization\"},\"potentialAction\":[{\"@type\":\"SearchAction\",\"target\":{\"@type\":\"EntryPoint\",\"urlTemplate\":\"https:\/\/www.celttv.com.ar\/?s={search_term_string}\"},\"query-input\":\"required name=search_term_string\"}],\"inLanguage\":\"es\"},{\"@type\":\"Organization\",\"@id\":\"https:\/\/www.celttv.com.ar\/#organization\",\"name\":\"CELTTV\",\"url\":\"https:\/\/www.celttv.com.ar\/\",\"sameAs\":[\"https:\/\/www.youtube.com\/channel\/UCz_oIt8Hig64Ub-EmcNPIhg\",\"https:\/\/www.facebook.com\/celtTV\/\"],\"logo\":{\"@type\":\"ImageObject\",\"inLanguage\":\"es\",\"@id\":\"https:\/\/www.celttv.com.ar\/#\/schema\/logo\/image\/\",\"url\":\"http:\/\/www.celttv.com.ar\/wp-content\/uploads\/2022\/08\/logo-1.png\",\"contentUrl\":\"http:\/\/www.celttv.com.ar\/wp-content\/uploads\/2022\/08\/logo-1.png\",\"width\":461,\"height\":159,\"caption\":\"CELTTV\"},\"image\":{\"@id\":\"https:\/\/www.celttv.com.ar\/#\/schema\/logo\/image\/\"}},{\"@type\":\"Person\",\"@id\":\"https:\/\/www.celttv.com.ar\/#\/schema\/person\/6d99c072dba59953809c81446e9d0ace\",\"name\":\"ulises\",\"image\":{\"@type\":\"ImageObject\",\"inLanguage\":\"es\",\"@id\":\"https:\/\/www.celttv.com.ar\/#\/schema\/person\/image\/\",\"url\":\"https:\/\/secure.gravatar.com\/avatar\/7f2c48bdc33b30088f941fb6082e555f2874c98e20cb159d7b92b50eadfce793?s=96&d=mm&r=g\",\"contentUrl\":\"https:\/\/secure.gravatar.com\/avatar\/7f2c48bdc33b30088f941fb6082e555f2874c98e20cb159d7b92b50eadfce793?s=96&d=mm&r=g\",\"caption\":\"ulises\"},\"sameAs\":[\"http:\/\/www.celttv.com.ar\"]}]}<\/script>\n<!-- \/ Yoast SEO plugin. -->","yoast_head_json":{"title":"Bordoni firm\u00f3 convenio en la oficina de Anticorrupci\u00f3n - CELTTV","description":"Sitio web de noticias de la localidad de Tornquist, provincia de Buenos Aires, Rep\u00fablica Argentina. Contenido propio originado por periodistas de CELTTV, el canal de TV local de la Cooperativa El\u00e9ctrica de Tornquist. Turismo, Pol\u00edtica, Sociedad, Deporte, Cultura y todo el contenido de inter\u00e9s general que la gente del pueblo y la regi\u00f3n debe conocer.","robots":{"index":"index","follow":"follow","max-snippet":"max-snippet:-1","max-image-preview":"max-image-preview:large","max-video-preview":"max-video-preview:-1"},"canonical":"https:\/\/www.celttv.com.ar\/index.php\/2019\/03\/15\/bordoni-firmo-convenio-en-la-oficina-de-anticorrupcion\/","og_locale":"es_ES","og_type":"article","og_title":"Bordoni firm\u00f3 convenio en la oficina de Anticorrupci\u00f3n - CELTTV","og_description":"Sitio web de noticias de la localidad de Tornquist, provincia de Buenos Aires, Rep\u00fablica Argentina. Contenido propio originado por periodistas de CELTTV, el canal de TV local de la Cooperativa El\u00e9ctrica de Tornquist. Turismo, Pol\u00edtica, Sociedad, Deporte, Cultura y todo el contenido de inter\u00e9s general que la gente del pueblo y la regi\u00f3n debe conocer.","og_url":"https:\/\/www.celttv.com.ar\/index.php\/2019\/03\/15\/bordoni-firmo-convenio-en-la-oficina-de-anticorrupcion\/","og_site_name":"CELTTV","article_publisher":"https:\/\/www.facebook.com\/celtTV\/","article_published_time":"2019-03-15T13:15:52+00:00","og_image":[{"width":864,"height":1152,"url":"https:\/\/www.celttv.com.ar\/wp-content\/uploads\/2019\/03\/WhatsApp-Image-2019-03-14-at-13.10.46.jpeg","type":"image\/jpeg"}],"author":"ulises","twitter_card":"summary_large_image","twitter_misc":{"Escrito por":"ulises","Tiempo de lectura":"1 minuto"},"schema":{"@context":"https:\/\/schema.org","@graph":[{"@type":"NewsArticle","@id":"https:\/\/www.celttv.com.ar\/index.php\/2019\/03\/15\/bordoni-firmo-convenio-en-la-oficina-de-anticorrupcion\/#article","isPartOf":{"@id":"https:\/\/www.celttv.com.ar\/index.php\/2019\/03\/15\/bordoni-firmo-convenio-en-la-oficina-de-anticorrupcion\/"},"author":{"name":"ulises","@id":"https:\/\/www.celttv.com.ar\/#\/schema\/person\/6d99c072dba59953809c81446e9d0ace"},"headline":"Bordoni firm\u00f3 convenio en la oficina de Anticorrupci\u00f3n","datePublished":"2019-03-15T13:15:52+00:00","dateModified":"2019-03-15T13:15:52+00:00","mainEntityOfPage":{"@id":"https:\/\/www.celttv.com.ar\/index.php\/2019\/03\/15\/bordoni-firmo-convenio-en-la-oficina-de-anticorrupcion\/"},"wordCount":295,"publisher":{"@id":"https:\/\/www.celttv.com.ar\/#organization"},"articleSection":["Comunidad","Destacadas"],"inLanguage":"es"},{"@type":"WebPage","@id":"https:\/\/www.celttv.com.ar\/index.php\/2019\/03\/15\/bordoni-firmo-convenio-en-la-oficina-de-anticorrupcion\/","url":"https:\/\/www.celttv.com.ar\/index.php\/2019\/03\/15\/bordoni-firmo-convenio-en-la-oficina-de-anticorrupcion\/","name":"Bordoni firm\u00f3 convenio en la oficina de Anticorrupci\u00f3n - CELTTV","isPartOf":{"@id":"https:\/\/www.celttv.com.ar\/#website"},"datePublished":"2019-03-15T13:15:52+00:00","dateModified":"2019-03-15T13:15:52+00:00","description":"Sitio web de noticias de la localidad de Tornquist, provincia de Buenos Aires, Rep\u00fablica Argentina. Contenido propio originado por periodistas de CELTTV, el canal de TV local de la Cooperativa El\u00e9ctrica de Tornquist. Turismo, Pol\u00edtica, Sociedad, Deporte, Cultura y todo el contenido de inter\u00e9s general que la gente del pueblo y la regi\u00f3n debe conocer.","breadcrumb":{"@id":"https:\/\/www.celttv.com.ar\/index.php\/2019\/03\/15\/bordoni-firmo-convenio-en-la-oficina-de-anticorrupcion\/#breadcrumb"},"inLanguage":"es","potentialAction":[{"@type":"ReadAction","target":["https:\/\/www.celttv.com.ar\/index.php\/2019\/03\/15\/bordoni-firmo-convenio-en-la-oficina-de-anticorrupcion\/"]}]},{"@type":"BreadcrumbList","@id":"https:\/\/www.celttv.com.ar\/index.php\/2019\/03\/15\/bordoni-firmo-convenio-en-la-oficina-de-anticorrupcion\/#breadcrumb","itemListElement":[{"@type":"ListItem","position":1,"name":"Inicio","item":"https:\/\/www.celttv.com.ar\/"},{"@type":"ListItem","position":2,"name":"Bordoni firm\u00f3 convenio en la oficina de Anticorrupci\u00f3n"}]},{"@type":"WebSite","@id":"https:\/\/www.celttv.com.ar\/#website","url":"https:\/\/www.celttv.com.ar\/","name":"CELTTV","description":"Cooperativa El\u00e9ctrica de Tornquist","publisher":{"@id":"https:\/\/www.celttv.com.ar\/#organization"},"potentialAction":[{"@type":"SearchAction","target":{"@type":"EntryPoint","urlTemplate":"https:\/\/www.celttv.com.ar\/?s={search_term_string}"},"query-input":"required name=search_term_string"}],"inLanguage":"es"},{"@type":"Organization","@id":"https:\/\/www.celttv.com.ar\/#organization","name":"CELTTV","url":"https:\/\/www.celttv.com.ar\/","sameAs":["https:\/\/www.youtube.com\/channel\/UCz_oIt8Hig64Ub-EmcNPIhg","https:\/\/www.facebook.com\/celtTV\/"],"logo":{"@type":"ImageObject","inLanguage":"es","@id":"https:\/\/www.celttv.com.ar\/#\/schema\/logo\/image\/","url":"http:\/\/www.celttv.com.ar\/wp-content\/uploads\/2022\/08\/logo-1.png","contentUrl":"http:\/\/www.celttv.com.ar\/wp-content\/uploads\/2022\/08\/logo-1.png","width":461,"height":159,"caption":"CELTTV"},"image":{"@id":"https:\/\/www.celttv.com.ar\/#\/schema\/logo\/image\/"}},{"@type":"Person","@id":"https:\/\/www.celttv.com.ar\/#\/schema\/person\/6d99c072dba59953809c81446e9d0ace","name":"ulises","image":{"@type":"ImageObject","inLanguage":"es","@id":"https:\/\/www.celttv.com.ar\/#\/schema\/person\/image\/","url":"https:\/\/secure.gravatar.com\/avatar\/7f2c48bdc33b30088f941fb6082e555f2874c98e20cb159d7b92b50eadfce793?s=96&d=mm&r=g","contentUrl":"https:\/\/secure.gravatar.com\/avatar\/7f2c48bdc33b30088f941fb6082e555f2874c98e20cb159d7b92b50eadfce793?s=96&d=mm&r=g","caption":"ulises"},"sameAs":["http:\/\/www.celttv.com.ar"]}]}},"_links":{"self":[{"href":"https:\/\/www.celttv.com.ar\/index.php\/wp-json\/wp\/v2\/posts\/40337","targetHints":{"allow":["GET"]}}],"collection":[{"href":"https:\/\/www.celttv.com.ar\/index.php\/wp-json\/wp\/v2\/posts"}],"about":[{"href":"https:\/\/www.celttv.com.ar\/index.php\/wp-json\/wp\/v2\/types\/post"}],"author":[{"embeddable":true,"href":"https:\/\/www.celttv.com.ar\/index.php\/wp-json\/wp\/v2\/users\/1"}],"replies":[{"embeddable":true,"href":"https:\/\/www.celttv.com.ar\/index.php\/wp-json\/wp\/v2\/comments?post=40337"}],"version-history":[{"count":0,"href":"https:\/\/www.celttv.com.ar\/index.php\/wp-json\/wp\/v2\/posts\/40337\/revisions"}],"wp:featuredmedia":[{"embeddable":true,"href":"https:\/\/www.celttv.com.ar\/index.php\/wp-json\/wp\/v2\/media\/40340"}],"wp:attachment":[{"href":"https:\/\/www.celttv.com.ar\/index.php\/wp-json\/wp\/v2\/media?parent=40337"}],"wp:term":[{"taxonomy":"category","embeddable":true,"href":"https:\/\/www.celttv.com.ar\/index.php\/wp-json\/wp\/v2\/categories?post=40337"},{"taxonomy":"post_tag","embeddable":true,"href":"https:\/\/www.celttv.com.ar\/index.php\/wp-json\/wp\/v2\/tags?post=40337"}],"curies":[{"name":"wp","href":"https:\/\/api.w.org\/{rel}","templated":true}]}}