{"id":40355,"date":"2019-03-15T14:53:02","date_gmt":"2019-03-15T14:53:02","guid":{"rendered":"http:\/\/www.celttv.com.ar\/?p=40355"},"modified":"2019-03-15T14:53:02","modified_gmt":"2019-03-15T14:53:02","slug":"llega-este-fin-de-semana-la-6ta-edicion-de-la-fiesta-de-la-vendimia","status":"publish","type":"post","link":"https:\/\/www.celttv.com.ar\/index.php\/2019\/03\/15\/llega-este-fin-de-semana-la-6ta-edicion-de-la-fiesta-de-la-vendimia\/","title":{"rendered":"Llega este fin de semana la 6ta edici\u00f3n de la FIESTA DE LA VENDIMIA (VIDEO ENTREVISTA)"},"content":{"rendered":"<p>&nbsp;<\/p>\n<p><iframe loading=\"lazy\" title=\"2019 03 15 COMUNICACION TELEFONICA SUSANA DOS SANTOS\" width=\"500\" height=\"375\" src=\"https:\/\/www.youtube.com\/embed\/lzjuPt-BkDc?feature=oembed\" frameborder=\"0\" allow=\"accelerometer; autoplay; clipboard-write; encrypted-media; gyroscope; picture-in-picture; web-share\" referrerpolicy=\"strict-origin-when-cross-origin\" allowfullscreen><\/iframe><\/p>\n<p>Dialogamos con la Secretaria de Turismo Susana Dos Santos (videoentrevista)<\/p>\n<p>Con nuevas propuestas culturales,\u00a0deportivas,\u00a0gastron\u00f3micas y de turismo activo, llega una nueva edici\u00f3n de la Fiesta de Vendimia. En esta oportunidad los visitantes se sumergir\u00e1n en la impronta del terru\u00f1o a trav\u00e9s de sus sabores.<\/p>\n<p>La 6ta edici\u00f3n de la FIESTA DE LA VENDIMIA, tendr\u00e1 lugar este 16 y 17 de marzo, en la localidad de Saldungaray, en el Predio del Ferrocarril.<\/p>\n<p>Dentro de la gran variedad de actividades tendr\u00e1n especial inter\u00e9s las bodegas y gastronom\u00eda propias.<\/p>\n<p>Desde el \u00e1rea de Turismo te invitamos a vivir esta fiesta en donde podr\u00e1s recorrer el stand de las bodegas de la provincia, disfrutar de los patios: gastron\u00f3mico, cervecero, de artesanos y regionales. Adem\u00e1s habr\u00e1 un\u00a0\u00a0\u00a0 trailler de cocina del Ministerio de Educaci\u00f3n, en donde se podr\u00e1 degustar y aprender recetas t\u00edpicas.<\/p>\n<p>Entre las propuestas musicales nuestra grilla incluye una gran variedad de artistas, y la presentaci\u00f3n especial del grupo <strong>KAYMANTA<\/strong><\/p>\n<p>A continuaci\u00f3n detallamos por d\u00eda las actuaciones:<\/p>\n<p>&nbsp;<\/p>\n<p><strong>S\u00c1BADO 16<\/strong><\/p>\n<ul>\n<li>Apertura Escuela Folkl\u00f3rica Municipal<\/li>\n<li>APARCEROS<\/li>\n<li>EMILCE<\/li>\n<li>LOS MOSQUITOS<\/li>\n<li>VOCAL SHOW<\/li>\n<li>PE\u00d1A HUINCA MALAL<\/li>\n<li><strong>KAYMANTA \u00a0\u00a0 <\/strong><\/li>\n<li>LOS REBELDES<\/li>\n<\/ul>\n<p><strong>\u00a0<\/strong><\/p>\n<p><strong>DOMINGO 17<\/strong><\/p>\n<p><strong>\u00a0<\/strong><\/p>\n<ul>\n<li>MAYRA ESQUIVEL \u00a0( Espect\u00e1culo Infantil con M\u00fasica de Disney);<\/li>\n<li>MARA<\/li>\n<li>Duo Aguado Paredes<\/li>\n<li>Escuela Folkl\u00f3rica Municipal<\/li>\n<li>LA OTRA PARTE<\/li>\n<li>FABIO \u00a0GONZ\u00c1LEZ<\/li>\n<li><a href=\"http:\/\/www.celttv.com.ar\/?attachment_id=40356\" rel=\"attachment wp-att-40356\"><img loading=\"lazy\" decoding=\"async\" class=\"alignleft size-full wp-image-40356\" src=\"http:\/\/www.celttv.com.ar\/wp-content\/uploads\/2019\/03\/VENDIMIA-1-1.jpg\" alt=\"\" width=\"2109\" height=\"3007\" \/><\/a><\/li>\n<\/ul>\n","protected":false},"excerpt":{"rendered":"<p>&nbsp; Dialogamos con la Secretaria de Turismo Susana Dos Santos (videoentrevista) Con nuevas propuestas culturales,\u00a0deportivas,\u00a0gastron\u00f3micas y de turismo activo, llega una nueva edici\u00f3n de la Fiesta de Vendimia. En esta oportunidad los visitantes se sumergir\u00e1n en la impronta del terru\u00f1o a trav\u00e9s de sus sabores. La 6ta edici\u00f3n de la FIESTA DE LA VENDIMIA, tendr\u00e1 [&hellip;]<\/p>\n","protected":false},"author":1,"featured_media":40356,"comment_status":"closed","ping_status":"open","sticky":false,"template":"","format":"standard","meta":{"footnotes":""},"categories":[55,52,56],"tags":[],"class_list":["post-40355","post","type-post","status-publish","format-standard","has-post-thumbnail","hentry","category-celt-tv-noticias","category-destacadas","category-espectaculos"],"yoast_head":"<!-- This site is optimized with the Yoast SEO plugin v19.7.1 - https:\/\/yoast.com\/wordpress\/plugins\/seo\/ -->\n<title>Llega este fin de semana la 6ta edici\u00f3n de la FIESTA DE LA VENDIMIA (VIDEO ENTREVISTA) - CELTTV<\/title>\n<meta name=\"description\" content=\"Sitio web de noticias de la localidad de Tornquist, provincia de Buenos Aires, Rep\u00fablica Argentina. Contenido propio originado por periodistas de CELTTV, el canal de TV local de la Cooperativa El\u00e9ctrica de Tornquist. Turismo, Pol\u00edtica, Sociedad, Deporte, Cultura y todo el contenido de inter\u00e9s general que la gente del pueblo y la regi\u00f3n debe conocer.\" \/>\n<meta name=\"robots\" content=\"index, follow, max-snippet:-1, max-image-preview:large, max-video-preview:-1\" \/>\n<link rel=\"canonical\" href=\"https:\/\/www.celttv.com.ar\/index.php\/2019\/03\/15\/llega-este-fin-de-semana-la-6ta-edicion-de-la-fiesta-de-la-vendimia\/\" \/>\n<meta property=\"og:locale\" content=\"es_ES\" \/>\n<meta property=\"og:type\" content=\"article\" \/>\n<meta property=\"og:title\" content=\"Llega este fin de semana la 6ta edici\u00f3n de la FIESTA DE LA VENDIMIA (VIDEO ENTREVISTA) - CELTTV\" \/>\n<meta property=\"og:description\" content=\"Sitio web de noticias de la localidad de Tornquist, provincia de Buenos Aires, Rep\u00fablica Argentina. Contenido propio originado por periodistas de CELTTV, el canal de TV local de la Cooperativa El\u00e9ctrica de Tornquist. Turismo, Pol\u00edtica, Sociedad, Deporte, Cultura y todo el contenido de inter\u00e9s general que la gente del pueblo y la regi\u00f3n debe conocer.\" \/>\n<meta property=\"og:url\" content=\"https:\/\/www.celttv.com.ar\/index.php\/2019\/03\/15\/llega-este-fin-de-semana-la-6ta-edicion-de-la-fiesta-de-la-vendimia\/\" \/>\n<meta property=\"og:site_name\" content=\"CELTTV\" \/>\n<meta property=\"article:publisher\" content=\"https:\/\/www.facebook.com\/celtTV\/\" \/>\n<meta property=\"article:published_time\" content=\"2019-03-15T14:53:02+00:00\" \/>\n<meta property=\"og:image\" content=\"https:\/\/www.celttv.com.ar\/wp-content\/uploads\/2019\/03\/VENDIMIA-1-1-scaled.jpg\" \/>\n\t<meta property=\"og:image:width\" content=\"1795\" \/>\n\t<meta property=\"og:image:height\" content=\"2560\" \/>\n\t<meta property=\"og:image:type\" content=\"image\/jpeg\" \/>\n<meta name=\"author\" content=\"ulises\" \/>\n<meta name=\"twitter:card\" content=\"summary_large_image\" \/>\n<meta name=\"twitter:label1\" content=\"Escrito por\" \/>\n\t<meta name=\"twitter:data1\" content=\"ulises\" \/>\n\t<meta name=\"twitter:label2\" content=\"Tiempo de lectura\" \/>\n\t<meta name=\"twitter:data2\" content=\"1 minuto\" \/>\n<script type=\"application\/ld+json\" class=\"yoast-schema-graph\">{\"@context\":\"https:\/\/schema.org\",\"@graph\":[{\"@type\":\"NewsArticle\",\"@id\":\"https:\/\/www.celttv.com.ar\/index.php\/2019\/03\/15\/llega-este-fin-de-semana-la-6ta-edicion-de-la-fiesta-de-la-vendimia\/#article\",\"isPartOf\":{\"@id\":\"https:\/\/www.celttv.com.ar\/index.php\/2019\/03\/15\/llega-este-fin-de-semana-la-6ta-edicion-de-la-fiesta-de-la-vendimia\/\"},\"author\":{\"name\":\"ulises\",\"@id\":\"https:\/\/www.celttv.com.ar\/#\/schema\/person\/6d99c072dba59953809c81446e9d0ace\"},\"headline\":\"Llega este fin de semana la 6ta edici\u00f3n de la FIESTA DE LA VENDIMIA (VIDEO ENTREVISTA)\",\"datePublished\":\"2019-03-15T14:53:02+00:00\",\"dateModified\":\"2019-03-15T14:53:02+00:00\",\"mainEntityOfPage\":{\"@id\":\"https:\/\/www.celttv.com.ar\/index.php\/2019\/03\/15\/llega-este-fin-de-semana-la-6ta-edicion-de-la-fiesta-de-la-vendimia\/\"},\"wordCount\":249,\"publisher\":{\"@id\":\"https:\/\/www.celttv.com.ar\/#organization\"},\"articleSection\":[\"Celt TV Noticias\",\"Destacadas\",\"Espect\u00e1culos\"],\"inLanguage\":\"es\"},{\"@type\":\"WebPage\",\"@id\":\"https:\/\/www.celttv.com.ar\/index.php\/2019\/03\/15\/llega-este-fin-de-semana-la-6ta-edicion-de-la-fiesta-de-la-vendimia\/\",\"url\":\"https:\/\/www.celttv.com.ar\/index.php\/2019\/03\/15\/llega-este-fin-de-semana-la-6ta-edicion-de-la-fiesta-de-la-vendimia\/\",\"name\":\"Llega este fin de semana la 6ta edici\u00f3n de la FIESTA DE LA VENDIMIA (VIDEO ENTREVISTA) - CELTTV\",\"isPartOf\":{\"@id\":\"https:\/\/www.celttv.com.ar\/#website\"},\"datePublished\":\"2019-03-15T14:53:02+00:00\",\"dateModified\":\"2019-03-15T14:53:02+00:00\",\"description\":\"Sitio web de noticias de la localidad de Tornquist, provincia de Buenos Aires, Rep\u00fablica Argentina. Contenido propio originado por periodistas de CELTTV, el canal de TV local de la Cooperativa El\u00e9ctrica de Tornquist. Turismo, Pol\u00edtica, Sociedad, Deporte, Cultura y todo el contenido de inter\u00e9s general que la gente del pueblo y la regi\u00f3n debe conocer.\",\"breadcrumb\":{\"@id\":\"https:\/\/www.celttv.com.ar\/index.php\/2019\/03\/15\/llega-este-fin-de-semana-la-6ta-edicion-de-la-fiesta-de-la-vendimia\/#breadcrumb\"},\"inLanguage\":\"es\",\"potentialAction\":[{\"@type\":\"ReadAction\",\"target\":[\"https:\/\/www.celttv.com.ar\/index.php\/2019\/03\/15\/llega-este-fin-de-semana-la-6ta-edicion-de-la-fiesta-de-la-vendimia\/\"]}]},{\"@type\":\"BreadcrumbList\",\"@id\":\"https:\/\/www.celttv.com.ar\/index.php\/2019\/03\/15\/llega-este-fin-de-semana-la-6ta-edicion-de-la-fiesta-de-la-vendimia\/#breadcrumb\",\"itemListElement\":[{\"@type\":\"ListItem\",\"position\":1,\"name\":\"Inicio\",\"item\":\"https:\/\/www.celttv.com.ar\/\"},{\"@type\":\"ListItem\",\"position\":2,\"name\":\"Llega este fin de semana la 6ta edici\u00f3n de la FIESTA DE LA VENDIMIA (VIDEO ENTREVISTA)\"}]},{\"@type\":\"WebSite\",\"@id\":\"https:\/\/www.celttv.com.ar\/#website\",\"url\":\"https:\/\/www.celttv.com.ar\/\",\"name\":\"CELTTV\",\"description\":\"Cooperativa El\u00e9ctrica de Tornquist\",\"publisher\":{\"@id\":\"https:\/\/www.celttv.com.ar\/#organization\"},\"potentialAction\":[{\"@type\":\"SearchAction\",\"target\":{\"@type\":\"EntryPoint\",\"urlTemplate\":\"https:\/\/www.celttv.com.ar\/?s={search_term_string}\"},\"query-input\":\"required name=search_term_string\"}],\"inLanguage\":\"es\"},{\"@type\":\"Organization\",\"@id\":\"https:\/\/www.celttv.com.ar\/#organization\",\"name\":\"CELTTV\",\"url\":\"https:\/\/www.celttv.com.ar\/\",\"sameAs\":[\"https:\/\/www.youtube.com\/channel\/UCz_oIt8Hig64Ub-EmcNPIhg\",\"https:\/\/www.facebook.com\/celtTV\/\"],\"logo\":{\"@type\":\"ImageObject\",\"inLanguage\":\"es\",\"@id\":\"https:\/\/www.celttv.com.ar\/#\/schema\/logo\/image\/\",\"url\":\"http:\/\/www.celttv.com.ar\/wp-content\/uploads\/2022\/08\/logo-1.png\",\"contentUrl\":\"http:\/\/www.celttv.com.ar\/wp-content\/uploads\/2022\/08\/logo-1.png\",\"width\":461,\"height\":159,\"caption\":\"CELTTV\"},\"image\":{\"@id\":\"https:\/\/www.celttv.com.ar\/#\/schema\/logo\/image\/\"}},{\"@type\":\"Person\",\"@id\":\"https:\/\/www.celttv.com.ar\/#\/schema\/person\/6d99c072dba59953809c81446e9d0ace\",\"name\":\"ulises\",\"image\":{\"@type\":\"ImageObject\",\"inLanguage\":\"es\",\"@id\":\"https:\/\/www.celttv.com.ar\/#\/schema\/person\/image\/\",\"url\":\"https:\/\/secure.gravatar.com\/avatar\/7f2c48bdc33b30088f941fb6082e555f2874c98e20cb159d7b92b50eadfce793?s=96&d=mm&r=g\",\"contentUrl\":\"https:\/\/secure.gravatar.com\/avatar\/7f2c48bdc33b30088f941fb6082e555f2874c98e20cb159d7b92b50eadfce793?s=96&d=mm&r=g\",\"caption\":\"ulises\"},\"sameAs\":[\"http:\/\/www.celttv.com.ar\"]}]}<\/script>\n<!-- \/ Yoast SEO plugin. -->","yoast_head_json":{"title":"Llega este fin de semana la 6ta edici\u00f3n de la FIESTA DE LA VENDIMIA (VIDEO ENTREVISTA) - CELTTV","description":"Sitio web de noticias de la localidad de Tornquist, provincia de Buenos Aires, Rep\u00fablica Argentina. Contenido propio originado por periodistas de CELTTV, el canal de TV local de la Cooperativa El\u00e9ctrica de Tornquist. Turismo, Pol\u00edtica, Sociedad, Deporte, Cultura y todo el contenido de inter\u00e9s general que la gente del pueblo y la regi\u00f3n debe conocer.","robots":{"index":"index","follow":"follow","max-snippet":"max-snippet:-1","max-image-preview":"max-image-preview:large","max-video-preview":"max-video-preview:-1"},"canonical":"https:\/\/www.celttv.com.ar\/index.php\/2019\/03\/15\/llega-este-fin-de-semana-la-6ta-edicion-de-la-fiesta-de-la-vendimia\/","og_locale":"es_ES","og_type":"article","og_title":"Llega este fin de semana la 6ta edici\u00f3n de la FIESTA DE LA VENDIMIA (VIDEO ENTREVISTA) - CELTTV","og_description":"Sitio web de noticias de la localidad de Tornquist, provincia de Buenos Aires, Rep\u00fablica Argentina. Contenido propio originado por periodistas de CELTTV, el canal de TV local de la Cooperativa El\u00e9ctrica de Tornquist. Turismo, Pol\u00edtica, Sociedad, Deporte, Cultura y todo el contenido de inter\u00e9s general que la gente del pueblo y la regi\u00f3n debe conocer.","og_url":"https:\/\/www.celttv.com.ar\/index.php\/2019\/03\/15\/llega-este-fin-de-semana-la-6ta-edicion-de-la-fiesta-de-la-vendimia\/","og_site_name":"CELTTV","article_publisher":"https:\/\/www.facebook.com\/celtTV\/","article_published_time":"2019-03-15T14:53:02+00:00","og_image":[{"width":1795,"height":2560,"url":"https:\/\/www.celttv.com.ar\/wp-content\/uploads\/2019\/03\/VENDIMIA-1-1-scaled.jpg","type":"image\/jpeg"}],"author":"ulises","twitter_card":"summary_large_image","twitter_misc":{"Escrito por":"ulises","Tiempo de lectura":"1 minuto"},"schema":{"@context":"https:\/\/schema.org","@graph":[{"@type":"NewsArticle","@id":"https:\/\/www.celttv.com.ar\/index.php\/2019\/03\/15\/llega-este-fin-de-semana-la-6ta-edicion-de-la-fiesta-de-la-vendimia\/#article","isPartOf":{"@id":"https:\/\/www.celttv.com.ar\/index.php\/2019\/03\/15\/llega-este-fin-de-semana-la-6ta-edicion-de-la-fiesta-de-la-vendimia\/"},"author":{"name":"ulises","@id":"https:\/\/www.celttv.com.ar\/#\/schema\/person\/6d99c072dba59953809c81446e9d0ace"},"headline":"Llega este fin de semana la 6ta edici\u00f3n de la FIESTA DE LA VENDIMIA (VIDEO ENTREVISTA)","datePublished":"2019-03-15T14:53:02+00:00","dateModified":"2019-03-15T14:53:02+00:00","mainEntityOfPage":{"@id":"https:\/\/www.celttv.com.ar\/index.php\/2019\/03\/15\/llega-este-fin-de-semana-la-6ta-edicion-de-la-fiesta-de-la-vendimia\/"},"wordCount":249,"publisher":{"@id":"https:\/\/www.celttv.com.ar\/#organization"},"articleSection":["Celt TV Noticias","Destacadas","Espect\u00e1culos"],"inLanguage":"es"},{"@type":"WebPage","@id":"https:\/\/www.celttv.com.ar\/index.php\/2019\/03\/15\/llega-este-fin-de-semana-la-6ta-edicion-de-la-fiesta-de-la-vendimia\/","url":"https:\/\/www.celttv.com.ar\/index.php\/2019\/03\/15\/llega-este-fin-de-semana-la-6ta-edicion-de-la-fiesta-de-la-vendimia\/","name":"Llega este fin de semana la 6ta edici\u00f3n de la FIESTA DE LA VENDIMIA (VIDEO ENTREVISTA) - CELTTV","isPartOf":{"@id":"https:\/\/www.celttv.com.ar\/#website"},"datePublished":"2019-03-15T14:53:02+00:00","dateModified":"2019-03-15T14:53:02+00:00","description":"Sitio web de noticias de la localidad de Tornquist, provincia de Buenos Aires, Rep\u00fablica Argentina. Contenido propio originado por periodistas de CELTTV, el canal de TV local de la Cooperativa El\u00e9ctrica de Tornquist. Turismo, Pol\u00edtica, Sociedad, Deporte, Cultura y todo el contenido de inter\u00e9s general que la gente del pueblo y la regi\u00f3n debe conocer.","breadcrumb":{"@id":"https:\/\/www.celttv.com.ar\/index.php\/2019\/03\/15\/llega-este-fin-de-semana-la-6ta-edicion-de-la-fiesta-de-la-vendimia\/#breadcrumb"},"inLanguage":"es","potentialAction":[{"@type":"ReadAction","target":["https:\/\/www.celttv.com.ar\/index.php\/2019\/03\/15\/llega-este-fin-de-semana-la-6ta-edicion-de-la-fiesta-de-la-vendimia\/"]}]},{"@type":"BreadcrumbList","@id":"https:\/\/www.celttv.com.ar\/index.php\/2019\/03\/15\/llega-este-fin-de-semana-la-6ta-edicion-de-la-fiesta-de-la-vendimia\/#breadcrumb","itemListElement":[{"@type":"ListItem","position":1,"name":"Inicio","item":"https:\/\/www.celttv.com.ar\/"},{"@type":"ListItem","position":2,"name":"Llega este fin de semana la 6ta edici\u00f3n de la FIESTA DE LA VENDIMIA (VIDEO ENTREVISTA)"}]},{"@type":"WebSite","@id":"https:\/\/www.celttv.com.ar\/#website","url":"https:\/\/www.celttv.com.ar\/","name":"CELTTV","description":"Cooperativa El\u00e9ctrica de Tornquist","publisher":{"@id":"https:\/\/www.celttv.com.ar\/#organization"},"potentialAction":[{"@type":"SearchAction","target":{"@type":"EntryPoint","urlTemplate":"https:\/\/www.celttv.com.ar\/?s={search_term_string}"},"query-input":"required name=search_term_string"}],"inLanguage":"es"},{"@type":"Organization","@id":"https:\/\/www.celttv.com.ar\/#organization","name":"CELTTV","url":"https:\/\/www.celttv.com.ar\/","sameAs":["https:\/\/www.youtube.com\/channel\/UCz_oIt8Hig64Ub-EmcNPIhg","https:\/\/www.facebook.com\/celtTV\/"],"logo":{"@type":"ImageObject","inLanguage":"es","@id":"https:\/\/www.celttv.com.ar\/#\/schema\/logo\/image\/","url":"http:\/\/www.celttv.com.ar\/wp-content\/uploads\/2022\/08\/logo-1.png","contentUrl":"http:\/\/www.celttv.com.ar\/wp-content\/uploads\/2022\/08\/logo-1.png","width":461,"height":159,"caption":"CELTTV"},"image":{"@id":"https:\/\/www.celttv.com.ar\/#\/schema\/logo\/image\/"}},{"@type":"Person","@id":"https:\/\/www.celttv.com.ar\/#\/schema\/person\/6d99c072dba59953809c81446e9d0ace","name":"ulises","image":{"@type":"ImageObject","inLanguage":"es","@id":"https:\/\/www.celttv.com.ar\/#\/schema\/person\/image\/","url":"https:\/\/secure.gravatar.com\/avatar\/7f2c48bdc33b30088f941fb6082e555f2874c98e20cb159d7b92b50eadfce793?s=96&d=mm&r=g","contentUrl":"https:\/\/secure.gravatar.com\/avatar\/7f2c48bdc33b30088f941fb6082e555f2874c98e20cb159d7b92b50eadfce793?s=96&d=mm&r=g","caption":"ulises"},"sameAs":["http:\/\/www.celttv.com.ar"]}]}},"_links":{"self":[{"href":"https:\/\/www.celttv.com.ar\/index.php\/wp-json\/wp\/v2\/posts\/40355","targetHints":{"allow":["GET"]}}],"collection":[{"href":"https:\/\/www.celttv.com.ar\/index.php\/wp-json\/wp\/v2\/posts"}],"about":[{"href":"https:\/\/www.celttv.com.ar\/index.php\/wp-json\/wp\/v2\/types\/post"}],"author":[{"embeddable":true,"href":"https:\/\/www.celttv.com.ar\/index.php\/wp-json\/wp\/v2\/users\/1"}],"replies":[{"embeddable":true,"href":"https:\/\/www.celttv.com.ar\/index.php\/wp-json\/wp\/v2\/comments?post=40355"}],"version-history":[{"count":0,"href":"https:\/\/www.celttv.com.ar\/index.php\/wp-json\/wp\/v2\/posts\/40355\/revisions"}],"wp:featuredmedia":[{"embeddable":true,"href":"https:\/\/www.celttv.com.ar\/index.php\/wp-json\/wp\/v2\/media\/40356"}],"wp:attachment":[{"href":"https:\/\/www.celttv.com.ar\/index.php\/wp-json\/wp\/v2\/media?parent=40355"}],"wp:term":[{"taxonomy":"category","embeddable":true,"href":"https:\/\/www.celttv.com.ar\/index.php\/wp-json\/wp\/v2\/categories?post=40355"},{"taxonomy":"post_tag","embeddable":true,"href":"https:\/\/www.celttv.com.ar\/index.php\/wp-json\/wp\/v2\/tags?post=40355"}],"curies":[{"name":"wp","href":"https:\/\/api.w.org\/{rel}","templated":true}]}}