{"id":40368,"date":"2019-03-16T14:08:22","date_gmt":"2019-03-16T14:08:22","guid":{"rendered":"http:\/\/www.celttv.com.ar\/?p=40368"},"modified":"2019-03-16T14:08:22","modified_gmt":"2019-03-16T14:08:22","slug":"automoto-presentacion-de-camiseta-y-homenaje-a-luis-amer-fotos","status":"publish","type":"post","link":"https:\/\/www.celttv.com.ar\/index.php\/2019\/03\/16\/automoto-presentacion-de-camiseta-y-homenaje-a-luis-amer-fotos\/","title":{"rendered":"AUTOMOTO: PRESENTACI\u00d3N DE CAMISETA Y HOMENAJE A LUIS AMER (FOTOS)"},"content":{"rendered":"<p>El Club Automoto realiz\u00f3 la presentaci\u00f3n de las nuevas camisetas (titular y suplente) que utilizar\u00e1 durante la temporada 2019 de la LRFCS.<\/p>\n<p>Durante la velada, a la que asistieron cuerpo t\u00e9cnico, jugadores y simpatizantes, la instituci\u00f3n azulgrana rindi\u00f3 un merecido homenaje a Luis Amer, fallecido recientemente, qui\u00e9n desempe\u00f1\u00f3 en el club el rol de masajista durante algo m\u00e1s de dos decadas.<\/p>\n<div class=\"text_exposed_show\">\n<p>Automoto, en la nueva camiseta, coloc\u00f3 la inscripci\u00f3n &#8220;Por siempre Luisito&#8221;, a manera de homenaje de quien dej\u00f3 un legado muy importante en la instituci\u00f3n.<\/p>\n<p>La esposa e hija del recordado Luis Amer, recibieron por parte de Gabriel Artola, presidente de Automoto, un cuadro con la camiseta de la instituci\u00f3n.<\/p>\n<p>A su vez, Automoto entreg\u00f3 un reconocimiento a cada una de las empresas que auspician la indumentaria azulgrana para la temporada 2019.<\/p>\n<p>Pr\u00f3ximamente notas e im\u00e1genes en el programa deportivo <strong>MAGAZINE SPORT<\/strong> y en <strong>CELTTV NOTICIAS<\/strong> de <strong>Canal 2<\/strong>.<\/p>\n<p><a href=\"http:\/\/www.celttv.com.ar\/?attachment_id=40369\" rel=\"attachment wp-att-40369\"><img loading=\"lazy\" decoding=\"async\" class=\"alignleft size-full wp-image-40369\" src=\"http:\/\/www.celttv.com.ar\/wp-content\/uploads\/2019\/03\/53742561_987605254766109_1095546153191079936_n.jpg\" alt=\"\" width=\"960\" height=\"720\" srcset=\"https:\/\/www.celttv.com.ar\/wp-content\/uploads\/2019\/03\/53742561_987605254766109_1095546153191079936_n.jpg 960w, https:\/\/www.celttv.com.ar\/wp-content\/uploads\/2019\/03\/53742561_987605254766109_1095546153191079936_n-300x225.jpg 300w, https:\/\/www.celttv.com.ar\/wp-content\/uploads\/2019\/03\/53742561_987605254766109_1095546153191079936_n-768x576.jpg 768w, https:\/\/www.celttv.com.ar\/wp-content\/uploads\/2019\/03\/53742561_987605254766109_1095546153191079936_n-750x563.jpg 750w\" sizes=\"auto, (max-width: 960px) 100vw, 960px\" \/><\/a> <a href=\"http:\/\/www.celttv.com.ar\/?attachment_id=40370\" rel=\"attachment wp-att-40370\"><img loading=\"lazy\" decoding=\"async\" class=\"alignleft size-medium wp-image-40370\" src=\"http:\/\/www.celttv.com.ar\/wp-content\/uploads\/2019\/03\/53777541_987605624766072_8693756711892156416_n.jpg\" alt=\"\" width=\"780\" height=\"585\" srcset=\"https:\/\/www.celttv.com.ar\/wp-content\/uploads\/2019\/03\/53777541_987605624766072_8693756711892156416_n.jpg 960w, https:\/\/www.celttv.com.ar\/wp-content\/uploads\/2019\/03\/53777541_987605624766072_8693756711892156416_n-300x225.jpg 300w, https:\/\/www.celttv.com.ar\/wp-content\/uploads\/2019\/03\/53777541_987605624766072_8693756711892156416_n-768x576.jpg 768w, https:\/\/www.celttv.com.ar\/wp-content\/uploads\/2019\/03\/53777541_987605624766072_8693756711892156416_n-750x563.jpg 750w\" sizes=\"auto, (max-width: 780px) 100vw, 780px\" \/><\/a> <a href=\"http:\/\/www.celttv.com.ar\/?attachment_id=40371\" rel=\"attachment wp-att-40371\"><img loading=\"lazy\" decoding=\"async\" class=\"alignleft size-medium wp-image-40371\" src=\"http:\/\/www.celttv.com.ar\/wp-content\/uploads\/2019\/03\/54374660_987605054766129_234842682826948608_n.jpg\" alt=\"\" width=\"780\" height=\"585\" srcset=\"https:\/\/www.celttv.com.ar\/wp-content\/uploads\/2019\/03\/54374660_987605054766129_234842682826948608_n.jpg 960w, https:\/\/www.celttv.com.ar\/wp-content\/uploads\/2019\/03\/54374660_987605054766129_234842682826948608_n-300x225.jpg 300w, https:\/\/www.celttv.com.ar\/wp-content\/uploads\/2019\/03\/54374660_987605054766129_234842682826948608_n-768x576.jpg 768w, https:\/\/www.celttv.com.ar\/wp-content\/uploads\/2019\/03\/54374660_987605054766129_234842682826948608_n-750x563.jpg 750w\" sizes=\"auto, (max-width: 780px) 100vw, 780px\" \/><\/a> <a href=\"http:\/\/www.celttv.com.ar\/?attachment_id=40372\" rel=\"attachment wp-att-40372\"><img loading=\"lazy\" decoding=\"async\" class=\"alignleft size-medium wp-image-40372\" src=\"http:\/\/www.celttv.com.ar\/wp-content\/uploads\/2019\/03\/54432834_987605461432755_4129012783339536384_n.jpg\" alt=\"\" width=\"780\" height=\"585\" srcset=\"https:\/\/www.celttv.com.ar\/wp-content\/uploads\/2019\/03\/54432834_987605461432755_4129012783339536384_n.jpg 960w, https:\/\/www.celttv.com.ar\/wp-content\/uploads\/2019\/03\/54432834_987605461432755_4129012783339536384_n-300x225.jpg 300w, https:\/\/www.celttv.com.ar\/wp-content\/uploads\/2019\/03\/54432834_987605461432755_4129012783339536384_n-768x576.jpg 768w, https:\/\/www.celttv.com.ar\/wp-content\/uploads\/2019\/03\/54432834_987605461432755_4129012783339536384_n-750x563.jpg 750w\" sizes=\"auto, (max-width: 780px) 100vw, 780px\" \/><\/a><\/p>\n<\/div>\n","protected":false},"excerpt":{"rendered":"<p>El Club Automoto realiz\u00f3 la presentaci\u00f3n de las nuevas camisetas (titular y suplente) que utilizar\u00e1 durante la temporada 2019 de la LRFCS. Durante la velada, a la que asistieron cuerpo t\u00e9cnico, jugadores y simpatizantes, la instituci\u00f3n azulgrana rindi\u00f3 un merecido homenaje a Luis Amer, fallecido recientemente, qui\u00e9n desempe\u00f1\u00f3 en el club el rol de masajista [&hellip;]<\/p>\n","protected":false},"author":1,"featured_media":40371,"comment_status":"closed","ping_status":"open","sticky":false,"template":"","format":"standard","meta":{"footnotes":""},"categories":[55,60,52,63],"tags":[],"class_list":["post-40368","post","type-post","status-publish","format-standard","has-post-thumbnail","hentry","category-celt-tv-noticias","category-deporte","category-destacadas","category-magazine-sport"],"yoast_head":"<!-- This site is optimized with the Yoast SEO plugin v19.7.1 - https:\/\/yoast.com\/wordpress\/plugins\/seo\/ -->\n<title>AUTOMOTO: PRESENTACI\u00d3N DE CAMISETA Y HOMENAJE A LUIS AMER (FOTOS) - CELTTV<\/title>\n<meta name=\"description\" content=\"Sitio web de noticias de la localidad de Tornquist, provincia de Buenos Aires, Rep\u00fablica Argentina. Contenido propio originado por periodistas de CELTTV, el canal de TV local de la Cooperativa El\u00e9ctrica de Tornquist. Turismo, Pol\u00edtica, Sociedad, Deporte, Cultura y todo el contenido de inter\u00e9s general que la gente del pueblo y la regi\u00f3n debe conocer.\" \/>\n<meta name=\"robots\" content=\"index, follow, max-snippet:-1, max-image-preview:large, max-video-preview:-1\" \/>\n<link rel=\"canonical\" href=\"https:\/\/www.celttv.com.ar\/index.php\/2019\/03\/16\/automoto-presentacion-de-camiseta-y-homenaje-a-luis-amer-fotos\/\" \/>\n<meta property=\"og:locale\" content=\"es_ES\" \/>\n<meta property=\"og:type\" content=\"article\" \/>\n<meta property=\"og:title\" content=\"AUTOMOTO: PRESENTACI\u00d3N DE CAMISETA Y HOMENAJE A LUIS AMER (FOTOS) - CELTTV\" \/>\n<meta property=\"og:description\" content=\"Sitio web de noticias de la localidad de Tornquist, provincia de Buenos Aires, Rep\u00fablica Argentina. Contenido propio originado por periodistas de CELTTV, el canal de TV local de la Cooperativa El\u00e9ctrica de Tornquist. Turismo, Pol\u00edtica, Sociedad, Deporte, Cultura y todo el contenido de inter\u00e9s general que la gente del pueblo y la regi\u00f3n debe conocer.\" \/>\n<meta property=\"og:url\" content=\"https:\/\/www.celttv.com.ar\/index.php\/2019\/03\/16\/automoto-presentacion-de-camiseta-y-homenaje-a-luis-amer-fotos\/\" \/>\n<meta property=\"og:site_name\" content=\"CELTTV\" \/>\n<meta property=\"article:publisher\" content=\"https:\/\/www.facebook.com\/celtTV\/\" \/>\n<meta property=\"article:published_time\" content=\"2019-03-16T14:08:22+00:00\" \/>\n<meta property=\"og:image\" content=\"https:\/\/www.celttv.com.ar\/wp-content\/uploads\/2019\/03\/54374660_987605054766129_234842682826948608_n.jpg\" \/>\n\t<meta property=\"og:image:width\" content=\"960\" \/>\n\t<meta property=\"og:image:height\" content=\"720\" \/>\n\t<meta property=\"og:image:type\" content=\"image\/jpeg\" \/>\n<meta name=\"author\" content=\"ulises\" \/>\n<meta name=\"twitter:card\" content=\"summary_large_image\" \/>\n<meta name=\"twitter:label1\" content=\"Escrito por\" \/>\n\t<meta name=\"twitter:data1\" content=\"ulises\" \/>\n\t<meta name=\"twitter:label2\" content=\"Tiempo de lectura\" \/>\n\t<meta name=\"twitter:data2\" content=\"1 minuto\" \/>\n<script type=\"application\/ld+json\" class=\"yoast-schema-graph\">{\"@context\":\"https:\/\/schema.org\",\"@graph\":[{\"@type\":\"NewsArticle\",\"@id\":\"https:\/\/www.celttv.com.ar\/index.php\/2019\/03\/16\/automoto-presentacion-de-camiseta-y-homenaje-a-luis-amer-fotos\/#article\",\"isPartOf\":{\"@id\":\"https:\/\/www.celttv.com.ar\/index.php\/2019\/03\/16\/automoto-presentacion-de-camiseta-y-homenaje-a-luis-amer-fotos\/\"},\"author\":{\"name\":\"ulises\",\"@id\":\"https:\/\/www.celttv.com.ar\/#\/schema\/person\/6d99c072dba59953809c81446e9d0ace\"},\"headline\":\"AUTOMOTO: PRESENTACI\u00d3N DE CAMISETA Y HOMENAJE A LUIS AMER (FOTOS)\",\"datePublished\":\"2019-03-16T14:08:22+00:00\",\"dateModified\":\"2019-03-16T14:08:22+00:00\",\"mainEntityOfPage\":{\"@id\":\"https:\/\/www.celttv.com.ar\/index.php\/2019\/03\/16\/automoto-presentacion-de-camiseta-y-homenaje-a-luis-amer-fotos\/\"},\"wordCount\":168,\"publisher\":{\"@id\":\"https:\/\/www.celttv.com.ar\/#organization\"},\"articleSection\":[\"Celt TV Noticias\",\"Deporte\",\"Destacadas\",\"Magazine Sport\"],\"inLanguage\":\"es\"},{\"@type\":\"WebPage\",\"@id\":\"https:\/\/www.celttv.com.ar\/index.php\/2019\/03\/16\/automoto-presentacion-de-camiseta-y-homenaje-a-luis-amer-fotos\/\",\"url\":\"https:\/\/www.celttv.com.ar\/index.php\/2019\/03\/16\/automoto-presentacion-de-camiseta-y-homenaje-a-luis-amer-fotos\/\",\"name\":\"AUTOMOTO: PRESENTACI\u00d3N DE CAMISETA Y HOMENAJE A LUIS AMER (FOTOS) - CELTTV\",\"isPartOf\":{\"@id\":\"https:\/\/www.celttv.com.ar\/#website\"},\"datePublished\":\"2019-03-16T14:08:22+00:00\",\"dateModified\":\"2019-03-16T14:08:22+00:00\",\"description\":\"Sitio web de noticias de la localidad de Tornquist, provincia de Buenos Aires, Rep\u00fablica Argentina. Contenido propio originado por periodistas de CELTTV, el canal de TV local de la Cooperativa El\u00e9ctrica de Tornquist. Turismo, Pol\u00edtica, Sociedad, Deporte, Cultura y todo el contenido de inter\u00e9s general que la gente del pueblo y la regi\u00f3n debe conocer.\",\"breadcrumb\":{\"@id\":\"https:\/\/www.celttv.com.ar\/index.php\/2019\/03\/16\/automoto-presentacion-de-camiseta-y-homenaje-a-luis-amer-fotos\/#breadcrumb\"},\"inLanguage\":\"es\",\"potentialAction\":[{\"@type\":\"ReadAction\",\"target\":[\"https:\/\/www.celttv.com.ar\/index.php\/2019\/03\/16\/automoto-presentacion-de-camiseta-y-homenaje-a-luis-amer-fotos\/\"]}]},{\"@type\":\"BreadcrumbList\",\"@id\":\"https:\/\/www.celttv.com.ar\/index.php\/2019\/03\/16\/automoto-presentacion-de-camiseta-y-homenaje-a-luis-amer-fotos\/#breadcrumb\",\"itemListElement\":[{\"@type\":\"ListItem\",\"position\":1,\"name\":\"Inicio\",\"item\":\"https:\/\/www.celttv.com.ar\/\"},{\"@type\":\"ListItem\",\"position\":2,\"name\":\"AUTOMOTO: PRESENTACI\u00d3N DE CAMISETA Y HOMENAJE A LUIS AMER (FOTOS)\"}]},{\"@type\":\"WebSite\",\"@id\":\"https:\/\/www.celttv.com.ar\/#website\",\"url\":\"https:\/\/www.celttv.com.ar\/\",\"name\":\"CELTTV\",\"description\":\"Cooperativa El\u00e9ctrica de Tornquist\",\"publisher\":{\"@id\":\"https:\/\/www.celttv.com.ar\/#organization\"},\"potentialAction\":[{\"@type\":\"SearchAction\",\"target\":{\"@type\":\"EntryPoint\",\"urlTemplate\":\"https:\/\/www.celttv.com.ar\/?s={search_term_string}\"},\"query-input\":\"required name=search_term_string\"}],\"inLanguage\":\"es\"},{\"@type\":\"Organization\",\"@id\":\"https:\/\/www.celttv.com.ar\/#organization\",\"name\":\"CELTTV\",\"url\":\"https:\/\/www.celttv.com.ar\/\",\"sameAs\":[\"https:\/\/www.youtube.com\/channel\/UCz_oIt8Hig64Ub-EmcNPIhg\",\"https:\/\/www.facebook.com\/celtTV\/\"],\"logo\":{\"@type\":\"ImageObject\",\"inLanguage\":\"es\",\"@id\":\"https:\/\/www.celttv.com.ar\/#\/schema\/logo\/image\/\",\"url\":\"http:\/\/www.celttv.com.ar\/wp-content\/uploads\/2022\/08\/logo-1.png\",\"contentUrl\":\"http:\/\/www.celttv.com.ar\/wp-content\/uploads\/2022\/08\/logo-1.png\",\"width\":461,\"height\":159,\"caption\":\"CELTTV\"},\"image\":{\"@id\":\"https:\/\/www.celttv.com.ar\/#\/schema\/logo\/image\/\"}},{\"@type\":\"Person\",\"@id\":\"https:\/\/www.celttv.com.ar\/#\/schema\/person\/6d99c072dba59953809c81446e9d0ace\",\"name\":\"ulises\",\"image\":{\"@type\":\"ImageObject\",\"inLanguage\":\"es\",\"@id\":\"https:\/\/www.celttv.com.ar\/#\/schema\/person\/image\/\",\"url\":\"https:\/\/secure.gravatar.com\/avatar\/7f2c48bdc33b30088f941fb6082e555f2874c98e20cb159d7b92b50eadfce793?s=96&d=mm&r=g\",\"contentUrl\":\"https:\/\/secure.gravatar.com\/avatar\/7f2c48bdc33b30088f941fb6082e555f2874c98e20cb159d7b92b50eadfce793?s=96&d=mm&r=g\",\"caption\":\"ulises\"},\"sameAs\":[\"http:\/\/www.celttv.com.ar\"]}]}<\/script>\n<!-- \/ Yoast SEO plugin. -->","yoast_head_json":{"title":"AUTOMOTO: PRESENTACI\u00d3N DE CAMISETA Y HOMENAJE A LUIS AMER (FOTOS) - CELTTV","description":"Sitio web de noticias de la localidad de Tornquist, provincia de Buenos Aires, Rep\u00fablica Argentina. Contenido propio originado por periodistas de CELTTV, el canal de TV local de la Cooperativa El\u00e9ctrica de Tornquist. Turismo, Pol\u00edtica, Sociedad, Deporte, Cultura y todo el contenido de inter\u00e9s general que la gente del pueblo y la regi\u00f3n debe conocer.","robots":{"index":"index","follow":"follow","max-snippet":"max-snippet:-1","max-image-preview":"max-image-preview:large","max-video-preview":"max-video-preview:-1"},"canonical":"https:\/\/www.celttv.com.ar\/index.php\/2019\/03\/16\/automoto-presentacion-de-camiseta-y-homenaje-a-luis-amer-fotos\/","og_locale":"es_ES","og_type":"article","og_title":"AUTOMOTO: PRESENTACI\u00d3N DE CAMISETA Y HOMENAJE A LUIS AMER (FOTOS) - CELTTV","og_description":"Sitio web de noticias de la localidad de Tornquist, provincia de Buenos Aires, Rep\u00fablica Argentina. Contenido propio originado por periodistas de CELTTV, el canal de TV local de la Cooperativa El\u00e9ctrica de Tornquist. Turismo, Pol\u00edtica, Sociedad, Deporte, Cultura y todo el contenido de inter\u00e9s general que la gente del pueblo y la regi\u00f3n debe conocer.","og_url":"https:\/\/www.celttv.com.ar\/index.php\/2019\/03\/16\/automoto-presentacion-de-camiseta-y-homenaje-a-luis-amer-fotos\/","og_site_name":"CELTTV","article_publisher":"https:\/\/www.facebook.com\/celtTV\/","article_published_time":"2019-03-16T14:08:22+00:00","og_image":[{"width":960,"height":720,"url":"https:\/\/www.celttv.com.ar\/wp-content\/uploads\/2019\/03\/54374660_987605054766129_234842682826948608_n.jpg","type":"image\/jpeg"}],"author":"ulises","twitter_card":"summary_large_image","twitter_misc":{"Escrito por":"ulises","Tiempo de lectura":"1 minuto"},"schema":{"@context":"https:\/\/schema.org","@graph":[{"@type":"NewsArticle","@id":"https:\/\/www.celttv.com.ar\/index.php\/2019\/03\/16\/automoto-presentacion-de-camiseta-y-homenaje-a-luis-amer-fotos\/#article","isPartOf":{"@id":"https:\/\/www.celttv.com.ar\/index.php\/2019\/03\/16\/automoto-presentacion-de-camiseta-y-homenaje-a-luis-amer-fotos\/"},"author":{"name":"ulises","@id":"https:\/\/www.celttv.com.ar\/#\/schema\/person\/6d99c072dba59953809c81446e9d0ace"},"headline":"AUTOMOTO: PRESENTACI\u00d3N DE CAMISETA Y HOMENAJE A LUIS AMER (FOTOS)","datePublished":"2019-03-16T14:08:22+00:00","dateModified":"2019-03-16T14:08:22+00:00","mainEntityOfPage":{"@id":"https:\/\/www.celttv.com.ar\/index.php\/2019\/03\/16\/automoto-presentacion-de-camiseta-y-homenaje-a-luis-amer-fotos\/"},"wordCount":168,"publisher":{"@id":"https:\/\/www.celttv.com.ar\/#organization"},"articleSection":["Celt TV Noticias","Deporte","Destacadas","Magazine Sport"],"inLanguage":"es"},{"@type":"WebPage","@id":"https:\/\/www.celttv.com.ar\/index.php\/2019\/03\/16\/automoto-presentacion-de-camiseta-y-homenaje-a-luis-amer-fotos\/","url":"https:\/\/www.celttv.com.ar\/index.php\/2019\/03\/16\/automoto-presentacion-de-camiseta-y-homenaje-a-luis-amer-fotos\/","name":"AUTOMOTO: PRESENTACI\u00d3N DE CAMISETA Y HOMENAJE A LUIS AMER (FOTOS) - CELTTV","isPartOf":{"@id":"https:\/\/www.celttv.com.ar\/#website"},"datePublished":"2019-03-16T14:08:22+00:00","dateModified":"2019-03-16T14:08:22+00:00","description":"Sitio web de noticias de la localidad de Tornquist, provincia de Buenos Aires, Rep\u00fablica Argentina. Contenido propio originado por periodistas de CELTTV, el canal de TV local de la Cooperativa El\u00e9ctrica de Tornquist. Turismo, Pol\u00edtica, Sociedad, Deporte, Cultura y todo el contenido de inter\u00e9s general que la gente del pueblo y la regi\u00f3n debe conocer.","breadcrumb":{"@id":"https:\/\/www.celttv.com.ar\/index.php\/2019\/03\/16\/automoto-presentacion-de-camiseta-y-homenaje-a-luis-amer-fotos\/#breadcrumb"},"inLanguage":"es","potentialAction":[{"@type":"ReadAction","target":["https:\/\/www.celttv.com.ar\/index.php\/2019\/03\/16\/automoto-presentacion-de-camiseta-y-homenaje-a-luis-amer-fotos\/"]}]},{"@type":"BreadcrumbList","@id":"https:\/\/www.celttv.com.ar\/index.php\/2019\/03\/16\/automoto-presentacion-de-camiseta-y-homenaje-a-luis-amer-fotos\/#breadcrumb","itemListElement":[{"@type":"ListItem","position":1,"name":"Inicio","item":"https:\/\/www.celttv.com.ar\/"},{"@type":"ListItem","position":2,"name":"AUTOMOTO: PRESENTACI\u00d3N DE CAMISETA Y HOMENAJE A LUIS AMER (FOTOS)"}]},{"@type":"WebSite","@id":"https:\/\/www.celttv.com.ar\/#website","url":"https:\/\/www.celttv.com.ar\/","name":"CELTTV","description":"Cooperativa El\u00e9ctrica de Tornquist","publisher":{"@id":"https:\/\/www.celttv.com.ar\/#organization"},"potentialAction":[{"@type":"SearchAction","target":{"@type":"EntryPoint","urlTemplate":"https:\/\/www.celttv.com.ar\/?s={search_term_string}"},"query-input":"required name=search_term_string"}],"inLanguage":"es"},{"@type":"Organization","@id":"https:\/\/www.celttv.com.ar\/#organization","name":"CELTTV","url":"https:\/\/www.celttv.com.ar\/","sameAs":["https:\/\/www.youtube.com\/channel\/UCz_oIt8Hig64Ub-EmcNPIhg","https:\/\/www.facebook.com\/celtTV\/"],"logo":{"@type":"ImageObject","inLanguage":"es","@id":"https:\/\/www.celttv.com.ar\/#\/schema\/logo\/image\/","url":"http:\/\/www.celttv.com.ar\/wp-content\/uploads\/2022\/08\/logo-1.png","contentUrl":"http:\/\/www.celttv.com.ar\/wp-content\/uploads\/2022\/08\/logo-1.png","width":461,"height":159,"caption":"CELTTV"},"image":{"@id":"https:\/\/www.celttv.com.ar\/#\/schema\/logo\/image\/"}},{"@type":"Person","@id":"https:\/\/www.celttv.com.ar\/#\/schema\/person\/6d99c072dba59953809c81446e9d0ace","name":"ulises","image":{"@type":"ImageObject","inLanguage":"es","@id":"https:\/\/www.celttv.com.ar\/#\/schema\/person\/image\/","url":"https:\/\/secure.gravatar.com\/avatar\/7f2c48bdc33b30088f941fb6082e555f2874c98e20cb159d7b92b50eadfce793?s=96&d=mm&r=g","contentUrl":"https:\/\/secure.gravatar.com\/avatar\/7f2c48bdc33b30088f941fb6082e555f2874c98e20cb159d7b92b50eadfce793?s=96&d=mm&r=g","caption":"ulises"},"sameAs":["http:\/\/www.celttv.com.ar"]}]}},"_links":{"self":[{"href":"https:\/\/www.celttv.com.ar\/index.php\/wp-json\/wp\/v2\/posts\/40368","targetHints":{"allow":["GET"]}}],"collection":[{"href":"https:\/\/www.celttv.com.ar\/index.php\/wp-json\/wp\/v2\/posts"}],"about":[{"href":"https:\/\/www.celttv.com.ar\/index.php\/wp-json\/wp\/v2\/types\/post"}],"author":[{"embeddable":true,"href":"https:\/\/www.celttv.com.ar\/index.php\/wp-json\/wp\/v2\/users\/1"}],"replies":[{"embeddable":true,"href":"https:\/\/www.celttv.com.ar\/index.php\/wp-json\/wp\/v2\/comments?post=40368"}],"version-history":[{"count":0,"href":"https:\/\/www.celttv.com.ar\/index.php\/wp-json\/wp\/v2\/posts\/40368\/revisions"}],"wp:featuredmedia":[{"embeddable":true,"href":"https:\/\/www.celttv.com.ar\/index.php\/wp-json\/wp\/v2\/media\/40371"}],"wp:attachment":[{"href":"https:\/\/www.celttv.com.ar\/index.php\/wp-json\/wp\/v2\/media?parent=40368"}],"wp:term":[{"taxonomy":"category","embeddable":true,"href":"https:\/\/www.celttv.com.ar\/index.php\/wp-json\/wp\/v2\/categories?post=40368"},{"taxonomy":"post_tag","embeddable":true,"href":"https:\/\/www.celttv.com.ar\/index.php\/wp-json\/wp\/v2\/tags?post=40368"}],"curies":[{"name":"wp","href":"https:\/\/api.w.org\/{rel}","templated":true}]}}