{"id":40379,"date":"2019-03-18T14:19:19","date_gmt":"2019-03-18T14:19:19","guid":{"rendered":"http:\/\/www.celttv.com.ar\/?p=40379"},"modified":"2019-03-18T14:19:19","modified_gmt":"2019-03-18T14:19:19","slug":"hockey-diez-jugadoras-de-union-convocadas-a-las-pre-selecciones-de-la-asociacion-bahiense-fotos","status":"publish","type":"post","link":"https:\/\/www.celttv.com.ar\/index.php\/2019\/03\/18\/hockey-diez-jugadoras-de-union-convocadas-a-las-pre-selecciones-de-la-asociacion-bahiense-fotos\/","title":{"rendered":"Hockey: Diez jugadoras de Uni\u00f3n convocadas a las pre-selecciones de la Asociaci\u00f3n Bahiense (Fotos)"},"content":{"rendered":"<p>Diez jugadoras de Uni\u00f3n fueron convocadas a tres pre-selecciones de la Asociaci\u00f3n Bahiense de Hockey Sobre C\u00e9sped y Pista.<\/p>\n<p>En Sub-14, las citadas son Ainara Echegu\u00eda, Luc\u00eda Murillo, Agostina Riguero, Lara Gonz\u00e1lez y Luisina Musso; en Sub-16 Priscila Sandobal, Victoria Jensen y Valentina Abarz\u00faa; y en Sub-21 las llamadas son Arantxa Laborde y Martina Idoeta.<\/p>\n<p>Todas ellas entrenar\u00e1n, junto al resto de las seleccionadas de los diferentes clubes de la ABH, en busca de un lugar en los planteles definitivos que disputar\u00e1n los diferentes torneos de cada categor\u00eda de la Confederaci\u00f3n Argentina.<\/p>\n<p>&nbsp;<\/p>\n<p><em>Prensa Club Uni\u00f3n<\/em><\/p>\n<p><a href=\"http:\/\/www.celttv.com.ar\/?attachment_id=40380\" rel=\"attachment wp-att-40380\"><img loading=\"lazy\" decoding=\"async\" class=\"alignleft size-full wp-image-40380\" src=\"http:\/\/www.celttv.com.ar\/wp-content\/uploads\/2019\/03\/Ainara-Echeguia.jpg\" alt=\"\" width=\"960\" height=\"636\" srcset=\"https:\/\/www.celttv.com.ar\/wp-content\/uploads\/2019\/03\/Ainara-Echeguia.jpg 960w, https:\/\/www.celttv.com.ar\/wp-content\/uploads\/2019\/03\/Ainara-Echeguia-300x199.jpg 300w, https:\/\/www.celttv.com.ar\/wp-content\/uploads\/2019\/03\/Ainara-Echeguia-768x509.jpg 768w, https:\/\/www.celttv.com.ar\/wp-content\/uploads\/2019\/03\/Ainara-Echeguia-750x497.jpg 750w\" sizes=\"auto, (max-width: 960px) 100vw, 960px\" \/><\/a> <a href=\"http:\/\/www.celttv.com.ar\/?attachment_id=40381\" rel=\"attachment wp-att-40381\"><img loading=\"lazy\" decoding=\"async\" class=\"alignleft size-medium wp-image-40381\" src=\"http:\/\/www.celttv.com.ar\/wp-content\/uploads\/2019\/03\/Lucia-Murillo.jpg\" alt=\"\" width=\"780\" height=\"531\" srcset=\"https:\/\/www.celttv.com.ar\/wp-content\/uploads\/2019\/03\/Lucia-Murillo.jpg 960w, https:\/\/www.celttv.com.ar\/wp-content\/uploads\/2019\/03\/Lucia-Murillo-300x204.jpg 300w, https:\/\/www.celttv.com.ar\/wp-content\/uploads\/2019\/03\/Lucia-Murillo-768x522.jpg 768w, https:\/\/www.celttv.com.ar\/wp-content\/uploads\/2019\/03\/Lucia-Murillo-750x510.jpg 750w\" sizes=\"auto, (max-width: 780px) 100vw, 780px\" \/><\/a> <a href=\"http:\/\/www.celttv.com.ar\/?attachment_id=40382\" rel=\"attachment wp-att-40382\"><img loading=\"lazy\" decoding=\"async\" class=\"alignleft size-medium wp-image-40382\" src=\"http:\/\/www.celttv.com.ar\/wp-content\/uploads\/2019\/03\/Luisina-Musso.jpg\" alt=\"\" width=\"780\" height=\"683\" srcset=\"https:\/\/www.celttv.com.ar\/wp-content\/uploads\/2019\/03\/Luisina-Musso.jpg 960w, https:\/\/www.celttv.com.ar\/wp-content\/uploads\/2019\/03\/Luisina-Musso-300x263.jpg 300w, https:\/\/www.celttv.com.ar\/wp-content\/uploads\/2019\/03\/Luisina-Musso-768x673.jpg 768w, https:\/\/www.celttv.com.ar\/wp-content\/uploads\/2019\/03\/Luisina-Musso-750x657.jpg 750w\" sizes=\"auto, (max-width: 780px) 100vw, 780px\" \/><\/a> <a href=\"http:\/\/www.celttv.com.ar\/?attachment_id=40383\" rel=\"attachment wp-att-40383\"><img loading=\"lazy\" decoding=\"async\" class=\"alignleft size-medium wp-image-40383\" src=\"http:\/\/www.celttv.com.ar\/wp-content\/uploads\/2019\/03\/Priscila-Sandobal.jpg\" alt=\"\" width=\"780\" height=\"560\" srcset=\"https:\/\/www.celttv.com.ar\/wp-content\/uploads\/2019\/03\/Priscila-Sandobal.jpg 960w, https:\/\/www.celttv.com.ar\/wp-content\/uploads\/2019\/03\/Priscila-Sandobal-300x215.jpg 300w, https:\/\/www.celttv.com.ar\/wp-content\/uploads\/2019\/03\/Priscila-Sandobal-768x551.jpg 768w, https:\/\/www.celttv.com.ar\/wp-content\/uploads\/2019\/03\/Priscila-Sandobal-120x86.jpg 120w, https:\/\/www.celttv.com.ar\/wp-content\/uploads\/2019\/03\/Priscila-Sandobal-350x250.jpg 350w, https:\/\/www.celttv.com.ar\/wp-content\/uploads\/2019\/03\/Priscila-Sandobal-750x538.jpg 750w\" sizes=\"auto, (max-width: 780px) 100vw, 780px\" \/><\/a> <a href=\"http:\/\/www.celttv.com.ar\/?attachment_id=40384\" rel=\"attachment wp-att-40384\"><img loading=\"lazy\" decoding=\"async\" class=\"alignleft size-medium wp-image-40384\" src=\"http:\/\/www.celttv.com.ar\/wp-content\/uploads\/2019\/03\/Valentina-Abarzua.jpg\" alt=\"\" width=\"780\" height=\"520\" srcset=\"https:\/\/www.celttv.com.ar\/wp-content\/uploads\/2019\/03\/Valentina-Abarzua.jpg 960w, https:\/\/www.celttv.com.ar\/wp-content\/uploads\/2019\/03\/Valentina-Abarzua-300x200.jpg 300w, https:\/\/www.celttv.com.ar\/wp-content\/uploads\/2019\/03\/Valentina-Abarzua-768x512.jpg 768w, https:\/\/www.celttv.com.ar\/wp-content\/uploads\/2019\/03\/Valentina-Abarzua-750x500.jpg 750w\" sizes=\"auto, (max-width: 780px) 100vw, 780px\" \/><\/a> <a href=\"http:\/\/www.celttv.com.ar\/?attachment_id=40385\" rel=\"attachment wp-att-40385\"><img loading=\"lazy\" decoding=\"async\" class=\"alignleft size-medium wp-image-40385\" src=\"http:\/\/www.celttv.com.ar\/wp-content\/uploads\/2019\/03\/Victoria-Jensen.jpg\" alt=\"\" width=\"780\" height=\"520\" srcset=\"https:\/\/www.celttv.com.ar\/wp-content\/uploads\/2019\/03\/Victoria-Jensen.jpg 960w, https:\/\/www.celttv.com.ar\/wp-content\/uploads\/2019\/03\/Victoria-Jensen-300x200.jpg 300w, https:\/\/www.celttv.com.ar\/wp-content\/uploads\/2019\/03\/Victoria-Jensen-768x512.jpg 768w, https:\/\/www.celttv.com.ar\/wp-content\/uploads\/2019\/03\/Victoria-Jensen-750x500.jpg 750w\" sizes=\"auto, (max-width: 780px) 100vw, 780px\" \/><\/a><\/p>\n","protected":false},"excerpt":{"rendered":"<p>Diez jugadoras de Uni\u00f3n fueron convocadas a tres pre-selecciones de la Asociaci\u00f3n Bahiense de Hockey Sobre C\u00e9sped y Pista. En Sub-14, las citadas son Ainara Echegu\u00eda, Luc\u00eda Murillo, Agostina Riguero, Lara Gonz\u00e1lez y Luisina Musso; en Sub-16 Priscila Sandobal, Victoria Jensen y Valentina Abarz\u00faa; y en Sub-21 las llamadas son Arantxa Laborde y Martina Idoeta. [&hellip;]<\/p>\n","protected":false},"author":1,"featured_media":40384,"comment_status":"closed","ping_status":"open","sticky":false,"template":"","format":"standard","meta":{"footnotes":""},"categories":[55,60,52,63],"tags":[],"class_list":["post-40379","post","type-post","status-publish","format-standard","has-post-thumbnail","hentry","category-celt-tv-noticias","category-deporte","category-destacadas","category-magazine-sport"],"yoast_head":"<!-- This site is optimized with the Yoast SEO plugin v19.7.1 - https:\/\/yoast.com\/wordpress\/plugins\/seo\/ -->\n<title>Hockey: Diez jugadoras de Uni\u00f3n convocadas a las pre-selecciones de la Asociaci\u00f3n Bahiense (Fotos) - CELTTV<\/title>\n<meta name=\"description\" content=\"Sitio web de noticias de la localidad de Tornquist, provincia de Buenos Aires, Rep\u00fablica Argentina. Contenido propio originado por periodistas de CELTTV, el canal de TV local de la Cooperativa El\u00e9ctrica de Tornquist. Turismo, Pol\u00edtica, Sociedad, Deporte, Cultura y todo el contenido de inter\u00e9s general que la gente del pueblo y la regi\u00f3n debe conocer.\" \/>\n<meta name=\"robots\" content=\"index, follow, max-snippet:-1, max-image-preview:large, max-video-preview:-1\" \/>\n<link rel=\"canonical\" href=\"https:\/\/www.celttv.com.ar\/index.php\/2019\/03\/18\/hockey-diez-jugadoras-de-union-convocadas-a-las-pre-selecciones-de-la-asociacion-bahiense-fotos\/\" \/>\n<meta property=\"og:locale\" content=\"es_ES\" \/>\n<meta property=\"og:type\" content=\"article\" \/>\n<meta property=\"og:title\" content=\"Hockey: Diez jugadoras de Uni\u00f3n convocadas a las pre-selecciones de la Asociaci\u00f3n Bahiense (Fotos) - CELTTV\" \/>\n<meta property=\"og:description\" content=\"Sitio web de noticias de la localidad de Tornquist, provincia de Buenos Aires, Rep\u00fablica Argentina. Contenido propio originado por periodistas de CELTTV, el canal de TV local de la Cooperativa El\u00e9ctrica de Tornquist. Turismo, Pol\u00edtica, Sociedad, Deporte, Cultura y todo el contenido de inter\u00e9s general que la gente del pueblo y la regi\u00f3n debe conocer.\" \/>\n<meta property=\"og:url\" content=\"https:\/\/www.celttv.com.ar\/index.php\/2019\/03\/18\/hockey-diez-jugadoras-de-union-convocadas-a-las-pre-selecciones-de-la-asociacion-bahiense-fotos\/\" \/>\n<meta property=\"og:site_name\" content=\"CELTTV\" \/>\n<meta property=\"article:publisher\" content=\"https:\/\/www.facebook.com\/celtTV\/\" \/>\n<meta property=\"article:published_time\" content=\"2019-03-18T14:19:19+00:00\" \/>\n<meta property=\"og:image\" content=\"https:\/\/www.celttv.com.ar\/wp-content\/uploads\/2019\/03\/Valentina-Abarzua.jpg\" \/>\n\t<meta property=\"og:image:width\" content=\"960\" \/>\n\t<meta property=\"og:image:height\" content=\"640\" \/>\n\t<meta property=\"og:image:type\" content=\"image\/jpeg\" \/>\n<meta name=\"author\" content=\"ulises\" \/>\n<meta name=\"twitter:card\" content=\"summary_large_image\" \/>\n<meta name=\"twitter:label1\" content=\"Escrito por\" \/>\n\t<meta name=\"twitter:data1\" content=\"ulises\" \/>\n\t<meta name=\"twitter:label2\" content=\"Tiempo de lectura\" \/>\n\t<meta name=\"twitter:data2\" content=\"1 minuto\" \/>\n<script type=\"application\/ld+json\" class=\"yoast-schema-graph\">{\"@context\":\"https:\/\/schema.org\",\"@graph\":[{\"@type\":\"NewsArticle\",\"@id\":\"https:\/\/www.celttv.com.ar\/index.php\/2019\/03\/18\/hockey-diez-jugadoras-de-union-convocadas-a-las-pre-selecciones-de-la-asociacion-bahiense-fotos\/#article\",\"isPartOf\":{\"@id\":\"https:\/\/www.celttv.com.ar\/index.php\/2019\/03\/18\/hockey-diez-jugadoras-de-union-convocadas-a-las-pre-selecciones-de-la-asociacion-bahiense-fotos\/\"},\"author\":{\"name\":\"ulises\",\"@id\":\"https:\/\/www.celttv.com.ar\/#\/schema\/person\/6d99c072dba59953809c81446e9d0ace\"},\"headline\":\"Hockey: Diez jugadoras de Uni\u00f3n convocadas a las pre-selecciones de la Asociaci\u00f3n Bahiense (Fotos)\",\"datePublished\":\"2019-03-18T14:19:19+00:00\",\"dateModified\":\"2019-03-18T14:19:19+00:00\",\"mainEntityOfPage\":{\"@id\":\"https:\/\/www.celttv.com.ar\/index.php\/2019\/03\/18\/hockey-diez-jugadoras-de-union-convocadas-a-las-pre-selecciones-de-la-asociacion-bahiense-fotos\/\"},\"wordCount\":124,\"publisher\":{\"@id\":\"https:\/\/www.celttv.com.ar\/#organization\"},\"articleSection\":[\"Celt TV Noticias\",\"Deporte\",\"Destacadas\",\"Magazine Sport\"],\"inLanguage\":\"es\"},{\"@type\":\"WebPage\",\"@id\":\"https:\/\/www.celttv.com.ar\/index.php\/2019\/03\/18\/hockey-diez-jugadoras-de-union-convocadas-a-las-pre-selecciones-de-la-asociacion-bahiense-fotos\/\",\"url\":\"https:\/\/www.celttv.com.ar\/index.php\/2019\/03\/18\/hockey-diez-jugadoras-de-union-convocadas-a-las-pre-selecciones-de-la-asociacion-bahiense-fotos\/\",\"name\":\"Hockey: Diez jugadoras de Uni\u00f3n convocadas a las pre-selecciones de la Asociaci\u00f3n Bahiense (Fotos) - CELTTV\",\"isPartOf\":{\"@id\":\"https:\/\/www.celttv.com.ar\/#website\"},\"datePublished\":\"2019-03-18T14:19:19+00:00\",\"dateModified\":\"2019-03-18T14:19:19+00:00\",\"description\":\"Sitio web de noticias de la localidad de Tornquist, provincia de Buenos Aires, Rep\u00fablica Argentina. Contenido propio originado por periodistas de CELTTV, el canal de TV local de la Cooperativa El\u00e9ctrica de Tornquist. Turismo, Pol\u00edtica, Sociedad, Deporte, Cultura y todo el contenido de inter\u00e9s general que la gente del pueblo y la regi\u00f3n debe conocer.\",\"breadcrumb\":{\"@id\":\"https:\/\/www.celttv.com.ar\/index.php\/2019\/03\/18\/hockey-diez-jugadoras-de-union-convocadas-a-las-pre-selecciones-de-la-asociacion-bahiense-fotos\/#breadcrumb\"},\"inLanguage\":\"es\",\"potentialAction\":[{\"@type\":\"ReadAction\",\"target\":[\"https:\/\/www.celttv.com.ar\/index.php\/2019\/03\/18\/hockey-diez-jugadoras-de-union-convocadas-a-las-pre-selecciones-de-la-asociacion-bahiense-fotos\/\"]}]},{\"@type\":\"BreadcrumbList\",\"@id\":\"https:\/\/www.celttv.com.ar\/index.php\/2019\/03\/18\/hockey-diez-jugadoras-de-union-convocadas-a-las-pre-selecciones-de-la-asociacion-bahiense-fotos\/#breadcrumb\",\"itemListElement\":[{\"@type\":\"ListItem\",\"position\":1,\"name\":\"Inicio\",\"item\":\"https:\/\/www.celttv.com.ar\/\"},{\"@type\":\"ListItem\",\"position\":2,\"name\":\"Hockey: Diez jugadoras de Uni\u00f3n convocadas a las pre-selecciones de la Asociaci\u00f3n Bahiense (Fotos)\"}]},{\"@type\":\"WebSite\",\"@id\":\"https:\/\/www.celttv.com.ar\/#website\",\"url\":\"https:\/\/www.celttv.com.ar\/\",\"name\":\"CELTTV\",\"description\":\"Cooperativa El\u00e9ctrica de Tornquist\",\"publisher\":{\"@id\":\"https:\/\/www.celttv.com.ar\/#organization\"},\"potentialAction\":[{\"@type\":\"SearchAction\",\"target\":{\"@type\":\"EntryPoint\",\"urlTemplate\":\"https:\/\/www.celttv.com.ar\/?s={search_term_string}\"},\"query-input\":\"required name=search_term_string\"}],\"inLanguage\":\"es\"},{\"@type\":\"Organization\",\"@id\":\"https:\/\/www.celttv.com.ar\/#organization\",\"name\":\"CELTTV\",\"url\":\"https:\/\/www.celttv.com.ar\/\",\"sameAs\":[\"https:\/\/www.youtube.com\/channel\/UCz_oIt8Hig64Ub-EmcNPIhg\",\"https:\/\/www.facebook.com\/celtTV\/\"],\"logo\":{\"@type\":\"ImageObject\",\"inLanguage\":\"es\",\"@id\":\"https:\/\/www.celttv.com.ar\/#\/schema\/logo\/image\/\",\"url\":\"http:\/\/www.celttv.com.ar\/wp-content\/uploads\/2022\/08\/logo-1.png\",\"contentUrl\":\"http:\/\/www.celttv.com.ar\/wp-content\/uploads\/2022\/08\/logo-1.png\",\"width\":461,\"height\":159,\"caption\":\"CELTTV\"},\"image\":{\"@id\":\"https:\/\/www.celttv.com.ar\/#\/schema\/logo\/image\/\"}},{\"@type\":\"Person\",\"@id\":\"https:\/\/www.celttv.com.ar\/#\/schema\/person\/6d99c072dba59953809c81446e9d0ace\",\"name\":\"ulises\",\"image\":{\"@type\":\"ImageObject\",\"inLanguage\":\"es\",\"@id\":\"https:\/\/www.celttv.com.ar\/#\/schema\/person\/image\/\",\"url\":\"https:\/\/secure.gravatar.com\/avatar\/7f2c48bdc33b30088f941fb6082e555f2874c98e20cb159d7b92b50eadfce793?s=96&d=mm&r=g\",\"contentUrl\":\"https:\/\/secure.gravatar.com\/avatar\/7f2c48bdc33b30088f941fb6082e555f2874c98e20cb159d7b92b50eadfce793?s=96&d=mm&r=g\",\"caption\":\"ulises\"},\"sameAs\":[\"http:\/\/www.celttv.com.ar\"]}]}<\/script>\n<!-- \/ Yoast SEO plugin. -->","yoast_head_json":{"title":"Hockey: Diez jugadoras de Uni\u00f3n convocadas a las pre-selecciones de la Asociaci\u00f3n Bahiense (Fotos) - CELTTV","description":"Sitio web de noticias de la localidad de Tornquist, provincia de Buenos Aires, Rep\u00fablica Argentina. Contenido propio originado por periodistas de CELTTV, el canal de TV local de la Cooperativa El\u00e9ctrica de Tornquist. Turismo, Pol\u00edtica, Sociedad, Deporte, Cultura y todo el contenido de inter\u00e9s general que la gente del pueblo y la regi\u00f3n debe conocer.","robots":{"index":"index","follow":"follow","max-snippet":"max-snippet:-1","max-image-preview":"max-image-preview:large","max-video-preview":"max-video-preview:-1"},"canonical":"https:\/\/www.celttv.com.ar\/index.php\/2019\/03\/18\/hockey-diez-jugadoras-de-union-convocadas-a-las-pre-selecciones-de-la-asociacion-bahiense-fotos\/","og_locale":"es_ES","og_type":"article","og_title":"Hockey: Diez jugadoras de Uni\u00f3n convocadas a las pre-selecciones de la Asociaci\u00f3n Bahiense (Fotos) - CELTTV","og_description":"Sitio web de noticias de la localidad de Tornquist, provincia de Buenos Aires, Rep\u00fablica Argentina. Contenido propio originado por periodistas de CELTTV, el canal de TV local de la Cooperativa El\u00e9ctrica de Tornquist. Turismo, Pol\u00edtica, Sociedad, Deporte, Cultura y todo el contenido de inter\u00e9s general que la gente del pueblo y la regi\u00f3n debe conocer.","og_url":"https:\/\/www.celttv.com.ar\/index.php\/2019\/03\/18\/hockey-diez-jugadoras-de-union-convocadas-a-las-pre-selecciones-de-la-asociacion-bahiense-fotos\/","og_site_name":"CELTTV","article_publisher":"https:\/\/www.facebook.com\/celtTV\/","article_published_time":"2019-03-18T14:19:19+00:00","og_image":[{"width":960,"height":640,"url":"https:\/\/www.celttv.com.ar\/wp-content\/uploads\/2019\/03\/Valentina-Abarzua.jpg","type":"image\/jpeg"}],"author":"ulises","twitter_card":"summary_large_image","twitter_misc":{"Escrito por":"ulises","Tiempo de lectura":"1 minuto"},"schema":{"@context":"https:\/\/schema.org","@graph":[{"@type":"NewsArticle","@id":"https:\/\/www.celttv.com.ar\/index.php\/2019\/03\/18\/hockey-diez-jugadoras-de-union-convocadas-a-las-pre-selecciones-de-la-asociacion-bahiense-fotos\/#article","isPartOf":{"@id":"https:\/\/www.celttv.com.ar\/index.php\/2019\/03\/18\/hockey-diez-jugadoras-de-union-convocadas-a-las-pre-selecciones-de-la-asociacion-bahiense-fotos\/"},"author":{"name":"ulises","@id":"https:\/\/www.celttv.com.ar\/#\/schema\/person\/6d99c072dba59953809c81446e9d0ace"},"headline":"Hockey: Diez jugadoras de Uni\u00f3n convocadas a las pre-selecciones de la Asociaci\u00f3n Bahiense (Fotos)","datePublished":"2019-03-18T14:19:19+00:00","dateModified":"2019-03-18T14:19:19+00:00","mainEntityOfPage":{"@id":"https:\/\/www.celttv.com.ar\/index.php\/2019\/03\/18\/hockey-diez-jugadoras-de-union-convocadas-a-las-pre-selecciones-de-la-asociacion-bahiense-fotos\/"},"wordCount":124,"publisher":{"@id":"https:\/\/www.celttv.com.ar\/#organization"},"articleSection":["Celt TV Noticias","Deporte","Destacadas","Magazine Sport"],"inLanguage":"es"},{"@type":"WebPage","@id":"https:\/\/www.celttv.com.ar\/index.php\/2019\/03\/18\/hockey-diez-jugadoras-de-union-convocadas-a-las-pre-selecciones-de-la-asociacion-bahiense-fotos\/","url":"https:\/\/www.celttv.com.ar\/index.php\/2019\/03\/18\/hockey-diez-jugadoras-de-union-convocadas-a-las-pre-selecciones-de-la-asociacion-bahiense-fotos\/","name":"Hockey: Diez jugadoras de Uni\u00f3n convocadas a las pre-selecciones de la Asociaci\u00f3n Bahiense (Fotos) - CELTTV","isPartOf":{"@id":"https:\/\/www.celttv.com.ar\/#website"},"datePublished":"2019-03-18T14:19:19+00:00","dateModified":"2019-03-18T14:19:19+00:00","description":"Sitio web de noticias de la localidad de Tornquist, provincia de Buenos Aires, Rep\u00fablica Argentina. Contenido propio originado por periodistas de CELTTV, el canal de TV local de la Cooperativa El\u00e9ctrica de Tornquist. Turismo, Pol\u00edtica, Sociedad, Deporte, Cultura y todo el contenido de inter\u00e9s general que la gente del pueblo y la regi\u00f3n debe conocer.","breadcrumb":{"@id":"https:\/\/www.celttv.com.ar\/index.php\/2019\/03\/18\/hockey-diez-jugadoras-de-union-convocadas-a-las-pre-selecciones-de-la-asociacion-bahiense-fotos\/#breadcrumb"},"inLanguage":"es","potentialAction":[{"@type":"ReadAction","target":["https:\/\/www.celttv.com.ar\/index.php\/2019\/03\/18\/hockey-diez-jugadoras-de-union-convocadas-a-las-pre-selecciones-de-la-asociacion-bahiense-fotos\/"]}]},{"@type":"BreadcrumbList","@id":"https:\/\/www.celttv.com.ar\/index.php\/2019\/03\/18\/hockey-diez-jugadoras-de-union-convocadas-a-las-pre-selecciones-de-la-asociacion-bahiense-fotos\/#breadcrumb","itemListElement":[{"@type":"ListItem","position":1,"name":"Inicio","item":"https:\/\/www.celttv.com.ar\/"},{"@type":"ListItem","position":2,"name":"Hockey: Diez jugadoras de Uni\u00f3n convocadas a las pre-selecciones de la Asociaci\u00f3n Bahiense (Fotos)"}]},{"@type":"WebSite","@id":"https:\/\/www.celttv.com.ar\/#website","url":"https:\/\/www.celttv.com.ar\/","name":"CELTTV","description":"Cooperativa El\u00e9ctrica de Tornquist","publisher":{"@id":"https:\/\/www.celttv.com.ar\/#organization"},"potentialAction":[{"@type":"SearchAction","target":{"@type":"EntryPoint","urlTemplate":"https:\/\/www.celttv.com.ar\/?s={search_term_string}"},"query-input":"required name=search_term_string"}],"inLanguage":"es"},{"@type":"Organization","@id":"https:\/\/www.celttv.com.ar\/#organization","name":"CELTTV","url":"https:\/\/www.celttv.com.ar\/","sameAs":["https:\/\/www.youtube.com\/channel\/UCz_oIt8Hig64Ub-EmcNPIhg","https:\/\/www.facebook.com\/celtTV\/"],"logo":{"@type":"ImageObject","inLanguage":"es","@id":"https:\/\/www.celttv.com.ar\/#\/schema\/logo\/image\/","url":"http:\/\/www.celttv.com.ar\/wp-content\/uploads\/2022\/08\/logo-1.png","contentUrl":"http:\/\/www.celttv.com.ar\/wp-content\/uploads\/2022\/08\/logo-1.png","width":461,"height":159,"caption":"CELTTV"},"image":{"@id":"https:\/\/www.celttv.com.ar\/#\/schema\/logo\/image\/"}},{"@type":"Person","@id":"https:\/\/www.celttv.com.ar\/#\/schema\/person\/6d99c072dba59953809c81446e9d0ace","name":"ulises","image":{"@type":"ImageObject","inLanguage":"es","@id":"https:\/\/www.celttv.com.ar\/#\/schema\/person\/image\/","url":"https:\/\/secure.gravatar.com\/avatar\/7f2c48bdc33b30088f941fb6082e555f2874c98e20cb159d7b92b50eadfce793?s=96&d=mm&r=g","contentUrl":"https:\/\/secure.gravatar.com\/avatar\/7f2c48bdc33b30088f941fb6082e555f2874c98e20cb159d7b92b50eadfce793?s=96&d=mm&r=g","caption":"ulises"},"sameAs":["http:\/\/www.celttv.com.ar"]}]}},"_links":{"self":[{"href":"https:\/\/www.celttv.com.ar\/index.php\/wp-json\/wp\/v2\/posts\/40379","targetHints":{"allow":["GET"]}}],"collection":[{"href":"https:\/\/www.celttv.com.ar\/index.php\/wp-json\/wp\/v2\/posts"}],"about":[{"href":"https:\/\/www.celttv.com.ar\/index.php\/wp-json\/wp\/v2\/types\/post"}],"author":[{"embeddable":true,"href":"https:\/\/www.celttv.com.ar\/index.php\/wp-json\/wp\/v2\/users\/1"}],"replies":[{"embeddable":true,"href":"https:\/\/www.celttv.com.ar\/index.php\/wp-json\/wp\/v2\/comments?post=40379"}],"version-history":[{"count":0,"href":"https:\/\/www.celttv.com.ar\/index.php\/wp-json\/wp\/v2\/posts\/40379\/revisions"}],"wp:featuredmedia":[{"embeddable":true,"href":"https:\/\/www.celttv.com.ar\/index.php\/wp-json\/wp\/v2\/media\/40384"}],"wp:attachment":[{"href":"https:\/\/www.celttv.com.ar\/index.php\/wp-json\/wp\/v2\/media?parent=40379"}],"wp:term":[{"taxonomy":"category","embeddable":true,"href":"https:\/\/www.celttv.com.ar\/index.php\/wp-json\/wp\/v2\/categories?post=40379"},{"taxonomy":"post_tag","embeddable":true,"href":"https:\/\/www.celttv.com.ar\/index.php\/wp-json\/wp\/v2\/tags?post=40379"}],"curies":[{"name":"wp","href":"https:\/\/api.w.org\/{rel}","templated":true}]}}