{"id":40397,"date":"2019-03-19T14:29:48","date_gmt":"2019-03-19T14:29:48","guid":{"rendered":"http:\/\/www.celttv.com.ar\/?p=40397"},"modified":"2019-03-19T14:29:48","modified_gmt":"2019-03-19T14:29:48","slug":"se-presento-el-espectaculo-melodia-de-mujeres-en-el-teatro-funke-videos","status":"publish","type":"post","link":"https:\/\/www.celttv.com.ar\/index.php\/2019\/03\/19\/se-presento-el-espectaculo-melodia-de-mujeres-en-el-teatro-funke-videos\/","title":{"rendered":"SE PRESENT\u00d3 EL ESPECT\u00c1CULO &#8220;MELOD\u00cdA DE MUJERES&#8221; EN EL TEATRO FUNKE (VIDEOS)"},"content":{"rendered":"<p><strong>\u201cMelod\u00eda de Mujeres\u201d<\/strong>\u00a0fue el evento que cerr\u00f3 la semana de actividades programadas para conmemorar el D\u00eda Internacional de la Mujer.<\/p>\n<p>El evento musical se llev\u00f3 a cabo en el teatro \u201cRodolfo Funke\u201d.<\/p>\n<p>En el espect\u00e1culo, actuaron voces de un grupo de artistas locales y del Tr\u00edo Vocal L\u00edrico proveniente de Bah\u00eda Blanca.<\/p>\n<p>&nbsp;<\/p>\n<div class=\"jeg_video_container jeg_video_content\"><iframe loading=\"lazy\" title=\"2019 03 18 CIERRE DE LA SEMANA DE LA MUJER 1   NOELI KLOSTER\" width=\"500\" height=\"281\" src=\"https:\/\/www.youtube.com\/embed\/jbesgn0jgEM?feature=oembed\" frameborder=\"0\" allow=\"accelerometer; autoplay; clipboard-write; encrypted-media; gyroscope; picture-in-picture; web-share\" referrerpolicy=\"strict-origin-when-cross-origin\" allowfullscreen><\/iframe><\/div>\n<div class=\"jeg_video_container jeg_video_content\"><iframe loading=\"lazy\" title=\"2019 03 18 CIERRE DE LA SEMANA DE LA MUJER 2   TEMA 1 TRIO VOCAL SHOWS\" width=\"500\" height=\"281\" src=\"https:\/\/www.youtube.com\/embed\/ntivN77YCk0?feature=oembed\" frameborder=\"0\" allow=\"accelerometer; autoplay; clipboard-write; encrypted-media; gyroscope; picture-in-picture; web-share\" referrerpolicy=\"strict-origin-when-cross-origin\" allowfullscreen><\/iframe><\/div>\n<div class=\"jeg_video_container jeg_video_content\"><iframe loading=\"lazy\" title=\"2019 03 18 CIERRE DE LA SEMANA DE LA MUJER 3   TEMA 2 TRIO VOCAL SHOWS\" width=\"500\" height=\"281\" src=\"https:\/\/www.youtube.com\/embed\/EIbDc7PPoYo?feature=oembed\" frameborder=\"0\" allow=\"accelerometer; autoplay; clipboard-write; encrypted-media; gyroscope; picture-in-picture; web-share\" referrerpolicy=\"strict-origin-when-cross-origin\" allowfullscreen><\/iframe><\/div>\n<div class=\"jeg_video_container jeg_video_content\"><iframe loading=\"lazy\" title=\"2019 03 18 CIERRE DE LA SEMANA DE LA MUJER 4   NOTA A NOELI KLOSTER\" width=\"500\" height=\"281\" src=\"https:\/\/www.youtube.com\/embed\/MaZ77M-BnVM?feature=oembed\" frameborder=\"0\" allow=\"accelerometer; autoplay; clipboard-write; encrypted-media; gyroscope; picture-in-picture; web-share\" referrerpolicy=\"strict-origin-when-cross-origin\" allowfullscreen><\/iframe><\/div>\n<div class=\"jeg_video_container jeg_video_content\"><iframe loading=\"lazy\" title=\"2019 03 18 CIERRE DE LA SEMANA DE LA MUJER 5   NOTA A LOS INTEGRANTES DE VOCAL SHOWS\" width=\"500\" height=\"281\" src=\"https:\/\/www.youtube.com\/embed\/YzXrYmr0Lf4?feature=oembed\" frameborder=\"0\" allow=\"accelerometer; autoplay; clipboard-write; encrypted-media; gyroscope; picture-in-picture; web-share\" referrerpolicy=\"strict-origin-when-cross-origin\" allowfullscreen><\/iframe><\/div>\n","protected":false},"excerpt":{"rendered":"<p>\u201cMelod\u00eda de Mujeres\u201d\u00a0fue el evento que cerr\u00f3 la semana de actividades programadas para conmemorar el D\u00eda Internacional de la Mujer. El evento musical se llev\u00f3 a cabo en el teatro \u201cRodolfo Funke\u201d. En el espect\u00e1culo, actuaron voces de un grupo de artistas locales y del Tr\u00edo Vocal L\u00edrico proveniente de Bah\u00eda Blanca. &nbsp;<\/p>\n","protected":false},"author":1,"featured_media":40398,"comment_status":"closed","ping_status":"open","sticky":false,"template":"","format":"standard","meta":{"footnotes":""},"categories":[55,52,56],"tags":[],"class_list":["post-40397","post","type-post","status-publish","format-standard","has-post-thumbnail","hentry","category-celt-tv-noticias","category-destacadas","category-espectaculos"],"yoast_head":"<!-- This site is optimized with the Yoast SEO plugin v19.7.1 - https:\/\/yoast.com\/wordpress\/plugins\/seo\/ -->\n<title>SE PRESENT\u00d3 EL ESPECT\u00c1CULO &quot;MELOD\u00cdA DE MUJERES&quot; EN EL TEATRO FUNKE (VIDEOS) - CELTTV<\/title>\n<meta name=\"description\" content=\"Sitio web de noticias de la localidad de Tornquist, provincia de Buenos Aires, Rep\u00fablica Argentina. Contenido propio originado por periodistas de CELTTV, el canal de TV local de la Cooperativa El\u00e9ctrica de Tornquist. Turismo, Pol\u00edtica, Sociedad, Deporte, Cultura y todo el contenido de inter\u00e9s general que la gente del pueblo y la regi\u00f3n debe conocer.\" \/>\n<meta name=\"robots\" content=\"index, follow, max-snippet:-1, max-image-preview:large, max-video-preview:-1\" \/>\n<link rel=\"canonical\" href=\"https:\/\/www.celttv.com.ar\/index.php\/2019\/03\/19\/se-presento-el-espectaculo-melodia-de-mujeres-en-el-teatro-funke-videos\/\" \/>\n<meta property=\"og:locale\" content=\"es_ES\" \/>\n<meta property=\"og:type\" content=\"article\" \/>\n<meta property=\"og:title\" content=\"SE PRESENT\u00d3 EL ESPECT\u00c1CULO &quot;MELOD\u00cdA DE MUJERES&quot; EN EL TEATRO FUNKE (VIDEOS) - CELTTV\" \/>\n<meta property=\"og:description\" content=\"Sitio web de noticias de la localidad de Tornquist, provincia de Buenos Aires, Rep\u00fablica Argentina. Contenido propio originado por periodistas de CELTTV, el canal de TV local de la Cooperativa El\u00e9ctrica de Tornquist. Turismo, Pol\u00edtica, Sociedad, Deporte, Cultura y todo el contenido de inter\u00e9s general que la gente del pueblo y la regi\u00f3n debe conocer.\" \/>\n<meta property=\"og:url\" content=\"https:\/\/www.celttv.com.ar\/index.php\/2019\/03\/19\/se-presento-el-espectaculo-melodia-de-mujeres-en-el-teatro-funke-videos\/\" \/>\n<meta property=\"og:site_name\" content=\"CELTTV\" \/>\n<meta property=\"article:publisher\" content=\"https:\/\/www.facebook.com\/celtTV\/\" \/>\n<meta property=\"article:published_time\" content=\"2019-03-19T14:29:48+00:00\" \/>\n<meta property=\"og:image\" content=\"https:\/\/www.celttv.com.ar\/wp-content\/uploads\/2019\/03\/110_ad41_49508052_2328677914029436_79096014643920896_n_1546982526.jpg_704.jpg\" \/>\n\t<meta property=\"og:image:width\" content=\"704\" \/>\n\t<meta property=\"og:image:height\" content=\"375\" \/>\n\t<meta property=\"og:image:type\" content=\"image\/jpeg\" \/>\n<meta name=\"author\" content=\"ulises\" \/>\n<meta name=\"twitter:card\" content=\"summary_large_image\" \/>\n<meta name=\"twitter:label1\" content=\"Escrito por\" \/>\n\t<meta name=\"twitter:data1\" content=\"ulises\" \/>\n\t<meta name=\"twitter:label2\" content=\"Tiempo de lectura\" \/>\n\t<meta name=\"twitter:data2\" content=\"1 minuto\" \/>\n<script type=\"application\/ld+json\" class=\"yoast-schema-graph\">{\"@context\":\"https:\/\/schema.org\",\"@graph\":[{\"@type\":\"NewsArticle\",\"@id\":\"https:\/\/www.celttv.com.ar\/index.php\/2019\/03\/19\/se-presento-el-espectaculo-melodia-de-mujeres-en-el-teatro-funke-videos\/#article\",\"isPartOf\":{\"@id\":\"https:\/\/www.celttv.com.ar\/index.php\/2019\/03\/19\/se-presento-el-espectaculo-melodia-de-mujeres-en-el-teatro-funke-videos\/\"},\"author\":{\"name\":\"ulises\",\"@id\":\"https:\/\/www.celttv.com.ar\/#\/schema\/person\/6d99c072dba59953809c81446e9d0ace\"},\"headline\":\"SE PRESENT\u00d3 EL ESPECT\u00c1CULO &#8220;MELOD\u00cdA DE MUJERES&#8221; EN EL TEATRO FUNKE (VIDEOS)\",\"datePublished\":\"2019-03-19T14:29:48+00:00\",\"dateModified\":\"2019-03-19T14:29:48+00:00\",\"mainEntityOfPage\":{\"@id\":\"https:\/\/www.celttv.com.ar\/index.php\/2019\/03\/19\/se-presento-el-espectaculo-melodia-de-mujeres-en-el-teatro-funke-videos\/\"},\"wordCount\":114,\"publisher\":{\"@id\":\"https:\/\/www.celttv.com.ar\/#organization\"},\"articleSection\":[\"Celt TV Noticias\",\"Destacadas\",\"Espect\u00e1culos\"],\"inLanguage\":\"es\"},{\"@type\":\"WebPage\",\"@id\":\"https:\/\/www.celttv.com.ar\/index.php\/2019\/03\/19\/se-presento-el-espectaculo-melodia-de-mujeres-en-el-teatro-funke-videos\/\",\"url\":\"https:\/\/www.celttv.com.ar\/index.php\/2019\/03\/19\/se-presento-el-espectaculo-melodia-de-mujeres-en-el-teatro-funke-videos\/\",\"name\":\"SE PRESENT\u00d3 EL ESPECT\u00c1CULO \\\"MELOD\u00cdA DE MUJERES\\\" EN EL TEATRO FUNKE (VIDEOS) - CELTTV\",\"isPartOf\":{\"@id\":\"https:\/\/www.celttv.com.ar\/#website\"},\"datePublished\":\"2019-03-19T14:29:48+00:00\",\"dateModified\":\"2019-03-19T14:29:48+00:00\",\"description\":\"Sitio web de noticias de la localidad de Tornquist, provincia de Buenos Aires, Rep\u00fablica Argentina. Contenido propio originado por periodistas de CELTTV, el canal de TV local de la Cooperativa El\u00e9ctrica de Tornquist. Turismo, Pol\u00edtica, Sociedad, Deporte, Cultura y todo el contenido de inter\u00e9s general que la gente del pueblo y la regi\u00f3n debe conocer.\",\"breadcrumb\":{\"@id\":\"https:\/\/www.celttv.com.ar\/index.php\/2019\/03\/19\/se-presento-el-espectaculo-melodia-de-mujeres-en-el-teatro-funke-videos\/#breadcrumb\"},\"inLanguage\":\"es\",\"potentialAction\":[{\"@type\":\"ReadAction\",\"target\":[\"https:\/\/www.celttv.com.ar\/index.php\/2019\/03\/19\/se-presento-el-espectaculo-melodia-de-mujeres-en-el-teatro-funke-videos\/\"]}]},{\"@type\":\"BreadcrumbList\",\"@id\":\"https:\/\/www.celttv.com.ar\/index.php\/2019\/03\/19\/se-presento-el-espectaculo-melodia-de-mujeres-en-el-teatro-funke-videos\/#breadcrumb\",\"itemListElement\":[{\"@type\":\"ListItem\",\"position\":1,\"name\":\"Inicio\",\"item\":\"https:\/\/www.celttv.com.ar\/\"},{\"@type\":\"ListItem\",\"position\":2,\"name\":\"SE PRESENT\u00d3 EL ESPECT\u00c1CULO &#8220;MELOD\u00cdA DE MUJERES&#8221; EN EL TEATRO FUNKE (VIDEOS)\"}]},{\"@type\":\"WebSite\",\"@id\":\"https:\/\/www.celttv.com.ar\/#website\",\"url\":\"https:\/\/www.celttv.com.ar\/\",\"name\":\"CELTTV\",\"description\":\"Cooperativa El\u00e9ctrica de Tornquist\",\"publisher\":{\"@id\":\"https:\/\/www.celttv.com.ar\/#organization\"},\"potentialAction\":[{\"@type\":\"SearchAction\",\"target\":{\"@type\":\"EntryPoint\",\"urlTemplate\":\"https:\/\/www.celttv.com.ar\/?s={search_term_string}\"},\"query-input\":\"required name=search_term_string\"}],\"inLanguage\":\"es\"},{\"@type\":\"Organization\",\"@id\":\"https:\/\/www.celttv.com.ar\/#organization\",\"name\":\"CELTTV\",\"url\":\"https:\/\/www.celttv.com.ar\/\",\"sameAs\":[\"https:\/\/www.youtube.com\/channel\/UCz_oIt8Hig64Ub-EmcNPIhg\",\"https:\/\/www.facebook.com\/celtTV\/\"],\"logo\":{\"@type\":\"ImageObject\",\"inLanguage\":\"es\",\"@id\":\"https:\/\/www.celttv.com.ar\/#\/schema\/logo\/image\/\",\"url\":\"http:\/\/www.celttv.com.ar\/wp-content\/uploads\/2022\/08\/logo-1.png\",\"contentUrl\":\"http:\/\/www.celttv.com.ar\/wp-content\/uploads\/2022\/08\/logo-1.png\",\"width\":461,\"height\":159,\"caption\":\"CELTTV\"},\"image\":{\"@id\":\"https:\/\/www.celttv.com.ar\/#\/schema\/logo\/image\/\"}},{\"@type\":\"Person\",\"@id\":\"https:\/\/www.celttv.com.ar\/#\/schema\/person\/6d99c072dba59953809c81446e9d0ace\",\"name\":\"ulises\",\"image\":{\"@type\":\"ImageObject\",\"inLanguage\":\"es\",\"@id\":\"https:\/\/www.celttv.com.ar\/#\/schema\/person\/image\/\",\"url\":\"https:\/\/secure.gravatar.com\/avatar\/7f2c48bdc33b30088f941fb6082e555f2874c98e20cb159d7b92b50eadfce793?s=96&d=mm&r=g\",\"contentUrl\":\"https:\/\/secure.gravatar.com\/avatar\/7f2c48bdc33b30088f941fb6082e555f2874c98e20cb159d7b92b50eadfce793?s=96&d=mm&r=g\",\"caption\":\"ulises\"},\"sameAs\":[\"http:\/\/www.celttv.com.ar\"]}]}<\/script>\n<!-- \/ Yoast SEO plugin. -->","yoast_head_json":{"title":"SE PRESENT\u00d3 EL ESPECT\u00c1CULO \"MELOD\u00cdA DE MUJERES\" EN EL TEATRO FUNKE (VIDEOS) - CELTTV","description":"Sitio web de noticias de la localidad de Tornquist, provincia de Buenos Aires, Rep\u00fablica Argentina. Contenido propio originado por periodistas de CELTTV, el canal de TV local de la Cooperativa El\u00e9ctrica de Tornquist. Turismo, Pol\u00edtica, Sociedad, Deporte, Cultura y todo el contenido de inter\u00e9s general que la gente del pueblo y la regi\u00f3n debe conocer.","robots":{"index":"index","follow":"follow","max-snippet":"max-snippet:-1","max-image-preview":"max-image-preview:large","max-video-preview":"max-video-preview:-1"},"canonical":"https:\/\/www.celttv.com.ar\/index.php\/2019\/03\/19\/se-presento-el-espectaculo-melodia-de-mujeres-en-el-teatro-funke-videos\/","og_locale":"es_ES","og_type":"article","og_title":"SE PRESENT\u00d3 EL ESPECT\u00c1CULO \"MELOD\u00cdA DE MUJERES\" EN EL TEATRO FUNKE (VIDEOS) - CELTTV","og_description":"Sitio web de noticias de la localidad de Tornquist, provincia de Buenos Aires, Rep\u00fablica Argentina. Contenido propio originado por periodistas de CELTTV, el canal de TV local de la Cooperativa El\u00e9ctrica de Tornquist. Turismo, Pol\u00edtica, Sociedad, Deporte, Cultura y todo el contenido de inter\u00e9s general que la gente del pueblo y la regi\u00f3n debe conocer.","og_url":"https:\/\/www.celttv.com.ar\/index.php\/2019\/03\/19\/se-presento-el-espectaculo-melodia-de-mujeres-en-el-teatro-funke-videos\/","og_site_name":"CELTTV","article_publisher":"https:\/\/www.facebook.com\/celtTV\/","article_published_time":"2019-03-19T14:29:48+00:00","og_image":[{"width":704,"height":375,"url":"https:\/\/www.celttv.com.ar\/wp-content\/uploads\/2019\/03\/110_ad41_49508052_2328677914029436_79096014643920896_n_1546982526.jpg_704.jpg","type":"image\/jpeg"}],"author":"ulises","twitter_card":"summary_large_image","twitter_misc":{"Escrito por":"ulises","Tiempo de lectura":"1 minuto"},"schema":{"@context":"https:\/\/schema.org","@graph":[{"@type":"NewsArticle","@id":"https:\/\/www.celttv.com.ar\/index.php\/2019\/03\/19\/se-presento-el-espectaculo-melodia-de-mujeres-en-el-teatro-funke-videos\/#article","isPartOf":{"@id":"https:\/\/www.celttv.com.ar\/index.php\/2019\/03\/19\/se-presento-el-espectaculo-melodia-de-mujeres-en-el-teatro-funke-videos\/"},"author":{"name":"ulises","@id":"https:\/\/www.celttv.com.ar\/#\/schema\/person\/6d99c072dba59953809c81446e9d0ace"},"headline":"SE PRESENT\u00d3 EL ESPECT\u00c1CULO &#8220;MELOD\u00cdA DE MUJERES&#8221; EN EL TEATRO FUNKE (VIDEOS)","datePublished":"2019-03-19T14:29:48+00:00","dateModified":"2019-03-19T14:29:48+00:00","mainEntityOfPage":{"@id":"https:\/\/www.celttv.com.ar\/index.php\/2019\/03\/19\/se-presento-el-espectaculo-melodia-de-mujeres-en-el-teatro-funke-videos\/"},"wordCount":114,"publisher":{"@id":"https:\/\/www.celttv.com.ar\/#organization"},"articleSection":["Celt TV Noticias","Destacadas","Espect\u00e1culos"],"inLanguage":"es"},{"@type":"WebPage","@id":"https:\/\/www.celttv.com.ar\/index.php\/2019\/03\/19\/se-presento-el-espectaculo-melodia-de-mujeres-en-el-teatro-funke-videos\/","url":"https:\/\/www.celttv.com.ar\/index.php\/2019\/03\/19\/se-presento-el-espectaculo-melodia-de-mujeres-en-el-teatro-funke-videos\/","name":"SE PRESENT\u00d3 EL ESPECT\u00c1CULO \"MELOD\u00cdA DE MUJERES\" EN EL TEATRO FUNKE (VIDEOS) - CELTTV","isPartOf":{"@id":"https:\/\/www.celttv.com.ar\/#website"},"datePublished":"2019-03-19T14:29:48+00:00","dateModified":"2019-03-19T14:29:48+00:00","description":"Sitio web de noticias de la localidad de Tornquist, provincia de Buenos Aires, Rep\u00fablica Argentina. Contenido propio originado por periodistas de CELTTV, el canal de TV local de la Cooperativa El\u00e9ctrica de Tornquist. Turismo, Pol\u00edtica, Sociedad, Deporte, Cultura y todo el contenido de inter\u00e9s general que la gente del pueblo y la regi\u00f3n debe conocer.","breadcrumb":{"@id":"https:\/\/www.celttv.com.ar\/index.php\/2019\/03\/19\/se-presento-el-espectaculo-melodia-de-mujeres-en-el-teatro-funke-videos\/#breadcrumb"},"inLanguage":"es","potentialAction":[{"@type":"ReadAction","target":["https:\/\/www.celttv.com.ar\/index.php\/2019\/03\/19\/se-presento-el-espectaculo-melodia-de-mujeres-en-el-teatro-funke-videos\/"]}]},{"@type":"BreadcrumbList","@id":"https:\/\/www.celttv.com.ar\/index.php\/2019\/03\/19\/se-presento-el-espectaculo-melodia-de-mujeres-en-el-teatro-funke-videos\/#breadcrumb","itemListElement":[{"@type":"ListItem","position":1,"name":"Inicio","item":"https:\/\/www.celttv.com.ar\/"},{"@type":"ListItem","position":2,"name":"SE PRESENT\u00d3 EL ESPECT\u00c1CULO &#8220;MELOD\u00cdA DE MUJERES&#8221; EN EL TEATRO FUNKE (VIDEOS)"}]},{"@type":"WebSite","@id":"https:\/\/www.celttv.com.ar\/#website","url":"https:\/\/www.celttv.com.ar\/","name":"CELTTV","description":"Cooperativa El\u00e9ctrica de Tornquist","publisher":{"@id":"https:\/\/www.celttv.com.ar\/#organization"},"potentialAction":[{"@type":"SearchAction","target":{"@type":"EntryPoint","urlTemplate":"https:\/\/www.celttv.com.ar\/?s={search_term_string}"},"query-input":"required name=search_term_string"}],"inLanguage":"es"},{"@type":"Organization","@id":"https:\/\/www.celttv.com.ar\/#organization","name":"CELTTV","url":"https:\/\/www.celttv.com.ar\/","sameAs":["https:\/\/www.youtube.com\/channel\/UCz_oIt8Hig64Ub-EmcNPIhg","https:\/\/www.facebook.com\/celtTV\/"],"logo":{"@type":"ImageObject","inLanguage":"es","@id":"https:\/\/www.celttv.com.ar\/#\/schema\/logo\/image\/","url":"http:\/\/www.celttv.com.ar\/wp-content\/uploads\/2022\/08\/logo-1.png","contentUrl":"http:\/\/www.celttv.com.ar\/wp-content\/uploads\/2022\/08\/logo-1.png","width":461,"height":159,"caption":"CELTTV"},"image":{"@id":"https:\/\/www.celttv.com.ar\/#\/schema\/logo\/image\/"}},{"@type":"Person","@id":"https:\/\/www.celttv.com.ar\/#\/schema\/person\/6d99c072dba59953809c81446e9d0ace","name":"ulises","image":{"@type":"ImageObject","inLanguage":"es","@id":"https:\/\/www.celttv.com.ar\/#\/schema\/person\/image\/","url":"https:\/\/secure.gravatar.com\/avatar\/7f2c48bdc33b30088f941fb6082e555f2874c98e20cb159d7b92b50eadfce793?s=96&d=mm&r=g","contentUrl":"https:\/\/secure.gravatar.com\/avatar\/7f2c48bdc33b30088f941fb6082e555f2874c98e20cb159d7b92b50eadfce793?s=96&d=mm&r=g","caption":"ulises"},"sameAs":["http:\/\/www.celttv.com.ar"]}]}},"_links":{"self":[{"href":"https:\/\/www.celttv.com.ar\/index.php\/wp-json\/wp\/v2\/posts\/40397","targetHints":{"allow":["GET"]}}],"collection":[{"href":"https:\/\/www.celttv.com.ar\/index.php\/wp-json\/wp\/v2\/posts"}],"about":[{"href":"https:\/\/www.celttv.com.ar\/index.php\/wp-json\/wp\/v2\/types\/post"}],"author":[{"embeddable":true,"href":"https:\/\/www.celttv.com.ar\/index.php\/wp-json\/wp\/v2\/users\/1"}],"replies":[{"embeddable":true,"href":"https:\/\/www.celttv.com.ar\/index.php\/wp-json\/wp\/v2\/comments?post=40397"}],"version-history":[{"count":0,"href":"https:\/\/www.celttv.com.ar\/index.php\/wp-json\/wp\/v2\/posts\/40397\/revisions"}],"wp:featuredmedia":[{"embeddable":true,"href":"https:\/\/www.celttv.com.ar\/index.php\/wp-json\/wp\/v2\/media\/40398"}],"wp:attachment":[{"href":"https:\/\/www.celttv.com.ar\/index.php\/wp-json\/wp\/v2\/media?parent=40397"}],"wp:term":[{"taxonomy":"category","embeddable":true,"href":"https:\/\/www.celttv.com.ar\/index.php\/wp-json\/wp\/v2\/categories?post=40397"},{"taxonomy":"post_tag","embeddable":true,"href":"https:\/\/www.celttv.com.ar\/index.php\/wp-json\/wp\/v2\/tags?post=40397"}],"curies":[{"name":"wp","href":"https:\/\/api.w.org\/{rel}","templated":true}]}}